{"id":63380,"date":"2026-09-01T17:46:47","date_gmt":"2026-09-01T10:46:47","guid":{"rendered":"https:\/\/www.ifi-id.com\/langue-et-culture-francaise-a-l-ifi-surabaya-ce-september\/"},"modified":"2026-09-01T17:46:51","modified_gmt":"2026-09-01T10:46:51","slug":"langue-et-culture-francaise-a-l-ifi-surabaya-ce-september","status":"publish","type":"post","link":"https:\/\/www.ifi-id.com\/fr\/langue-et-culture-francaise-a-l-ifi-surabaya-ce-september\/","title":{"rendered":"Langue &amp; culture fran\u00e7aises \u00e0 l&rsquo;IFI Surabaya en septembre !"},"content":{"rendered":"\t\t<div data-elementor-type=\"wp-post\" data-elementor-id=\"63380\" class=\"elementor elementor-63380 elementor-63373\" data-elementor-post-type=\"post\">\n\t\t\t\t\t\t<section class=\"elementor-section elementor-top-section elementor-element elementor-element-e8ae94f elementor-section-boxed elementor-section-height-default elementor-section-height-default\" data-id=\"e8ae94f\" data-element_type=\"section\">\n\t\t\t\t\t\t<div class=\"elementor-container elementor-column-gap-default\">\n\t\t\t\t\t<div class=\"elementor-column elementor-col-100 elementor-top-column elementor-element elementor-element-2049af5\" data-id=\"2049af5\" data-element_type=\"column\">\n\t\t\t<div class=\"elementor-widget-wrap elementor-element-populated\">\n\t\t\t\t\t\t<div class=\"elementor-element elementor-element-68e9608 elementor-widget elementor-widget-text-editor\" data-id=\"68e9608\" data-element_type=\"widget\" data-widget_type=\"text-editor.default\">\n\t\t\t\t<div class=\"elementor-widget-container\">\n\t\t\t\t\t\t\t<p>Que vous souhaitiez poursuivre vos \u00e9tudes en France, booster vos opportunit\u00e9s de carri\u00e8re \u00e0 l\u2019international ou simplement apprendre une nouvelle langue et d\u00e9couvrir une culture fascinante.<\/p>\n<p><strong>L\u2019Institut Fran\u00e7ais d\u2019Indon\u00e9sie (IFI) Surabaya<\/strong>\u00a0ouvre \u00e0 nouveau les inscriptions pour ses cours de fran\u00e7ais de\u00a0<strong>la session de septembre 2026<\/strong>. Commencez d\u00e8s maintenant votre parcours avec l\u2019organisme officiel reconnu internationalement !<\/p>\n\t\t\t\t\t\t<\/div>\n\t\t\t\t<\/div>\n\t\t\t\t<div class=\"elementor-element elementor-element-eee3179 elementor-widget elementor-widget-button\" data-id=\"eee3179\" data-element_type=\"widget\" data-widget_type=\"button.default\">\n\t\t\t\t<div class=\"elementor-widget-container\">\n\t\t\t\t\t<div class=\"elementor-button-wrapper\">\n\t\t\t<a class=\"elementor-button elementor-button-link elementor-size-sm\" href=\"https:\/\/linktr.ee\/Kursus_IFIsurabaya\" target=\"_blank\">\n\t\t\t\t\t\t<span class=\"elementor-button-content-wrapper\">\n\t\t\t\t\t\t<span class=\"elementor-button-icon\">\n\t\t\t\t<i aria-hidden=\"true\" class=\"far fa-calendar-alt\"><\/i>\t\t\t<\/span>\n\t\t\t\t\t\t\t\t\t<span class=\"elementor-button-text\">Consultez le calendrier et inscrivez-vous d\u00e8s maintenant ici<\/span>\n\t\t\t\t\t<\/span>\n\t\t\t\t\t<\/a>\n\t\t<\/div>\n\t\t\t\t<\/div>\n\t\t\t\t<\/div>\n\t\t\t\t\t<\/div>\n\t\t<\/div>\n\t\t\t\t\t<\/div>\n\t\t<\/section>\n\t\t\t\t<section class=\"elementor-section elementor-top-section elementor-element elementor-element-4ec4865 elementor-section-boxed elementor-section-height-default elementor-section-height-default\" data-id=\"4ec4865\" data-element_type=\"section\">\n\t\t\t\t\t\t<div class=\"elementor-container elementor-column-gap-default\">\n\t\t\t\t\t<div class=\"elementor-column elementor-col-100 elementor-top-column elementor-element elementor-element-fec7bfb\" data-id=\"fec7bfb\" data-element_type=\"column\">\n\t\t\t<div class=\"elementor-widget-wrap elementor-element-populated\">\n\t\t\t\t\t\t<div class=\"elementor-element elementor-element-a08e4ce elementor-widget elementor-widget-heading\" data-id=\"a08e4ce\" data-element_type=\"widget\" data-widget_type=\"heading.default\">\n\t\t\t\t<div class=\"elementor-widget-container\">\n\t\t\t<h2 class=\"elementor-heading-title elementor-size-default\">Pourquoi apprendre le fran\u00e7ais \u00e0 l'IFI de Surabaya ?<\/h2>\t\t<\/div>\n\t\t\t\t<\/div>\n\t\t\t\t<div class=\"elementor-element elementor-element-d5ddd9b elementor-widget elementor-widget-text-editor\" data-id=\"d5ddd9b\" data-element_type=\"widget\" data-widget_type=\"text-editor.default\">\n\t\t\t\t<div class=\"elementor-widget-container\">\n\t\t\t\t\t\t\t<p>Apprendre une nouvelle langue n\u00e9cessite un environnement et une m\u00e9thode appropri\u00e9s. \u00c0 l\u2019IFI Surabaya, nous vous garantissons la meilleure exp\u00e9rience d\u2019apprentissage selon les normes europ\u00e9ennes :<\/p>\n\t\t\t\t\t\t<\/div>\n\t\t\t\t<\/div>\n\t\t\t\t<div class=\"elementor-element elementor-element-2939daa elementor-widget elementor-widget-toggle\" data-id=\"2939daa\" data-element_type=\"widget\" data-widget_type=\"toggle.default\">\n\t\t\t\t<div class=\"elementor-widget-container\">\n\t\t\t\t\t<div class=\"elementor-toggle\">\n\t\t\t\t\t\t\t<div class=\"elementor-toggle-item\">\n\t\t\t\t\t<div id=\"elementor-tab-title-4321\" class=\"elementor-tab-title\" data-tab=\"1\" role=\"button\" aria-controls=\"elementor-tab-content-4321\" aria-expanded=\"false\">\n\t\t\t\t\t\t\t\t\t\t\t\t<span class=\"elementor-toggle-icon elementor-toggle-icon-left\" aria-hidden=\"true\">\n\t\t\t\t\t\t\t\t\t\t\t\t\t\t\t<span class=\"elementor-toggle-icon-closed\"><i class=\"fas fa-caret-right\"><\/i><\/span>\n\t\t\t\t\t\t\t\t<span class=\"elementor-toggle-icon-opened\"><i class=\"elementor-toggle-icon-opened fas fa-caret-up\"><\/i><\/span>\n\t\t\t\t\t\t\t\t\t\t\t\t\t<\/span>\n\t\t\t\t\t\t\t\t\t\t\t\t<a class=\"elementor-toggle-title\" tabindex=\"0\">Le seul institut officiel<\/a>\n\t\t\t\t\t<\/div>\n\n\t\t\t\t\t<div id=\"elementor-tab-content-4321\" class=\"elementor-tab-content elementor-clearfix\" data-tab=\"1\" role=\"region\" aria-labelledby=\"elementor-tab-title-4321\"><p>L\u2019IFI d\u00e9pend directement de l\u2019Ambassade de France en Indon\u00e9sie. Nos certificats et nos formations b\u00e9n\u00e9ficient d\u2019une cr\u00e9dibilit\u00e9 internationale.<\/p>\n<\/div>\n\t\t\t\t<\/div>\n\t\t\t\t\t\t\t<div class=\"elementor-toggle-item\">\n\t\t\t\t\t<div id=\"elementor-tab-title-4322\" class=\"elementor-tab-title\" data-tab=\"2\" role=\"button\" aria-controls=\"elementor-tab-content-4322\" aria-expanded=\"false\">\n\t\t\t\t\t\t\t\t\t\t\t\t<span class=\"elementor-toggle-icon elementor-toggle-icon-left\" aria-hidden=\"true\">\n\t\t\t\t\t\t\t\t\t\t\t\t\t\t\t<span class=\"elementor-toggle-icon-closed\"><i class=\"fas fa-caret-right\"><\/i><\/span>\n\t\t\t\t\t\t\t\t<span class=\"elementor-toggle-icon-opened\"><i class=\"elementor-toggle-icon-opened fas fa-caret-up\"><\/i><\/span>\n\t\t\t\t\t\t\t\t\t\t\t\t\t<\/span>\n\t\t\t\t\t\t\t\t\t\t\t\t<a class=\"elementor-toggle-title\" tabindex=\"0\">Des enseignants professionnels et certifi\u00e9s<\/a>\n\t\t\t\t\t<\/div>\n\n\t\t\t\t\t<div id=\"elementor-tab-content-4322\" class=\"elementor-tab-content elementor-clearfix\" data-tab=\"2\" role=\"region\" aria-labelledby=\"elementor-tab-title-4322\"><p>Les cours sont dispens\u00e9s par des professeurs comp\u00e9tents qui utilisent des m\u00e9thodes interactives, avec l\u2019opportunit\u00e9 d\u2019\u00e9changer directement avec des locuteurs natifs.<\/p>\n<\/div>\n\t\t\t\t<\/div>\n\t\t\t\t\t\t\t<div class=\"elementor-toggle-item\">\n\t\t\t\t\t<div id=\"elementor-tab-title-4323\" class=\"elementor-tab-title\" data-tab=\"3\" role=\"button\" aria-controls=\"elementor-tab-content-4323\" aria-expanded=\"false\">\n\t\t\t\t\t\t\t\t\t\t\t\t<span class=\"elementor-toggle-icon elementor-toggle-icon-left\" aria-hidden=\"true\">\n\t\t\t\t\t\t\t\t\t\t\t\t\t\t\t<span class=\"elementor-toggle-icon-closed\"><i class=\"fas fa-caret-right\"><\/i><\/span>\n\t\t\t\t\t\t\t\t<span class=\"elementor-toggle-icon-opened\"><i class=\"elementor-toggle-icon-opened fas fa-caret-up\"><\/i><\/span>\n\t\t\t\t\t\t\t\t\t\t\t\t\t<\/span>\n\t\t\t\t\t\t\t\t\t\t\t\t<a class=\"elementor-toggle-title\" tabindex=\"0\">Des installations compl\u00e8tes<\/a>\n\t\t\t\t\t<\/div>\n\n\t\t\t\t\t<div id=\"elementor-tab-content-4323\" class=\"elementor-tab-content elementor-clearfix\" data-tab=\"3\" role=\"region\" aria-labelledby=\"elementor-tab-title-4323\"><p data-path-to-node=\"12,3,0\">Tous les \u00e9tudiants de l\u2019IFI b\u00e9n\u00e9ficient d\u2019un acc\u00e8s gratuit \u00e0 la M\u00e9diath\u00e8que (biblioth\u00e8que physique et num\u00e9rique Cultureth\u00e8que) ainsi que d\u2019une priorit\u00e9 pour participer \u00e0 divers \u00e9v\u00e9nements culturels fran\u00e7ais passionnants.<\/p>\n<\/div>\n\t\t\t\t<\/div>\n\t\t\t\t\t\t\t<div class=\"elementor-toggle-item\">\n\t\t\t\t\t<div id=\"elementor-tab-title-4324\" class=\"elementor-tab-title\" data-tab=\"4\" role=\"button\" aria-controls=\"elementor-tab-content-4324\" aria-expanded=\"false\">\n\t\t\t\t\t\t\t\t\t\t\t\t<span class=\"elementor-toggle-icon elementor-toggle-icon-left\" aria-hidden=\"true\">\n\t\t\t\t\t\t\t\t\t\t\t\t\t\t\t<span class=\"elementor-toggle-icon-closed\"><i class=\"fas fa-caret-right\"><\/i><\/span>\n\t\t\t\t\t\t\t\t<span class=\"elementor-toggle-icon-opened\"><i class=\"elementor-toggle-icon-opened fas fa-caret-up\"><\/i><\/span>\n\t\t\t\t\t\t\t\t\t\t\t\t\t<\/span>\n\t\t\t\t\t\t\t\t\t\t\t\t<a class=\"elementor-toggle-title\" tabindex=\"0\">Des activit\u00e9s culturelles<\/a>\n\t\t\t\t\t<\/div>\n\n\t\t\t\t\t<div id=\"elementor-tab-content-4324\" class=\"elementor-tab-content elementor-clearfix\" data-tab=\"4\" role=\"region\" aria-labelledby=\"elementor-tab-title-4324\"><p>De nombreuses activit\u00e9s culturelles fran\u00e7aises sont organis\u00e9es gratuitement pour accompagner et enrichir l\u2019apprentissage de la langue.<\/p>\n<\/div>\n\t\t\t\t<\/div>\n\t\t\t\t\t\t\t<div class=\"elementor-toggle-item\">\n\t\t\t\t\t<div id=\"elementor-tab-title-4325\" class=\"elementor-tab-title\" data-tab=\"5\" role=\"button\" aria-controls=\"elementor-tab-content-4325\" aria-expanded=\"false\">\n\t\t\t\t\t\t\t\t\t\t\t\t<span class=\"elementor-toggle-icon elementor-toggle-icon-left\" aria-hidden=\"true\">\n\t\t\t\t\t\t\t\t\t\t\t\t\t\t\t<span class=\"elementor-toggle-icon-closed\"><i class=\"fas fa-caret-right\"><\/i><\/span>\n\t\t\t\t\t\t\t\t<span class=\"elementor-toggle-icon-opened\"><i class=\"elementor-toggle-icon-opened fas fa-caret-up\"><\/i><\/span>\n\t\t\t\t\t\t\t\t\t\t\t\t\t<\/span>\n\t\t\t\t\t\t\t\t\t\t\t\t<a class=\"elementor-toggle-title\" tabindex=\"0\">Des informations sur les \u00e9tudes<\/a>\n\t\t\t\t\t<\/div>\n\n\t\t\t\t\t<div id=\"elementor-tab-content-4325\" class=\"elementor-tab-content elementor-clearfix\" data-tab=\"5\" role=\"region\" aria-labelledby=\"elementor-tab-title-4325\"><p>Nous proposons un service de conseil, des informations sur les bourses d\u2019\u00e9tudes, jusqu\u2019\u00e0 l\u2019inscription universitaire en France.<\/p>\n<\/div>\n\t\t\t\t<\/div>\n\t\t\t\t\t\t\t\t<\/div>\n\t\t\t\t<\/div>\n\t\t\t\t<\/div>\n\t\t\t\t\t<\/div>\n\t\t<\/div>\n\t\t\t\t\t<\/div>\n\t\t<\/section>\n\t\t\t\t<section class=\"elementor-section elementor-top-section elementor-element elementor-element-7857526 elementor-section-boxed elementor-section-height-default elementor-section-height-default\" data-id=\"7857526\" data-element_type=\"section\">\n\t\t\t\t\t\t<div class=\"elementor-container elementor-column-gap-default\">\n\t\t\t\t\t<div class=\"elementor-column elementor-col-100 elementor-top-column elementor-element elementor-element-e867d4d\" data-id=\"e867d4d\" data-element_type=\"column\">\n\t\t\t<div class=\"elementor-widget-wrap elementor-element-populated\">\n\t\t\t\t\t\t<div class=\"elementor-element elementor-element-b2f5c0c elementor-widget elementor-widget-heading\" data-id=\"b2f5c0c\" data-element_type=\"widget\" data-widget_type=\"heading.default\">\n\t\t\t\t<div class=\"elementor-widget-container\">\n\t\t\t<h2 class=\"elementor-heading-title elementor-size-default\">Trouvez le cours qui correspond \u00e0 vos besoins<\/h2>\t\t<\/div>\n\t\t\t\t<\/div>\n\t\t\t\t<div class=\"elementor-element elementor-element-38a3ec5 elementor-widget elementor-widget-text-editor\" data-id=\"38a3ec5\" data-element_type=\"widget\" data-widget_type=\"text-editor.default\">\n\t\t\t\t<div class=\"elementor-widget-container\">\n\t\t\t\t\t\t\t<p>Nous proposons une large gamme de programmes sp\u00e9cialement con\u00e7us pour tous les \u00e2ges et tous les objectifs d\u2019apprentissage :<\/p>\n\t\t\t\t\t\t<\/div>\n\t\t\t\t<\/div>\n\t\t\t\t<div class=\"elementor-element elementor-element-5cc308b elementor-widget elementor-widget-toggle\" data-id=\"5cc308b\" data-element_type=\"widget\" data-widget_type=\"toggle.default\">\n\t\t\t\t<div class=\"elementor-widget-container\">\n\t\t\t\t\t<div class=\"elementor-toggle\">\n\t\t\t\t\t\t\t<div class=\"elementor-toggle-item\">\n\t\t\t\t\t<div id=\"elementor-tab-title-9721\" class=\"elementor-tab-title\" data-tab=\"1\" role=\"button\" aria-controls=\"elementor-tab-content-9721\" aria-expanded=\"false\">\n\t\t\t\t\t\t\t\t\t\t\t\t<span class=\"elementor-toggle-icon elementor-toggle-icon-left\" aria-hidden=\"true\">\n\t\t\t\t\t\t\t\t\t\t\t\t\t\t\t<span class=\"elementor-toggle-icon-closed\"><i class=\"fas fa-caret-right\"><\/i><\/span>\n\t\t\t\t\t\t\t\t<span class=\"elementor-toggle-icon-opened\"><i class=\"elementor-toggle-icon-opened fas fa-caret-up\"><\/i><\/span>\n\t\t\t\t\t\t\t\t\t\t\t\t\t<\/span>\n\t\t\t\t\t\t\t\t\t\t\t\t<a class=\"elementor-toggle-title\" tabindex=\"0\">Cours R\u00e9guliers (Enfants, Adolescents et Adultes)<\/a>\n\t\t\t\t\t<\/div>\n\n\t\t\t\t\t<div id=\"elementor-tab-content-9721\" class=\"elementor-tab-content elementor-clearfix\" data-tab=\"1\" role=\"region\" aria-labelledby=\"elementor-tab-title-9721\"><p>Apprenez de mani\u00e8re progressive et approfondie, du niveau d\u00e9butant (A1) au niveau avanc\u00e9 (B2\/C1). Id\u00e9al pour ceux qui souhaitent appr\u00e9cier le processus d\u2019apprentissage \u00e0 un rythme r\u00e9gulier mais soutenu.<\/p>\n<\/div>\n\t\t\t\t<\/div>\n\t\t\t\t\t\t\t<div class=\"elementor-toggle-item\">\n\t\t\t\t\t<div id=\"elementor-tab-title-9722\" class=\"elementor-tab-title\" data-tab=\"2\" role=\"button\" aria-controls=\"elementor-tab-content-9722\" aria-expanded=\"false\">\n\t\t\t\t\t\t\t\t\t\t\t\t<span class=\"elementor-toggle-icon elementor-toggle-icon-left\" aria-hidden=\"true\">\n\t\t\t\t\t\t\t\t\t\t\t\t\t\t\t<span class=\"elementor-toggle-icon-closed\"><i class=\"fas fa-caret-right\"><\/i><\/span>\n\t\t\t\t\t\t\t\t<span class=\"elementor-toggle-icon-opened\"><i class=\"elementor-toggle-icon-opened fas fa-caret-up\"><\/i><\/span>\n\t\t\t\t\t\t\t\t\t\t\t\t\t<\/span>\n\t\t\t\t\t\t\t\t\t\t\t\t<a class=\"elementor-toggle-title\" tabindex=\"0\">Cours Intensifs & Semi-Intensifs<\/a>\n\t\t\t\t\t<\/div>\n\n\t\t\t\t\t<div id=\"elementor-tab-content-9722\" class=\"elementor-tab-content elementor-clearfix\" data-tab=\"2\" role=\"region\" aria-labelledby=\"elementor-tab-title-9722\"><p>Vous souhaitez ma\u00eetriser le fran\u00e7ais plus rapidement ? Ce cours est con\u00e7u avec une fr\u00e9quence de cours plus \u00e9lev\u00e9e, ce qui est parfait pour les futurs \u00e9tudiants ou les professionnels ayant des objectifs de temps pr\u00e9cis.<\/p>\n<\/div>\n\t\t\t\t<\/div>\n\t\t\t\t\t\t\t<div class=\"elementor-toggle-item\">\n\t\t\t\t\t<div id=\"elementor-tab-title-9723\" class=\"elementor-tab-title\" data-tab=\"3\" role=\"button\" aria-controls=\"elementor-tab-content-9723\" aria-expanded=\"false\">\n\t\t\t\t\t\t\t\t\t\t\t\t<span class=\"elementor-toggle-icon elementor-toggle-icon-left\" aria-hidden=\"true\">\n\t\t\t\t\t\t\t\t\t\t\t\t\t\t\t<span class=\"elementor-toggle-icon-closed\"><i class=\"fas fa-caret-right\"><\/i><\/span>\n\t\t\t\t\t\t\t\t<span class=\"elementor-toggle-icon-opened\"><i class=\"elementor-toggle-icon-opened fas fa-caret-up\"><\/i><\/span>\n\t\t\t\t\t\t\t\t\t\t\t\t\t<\/span>\n\t\t\t\t\t\t\t\t\t\t\t\t<a class=\"elementor-toggle-title\" tabindex=\"0\">Cours de Pr\u00e9paration aux examens (DELF\/DALF et TCF)<\/a>\n\t\t\t\t\t<\/div>\n\n\t\t\t\t\t<div id=\"elementor-tab-content-9723\" class=\"elementor-tab-content elementor-clearfix\" data-tab=\"3\" role=\"region\" aria-labelledby=\"elementor-tab-title-9723\"><p>Mettez l\u2019accent sur les strat\u00e9gies, les exercices pratiques et le renforcement de la confiance en soi pour r\u00e9ussir les examens de certification officielle de langue fran\u00e7aise, valables \u00e0 vie.<\/p>\n<\/div>\n\t\t\t\t<\/div>\n\t\t\t\t\t\t\t\t<\/div>\n\t\t\t\t<\/div>\n\t\t\t\t<\/div>\n\t\t\t\t\t<\/div>\n\t\t<\/div>\n\t\t\t\t\t<\/div>\n\t\t<\/section>\n\t\t\t\t<section class=\"elementor-section elementor-top-section elementor-element elementor-element-fe007aa elementor-section-boxed elementor-section-height-default elementor-section-height-default\" data-id=\"fe007aa\" data-element_type=\"section\">\n\t\t\t\t\t\t<div class=\"elementor-container elementor-column-gap-default\">\n\t\t\t\t\t<div class=\"elementor-column elementor-col-100 elementor-top-column elementor-element elementor-element-75ad5fb\" data-id=\"75ad5fb\" data-element_type=\"column\">\n\t\t\t<div class=\"elementor-widget-wrap elementor-element-populated\">\n\t\t\t\t\t\t<div class=\"elementor-element elementor-element-8d41f69 elementor-widget elementor-widget-heading\" data-id=\"8d41f69\" data-element_type=\"widget\" data-widget_type=\"heading.default\">\n\t\t\t\t<div class=\"elementor-widget-container\">\n\t\t\t<h2 class=\"elementor-heading-title elementor-size-default\">Calendrier et agenda de la session de septembre 2026<\/h2>\t\t<\/div>\n\t\t\t\t<\/div>\n\t\t\t\t<div class=\"elementor-element elementor-element-abc6fba elementor-widget elementor-widget-text-editor\" data-id=\"abc6fba\" data-element_type=\"widget\" data-widget_type=\"text-editor.default\">\n\t\t\t\t<div class=\"elementor-widget-container\">\n\t\t\t\t\t\t\t<p>\u26a0\ufe0f\u00a0<b data-path-to-node=\"1\" data-index-in-node=\"3\">IMPORTANT :<\/b>\u00a0Le nombre de participants par classe est limit\u00e9 afin de garantir l\u2019efficacit\u00e9 de l\u2019apprentissage et une interaction maximale antara enseignant et \u00e9l\u00e8ves.<\/p>\n\t\t\t\t\t\t<\/div>\n\t\t\t\t<\/div>\n\t\t\t\t<div class=\"elementor-element elementor-element-41130e2 elementor-widget elementor-widget-text-editor\" data-id=\"41130e2\" data-element_type=\"widget\" data-widget_type=\"text-editor.default\">\n\t\t\t\t<div class=\"elementor-widget-container\">\n\t\t\t\t\t\t\t<p><b data-path-to-node=\"2,0,0\" data-index-in-node=\"0\">P\u00e9riode d\u2019inscription :<\/b> 1 \u2013 27 septembre 2026<br \/>\n<b data-path-to-node=\"2,1,0\" data-index-in-node=\"0\">D\u00e9but des cours :<\/b> \u00e0 partir du 28 septembre 2026<br \/>\n<span data-path-to-node=\"27,2,0\" data-index-in-node=\"0\"><b>Lieux des cours : <\/b><\/span>IFI Surabaya, Komplek AJBS, Jl. Ratna No. 14, Surabaya<br \/>\nIFI West, Spazio Tower, Jl. Mayjend Yono Soewoyo No.35,\u00a0 Lt. 3 Unit 317A, Surabaya<\/p>\n\t\t\t\t\t\t<\/div>\n\t\t\t\t<\/div>\n\t\t\t\t\t<\/div>\n\t\t<\/div>\n\t\t\t\t\t<\/div>\n\t\t<\/section>\n\t\t\t\t<section class=\"elementor-section elementor-top-section elementor-element elementor-element-7245af4 elementor-section-boxed elementor-section-height-default elementor-section-height-default\" data-id=\"7245af4\" data-element_type=\"section\">\n\t\t\t\t\t\t<div class=\"elementor-container elementor-column-gap-default\">\n\t\t\t\t\t<div class=\"elementor-column elementor-col-100 elementor-top-column elementor-element elementor-element-0292987\" data-id=\"0292987\" data-element_type=\"column\">\n\t\t\t<div class=\"elementor-widget-wrap elementor-element-populated\">\n\t\t\t\t\t\t<div class=\"elementor-element elementor-element-aadc7dd elementor-widget elementor-widget-heading\" data-id=\"aadc7dd\" data-element_type=\"widget\" data-widget_type=\"heading.default\">\n\t\t\t\t<div class=\"elementor-widget-container\">\n\t\t\t<h2 class=\"elementor-heading-title elementor-size-default\">Vous avez d'autres questions ?<\/h2>\t\t<\/div>\n\t\t\t\t<\/div>\n\t\t\t\t<div class=\"elementor-element elementor-element-2fc17b3 elementor-widget elementor-widget-text-editor\" data-id=\"2fc17b3\" data-element_type=\"widget\" data-widget_type=\"text-editor.default\">\n\t\t\t\t<div class=\"elementor-widget-container\">\n\t\t\t\t\t\t\t<p data-path-to-node=\"2\">N\u2019h\u00e9sitez pas \u00e0 contacter notre chaleureuse \u00e9quipe administrative. Nous sommes \u00e0 votre disposition untuk merekomendasikan kelas terbaik bagi Anda. Nous sommes \u00e0 votre disposition pour vous recommander le cours le mieux adapt\u00e9 \u00e0 vos besoins.<\/p>\n<p data-path-to-node=\"2\"><b data-path-to-node=\"3,0,0\" data-index-in-node=\"0\">WhatsApp Secr\u00e9tariat :<\/b>\u00a00812 3130 6739<br \/>\n<b data-path-to-node=\"3,1,0\" data-index-in-node=\"0\">E-mail :<\/b>\u00a0kursus.surabaya@ifi-id.com<br \/>\n<b data-path-to-node=\"3,2,0\" data-index-in-node=\"0\">Heures d\u2019ouverture :<\/b>\u00a0Lundi \u2013 Vendredi (09h00 \u2013 18h00 WIB) | Samedi (08h00 \u2013 17h00 WIB)<\/p>\n<p data-path-to-node=\"4\">\u00c0 bient\u00f4t au cours ! (Sampai jumpa di kelas!)<\/p>\n\t\t\t\t\t\t<\/div>\n\t\t\t\t<\/div>\n\t\t\t\t\t<\/div>\n\t\t<\/div>\n\t\t\t\t\t<\/div>\n\t\t<\/section>\n\t\t\t\t<\/div>\n\t\t","protected":false},"excerpt":{"rendered":"<p>L\u2019Institut Fran\u00e7ais d\u2019Indon\u00e9sie (IFI) Surabaya ouvre \u00e0 nouveau les inscriptions pour ses cours de fran\u00e7ais de la session de septembre 2026. Commencez d\u00e8s maintenant votre parcours avec l\u2019organisme officiel reconnu internationalement !<\/p>\n","protected":false},"author":5,"featured_media":63375,"comment_status":"closed","ping_status":"closed","sticky":false,"template":"","format":"standard","meta":{"footnotes":""},"categories":[385],"tags":[628,72],"class_list":["post-63380","post","type-post","status-publish","format-standard","has-post-thumbnail","hentry","category-linguistique","tag-bahasa-fr","tag-surabaya-fr"],"yoast_head":"<!-- This site is optimized with the Yoast SEO plugin v23.5 - https:\/\/yoast.com\/wordpress\/plugins\/seo\/ -->\n<title>Langue &amp; culture fran\u00e7aises \u00e0 l&#039;IFI Surabaya en septembre ! - Institut fran\u00e7ais Indon\u00e9sie<\/title>\n<meta name=\"description\" content=\"L\u2019Institut Fran\u00e7ais d\u2019Indon\u00e9sie (IFI) Surabaya ouvre \u00e0 nouveau les inscriptions pour ses cours de fran\u00e7ais de la session de septembre 2026. Commencez d\u00e8s maintenant votre parcours avec l\u2019organisme officiel reconnu internationalement !\" \/>\n<meta name=\"robots\" content=\"index, follow, max-snippet:-1, max-image-preview:large, max-video-preview:-1\" \/>\n<link rel=\"canonical\" href=\"https:\/\/www.ifi-id.com\/pelajari-bahasa-dan-budaya-prancis-di-ifi-surabaya-sesi-september-ini\/\" \/>\n<meta property=\"og:locale\" content=\"fr_FR\" \/>\n<meta property=\"og:type\" content=\"article\" \/>\n<meta property=\"og:title\" content=\"Langue &amp; culture fran\u00e7aises \u00e0 l&#039;IFI Surabaya en septembre ! - Institut fran\u00e7ais Indon\u00e9sie\" \/>\n<meta property=\"og:description\" content=\"L\u2019Institut Fran\u00e7ais d\u2019Indon\u00e9sie (IFI) Surabaya ouvre \u00e0 nouveau les inscriptions pour ses cours de fran\u00e7ais de la session de septembre 2026. Commencez d\u00e8s maintenant votre parcours avec l\u2019organisme officiel reconnu internationalement !\" \/>\n<meta property=\"og:url\" content=\"https:\/\/www.ifi-id.com\/pelajari-bahasa-dan-budaya-prancis-di-ifi-surabaya-sesi-september-ini\/\" \/>\n<meta property=\"og:site_name\" content=\"Institut fran\u00e7ais Indon\u00e9sie\" \/>\n<meta property=\"article:published_time\" content=\"2026-09-01T10:46:47+00:00\" \/>\n<meta property=\"article:modified_time\" content=\"2026-09-01T10:46:51+00:00\" \/>\n<meta property=\"og:image\" content=\"https:\/\/www.ifi-id.com\/wp-content\/uploads\/2026\/09\/Salinan-dari-TEMPLATE-POST-KURSUS-9.jpg\" \/>\n\t<meta property=\"og:image:width\" content=\"1920\" \/>\n\t<meta property=\"og:image:height\" content=\"1080\" \/>\n\t<meta property=\"og:image:type\" content=\"image\/jpeg\" \/>\n<meta name=\"author\" content=\"surabaya\" \/>\n<meta name=\"twitter:card\" content=\"summary_large_image\" \/>\n<meta name=\"twitter:label1\" content=\"\u00c9crit par\" \/>\n\t<meta name=\"twitter:data1\" content=\"surabaya\" \/>\n\t<meta name=\"twitter:label2\" content=\"Dur\u00e9e de lecture estim\u00e9e\" \/>\n\t<meta name=\"twitter:data2\" content=\"3 minutes\" \/>\n<script type=\"application\/ld+json\" class=\"yoast-schema-graph\">{\"@context\":\"https:\/\/schema.org\",\"@graph\":[{\"@type\":\"Article\",\"@id\":\"https:\/\/www.ifi-id.com\/pelajari-bahasa-dan-budaya-prancis-di-ifi-surabaya-sesi-september-ini\/#article\",\"isPartOf\":{\"@id\":\"https:\/\/www.ifi-id.com\/pelajari-bahasa-dan-budaya-prancis-di-ifi-surabaya-sesi-september-ini\/\"},\"author\":{\"name\":\"surabaya\",\"@id\":\"https:\/\/www.ifi-id.com\/#\/schema\/person\/750306b2d93fe8a7cbbbcfff8f5811a5\"},\"headline\":\"Langue &amp; culture fran\u00e7aises \u00e0 l&rsquo;IFI Surabaya en septembre !\",\"datePublished\":\"2026-09-01T10:46:47+00:00\",\"dateModified\":\"2026-09-01T10:46:51+00:00\",\"mainEntityOfPage\":{\"@id\":\"https:\/\/www.ifi-id.com\/pelajari-bahasa-dan-budaya-prancis-di-ifi-surabaya-sesi-september-ini\/\"},\"wordCount\":568,\"publisher\":{\"@id\":\"https:\/\/www.ifi-id.com\/#organization\"},\"image\":{\"@id\":\"https:\/\/www.ifi-id.com\/pelajari-bahasa-dan-budaya-prancis-di-ifi-surabaya-sesi-september-ini\/#primaryimage\"},\"thumbnailUrl\":\"https:\/\/www.ifi-id.com\/wp-content\/uploads\/2026\/09\/Salinan-dari-TEMPLATE-POST-KURSUS-9.jpg\",\"keywords\":[\"Bahasa\",\"Surabaya\"],\"articleSection\":[\"Linguistique\"],\"inLanguage\":\"fr-FR\"},{\"@type\":\"WebPage\",\"@id\":\"https:\/\/www.ifi-id.com\/pelajari-bahasa-dan-budaya-prancis-di-ifi-surabaya-sesi-september-ini\/\",\"url\":\"https:\/\/www.ifi-id.com\/pelajari-bahasa-dan-budaya-prancis-di-ifi-surabaya-sesi-september-ini\/\",\"name\":\"Langue &amp; culture fran\u00e7aises \u00e0 l'IFI Surabaya en septembre ! - Institut fran\u00e7ais Indon\u00e9sie\",\"isPartOf\":{\"@id\":\"https:\/\/www.ifi-id.com\/#website\"},\"primaryImageOfPage\":{\"@id\":\"https:\/\/www.ifi-id.com\/pelajari-bahasa-dan-budaya-prancis-di-ifi-surabaya-sesi-september-ini\/#primaryimage\"},\"image\":{\"@id\":\"https:\/\/www.ifi-id.com\/pelajari-bahasa-dan-budaya-prancis-di-ifi-surabaya-sesi-september-ini\/#primaryimage\"},\"thumbnailUrl\":\"https:\/\/www.ifi-id.com\/wp-content\/uploads\/2026\/09\/Salinan-dari-TEMPLATE-POST-KURSUS-9.jpg\",\"datePublished\":\"2026-09-01T10:46:47+00:00\",\"dateModified\":\"2026-09-01T10:46:51+00:00\",\"description\":\"L\u2019Institut Fran\u00e7ais d\u2019Indon\u00e9sie (IFI) Surabaya ouvre \u00e0 nouveau les inscriptions pour ses cours de fran\u00e7ais de la session de septembre 2026. Commencez d\u00e8s maintenant votre parcours avec l\u2019organisme officiel reconnu internationalement !\",\"breadcrumb\":{\"@id\":\"https:\/\/www.ifi-id.com\/pelajari-bahasa-dan-budaya-prancis-di-ifi-surabaya-sesi-september-ini\/#breadcrumb\"},\"inLanguage\":\"fr-FR\",\"potentialAction\":[{\"@type\":\"ReadAction\",\"target\":[\"https:\/\/www.ifi-id.com\/pelajari-bahasa-dan-budaya-prancis-di-ifi-surabaya-sesi-september-ini\/\"]}]},{\"@type\":\"ImageObject\",\"inLanguage\":\"fr-FR\",\"@id\":\"https:\/\/www.ifi-id.com\/pelajari-bahasa-dan-budaya-prancis-di-ifi-surabaya-sesi-september-ini\/#primaryimage\",\"url\":\"https:\/\/www.ifi-id.com\/wp-content\/uploads\/2026\/09\/Salinan-dari-TEMPLATE-POST-KURSUS-9.jpg\",\"contentUrl\":\"https:\/\/www.ifi-id.com\/wp-content\/uploads\/2026\/09\/Salinan-dari-TEMPLATE-POST-KURSUS-9.jpg\",\"width\":1920,\"height\":1080},{\"@type\":\"BreadcrumbList\",\"@id\":\"https:\/\/www.ifi-id.com\/pelajari-bahasa-dan-budaya-prancis-di-ifi-surabaya-sesi-september-ini\/#breadcrumb\",\"itemListElement\":[{\"@type\":\"ListItem\",\"position\":1,\"name\":\"Home\",\"item\":\"https:\/\/www.ifi-id.com\/\"},{\"@type\":\"ListItem\",\"position\":2,\"name\":\"Non classifi\u00e9(e)\",\"item\":\"https:\/\/www.ifi-id.com\/fr\/category\/non-classifiee\/\"},{\"@type\":\"ListItem\",\"position\":3,\"name\":\"Langue &amp; culture fran\u00e7aises \u00e0 l&rsquo;IFI Surabaya en septembre !\"}]},{\"@type\":\"WebSite\",\"@id\":\"https:\/\/www.ifi-id.com\/#website\",\"url\":\"https:\/\/www.ifi-id.com\/\",\"name\":\"Institut fran\u00e7ais Indon\u00e9sie\",\"description\":\"\",\"publisher\":{\"@id\":\"https:\/\/www.ifi-id.com\/#organization\"},\"potentialAction\":[{\"@type\":\"SearchAction\",\"target\":{\"@type\":\"EntryPoint\",\"urlTemplate\":\"https:\/\/www.ifi-id.com\/?s={search_term_string}\"},\"query-input\":{\"@type\":\"PropertyValueSpecification\",\"valueRequired\":true,\"valueName\":\"search_term_string\"}}],\"inLanguage\":\"fr-FR\"},{\"@type\":\"Organization\",\"@id\":\"https:\/\/www.ifi-id.com\/#organization\",\"name\":\"Institut fran\u00e7ais Indon\u00e9sie\",\"url\":\"https:\/\/www.ifi-id.com\/\",\"logo\":{\"@type\":\"ImageObject\",\"inLanguage\":\"fr-FR\",\"@id\":\"https:\/\/www.ifi-id.com\/#\/schema\/logo\/image\/\",\"url\":\"https:\/\/www.ifi-id.com\/wp-content\/uploads\/2022\/12\/IFI_New_Logo.jpg\",\"contentUrl\":\"https:\/\/www.ifi-id.com\/wp-content\/uploads\/2022\/12\/IFI_New_Logo.jpg\",\"width\":666,\"height\":444,\"caption\":\"Institut fran\u00e7ais Indon\u00e9sie\"},\"image\":{\"@id\":\"https:\/\/www.ifi-id.com\/#\/schema\/logo\/image\/\"}},{\"@type\":\"Person\",\"@id\":\"https:\/\/www.ifi-id.com\/#\/schema\/person\/750306b2d93fe8a7cbbbcfff8f5811a5\",\"name\":\"surabaya\",\"image\":{\"@type\":\"ImageObject\",\"inLanguage\":\"fr-FR\",\"@id\":\"https:\/\/www.ifi-id.com\/#\/schema\/person\/image\/\",\"url\":\"https:\/\/secure.gravatar.com\/avatar\/a71adb113a3cf295c91c7a3ed9d5eca4?s=96&d=mm&r=g\",\"contentUrl\":\"https:\/\/secure.gravatar.com\/avatar\/a71adb113a3cf295c91c7a3ed9d5eca4?s=96&d=mm&r=g\",\"caption\":\"surabaya\"},\"url\":\"https:\/\/www.ifi-id.com\/fr\/author\/ifi_surabaya\/\"}]}<\/script>\n<!-- \/ Yoast SEO plugin. -->","yoast_head_json":{"title":"Langue &amp; culture fran\u00e7aises \u00e0 l'IFI Surabaya en septembre ! - Institut fran\u00e7ais Indon\u00e9sie","description":"L\u2019Institut Fran\u00e7ais d\u2019Indon\u00e9sie (IFI) Surabaya ouvre \u00e0 nouveau les inscriptions pour ses cours de fran\u00e7ais de la session de septembre 2026. Commencez d\u00e8s maintenant votre parcours avec l\u2019organisme officiel reconnu internationalement !","robots":{"index":"index","follow":"follow","max-snippet":"max-snippet:-1","max-image-preview":"max-image-preview:large","max-video-preview":"max-video-preview:-1"},"canonical":"https:\/\/www.ifi-id.com\/pelajari-bahasa-dan-budaya-prancis-di-ifi-surabaya-sesi-september-ini\/","og_locale":"fr_FR","og_type":"article","og_title":"Langue &amp; culture fran\u00e7aises \u00e0 l'IFI Surabaya en septembre ! - Institut fran\u00e7ais Indon\u00e9sie","og_description":"L\u2019Institut Fran\u00e7ais d\u2019Indon\u00e9sie (IFI) Surabaya ouvre \u00e0 nouveau les inscriptions pour ses cours de fran\u00e7ais de la session de septembre 2026. Commencez d\u00e8s maintenant votre parcours avec l\u2019organisme officiel reconnu internationalement !","og_url":"https:\/\/www.ifi-id.com\/pelajari-bahasa-dan-budaya-prancis-di-ifi-surabaya-sesi-september-ini\/","og_site_name":"Institut fran\u00e7ais Indon\u00e9sie","article_published_time":"2026-09-01T10:46:47+00:00","article_modified_time":"2026-09-01T10:46:51+00:00","og_image":[{"width":1920,"height":1080,"url":"https:\/\/www.ifi-id.com\/wp-content\/uploads\/2026\/09\/Salinan-dari-TEMPLATE-POST-KURSUS-9.jpg","type":"image\/jpeg"}],"author":"surabaya","twitter_card":"summary_large_image","twitter_misc":{"\u00c9crit par":"surabaya","Dur\u00e9e de lecture estim\u00e9e":"3 minutes"},"schema":{"@context":"https:\/\/schema.org","@graph":[{"@type":"Article","@id":"https:\/\/www.ifi-id.com\/pelajari-bahasa-dan-budaya-prancis-di-ifi-surabaya-sesi-september-ini\/#article","isPartOf":{"@id":"https:\/\/www.ifi-id.com\/pelajari-bahasa-dan-budaya-prancis-di-ifi-surabaya-sesi-september-ini\/"},"author":{"name":"surabaya","@id":"https:\/\/www.ifi-id.com\/#\/schema\/person\/750306b2d93fe8a7cbbbcfff8f5811a5"},"headline":"Langue &amp; culture fran\u00e7aises \u00e0 l&rsquo;IFI Surabaya en septembre !","datePublished":"2026-09-01T10:46:47+00:00","dateModified":"2026-09-01T10:46:51+00:00","mainEntityOfPage":{"@id":"https:\/\/www.ifi-id.com\/pelajari-bahasa-dan-budaya-prancis-di-ifi-surabaya-sesi-september-ini\/"},"wordCount":568,"publisher":{"@id":"https:\/\/www.ifi-id.com\/#organization"},"image":{"@id":"https:\/\/www.ifi-id.com\/pelajari-bahasa-dan-budaya-prancis-di-ifi-surabaya-sesi-september-ini\/#primaryimage"},"thumbnailUrl":"https:\/\/www.ifi-id.com\/wp-content\/uploads\/2026\/09\/Salinan-dari-TEMPLATE-POST-KURSUS-9.jpg","keywords":["Bahasa","Surabaya"],"articleSection":["Linguistique"],"inLanguage":"fr-FR"},{"@type":"WebPage","@id":"https:\/\/www.ifi-id.com\/pelajari-bahasa-dan-budaya-prancis-di-ifi-surabaya-sesi-september-ini\/","url":"https:\/\/www.ifi-id.com\/pelajari-bahasa-dan-budaya-prancis-di-ifi-surabaya-sesi-september-ini\/","name":"Langue &amp; culture fran\u00e7aises \u00e0 l'IFI Surabaya en septembre ! - Institut fran\u00e7ais Indon\u00e9sie","isPartOf":{"@id":"https:\/\/www.ifi-id.com\/#website"},"primaryImageOfPage":{"@id":"https:\/\/www.ifi-id.com\/pelajari-bahasa-dan-budaya-prancis-di-ifi-surabaya-sesi-september-ini\/#primaryimage"},"image":{"@id":"https:\/\/www.ifi-id.com\/pelajari-bahasa-dan-budaya-prancis-di-ifi-surabaya-sesi-september-ini\/#primaryimage"},"thumbnailUrl":"https:\/\/www.ifi-id.com\/wp-content\/uploads\/2026\/09\/Salinan-dari-TEMPLATE-POST-KURSUS-9.jpg","datePublished":"2026-09-01T10:46:47+00:00","dateModified":"2026-09-01T10:46:51+00:00","description":"L\u2019Institut Fran\u00e7ais d\u2019Indon\u00e9sie (IFI) Surabaya ouvre \u00e0 nouveau les inscriptions pour ses cours de fran\u00e7ais de la session de septembre 2026. Commencez d\u00e8s maintenant votre parcours avec l\u2019organisme officiel reconnu internationalement !","breadcrumb":{"@id":"https:\/\/www.ifi-id.com\/pelajari-bahasa-dan-budaya-prancis-di-ifi-surabaya-sesi-september-ini\/#breadcrumb"},"inLanguage":"fr-FR","potentialAction":[{"@type":"ReadAction","target":["https:\/\/www.ifi-id.com\/pelajari-bahasa-dan-budaya-prancis-di-ifi-surabaya-sesi-september-ini\/"]}]},{"@type":"ImageObject","inLanguage":"fr-FR","@id":"https:\/\/www.ifi-id.com\/pelajari-bahasa-dan-budaya-prancis-di-ifi-surabaya-sesi-september-ini\/#primaryimage","url":"https:\/\/www.ifi-id.com\/wp-content\/uploads\/2026\/09\/Salinan-dari-TEMPLATE-POST-KURSUS-9.jpg","contentUrl":"https:\/\/www.ifi-id.com\/wp-content\/uploads\/2026\/09\/Salinan-dari-TEMPLATE-POST-KURSUS-9.jpg","width":1920,"height":1080},{"@type":"BreadcrumbList","@id":"https:\/\/www.ifi-id.com\/pelajari-bahasa-dan-budaya-prancis-di-ifi-surabaya-sesi-september-ini\/#breadcrumb","itemListElement":[{"@type":"ListItem","position":1,"name":"Home","item":"https:\/\/www.ifi-id.com\/"},{"@type":"ListItem","position":2,"name":"Non classifi\u00e9(e)","item":"https:\/\/www.ifi-id.com\/fr\/category\/non-classifiee\/"},{"@type":"ListItem","position":3,"name":"Langue &amp; culture fran\u00e7aises \u00e0 l&rsquo;IFI Surabaya en septembre !"}]},{"@type":"WebSite","@id":"https:\/\/www.ifi-id.com\/#website","url":"https:\/\/www.ifi-id.com\/","name":"Institut fran\u00e7ais Indon\u00e9sie","description":"","publisher":{"@id":"https:\/\/www.ifi-id.com\/#organization"},"potentialAction":[{"@type":"SearchAction","target":{"@type":"EntryPoint","urlTemplate":"https:\/\/www.ifi-id.com\/?s={search_term_string}"},"query-input":{"@type":"PropertyValueSpecification","valueRequired":true,"valueName":"search_term_string"}}],"inLanguage":"fr-FR"},{"@type":"Organization","@id":"https:\/\/www.ifi-id.com\/#organization","name":"Institut fran\u00e7ais Indon\u00e9sie","url":"https:\/\/www.ifi-id.com\/","logo":{"@type":"ImageObject","inLanguage":"fr-FR","@id":"https:\/\/www.ifi-id.com\/#\/schema\/logo\/image\/","url":"https:\/\/www.ifi-id.com\/wp-content\/uploads\/2022\/12\/IFI_New_Logo.jpg","contentUrl":"https:\/\/www.ifi-id.com\/wp-content\/uploads\/2022\/12\/IFI_New_Logo.jpg","width":666,"height":444,"caption":"Institut fran\u00e7ais Indon\u00e9sie"},"image":{"@id":"https:\/\/www.ifi-id.com\/#\/schema\/logo\/image\/"}},{"@type":"Person","@id":"https:\/\/www.ifi-id.com\/#\/schema\/person\/750306b2d93fe8a7cbbbcfff8f5811a5","name":"surabaya","image":{"@type":"ImageObject","inLanguage":"fr-FR","@id":"https:\/\/www.ifi-id.com\/#\/schema\/person\/image\/","url":"https:\/\/secure.gravatar.com\/avatar\/a71adb113a3cf295c91c7a3ed9d5eca4?s=96&d=mm&r=g","contentUrl":"https:\/\/secure.gravatar.com\/avatar\/a71adb113a3cf295c91c7a3ed9d5eca4?s=96&d=mm&r=g","caption":"surabaya"},"url":"https:\/\/www.ifi-id.com\/fr\/author\/ifi_surabaya\/"}]}},"post_mailing_queue_ids":[],"_links":{"self":[{"href":"https:\/\/www.ifi-id.com\/fr\/wp-json\/wp\/v2\/posts\/63380"}],"collection":[{"href":"https:\/\/www.ifi-id.com\/fr\/wp-json\/wp\/v2\/posts"}],"about":[{"href":"https:\/\/www.ifi-id.com\/fr\/wp-json\/wp\/v2\/types\/post"}],"author":[{"embeddable":true,"href":"https:\/\/www.ifi-id.com\/fr\/wp-json\/wp\/v2\/users\/5"}],"replies":[{"embeddable":true,"href":"https:\/\/www.ifi-id.com\/fr\/wp-json\/wp\/v2\/comments?post=63380"}],"version-history":[{"count":1,"href":"https:\/\/www.ifi-id.com\/fr\/wp-json\/wp\/v2\/posts\/63380\/revisions"}],"predecessor-version":[{"id":63381,"href":"https:\/\/www.ifi-id.com\/fr\/wp-json\/wp\/v2\/posts\/63380\/revisions\/63381"}],"wp:featuredmedia":[{"embeddable":true,"href":"https:\/\/www.ifi-id.com\/fr\/wp-json\/wp\/v2\/media\/63375"}],"wp:attachment":[{"href":"https:\/\/www.ifi-id.com\/fr\/wp-json\/wp\/v2\/media?parent=63380"}],"wp:term":[{"taxonomy":"category","embeddable":true,"href":"https:\/\/www.ifi-id.com\/fr\/wp-json\/wp\/v2\/categories?post=63380"},{"taxonomy":"post_tag","embeddable":true,"href":"https:\/\/www.ifi-id.com\/fr\/wp-json\/wp\/v2\/tags?post=63380"}],"curies":[{"name":"wp","href":"https:\/\/api.w.org\/{rel}","templated":true}]}}