{"id":56457,"date":"2025-07-09T10:44:25","date_gmt":"2025-07-09T03:44:25","guid":{"rendered":"https:\/\/www.ifi-id.com\/?p=56457"},"modified":"2025-08-06T11:53:57","modified_gmt":"2025-08-06T04:53:57","slug":"mengubah-niat-beraksi-menjadi-tindakan-nyata-la-nuit-des-idees-2025-ungkap-semangat-kerja-sama-prancis-indonesia","status":"publish","type":"post","link":"https:\/\/www.ifi-id.com\/fr\/mengubah-niat-beraksi-menjadi-tindakan-nyata-la-nuit-des-idees-2025-ungkap-semangat-kerja-sama-prancis-indonesia\/","title":{"rendered":"Du \u00ab\u00a0pouvoir agir\u00a0\u00bb \u00e0 l&rsquo;action concr\u00e8te : la Nuit des Id\u00e9es 2025 r\u00e9v\u00e8le la vitalit\u00e9 de la coop\u00e9ration franco-indon\u00e9sienne."},"content":{"rendered":"\t\t<div data-elementor-type=\"wp-post\" data-elementor-id=\"56457\" class=\"elementor elementor-56457 elementor-56409\" data-elementor-post-type=\"post\">\n\t\t\t\t\t\t<section class=\"elementor-section elementor-top-section elementor-element elementor-element-0e02d55 elementor-section-boxed elementor-section-height-default elementor-section-height-default\" data-id=\"0e02d55\" data-element_type=\"section\">\n\t\t\t\t\t\t<div class=\"elementor-container elementor-column-gap-default\">\n\t\t\t\t\t<div class=\"elementor-column elementor-col-100 elementor-top-column elementor-element elementor-element-122bee1\" data-id=\"122bee1\" data-element_type=\"column\">\n\t\t\t<div class=\"elementor-widget-wrap elementor-element-populated\">\n\t\t\t\t\t\t<div class=\"elementor-element elementor-element-2363110 elementor--h-position-center elementor--v-position-middle elementor-arrows-position-inside elementor-pagination-position-inside elementor-widget elementor-widget-slides\" data-id=\"2363110\" data-element_type=\"widget\" data-settings=\"{&quot;navigation&quot;:&quot;both&quot;,&quot;autoplay&quot;:&quot;yes&quot;,&quot;pause_on_hover&quot;:&quot;yes&quot;,&quot;pause_on_interaction&quot;:&quot;yes&quot;,&quot;autoplay_speed&quot;:5000,&quot;infinite&quot;:&quot;yes&quot;,&quot;transition&quot;:&quot;slide&quot;,&quot;transition_speed&quot;:500}\" data-widget_type=\"slides.default\">\n\t\t\t\t<div class=\"elementor-widget-container\">\n\t\t\t\t\t<div class=\"elementor-swiper\">\n\t\t\t<div class=\"elementor-slides-wrapper elementor-main-swiper swiper\" dir=\"ltr\" data-animation=\"fadeInUp\">\n\t\t\t\t<div class=\"swiper-wrapper elementor-slides\">\n\t\t\t\t\t\t\t\t\t\t<div class=\"elementor-repeater-item-ed5cf26 swiper-slide\"><div class=\"swiper-slide-bg\" role=\"img\"><\/div><div class=\"swiper-slide-inner\" ><div class=\"swiper-slide-contents\"><\/div><\/div><\/div><div class=\"elementor-repeater-item-50f7449 swiper-slide\"><div class=\"swiper-slide-bg\" role=\"img\"><\/div><div class=\"swiper-slide-inner\" ><div class=\"swiper-slide-contents\"><\/div><\/div><\/div><div class=\"elementor-repeater-item-08295a3 swiper-slide\"><div class=\"swiper-slide-bg\" role=\"img\"><\/div><div class=\"swiper-slide-inner\" ><div class=\"swiper-slide-contents\"><\/div><\/div><\/div><div class=\"elementor-repeater-item-e3f03da swiper-slide\"><div class=\"swiper-slide-bg\" role=\"img\"><\/div><div class=\"swiper-slide-inner\" ><div class=\"swiper-slide-contents\"><\/div><\/div><\/div>\t\t\t\t<\/div>\n\t\t\t\t\t\t\t\t\t\t\t\t\t\t\t<div class=\"swiper-pagination\"><\/div>\n\t\t\t\t\t\t\t\t\t\t\t\t\t\t\t\t<div class=\"elementor-swiper-button elementor-swiper-button-prev\" role=\"button\" tabindex=\"0\">\n\t\t\t\t\t\t\t<i aria-hidden=\"true\" class=\"eicon-chevron-left\"><\/i>\t\t\t\t\t\t\t<span class=\"elementor-screen-only\">Diapositive pr\u00e9c\u00e9dente<\/span>\n\t\t\t\t\t\t<\/div>\n\t\t\t\t\t\t<div class=\"elementor-swiper-button elementor-swiper-button-next\" role=\"button\" tabindex=\"0\">\n\t\t\t\t\t\t\t<i aria-hidden=\"true\" class=\"eicon-chevron-right\"><\/i>\t\t\t\t\t\t\t<span class=\"elementor-screen-only\">Diapositive suivante<\/span>\n\t\t\t\t\t\t<\/div>\n\t\t\t\t\t\t\t\t\t\t\t\t<\/div>\n\t\t<\/div>\n\t\t\t\t<\/div>\n\t\t\t\t<\/div>\n\t\t\t\t<div class=\"elementor-element elementor-element-6124c04 elementor-widget elementor-widget-heading\" data-id=\"6124c04\" data-element_type=\"widget\" data-widget_type=\"heading.default\">\n\t\t\t\t<div class=\"elementor-widget-container\">\n\t\t\t<h2 class=\"elementor-heading-title elementor-size-default\">Au-del\u00e0 d\u2019une unique nuit des id\u00e9es, c\u2019est toute une semaine d'\u00e9changes dans quatre villes indon\u00e9siennes qui a transform\u00e9 les r\u00e9flexions sur la capacit\u00e9 individuelle et collective de transformer des id\u00e9es en progr\u00e8s tangibles, r\u00e9v\u00e9lant la richesse des partenariats entre la France et l'Indon\u00e9sie. <\/h2>\t\t<\/div>\n\t\t\t\t<\/div>\n\t\t\t\t<div class=\"elementor-element elementor-element-c987070 elementor-widget elementor-widget-text-editor\" data-id=\"c987070\" data-element_type=\"widget\" data-widget_type=\"text-editor.default\">\n\t\t\t\t<div class=\"elementor-widget-container\">\n\t\t\t\t\t\t\t<p><span data-contrast=\"auto\">N\u00e9e \u00e0 Paris en 2016, la Nuit des Id\u00e9es est devenue un rendez-vous mondial qui r\u00e9unit chaque ann\u00e9e des milliers de personnes autour d&rsquo;une ambition commune : repenser ensemble notre avenir. Pour son \u00e9dition 2025, ce festival international a choisi le th\u00e8me \u00ab\u00a0Pouvoir agir\u00a0\u00bb, invitant le public \u00e0 explorer notre capacit\u00e9 \u00e0 transformer notre contexte de vie face aux grands d\u00e9fis contemporains.<\/span><span data-ccp-props=\"{&quot;134233117&quot;:false,&quot;134233118&quot;:false,&quot;201341983&quot;:0,&quot;335559738&quot;:0,&quot;335559739&quot;:0,&quot;335559740&quot;:276}\">\u00a0<\/span><\/p>\n<p><span data-contrast=\"auto\">En Indon\u00e9sie, cette r\u00e9flexion a pris une ampleur particuli\u00e8re du 21 au 27 avril dernier. Quatre villes : Jakarta, Bandung, Yogyakarta et Surabaya, ont accueilli 29 \u00e9v\u00e9nements qui ont rassembl\u00e9 pr\u00e8s de 160 intervenants et plus de 3 000 visiteurs. Loin d&rsquo;\u00eatre un simple exercice intellectuel, cette semaine a r\u00e9v\u00e9l\u00e9 la profondeur des liens franco-indon\u00e9siens et leur capacit\u00e9 \u00e0 produire des solutions concr\u00e8tes.<\/span><span data-ccp-props=\"{&quot;134233117&quot;:false,&quot;134233118&quot;:false,&quot;201341983&quot;:0,&quot;335559738&quot;:0,&quot;335559739&quot;:0,&quot;335559740&quot;:276}\">\u00a0<\/span><\/p>\n\t\t\t\t\t\t<\/div>\n\t\t\t\t<\/div>\n\t\t\t\t<div class=\"elementor-element elementor-element-85f76f4 elementor-widget__width-initial elementor-widget elementor-widget-text-editor\" data-id=\"85f76f4\" data-element_type=\"widget\" data-widget_type=\"text-editor.default\">\n\t\t\t\t<div class=\"elementor-widget-container\">\n\t\t\t\t\t\t\t<p><strong><span class=\"TextRun SCXW131242699 BCX0\" lang=\"FR-FR\" xml:lang=\"FR-FR\" data-contrast=\"auto\"><span class=\"NormalTextRun SpellingErrorV2Themed SCXW131242699 BCX0\">Kartini<\/span><span class=\"NormalTextRun SCXW131242699 BCX0\"> Day<\/span> <span class=\"NormalTextRun SCXW131242699 BCX0\">: <\/span><span class=\"NormalTextRun SCXW131242699 BCX0\">regards crois\u00e9s sur les droits des femmes<\/span><\/span><span class=\"EOP SCXW131242699 BCX0\" data-ccp-props=\"{&quot;134233117&quot;:false,&quot;134233118&quot;:false,&quot;201341983&quot;:0,&quot;335559738&quot;:0,&quot;335559739&quot;:0,&quot;335559740&quot;:276}\">\u00a0<\/span><\/strong><\/p>\n\t\t\t\t\t\t<\/div>\n\t\t\t\t<\/div>\n\t\t\t\t<div class=\"elementor-element elementor-element-9c86902 elementor-widget elementor-widget-image\" data-id=\"9c86902\" data-element_type=\"widget\" data-widget_type=\"image.default\">\n\t\t\t\t<div class=\"elementor-widget-container\">\n\t\t\t\t\t\t\t\t\t\t<figure class=\"wp-caption\">\n\t\t\t\t\t\t\t\t\t\t<img fetchpriority=\"high\" decoding=\"async\" width=\"525\" height=\"350\" src=\"https:\/\/www.ifi-id.com\/wp-content\/uploads\/2025\/07\/IFI02376-768x512.jpg\" class=\"attachment-medium_large size-medium_large wp-image-56480\" alt=\"\" srcset=\"https:\/\/www.ifi-id.com\/wp-content\/uploads\/2025\/07\/IFI02376-768x512.jpg 768w, https:\/\/www.ifi-id.com\/wp-content\/uploads\/2025\/07\/IFI02376-300x200.jpg 300w, https:\/\/www.ifi-id.com\/wp-content\/uploads\/2025\/07\/IFI02376-1024x683.jpg 1024w, https:\/\/www.ifi-id.com\/wp-content\/uploads\/2025\/07\/IFI02376-1536x1024.jpg 1536w, https:\/\/www.ifi-id.com\/wp-content\/uploads\/2025\/07\/IFI02376-2048x1365.jpg 2048w\" sizes=\"100vw\" \/>\t\t\t\t\t\t\t\t\t\t\t<figcaption class=\"widget-image-caption wp-caption-text\">D\u00e9bat public \"Dynamique des droits de la femme : Progression ou r\u00e9gression ?\" avec le mod\u00e9ratrice, Dr Sari Damar Ratri, \u00e0 l'IFI Thamrin, Jakarta, le 21 avril.<\/figcaption>\n\t\t\t\t\t\t\t\t\t\t<\/figure>\n\t\t\t\t\t\t\t<\/div>\n\t\t\t\t<\/div>\n\t\t\t\t<div class=\"elementor-element elementor-element-a2ae02d elementor-widget elementor-widget-text-editor\" data-id=\"a2ae02d\" data-element_type=\"widget\" data-widget_type=\"text-editor.default\">\n\t\t\t\t<div class=\"elementor-widget-container\">\n\t\t\t\t\t\t\t<p><span data-contrast=\"auto\">La semaine d\u2019\u00e9v\u00e9nements s\u2019est ouverte en beaut\u00e9 avec le Kartini Day, journ\u00e9e pour l&rsquo;ind\u00e9pendance des femmes indon\u00e9siennes, le 21 avril. \u00c0 Jakarta, la conf\u00e9rence \u00ab\u00a0La dynamique des droits des femmes : progression ou r\u00e9gression ?\u00a0\u00bb a r\u00e9uni des expertes des deux pays pour interroger les avanc\u00e9es et reculs contemporains globaux.<\/span><span data-ccp-props=\"{&quot;134233117&quot;:false,&quot;134233118&quot;:false,&quot;201341983&quot;:0,&quot;335559738&quot;:0,&quot;335559739&quot;:0,&quot;335559740&quot;:276}\">\u00a0<\/span><\/p>\n<p><span data-contrast=\"auto\">Cette mise en perspective historique n&rsquo;\u00e9tait pas fortuite<\/span><span data-contrast=\"auto\">. Elle illustrait parfaitement la philosophie du \u00ab\u00a0pouvoir agir\u00a0\u00bb : comprendre les m\u00e9canismes qui entravent ou renforcent l&rsquo;autonomisation des individus, qu&rsquo;il s&rsquo;agisse d&rsquo;in\u00e9galit\u00e9s de genre, sociales ou territoriales. Les interventions de repr\u00e9sentantes d&rsquo;ONU Femmes Indon\u00e9sie, de la Pr\u00e9sidente de la commission des droits de l&rsquo;Homme, d&rsquo;universitaires de l&rsquo;UI et de l&rsquo;UGM, et d&rsquo;Alumni de programmes fran\u00e7ais ont montr\u00e9 comment la coop\u00e9ration \u00e9ducative franco-indon\u00e9sienne nourrit l&rsquo;expertise locale.<\/span><span data-ccp-props=\"{&quot;134233117&quot;:false,&quot;134233118&quot;:false,&quot;201341983&quot;:0,&quot;335559738&quot;:0,&quot;335559739&quot;:0,&quot;335559740&quot;:276}\">\u00a0<\/span><\/p>\n<p><span data-contrast=\"auto\">Cette approche s&rsquo;est d\u00e9clin\u00e9e \u00e0 Surabaya avec la conf\u00e9rence \u00ab\u00a0Femmes en sciences et en entrepreneuriat\u00a0\u00bb, o\u00f9 des chercheuses et entrepreneuses ayant \u00e9tudi\u00e9 en France ont partag\u00e9 leurs parcours. L&rsquo;une d&rsquo;entre elles, Yuliati Umrah de la Fondation Alit, avait r\u00e9cemment \u00e9t\u00e9 invit\u00e9e en France pour pr\u00e9senter ses innovations en agriculture locale destin\u00e9es aux jeunes fermiers, un exemple concret de circulation des savoirs qui d\u00e9passe les fronti\u00e8res.<\/span><span data-ccp-props=\"{&quot;134233117&quot;:false,&quot;134233118&quot;:false,&quot;201341983&quot;:0,&quot;335559738&quot;:0,&quot;335559739&quot;:0,&quot;335559740&quot;:276}\">\u00a0<\/span><\/p>\n\t\t\t\t\t\t<\/div>\n\t\t\t\t<\/div>\n\t\t\t\t<div class=\"elementor-element elementor-element-e14eeaa elementor-widget elementor-widget-text-editor\" data-id=\"e14eeaa\" data-element_type=\"widget\" data-widget_type=\"text-editor.default\">\n\t\t\t\t<div class=\"elementor-widget-container\">\n\t\t\t\t\t\t\t<p><strong><span class=\"TextRun SCXW66736406 BCX0\" lang=\"FR-FR\" xml:lang=\"FR-FR\" data-contrast=\"auto\"><span class=\"NormalTextRun SCXW66736406 BCX0\">L&rsquo;intelligence<\/span> <span class=\"NormalTextRun SCXW66736406 BCX0\">artificielle<\/span><span class=\"NormalTextRun SCXW66736406 BCX0\"> au service de <\/span><span class=\"NormalTextRun SCXW66736406 BCX0\">l&rsquo;humain<\/span><\/span><span class=\"EOP SCXW66736406 BCX0\" data-ccp-props=\"{&quot;134233117&quot;:false,&quot;134233118&quot;:false,&quot;201341983&quot;:0,&quot;335559738&quot;:0,&quot;335559739&quot;:0,&quot;335559740&quot;:276}\">\u00a0<\/span><\/strong><\/p>\n\t\t\t\t\t\t<\/div>\n\t\t\t\t<\/div>\n\t\t\t\t<div class=\"elementor-element elementor-element-0ee7a9d elementor-widget elementor-widget-image\" data-id=\"0ee7a9d\" data-element_type=\"widget\" data-widget_type=\"image.default\">\n\t\t\t\t<div class=\"elementor-widget-container\">\n\t\t\t\t\t\t\t\t\t\t<figure class=\"wp-caption\">\n\t\t\t\t\t\t\t\t\t\t<img decoding=\"async\" width=\"525\" height=\"350\" src=\"https:\/\/www.ifi-id.com\/wp-content\/uploads\/2025\/07\/IMG_2905-768x512.jpg\" class=\"attachment-medium_large size-medium_large wp-image-56482\" alt=\"\" srcset=\"https:\/\/www.ifi-id.com\/wp-content\/uploads\/2025\/07\/IMG_2905-768x512.jpg 768w, https:\/\/www.ifi-id.com\/wp-content\/uploads\/2025\/07\/IMG_2905-300x200.jpg 300w, https:\/\/www.ifi-id.com\/wp-content\/uploads\/2025\/07\/IMG_2905-1024x683.jpg 1024w, https:\/\/www.ifi-id.com\/wp-content\/uploads\/2025\/07\/IMG_2905-1536x1024.jpg 1536w, https:\/\/www.ifi-id.com\/wp-content\/uploads\/2025\/07\/IMG_2905-2048x1365.jpg 2048w\" sizes=\"100vw\" \/>\t\t\t\t\t\t\t\t\t\t\t<figcaption class=\"widget-image-caption wp-caption-text\">Atelier \u00ab La Nuit des Id\u00e9es 2025 \u00bb \u00e0 Yogyakarta, le 22 avril, sur le r\u00f4le de l'intelligence artificielle dans le renforcement des capacit\u00e9s humaines \u00e0 travers une approche des sciences humaines.<\/figcaption>\n\t\t\t\t\t\t\t\t\t\t<\/figure>\n\t\t\t\t\t\t\t<\/div>\n\t\t\t\t<\/div>\n\t\t\t\t<div class=\"elementor-element elementor-element-4dc9a11 elementor-widget elementor-widget-text-editor\" data-id=\"4dc9a11\" data-element_type=\"widget\" data-widget_type=\"text-editor.default\">\n\t\t\t\t<div class=\"elementor-widget-container\">\n\t\t\t\t\t\t\t<p><span data-contrast=\"auto\">\u00c0 Yogyakarta, l&rsquo;Institut fran\u00e7ais et l&rsquo;Universit\u00e9 Gadjah Mada ont explor\u00e9 une autre facette du \u00ab\u00a0pouvoir agir\u00a0\u00bb contemporain : le r\u00f4le de l&rsquo;intelligence artificielle dans l&rsquo;autonomisation des individus. Le workshop \u00ab\u00a0Enhancing AI Society through Humanities Sciences: Freedom to Act, Ability to Do\u00a0\u00bb a r\u00e9uni experts fran\u00e7ais et indon\u00e9siens autour d&rsquo;une question cruciale : comment l&rsquo;IA peut-elle renforcer les capacit\u00e9s humaines plut\u00f4t que les remplacer ?<\/span><span data-ccp-props=\"{&quot;134233117&quot;:false,&quot;134233118&quot;:false,&quot;201341983&quot;:0,&quot;335559738&quot;:0,&quot;335559739&quot;:0,&quot;335559740&quot;:276}\">\u00a0<\/span><\/p>\n<p><span data-contrast=\"auto\">Cette r\u00e9flexion prospective s&rsquo;inscrivait dans les pr\u00e9occupations exprim\u00e9es dans le cadre th\u00e9orique parisien : face aux \u00ab\u00a0grands bouleversements contemporains\u00a0\u00bb, quelles nouvelles r\u00e9gulations publiques inventer ? Les \u00e9changes ont nourri une vision partag\u00e9e de l&rsquo;innovation technologique au service du d\u00e9veloppement humain.<\/span><span data-ccp-props=\"{&quot;134233117&quot;:false,&quot;134233118&quot;:false,&quot;201341983&quot;:0,&quot;335559738&quot;:0,&quot;335559739&quot;:0,&quot;335559740&quot;:276}\">\u00a0<\/span><\/p>\n\t\t\t\t\t\t<\/div>\n\t\t\t\t<\/div>\n\t\t\t\t<div class=\"elementor-element elementor-element-18fab1c elementor-widget elementor-widget-text-editor\" data-id=\"18fab1c\" data-element_type=\"widget\" data-widget_type=\"text-editor.default\">\n\t\t\t\t<div class=\"elementor-widget-container\">\n\t\t\t\t\t\t\t<p><strong><span class=\"TextRun SCXW153822649 BCX0\" lang=\"FR-FR\" xml:lang=\"FR-FR\" data-contrast=\"auto\"><span class=\"NormalTextRun SCXW153822649 BCX0\">Le Grand D\u00e9bat : <\/span><\/span><span class=\"TextRun SCXW153822649 BCX0\" lang=\"FR-FR\" xml:lang=\"FR-FR\" data-contrast=\"auto\"><span class=\"NormalTextRun SCXW153822649 BCX0\">jeunesse, science et soci\u00e9t\u00e9 civile en (inter)action<\/span><\/span><span class=\"EOP SCXW153822649 BCX0\" data-ccp-props=\"{&quot;134233117&quot;:false,&quot;134233118&quot;:false,&quot;201341983&quot;:0,&quot;335551550&quot;:1,&quot;335551620&quot;:1,&quot;335559685&quot;:0,&quot;335559737&quot;:0,&quot;335559738&quot;:0,&quot;335559739&quot;:0,&quot;335559740&quot;:276}\">\u00a0<\/span><\/strong><\/p>\n\t\t\t\t\t\t<\/div>\n\t\t\t\t<\/div>\n\t\t\t\t<div class=\"elementor-element elementor-element-b43a048 elementor-widget elementor-widget-image\" data-id=\"b43a048\" data-element_type=\"widget\" data-widget_type=\"image.default\">\n\t\t\t\t<div class=\"elementor-widget-container\">\n\t\t\t\t\t\t\t\t\t\t<figure class=\"wp-caption\">\n\t\t\t\t\t\t\t\t\t\t<img decoding=\"async\" width=\"525\" height=\"350\" src=\"https:\/\/www.ifi-id.com\/wp-content\/uploads\/2025\/07\/IFI03906-768x512.jpg\" class=\"attachment-medium_large size-medium_large wp-image-56484\" alt=\"\" srcset=\"https:\/\/www.ifi-id.com\/wp-content\/uploads\/2025\/07\/IFI03906-768x512.jpg 768w, https:\/\/www.ifi-id.com\/wp-content\/uploads\/2025\/07\/IFI03906-300x200.jpg 300w, https:\/\/www.ifi-id.com\/wp-content\/uploads\/2025\/07\/IFI03906-1024x683.jpg 1024w, https:\/\/www.ifi-id.com\/wp-content\/uploads\/2025\/07\/IFI03906-1536x1024.jpg 1536w, https:\/\/www.ifi-id.com\/wp-content\/uploads\/2025\/07\/IFI03906-2048x1365.jpg 2048w\" sizes=\"100vw\" \/>\t\t\t\t\t\t\t\t\t\t\t<figcaption class=\"widget-image-caption wp-caption-text\">Le concours de d\u00e9bat \u00ab Le Grand D\u00e9bat \u00bb, qui s'est tenu \u00e0 l'IFI Jakarta le 25 avril, a rassembl\u00e9 des jeunes, des anciens \u00e9l\u00e8ves et des experts qui ont dialogu\u00e9 sur les actions concr\u00e8tes \u00e0 mener pour lutter contre les in\u00e9galit\u00e9s dans la soci\u00e9t\u00e9.<\/figcaption>\n\t\t\t\t\t\t\t\t\t\t<\/figure>\n\t\t\t\t\t\t\t<\/div>\n\t\t\t\t<\/div>\n\t\t\t\t<div class=\"elementor-element elementor-element-f52c561 elementor-widget elementor-widget-text-editor\" data-id=\"f52c561\" data-element_type=\"widget\" data-widget_type=\"text-editor.default\">\n\t\t\t\t<div class=\"elementor-widget-container\">\n\t\t\t\t\t\t\t<p><span data-contrast=\"auto\">Vendredi 25 avril, l\u2019IFI Jakarta a accueilli un format in\u00e9dit : \u00ab\u00a0Le Grand D\u00e9bat &#8211; Pouvoir agir\u00a0\u00bb. Organis\u00e9 conjointement par les services de coop\u00e9ration scientifique et universitaire, cet \u00e9v\u00e9nement a cr\u00e9\u00e9 un dialogue interg\u00e9n\u00e9rationnel rare entre une vingtaine de jeunes, trois alumni de programmes d&rsquo;\u00e9change franco-indon\u00e9siens, et quatre experts des deux pays (professeurs, sociologue, et communicante en ONG).<\/span><span data-ccp-props=\"{&quot;134233117&quot;:false,&quot;134233118&quot;:false,&quot;201341983&quot;:0,&quot;335559738&quot;:0,&quot;335559739&quot;:0,&quot;335559740&quot;:276}\">\u00a0<\/span><\/p>\n<p><span data-contrast=\"auto\">La question centrale \u00ab\u00a0Comment pouvoir agir face aux in\u00e9galit\u00e9s ?\u00a0\u00bb a r\u00e9v\u00e9l\u00e9 la maturit\u00e9 des r\u00e9flexions de la jeunesse. Le concours de d\u00e9bat par les jeunes candidats, entra\u00een\u00e9s et leurs coachs alumni a \u00e9t\u00e9 suivi d\u2019une discussion avec les experts. Des th\u00e9matiques complexes ont continu\u00e9 d\u2019\u00e9merger : le langage comme barri\u00e8re ou outil d&rsquo;\u00e9mancipation, l&rsquo;appropriation territoriale par les communaut\u00e9s locales, ou encore le sentiment d&rsquo;avoir un impact r\u00e9el sur son environnement.<\/span><span data-ccp-props=\"{&quot;134233117&quot;:false,&quot;134233118&quot;:false,&quot;201341983&quot;:0,&quot;335559738&quot;:0,&quot;335559739&quot;:0,&quot;335559740&quot;:276}\">\u00a0<\/span><\/p>\n<p><span data-contrast=\"auto\">Cette soir\u00e9e illustrait parfaitement l&rsquo;esprit de la Nuit des Id\u00e9es : transformer la r\u00e9flexion acad\u00e9mique en engagement civique, cr\u00e9er des passerelles entre formation, recherche et action citoyenne, \u00e0 travers toutes les g\u00e9n\u00e9rations et peu importe l\u2019horizon.<\/span><span data-ccp-props=\"{&quot;134233117&quot;:false,&quot;134233118&quot;:false,&quot;201341983&quot;:0,&quot;335559738&quot;:0,&quot;335559739&quot;:0,&quot;335559740&quot;:276}\">\u00a0<\/span><\/p>\n\t\t\t\t\t\t<\/div>\n\t\t\t\t<\/div>\n\t\t\t\t<div class=\"elementor-element elementor-element-6c48eab elementor-widget elementor-widget-text-editor\" data-id=\"6c48eab\" data-element_type=\"widget\" data-widget_type=\"text-editor.default\">\n\t\t\t\t<div class=\"elementor-widget-container\">\n\t\t\t\t\t\t\t<p><strong><span class=\"TextRun SCXW262341773 BCX0\" lang=\"FR-FR\" xml:lang=\"FR-FR\" data-contrast=\"auto\"><span class=\"NormalTextRun SCXW262341773 BCX0\">La Matin\u00e9e des <\/span><span class=\"NormalTextRun SCXW262341773 BCX0\">Id\u00e9es<\/span><span class=\"NormalTextRun SCXW262341773 BCX0\"> : un <\/span><span class=\"NormalTextRun SCXW262341773 BCX0\">laboratoire<\/span><span class=\"NormalTextRun SCXW262341773 BCX0\"> de solutions<\/span><\/span><span class=\"EOP SCXW262341773 BCX0\" data-ccp-props=\"{&quot;134233117&quot;:false,&quot;134233118&quot;:false,&quot;201341983&quot;:0,&quot;335559738&quot;:0,&quot;335559739&quot;:0,&quot;335559740&quot;:276}\">\u00a0<\/span><\/strong><\/p>\n\t\t\t\t\t\t<\/div>\n\t\t\t\t<\/div>\n\t\t\t\t<div class=\"elementor-element elementor-element-1b4f525 elementor-widget elementor-widget-image\" data-id=\"1b4f525\" data-element_type=\"widget\" data-widget_type=\"image.default\">\n\t\t\t\t<div class=\"elementor-widget-container\">\n\t\t\t\t\t\t\t\t\t\t<figure class=\"wp-caption\">\n\t\t\t\t\t\t\t\t\t\t<img loading=\"lazy\" decoding=\"async\" width=\"525\" height=\"350\" src=\"https:\/\/www.ifi-id.com\/wp-content\/uploads\/2025\/07\/IFI04728-768x512.jpg\" class=\"attachment-medium_large size-medium_large wp-image-56486\" alt=\"\" srcset=\"https:\/\/www.ifi-id.com\/wp-content\/uploads\/2025\/07\/IFI04728-768x512.jpg 768w, https:\/\/www.ifi-id.com\/wp-content\/uploads\/2025\/07\/IFI04728-300x200.jpg 300w, https:\/\/www.ifi-id.com\/wp-content\/uploads\/2025\/07\/IFI04728-1024x683.jpg 1024w, https:\/\/www.ifi-id.com\/wp-content\/uploads\/2025\/07\/IFI04728-1536x1024.jpg 1536w, https:\/\/www.ifi-id.com\/wp-content\/uploads\/2025\/07\/IFI04728-2048x1365.jpg 2048w\" sizes=\"100vw\" \/>\t\t\t\t\t\t\t\t\t\t\t<figcaption class=\"widget-image-caption wp-caption-text\">L'Ambassadeur de France, Y.M. Fabien Penone, a eu un dialogue direct avec les exposants lors de la Matin\u00e9e des Id\u00e9es \u00e0 l'IFI Thamrin, Jakarta, le 27 avril.<\/figcaption>\n\t\t\t\t\t\t\t\t\t\t<\/figure>\n\t\t\t\t\t\t\t<\/div>\n\t\t\t\t<\/div>\n\t\t\t\t<div class=\"elementor-element elementor-element-4b93adb elementor-widget elementor-widget-text-editor\" data-id=\"4b93adb\" data-element_type=\"widget\" data-widget_type=\"text-editor.default\">\n\t\t\t\t<div class=\"elementor-widget-container\">\n\t\t\t\t\t\t\t<p><span data-contrast=\"auto\">Le point d&rsquo;orgue de la semaine s&rsquo;est jou\u00e9 dimanche 27 avril avec la novatrice \u00ab\u00a0Matin\u00e9e des Id\u00e9es\u00a0\u00bb \u00e0 Jakarta. Pr\u00e8s de 1 500 visiteurs ont parcouru les stands de 27 ONG et institutions, cr\u00e9ant un v\u00e9ritable laboratoire de solutions concr\u00e8tes.<\/span><span data-ccp-props=\"{&quot;134233117&quot;:false,&quot;134233118&quot;:false,&quot;201341983&quot;:0,&quot;335559738&quot;:0,&quot;335559739&quot;:0,&quot;335559740&quot;:276}\">\u00a0<\/span><\/p>\n<p><span data-contrast=\"auto\">La g\u00e9ographie de cet \u00e9v\u00e9nement en disait long sur la vitalit\u00e9 de la soci\u00e9t\u00e9 civile indon\u00e9sienne : des organisations venues de Java, Born\u00e9o et de Papouasie c\u00f4toyaient des instituts de recherche fran\u00e7ais comme l&rsquo;IRD et le CIRAD. Ce hub de rencontres a permis d&rsquo;identifier des synergies in\u00e9dites entre expertise scientifique fran\u00e7aise et innovation sociale indon\u00e9sienne.<\/span><span data-ccp-props=\"{&quot;134233117&quot;:false,&quot;134233118&quot;:false,&quot;201341983&quot;:0,&quot;335559738&quot;:0,&quot;335559739&quot;:0,&quot;335559740&quot;:276}\">\u00a0<\/span><\/p>\n<p><span data-contrast=\"auto\">Le mur d&rsquo;expression, qui a recueilli 276 messages de visiteurs de tous \u00e2ges, est devenu un barom\u00e8tre spontan\u00e9 des pr\u00e9occupations citoyennes : messages de paix, protection environnementale, \u00e9galit\u00e9 des genres s&rsquo;y c\u00f4toyaient, r\u00e9v\u00e9lant une soci\u00e9t\u00e9 civile engag\u00e9e et consciente des enjeux globaux.<\/span><span data-ccp-props=\"{&quot;134233117&quot;:false,&quot;134233118&quot;:false,&quot;201341983&quot;:0,&quot;335559738&quot;:0,&quot;335559739&quot;:0,&quot;335559740&quot;:276}\">\u00a0<\/span><\/p>\n<p><span data-contrast=\"auto\">La visite de l&rsquo;ambassadeur de France, H.E. Fabien Penone, qui a pris le temps d&rsquo;\u00e9changer avec chaque exposant, a soulign\u00e9 l&rsquo;importance diplomatique accord\u00e9e \u00e0 ces partenariats de terrain.<\/span><span data-ccp-props=\"{&quot;134233117&quot;:false,&quot;134233118&quot;:false,&quot;201341983&quot;:0,&quot;335559738&quot;:0,&quot;335559739&quot;:0,&quot;335559740&quot;:276}\">\u00a0<\/span><\/p>\n\t\t\t\t\t\t<\/div>\n\t\t\t\t<\/div>\n\t\t\t\t<div class=\"elementor-element elementor-element-62f5adb elementor-widget elementor-widget-text-editor\" data-id=\"62f5adb\" data-element_type=\"widget\" data-widget_type=\"text-editor.default\">\n\t\t\t\t<div class=\"elementor-widget-container\">\n\t\t\t\t\t\t\t<p><strong><span class=\"TextRun SCXW55172847 BCX0\" lang=\"FR-FR\" xml:lang=\"FR-FR\" data-contrast=\"auto\"><span class=\"NormalTextRun SCXW55172847 BCX0\">Coh\u00e9rence, durabilit\u00e9, engagement<\/span><\/span><\/strong><span class=\"EOP SCXW55172847 BCX0\" data-ccp-props=\"{&quot;134233117&quot;:false,&quot;134233118&quot;:false,&quot;201341983&quot;:0,&quot;335559738&quot;:0,&quot;335559739&quot;:0,&quot;335559740&quot;:276}\">\u00a0<\/span><\/p>\n\t\t\t\t\t\t<\/div>\n\t\t\t\t<\/div>\n\t\t\t\t<div class=\"elementor-element elementor-element-d61f343 elementor-widget elementor-widget-image\" data-id=\"d61f343\" data-element_type=\"widget\" data-widget_type=\"image.default\">\n\t\t\t\t<div class=\"elementor-widget-container\">\n\t\t\t\t\t\t\t\t\t\t<figure class=\"wp-caption\">\n\t\t\t\t\t\t\t\t\t\t<img loading=\"lazy\" decoding=\"async\" width=\"525\" height=\"394\" src=\"https:\/\/www.ifi-id.com\/wp-content\/uploads\/2025\/07\/WhatsApp-Image-2025-05-02-at-2.07.19-PM-1-768x576.jpeg\" class=\"attachment-medium_large size-medium_large wp-image-56488\" alt=\"\" srcset=\"https:\/\/www.ifi-id.com\/wp-content\/uploads\/2025\/07\/WhatsApp-Image-2025-05-02-at-2.07.19-PM-1-768x576.jpeg 768w, https:\/\/www.ifi-id.com\/wp-content\/uploads\/2025\/07\/WhatsApp-Image-2025-05-02-at-2.07.19-PM-1-300x225.jpeg 300w, https:\/\/www.ifi-id.com\/wp-content\/uploads\/2025\/07\/WhatsApp-Image-2025-05-02-at-2.07.19-PM-1-1024x768.jpeg 1024w, https:\/\/www.ifi-id.com\/wp-content\/uploads\/2025\/07\/WhatsApp-Image-2025-05-02-at-2.07.19-PM-1-1536x1152.jpeg 1536w, https:\/\/www.ifi-id.com\/wp-content\/uploads\/2025\/07\/WhatsApp-Image-2025-05-02-at-2.07.19-PM-1-2048x1536.jpeg 2048w\" sizes=\"100vw\" \/>\t\t\t\t\t\t\t\t\t\t\t<figcaption class=\"widget-image-caption wp-caption-text\">S\u00e9minaire \u00ab Women in Science &amp; Entrepreneurship \u00bb \u00e0 l'IFI Surabaya, le 25 avril.<\/figcaption>\n\t\t\t\t\t\t\t\t\t\t<\/figure>\n\t\t\t\t\t\t\t<\/div>\n\t\t\t\t<\/div>\n\t\t\t\t<div class=\"elementor-element elementor-element-d32be0d elementor-widget elementor-widget-text-editor\" data-id=\"d32be0d\" data-element_type=\"widget\" data-widget_type=\"text-editor.default\">\n\t\t\t\t<div class=\"elementor-widget-container\">\n\t\t\t\t\t\t\t<p><span data-contrast=\"auto\">Cette semaine n&rsquo;\u00e9tait pas qu&rsquo;un exercice de r\u00e9flexion collective. Elle a produit des r\u00e9sultats concrets qui prolongent l&rsquo;impact de la coop\u00e9ration franco-indon\u00e9sienne.<\/span><span data-ccp-props=\"{&quot;134233117&quot;:false,&quot;134233118&quot;:false,&quot;201341983&quot;:0,&quot;335559738&quot;:0,&quot;335559739&quot;:0,&quot;335559740&quot;:276}\">\u00a0<\/span><\/p>\n<p><span data-contrast=\"auto\">Les \u00e9changes entre les ONG locales de causes tr\u00e8s vari\u00e9es, l\u2019Institut fran\u00e7ais d\u2019Indon\u00e9sie, le CIRAD, et l&rsquo;IRD ont ouvert de nouveaux axes de collaboration scientifique. Les innovations pr\u00e9sent\u00e9es en mati\u00e8re de recyclage cr\u00e9atif ou de lutte contre la pollution plastique marine s&rsquo;appuient d\u00e9sormais sur des r\u00e9seaux renforc\u00e9s.<\/span><span data-ccp-props=\"{&quot;134233117&quot;:false,&quot;134233118&quot;:false,&quot;201341983&quot;:0,&quot;335559738&quot;:0,&quot;335559739&quot;:0,&quot;335559740&quot;:276}\">\u00a0<\/span><\/p>\n<p><span data-contrast=\"auto\">L&rsquo;\u00e9v\u00e9nement lui-m\u00eame a incarn\u00e9 ses valeurs : des centaines de gobelets r\u00e9utilisables fournis par le partenaire Balikin, une restauration enti\u00e8rement v\u00e9g\u00e9tarienne, des partenariats logistiques durables&#8230; Cette coh\u00e9rence entre discours et pratique a marqu\u00e9 les participants.<\/span><span data-ccp-props=\"{&quot;134233117&quot;:false,&quot;134233118&quot;:false,&quot;201341983&quot;:0,&quot;335559738&quot;:0,&quot;335559739&quot;:0,&quot;335559740&quot;:276}\">\u00a0<\/span><\/p>\n<p><span data-contrast=\"auto\">En outre, une intervenante de la conf\u00e9rence \u00ab Femmes en sciences et en entrepreneuriat \u00bb \u00e0 Surabaya et ses coll\u00e8gues ont d\u00e9j\u00e0 une prochaine ambition : l\u2019organisation de conf\u00e9rences lors de l\u2019 \u00ab\u00a0International Youth Conference for Fair Trade and Sustainable Development\u00a0\u00bb pr\u00e9vue \u00e0 Bandung et Surabaya du 27 octobre au 2 novembre 2025, avec un focus d\u2019invitation aupr\u00e8s des pays d&rsquo;Afrique et d&rsquo;Asie.<\/span><span data-ccp-props=\"{&quot;134233117&quot;:false,&quot;134233118&quot;:false,&quot;201341983&quot;:0,&quot;335559738&quot;:0,&quot;335559739&quot;:0,&quot;335559740&quot;:276}\">\u00a0<\/span><\/p>\n\t\t\t\t\t\t<\/div>\n\t\t\t\t<\/div>\n\t\t\t\t<div class=\"elementor-element elementor-element-01eb36e elementor-widget elementor-widget-text-editor\" data-id=\"01eb36e\" data-element_type=\"widget\" data-widget_type=\"text-editor.default\">\n\t\t\t\t<div class=\"elementor-widget-container\">\n\t\t\t\t\t\t\t<p><strong><span class=\"TextRun SCXW261183356 BCX0\" lang=\"FR-FR\" xml:lang=\"FR-FR\" data-contrast=\"auto\"><span class=\"NormalTextRun SCXW261183356 BCX0\">Un levier pour la coop\u00e9ration franco-indon\u00e9sienne<\/span><\/span><\/strong><span class=\"EOP SCXW261183356 BCX0\" data-ccp-props=\"{&quot;134233117&quot;:false,&quot;134233118&quot;:false,&quot;201341983&quot;:0,&quot;335559738&quot;:0,&quot;335559739&quot;:0,&quot;335559740&quot;:276}\">\u00a0<\/span><\/p>\n\t\t\t\t\t\t<\/div>\n\t\t\t\t<\/div>\n\t\t\t\t<div class=\"elementor-element elementor-element-e5cd728 elementor-widget elementor-widget-image\" data-id=\"e5cd728\" data-element_type=\"widget\" data-widget_type=\"image.default\">\n\t\t\t\t<div class=\"elementor-widget-container\">\n\t\t\t\t\t\t\t\t\t\t<figure class=\"wp-caption\">\n\t\t\t\t\t\t\t\t\t\t<img loading=\"lazy\" decoding=\"async\" width=\"525\" height=\"350\" src=\"https:\/\/www.ifi-id.com\/wp-content\/uploads\/2025\/07\/IFI04790-768x512.jpg\" class=\"attachment-medium_large size-medium_large wp-image-56490\" alt=\"\" srcset=\"https:\/\/www.ifi-id.com\/wp-content\/uploads\/2025\/07\/IFI04790-768x512.jpg 768w, https:\/\/www.ifi-id.com\/wp-content\/uploads\/2025\/07\/IFI04790-300x200.jpg 300w, https:\/\/www.ifi-id.com\/wp-content\/uploads\/2025\/07\/IFI04790-1024x683.jpg 1024w, https:\/\/www.ifi-id.com\/wp-content\/uploads\/2025\/07\/IFI04790-1536x1024.jpg 1536w, https:\/\/www.ifi-id.com\/wp-content\/uploads\/2025\/07\/IFI04790-2048x1365.jpg 2048w\" sizes=\"100vw\" \/>\t\t\t\t\t\t\t\t\t\t\t<figcaption class=\"widget-image-caption wp-caption-text\">Session photo avec l'Ambassadeur de France, Y.M Fabien Penone, au centre de la Matin\u00e9e des Id\u00e9es.<\/figcaption>\n\t\t\t\t\t\t\t\t\t\t<\/figure>\n\t\t\t\t\t\t\t<\/div>\n\t\t\t\t<\/div>\n\t\t\t\t<div class=\"elementor-element elementor-element-f069039 elementor-widget elementor-widget-text-editor\" data-id=\"f069039\" data-element_type=\"widget\" data-widget_type=\"text-editor.default\">\n\t\t\t\t<div class=\"elementor-widget-container\">\n\t\t\t\t\t\t\t<p><span data-contrast=\"auto\">Au-del\u00e0 de ses th\u00e9matiques, la Nuit des Id\u00e9es 2025 en Indon\u00e9sie a d\u00e9montr\u00e9 l&rsquo;efficacit\u00e9 d&rsquo;un mod\u00e8le de coop\u00e9ration intersectorielle et interg\u00e9n\u00e9rationnelle. L&rsquo;adaptation du th\u00e8me global aux r\u00e9alit\u00e9s locales, l&rsquo;implication de quatre Instituts fran\u00e7ais du pays, la mobilisation de partenaires m\u00e9diatiques locaux ont cr\u00e9\u00e9 un \u00e9v\u00e9nement authentiquement franco-indon\u00e9sien.<\/span><span data-ccp-props=\"{&quot;134233117&quot;:false,&quot;134233118&quot;:false,&quot;201341983&quot;:0,&quot;335559738&quot;:0,&quot;335559739&quot;:0,&quot;335559740&quot;:276}\">\u00a0<\/span><\/p>\n<p><span data-contrast=\"auto\">Cette approche r\u00e9sonne avec l&rsquo;esprit m\u00eame du \u00ab\u00a0pouvoir agir\u00a0\u00bb : renforcer le poids des initiatives locales en Indon\u00e9sie comme en France, tout en s&rsquo;appuyant sur des r\u00e9seaux internationaux. Elle illustre comment les coop\u00e9rations scientifique, universitaire et culturelle peuvent nourrir des solutions aux d\u00e9fis contemporains, du r\u00e9chauffement climatique au d\u00e9veloppement de l&rsquo;intelligence artificielle, en passant par l\u2019\u00e9galit\u00e9.<\/span><span data-ccp-props=\"{&quot;134233117&quot;:false,&quot;134233118&quot;:false,&quot;201341983&quot;:0,&quot;335559738&quot;:0,&quot;335559739&quot;:0,&quot;335559740&quot;:276}\">\u00a0<\/span><\/p>\n<p><span data-contrast=\"auto\">La couverture m\u00e9diatique exceptionnelle aura t\u00e9moign\u00e9 de l&rsquo;appropriation de cet \u00e9v\u00e9nement international. Plus qu&rsquo;une vitrine de la France en Indon\u00e9sie, la Nuit des Id\u00e9es 2025 a r\u00e9v\u00e9l\u00e9 la capacit\u00e9 des deux pays \u00e0 inventer ensemble des r\u00e9ponses aux questionnements de notre \u00e9poque.<\/span><span data-ccp-props=\"{&quot;134233117&quot;:false,&quot;134233118&quot;:false,&quot;201341983&quot;:0,&quot;335559738&quot;:0,&quot;335559739&quot;:0,&quot;335559740&quot;:276}\">\u00a0<\/span><\/p>\n<p><span data-contrast=\"auto\">Cette dynamique constitue d\u00e9sormais un acquis pr\u00e9cieux pour les futures \u00e9ditions et pour l&rsquo;approfondissement des coop\u00e9rations franco-indon\u00e9siennes sur les grands enjeux de notre si\u00e8cle.<\/span><span data-ccp-props=\"{&quot;134233117&quot;:false,&quot;134233118&quot;:false,&quot;201341983&quot;:0,&quot;335559738&quot;:0,&quot;335559739&quot;:0,&quot;335559740&quot;:276}\">\u00a0<\/span><\/p>\n\t\t\t\t\t\t<\/div>\n\t\t\t\t<\/div>\n\t\t\t\t<div class=\"elementor-element elementor-element-8dcb107 elementor-widget elementor-widget-heading\" data-id=\"8dcb107\" data-element_type=\"widget\" data-widget_type=\"heading.default\">\n\t\t\t\t<div class=\"elementor-widget-container\">\n\t\t\t<h2 class=\"elementor-heading-title elementor-size-default\"><a href=\"https:\/\/www.ifi-id.com\/fr\/la-nuit-des-idees\/#\/\">Pour plus d\u2019information et pour retrouver le programme d\u00e9taill\u00e9 de la Nuit des Id\u00e9es 2025, cliquez ici. <\/a><\/h2>\t\t<\/div>\n\t\t\t\t<\/div>\n\t\t\t\t\t<\/div>\n\t\t<\/div>\n\t\t\t\t\t<\/div>\n\t\t<\/section>\n\t\t\t\t<\/div>\n\t\t","protected":false},"excerpt":{"rendered":"<p>Previous slide Next slide Au-del\u00e0 d\u2019une unique nuit des id\u00e9es, c\u2019est toute une semaine d&rsquo;\u00e9changes dans quatre villes indon\u00e9siennes qui a transform\u00e9 les r\u00e9flexions sur la capacit\u00e9 individuelle et collective de transformer des id\u00e9es en progr\u00e8s tangibles, r\u00e9v\u00e9lant la richesse des partenariats entre la France et l&rsquo;Indon\u00e9sie. N\u00e9e \u00e0 Paris en 2016, la Nuit des &hellip; <\/p>\n<p class=\"link-more\"><a href=\"https:\/\/www.ifi-id.com\/fr\/mengubah-niat-beraksi-menjadi-tindakan-nyata-la-nuit-des-idees-2025-ungkap-semangat-kerja-sama-prancis-indonesia\/\" class=\"more-link\">Continuer la lecture<span class=\"screen-reader-text\"> de &laquo;&nbsp;Du \u00ab\u00a0pouvoir agir\u00a0\u00bb \u00e0 l&rsquo;action concr\u00e8te : la Nuit des Id\u00e9es 2025 r\u00e9v\u00e8le la vitalit\u00e9 de la coop\u00e9ration franco-indon\u00e9sienne.&nbsp;&raquo;<\/span><\/a><\/p>\n","protected":false},"author":17,"featured_media":56636,"comment_status":"closed","ping_status":"closed","sticky":false,"template":"","format":"standard","meta":{"footnotes":""},"categories":[240,1],"tags":[147],"class_list":["post-56457","post","type-post","status-publish","format-standard","has-post-thumbnail","hentry","category-non-classifiee","category-uncategorized","tag-science-technologie"],"yoast_head":"<!-- This site is optimized with the Yoast SEO plugin v23.5 - https:\/\/yoast.com\/wordpress\/plugins\/seo\/ -->\n<title>Du &quot;pouvoir agir&quot; \u00e0 l&#039;action concr\u00e8te : la Nuit des Id\u00e9es 2025 r\u00e9v\u00e8le la vitalit\u00e9 de la coop\u00e9ration franco-indon\u00e9sienne. - Institut fran\u00e7ais Indon\u00e9sie<\/title>\n<meta name=\"robots\" content=\"index, follow, max-snippet:-1, max-image-preview:large, max-video-preview:-1\" \/>\n<link rel=\"canonical\" href=\"https:\/\/www.ifi-id.com\/mengubah-niat-beraksi-menjadi-tindakan-nyata-la-nuit-des-idees-2025-ungkap-semangat-kerja-sama-prancis-indonesia\/\" \/>\n<meta property=\"og:locale\" content=\"fr_FR\" \/>\n<meta property=\"og:type\" content=\"article\" \/>\n<meta property=\"og:title\" content=\"Du &quot;pouvoir agir&quot; \u00e0 l&#039;action concr\u00e8te : la Nuit des Id\u00e9es 2025 r\u00e9v\u00e8le la vitalit\u00e9 de la coop\u00e9ration franco-indon\u00e9sienne. - Institut fran\u00e7ais Indon\u00e9sie\" \/>\n<meta property=\"og:description\" content=\"Previous slide Next slide Au-del\u00e0 d\u2019une unique nuit des id\u00e9es, c\u2019est toute une semaine d&rsquo;\u00e9changes dans quatre villes indon\u00e9siennes qui a transform\u00e9 les r\u00e9flexions sur la capacit\u00e9 individuelle et collective de transformer des id\u00e9es en progr\u00e8s tangibles, r\u00e9v\u00e9lant la richesse des partenariats entre la France et l&rsquo;Indon\u00e9sie. N\u00e9e \u00e0 Paris en 2016, la Nuit des &hellip; Continuer la lecture de &laquo;&nbsp;Du \u00ab\u00a0pouvoir agir\u00a0\u00bb \u00e0 l&rsquo;action concr\u00e8te : la Nuit des Id\u00e9es 2025 r\u00e9v\u00e8le la vitalit\u00e9 de la coop\u00e9ration franco-indon\u00e9sienne.&nbsp;&raquo;\" \/>\n<meta property=\"og:url\" content=\"https:\/\/www.ifi-id.com\/mengubah-niat-beraksi-menjadi-tindakan-nyata-la-nuit-des-idees-2025-ungkap-semangat-kerja-sama-prancis-indonesia\/\" \/>\n<meta property=\"og:site_name\" content=\"Institut fran\u00e7ais Indon\u00e9sie\" \/>\n<meta property=\"article:published_time\" content=\"2025-07-09T03:44:25+00:00\" \/>\n<meta property=\"article:modified_time\" content=\"2025-08-06T04:53:57+00:00\" \/>\n<meta property=\"og:image\" content=\"https:\/\/www.ifi-id.com\/wp-content\/uploads\/2025\/07\/SSHN-2024-10-1024x576.png\" \/>\n\t<meta property=\"og:image:width\" content=\"1024\" \/>\n\t<meta property=\"og:image:height\" content=\"576\" \/>\n\t<meta property=\"og:image:type\" content=\"image\/png\" \/>\n<meta name=\"author\" content=\"science\" \/>\n<meta name=\"twitter:card\" content=\"summary_large_image\" \/>\n<meta name=\"twitter:label1\" content=\"\u00c9crit par\" \/>\n\t<meta name=\"twitter:data1\" content=\"science\" \/>\n\t<meta name=\"twitter:label2\" content=\"Dur\u00e9e de lecture estim\u00e9e\" \/>\n\t<meta name=\"twitter:data2\" content=\"8 minutes\" \/>\n<script type=\"application\/ld+json\" class=\"yoast-schema-graph\">{\"@context\":\"https:\/\/schema.org\",\"@graph\":[{\"@type\":\"Article\",\"@id\":\"https:\/\/www.ifi-id.com\/mengubah-niat-beraksi-menjadi-tindakan-nyata-la-nuit-des-idees-2025-ungkap-semangat-kerja-sama-prancis-indonesia\/#article\",\"isPartOf\":{\"@id\":\"https:\/\/www.ifi-id.com\/mengubah-niat-beraksi-menjadi-tindakan-nyata-la-nuit-des-idees-2025-ungkap-semangat-kerja-sama-prancis-indonesia\/\"},\"author\":{\"name\":\"science\",\"@id\":\"https:\/\/www.ifi-id.com\/#\/schema\/person\/eb3db4319a4808ce0e5dcff3556019e9\"},\"headline\":\"Du \u00ab\u00a0pouvoir agir\u00a0\u00bb \u00e0 l&rsquo;action concr\u00e8te : la Nuit des Id\u00e9es 2025 r\u00e9v\u00e8le la vitalit\u00e9 de la coop\u00e9ration franco-indon\u00e9sienne.\",\"datePublished\":\"2025-07-09T03:44:25+00:00\",\"dateModified\":\"2025-08-06T04:53:57+00:00\",\"mainEntityOfPage\":{\"@id\":\"https:\/\/www.ifi-id.com\/mengubah-niat-beraksi-menjadi-tindakan-nyata-la-nuit-des-idees-2025-ungkap-semangat-kerja-sama-prancis-indonesia\/\"},\"wordCount\":1527,\"publisher\":{\"@id\":\"https:\/\/www.ifi-id.com\/#organization\"},\"image\":{\"@id\":\"https:\/\/www.ifi-id.com\/mengubah-niat-beraksi-menjadi-tindakan-nyata-la-nuit-des-idees-2025-ungkap-semangat-kerja-sama-prancis-indonesia\/#primaryimage\"},\"thumbnailUrl\":\"https:\/\/www.ifi-id.com\/wp-content\/uploads\/2025\/07\/SSHN-2024-10.png\",\"keywords\":[\"Science &amp; Technologie\"],\"articleSection\":[\"Non classifi\u00e9(e)\",\"Uncategorized\"],\"inLanguage\":\"fr-FR\"},{\"@type\":\"WebPage\",\"@id\":\"https:\/\/www.ifi-id.com\/mengubah-niat-beraksi-menjadi-tindakan-nyata-la-nuit-des-idees-2025-ungkap-semangat-kerja-sama-prancis-indonesia\/\",\"url\":\"https:\/\/www.ifi-id.com\/mengubah-niat-beraksi-menjadi-tindakan-nyata-la-nuit-des-idees-2025-ungkap-semangat-kerja-sama-prancis-indonesia\/\",\"name\":\"Du \\\"pouvoir agir\\\" \u00e0 l'action concr\u00e8te : la Nuit des Id\u00e9es 2025 r\u00e9v\u00e8le la vitalit\u00e9 de la coop\u00e9ration franco-indon\u00e9sienne. - Institut fran\u00e7ais Indon\u00e9sie\",\"isPartOf\":{\"@id\":\"https:\/\/www.ifi-id.com\/#website\"},\"primaryImageOfPage\":{\"@id\":\"https:\/\/www.ifi-id.com\/mengubah-niat-beraksi-menjadi-tindakan-nyata-la-nuit-des-idees-2025-ungkap-semangat-kerja-sama-prancis-indonesia\/#primaryimage\"},\"image\":{\"@id\":\"https:\/\/www.ifi-id.com\/mengubah-niat-beraksi-menjadi-tindakan-nyata-la-nuit-des-idees-2025-ungkap-semangat-kerja-sama-prancis-indonesia\/#primaryimage\"},\"thumbnailUrl\":\"https:\/\/www.ifi-id.com\/wp-content\/uploads\/2025\/07\/SSHN-2024-10.png\",\"datePublished\":\"2025-07-09T03:44:25+00:00\",\"dateModified\":\"2025-08-06T04:53:57+00:00\",\"breadcrumb\":{\"@id\":\"https:\/\/www.ifi-id.com\/mengubah-niat-beraksi-menjadi-tindakan-nyata-la-nuit-des-idees-2025-ungkap-semangat-kerja-sama-prancis-indonesia\/#breadcrumb\"},\"inLanguage\":\"fr-FR\",\"potentialAction\":[{\"@type\":\"ReadAction\",\"target\":[\"https:\/\/www.ifi-id.com\/mengubah-niat-beraksi-menjadi-tindakan-nyata-la-nuit-des-idees-2025-ungkap-semangat-kerja-sama-prancis-indonesia\/\"]}]},{\"@type\":\"ImageObject\",\"inLanguage\":\"fr-FR\",\"@id\":\"https:\/\/www.ifi-id.com\/mengubah-niat-beraksi-menjadi-tindakan-nyata-la-nuit-des-idees-2025-ungkap-semangat-kerja-sama-prancis-indonesia\/#primaryimage\",\"url\":\"https:\/\/www.ifi-id.com\/wp-content\/uploads\/2025\/07\/SSHN-2024-10.png\",\"contentUrl\":\"https:\/\/www.ifi-id.com\/wp-content\/uploads\/2025\/07\/SSHN-2024-10.png\",\"width\":3680,\"height\":2070},{\"@type\":\"BreadcrumbList\",\"@id\":\"https:\/\/www.ifi-id.com\/mengubah-niat-beraksi-menjadi-tindakan-nyata-la-nuit-des-idees-2025-ungkap-semangat-kerja-sama-prancis-indonesia\/#breadcrumb\",\"itemListElement\":[{\"@type\":\"ListItem\",\"position\":1,\"name\":\"Home\",\"item\":\"https:\/\/www.ifi-id.com\/\"},{\"@type\":\"ListItem\",\"position\":2,\"name\":\"Non classifi\u00e9(e)\",\"item\":\"https:\/\/www.ifi-id.com\/category\/non-classifiee-2\/\"},{\"@type\":\"ListItem\",\"position\":3,\"name\":\"Du &#8220;pouvoir agir&#8221; \u00e0 l&#8217;action concr\u00e8te : la Nuit des Id\u00e9es 2025 r\u00e9v\u00e8le la vitalit\u00e9 de la coop\u00e9ration franco-indon\u00e9sienne.\"}]},{\"@type\":\"WebSite\",\"@id\":\"https:\/\/www.ifi-id.com\/#website\",\"url\":\"https:\/\/www.ifi-id.com\/\",\"name\":\"Institut fran\u00e7ais Indon\u00e9sie\",\"description\":\"\",\"publisher\":{\"@id\":\"https:\/\/www.ifi-id.com\/#organization\"},\"potentialAction\":[{\"@type\":\"SearchAction\",\"target\":{\"@type\":\"EntryPoint\",\"urlTemplate\":\"https:\/\/www.ifi-id.com\/?s={search_term_string}\"},\"query-input\":{\"@type\":\"PropertyValueSpecification\",\"valueRequired\":true,\"valueName\":\"search_term_string\"}}],\"inLanguage\":\"fr-FR\"},{\"@type\":\"Organization\",\"@id\":\"https:\/\/www.ifi-id.com\/#organization\",\"name\":\"Institut fran\u00e7ais Indon\u00e9sie\",\"url\":\"https:\/\/www.ifi-id.com\/\",\"logo\":{\"@type\":\"ImageObject\",\"inLanguage\":\"fr-FR\",\"@id\":\"https:\/\/www.ifi-id.com\/#\/schema\/logo\/image\/\",\"url\":\"https:\/\/www.ifi-id.com\/wp-content\/uploads\/2022\/12\/IFI_New_Logo.jpg\",\"contentUrl\":\"https:\/\/www.ifi-id.com\/wp-content\/uploads\/2022\/12\/IFI_New_Logo.jpg\",\"width\":666,\"height\":444,\"caption\":\"Institut fran\u00e7ais Indon\u00e9sie\"},\"image\":{\"@id\":\"https:\/\/www.ifi-id.com\/#\/schema\/logo\/image\/\"}},{\"@type\":\"Person\",\"@id\":\"https:\/\/www.ifi-id.com\/#\/schema\/person\/eb3db4319a4808ce0e5dcff3556019e9\",\"name\":\"science\",\"image\":{\"@type\":\"ImageObject\",\"inLanguage\":\"fr-FR\",\"@id\":\"https:\/\/www.ifi-id.com\/#\/schema\/person\/image\/\",\"url\":\"https:\/\/secure.gravatar.com\/avatar\/aa7ac9a81e8bf3c832e710aaac02bd87?s=96&d=mm&r=g\",\"contentUrl\":\"https:\/\/secure.gravatar.com\/avatar\/aa7ac9a81e8bf3c832e710aaac02bd87?s=96&d=mm&r=g\",\"caption\":\"science\"},\"url\":\"https:\/\/www.ifi-id.com\/fr\/author\/science\/\"}]}<\/script>\n<!-- \/ Yoast SEO plugin. -->","yoast_head_json":{"title":"Du \"pouvoir agir\" \u00e0 l'action concr\u00e8te : la Nuit des Id\u00e9es 2025 r\u00e9v\u00e8le la vitalit\u00e9 de la coop\u00e9ration franco-indon\u00e9sienne. - Institut fran\u00e7ais Indon\u00e9sie","robots":{"index":"index","follow":"follow","max-snippet":"max-snippet:-1","max-image-preview":"max-image-preview:large","max-video-preview":"max-video-preview:-1"},"canonical":"https:\/\/www.ifi-id.com\/mengubah-niat-beraksi-menjadi-tindakan-nyata-la-nuit-des-idees-2025-ungkap-semangat-kerja-sama-prancis-indonesia\/","og_locale":"fr_FR","og_type":"article","og_title":"Du \"pouvoir agir\" \u00e0 l'action concr\u00e8te : la Nuit des Id\u00e9es 2025 r\u00e9v\u00e8le la vitalit\u00e9 de la coop\u00e9ration franco-indon\u00e9sienne. - Institut fran\u00e7ais Indon\u00e9sie","og_description":"Previous slide Next slide Au-del\u00e0 d\u2019une unique nuit des id\u00e9es, c\u2019est toute une semaine d&rsquo;\u00e9changes dans quatre villes indon\u00e9siennes qui a transform\u00e9 les r\u00e9flexions sur la capacit\u00e9 individuelle et collective de transformer des id\u00e9es en progr\u00e8s tangibles, r\u00e9v\u00e9lant la richesse des partenariats entre la France et l&rsquo;Indon\u00e9sie. N\u00e9e \u00e0 Paris en 2016, la Nuit des &hellip; Continuer la lecture de &laquo;&nbsp;Du \u00ab\u00a0pouvoir agir\u00a0\u00bb \u00e0 l&rsquo;action concr\u00e8te : la Nuit des Id\u00e9es 2025 r\u00e9v\u00e8le la vitalit\u00e9 de la coop\u00e9ration franco-indon\u00e9sienne.&nbsp;&raquo;","og_url":"https:\/\/www.ifi-id.com\/mengubah-niat-beraksi-menjadi-tindakan-nyata-la-nuit-des-idees-2025-ungkap-semangat-kerja-sama-prancis-indonesia\/","og_site_name":"Institut fran\u00e7ais Indon\u00e9sie","article_published_time":"2025-07-09T03:44:25+00:00","article_modified_time":"2025-08-06T04:53:57+00:00","og_image":[{"width":1024,"height":576,"url":"https:\/\/www.ifi-id.com\/wp-content\/uploads\/2025\/07\/SSHN-2024-10-1024x576.png","type":"image\/png"}],"author":"science","twitter_card":"summary_large_image","twitter_misc":{"\u00c9crit par":"science","Dur\u00e9e de lecture estim\u00e9e":"8 minutes"},"schema":{"@context":"https:\/\/schema.org","@graph":[{"@type":"Article","@id":"https:\/\/www.ifi-id.com\/mengubah-niat-beraksi-menjadi-tindakan-nyata-la-nuit-des-idees-2025-ungkap-semangat-kerja-sama-prancis-indonesia\/#article","isPartOf":{"@id":"https:\/\/www.ifi-id.com\/mengubah-niat-beraksi-menjadi-tindakan-nyata-la-nuit-des-idees-2025-ungkap-semangat-kerja-sama-prancis-indonesia\/"},"author":{"name":"science","@id":"https:\/\/www.ifi-id.com\/#\/schema\/person\/eb3db4319a4808ce0e5dcff3556019e9"},"headline":"Du \u00ab\u00a0pouvoir agir\u00a0\u00bb \u00e0 l&rsquo;action concr\u00e8te : la Nuit des Id\u00e9es 2025 r\u00e9v\u00e8le la vitalit\u00e9 de la coop\u00e9ration franco-indon\u00e9sienne.","datePublished":"2025-07-09T03:44:25+00:00","dateModified":"2025-08-06T04:53:57+00:00","mainEntityOfPage":{"@id":"https:\/\/www.ifi-id.com\/mengubah-niat-beraksi-menjadi-tindakan-nyata-la-nuit-des-idees-2025-ungkap-semangat-kerja-sama-prancis-indonesia\/"},"wordCount":1527,"publisher":{"@id":"https:\/\/www.ifi-id.com\/#organization"},"image":{"@id":"https:\/\/www.ifi-id.com\/mengubah-niat-beraksi-menjadi-tindakan-nyata-la-nuit-des-idees-2025-ungkap-semangat-kerja-sama-prancis-indonesia\/#primaryimage"},"thumbnailUrl":"https:\/\/www.ifi-id.com\/wp-content\/uploads\/2025\/07\/SSHN-2024-10.png","keywords":["Science &amp; Technologie"],"articleSection":["Non classifi\u00e9(e)","Uncategorized"],"inLanguage":"fr-FR"},{"@type":"WebPage","@id":"https:\/\/www.ifi-id.com\/mengubah-niat-beraksi-menjadi-tindakan-nyata-la-nuit-des-idees-2025-ungkap-semangat-kerja-sama-prancis-indonesia\/","url":"https:\/\/www.ifi-id.com\/mengubah-niat-beraksi-menjadi-tindakan-nyata-la-nuit-des-idees-2025-ungkap-semangat-kerja-sama-prancis-indonesia\/","name":"Du \"pouvoir agir\" \u00e0 l'action concr\u00e8te : la Nuit des Id\u00e9es 2025 r\u00e9v\u00e8le la vitalit\u00e9 de la coop\u00e9ration franco-indon\u00e9sienne. - Institut fran\u00e7ais Indon\u00e9sie","isPartOf":{"@id":"https:\/\/www.ifi-id.com\/#website"},"primaryImageOfPage":{"@id":"https:\/\/www.ifi-id.com\/mengubah-niat-beraksi-menjadi-tindakan-nyata-la-nuit-des-idees-2025-ungkap-semangat-kerja-sama-prancis-indonesia\/#primaryimage"},"image":{"@id":"https:\/\/www.ifi-id.com\/mengubah-niat-beraksi-menjadi-tindakan-nyata-la-nuit-des-idees-2025-ungkap-semangat-kerja-sama-prancis-indonesia\/#primaryimage"},"thumbnailUrl":"https:\/\/www.ifi-id.com\/wp-content\/uploads\/2025\/07\/SSHN-2024-10.png","datePublished":"2025-07-09T03:44:25+00:00","dateModified":"2025-08-06T04:53:57+00:00","breadcrumb":{"@id":"https:\/\/www.ifi-id.com\/mengubah-niat-beraksi-menjadi-tindakan-nyata-la-nuit-des-idees-2025-ungkap-semangat-kerja-sama-prancis-indonesia\/#breadcrumb"},"inLanguage":"fr-FR","potentialAction":[{"@type":"ReadAction","target":["https:\/\/www.ifi-id.com\/mengubah-niat-beraksi-menjadi-tindakan-nyata-la-nuit-des-idees-2025-ungkap-semangat-kerja-sama-prancis-indonesia\/"]}]},{"@type":"ImageObject","inLanguage":"fr-FR","@id":"https:\/\/www.ifi-id.com\/mengubah-niat-beraksi-menjadi-tindakan-nyata-la-nuit-des-idees-2025-ungkap-semangat-kerja-sama-prancis-indonesia\/#primaryimage","url":"https:\/\/www.ifi-id.com\/wp-content\/uploads\/2025\/07\/SSHN-2024-10.png","contentUrl":"https:\/\/www.ifi-id.com\/wp-content\/uploads\/2025\/07\/SSHN-2024-10.png","width":3680,"height":2070},{"@type":"BreadcrumbList","@id":"https:\/\/www.ifi-id.com\/mengubah-niat-beraksi-menjadi-tindakan-nyata-la-nuit-des-idees-2025-ungkap-semangat-kerja-sama-prancis-indonesia\/#breadcrumb","itemListElement":[{"@type":"ListItem","position":1,"name":"Home","item":"https:\/\/www.ifi-id.com\/"},{"@type":"ListItem","position":2,"name":"Non classifi\u00e9(e)","item":"https:\/\/www.ifi-id.com\/category\/non-classifiee-2\/"},{"@type":"ListItem","position":3,"name":"Du &#8220;pouvoir agir&#8221; \u00e0 l&#8217;action concr\u00e8te : la Nuit des Id\u00e9es 2025 r\u00e9v\u00e8le la vitalit\u00e9 de la coop\u00e9ration franco-indon\u00e9sienne."}]},{"@type":"WebSite","@id":"https:\/\/www.ifi-id.com\/#website","url":"https:\/\/www.ifi-id.com\/","name":"Institut fran\u00e7ais Indon\u00e9sie","description":"","publisher":{"@id":"https:\/\/www.ifi-id.com\/#organization"},"potentialAction":[{"@type":"SearchAction","target":{"@type":"EntryPoint","urlTemplate":"https:\/\/www.ifi-id.com\/?s={search_term_string}"},"query-input":{"@type":"PropertyValueSpecification","valueRequired":true,"valueName":"search_term_string"}}],"inLanguage":"fr-FR"},{"@type":"Organization","@id":"https:\/\/www.ifi-id.com\/#organization","name":"Institut fran\u00e7ais Indon\u00e9sie","url":"https:\/\/www.ifi-id.com\/","logo":{"@type":"ImageObject","inLanguage":"fr-FR","@id":"https:\/\/www.ifi-id.com\/#\/schema\/logo\/image\/","url":"https:\/\/www.ifi-id.com\/wp-content\/uploads\/2022\/12\/IFI_New_Logo.jpg","contentUrl":"https:\/\/www.ifi-id.com\/wp-content\/uploads\/2022\/12\/IFI_New_Logo.jpg","width":666,"height":444,"caption":"Institut fran\u00e7ais Indon\u00e9sie"},"image":{"@id":"https:\/\/www.ifi-id.com\/#\/schema\/logo\/image\/"}},{"@type":"Person","@id":"https:\/\/www.ifi-id.com\/#\/schema\/person\/eb3db4319a4808ce0e5dcff3556019e9","name":"science","image":{"@type":"ImageObject","inLanguage":"fr-FR","@id":"https:\/\/www.ifi-id.com\/#\/schema\/person\/image\/","url":"https:\/\/secure.gravatar.com\/avatar\/aa7ac9a81e8bf3c832e710aaac02bd87?s=96&d=mm&r=g","contentUrl":"https:\/\/secure.gravatar.com\/avatar\/aa7ac9a81e8bf3c832e710aaac02bd87?s=96&d=mm&r=g","caption":"science"},"url":"https:\/\/www.ifi-id.com\/fr\/author\/science\/"}]}},"post_mailing_queue_ids":[],"_links":{"self":[{"href":"https:\/\/www.ifi-id.com\/fr\/wp-json\/wp\/v2\/posts\/56457"}],"collection":[{"href":"https:\/\/www.ifi-id.com\/fr\/wp-json\/wp\/v2\/posts"}],"about":[{"href":"https:\/\/www.ifi-id.com\/fr\/wp-json\/wp\/v2\/types\/post"}],"author":[{"embeddable":true,"href":"https:\/\/www.ifi-id.com\/fr\/wp-json\/wp\/v2\/users\/17"}],"replies":[{"embeddable":true,"href":"https:\/\/www.ifi-id.com\/fr\/wp-json\/wp\/v2\/comments?post=56457"}],"version-history":[{"count":12,"href":"https:\/\/www.ifi-id.com\/fr\/wp-json\/wp\/v2\/posts\/56457\/revisions"}],"predecessor-version":[{"id":57346,"href":"https:\/\/www.ifi-id.com\/fr\/wp-json\/wp\/v2\/posts\/56457\/revisions\/57346"}],"wp:featuredmedia":[{"embeddable":true,"href":"https:\/\/www.ifi-id.com\/fr\/wp-json\/wp\/v2\/media\/56636"}],"wp:attachment":[{"href":"https:\/\/www.ifi-id.com\/fr\/wp-json\/wp\/v2\/media?parent=56457"}],"wp:term":[{"taxonomy":"category","embeddable":true,"href":"https:\/\/www.ifi-id.com\/fr\/wp-json\/wp\/v2\/categories?post=56457"},{"taxonomy":"post_tag","embeddable":true,"href":"https:\/\/www.ifi-id.com\/fr\/wp-json\/wp\/v2\/tags?post=56457"}],"curies":[{"name":"wp","href":"https:\/\/api.w.org\/{rel}","templated":true}]}}