{"id":54662,"date":"2025-04-29T12:32:21","date_gmt":"2025-04-29T05:32:21","guid":{"rendered":"https:\/\/www.ifi-id.com\/open-call-audisi-band-fete-de-la-musique-2025\/"},"modified":"2025-05-19T09:52:43","modified_gmt":"2025-05-19T02:52:43","slug":"open-call-audisi-band-fete-de-la-musique-2025","status":"publish","type":"post","link":"https:\/\/www.ifi-id.com\/fr\/open-call-audisi-band-fete-de-la-musique-2025\/","title":{"rendered":"Appel \u00e0 candidatures \u201cF\u00eate de la Musique 2025\u201d"},"content":{"rendered":"\t\t<div data-elementor-type=\"wp-post\" data-elementor-id=\"54662\" class=\"elementor elementor-54662 elementor-54625\" data-elementor-post-type=\"post\">\n\t\t\t\t\t\t<section class=\"elementor-section elementor-top-section elementor-element elementor-element-c411dde elementor-section-boxed elementor-section-height-default elementor-section-height-default\" data-id=\"c411dde\" data-element_type=\"section\">\n\t\t\t\t\t\t<div class=\"elementor-container elementor-column-gap-default\">\n\t\t\t\t\t<div class=\"elementor-column elementor-col-100 elementor-top-column elementor-element elementor-element-6d8d7da\" data-id=\"6d8d7da\" data-element_type=\"column\">\n\t\t\t<div class=\"elementor-widget-wrap elementor-element-populated\">\n\t\t\t\t\t\t<div class=\"elementor-element elementor-element-a13490d elementor-widget elementor-widget-text-editor\" data-id=\"a13490d\" data-element_type=\"widget\" data-widget_type=\"text-editor.default\">\n\t\t\t\t<div class=\"elementor-widget-container\">\n\t\t\t\t\t\t\t<p>A l\u2019occasion de la <strong>F\u00eate de la Musique 2025<\/strong> (<em>World Music Day<\/em>), c\u00e9l\u00e9br\u00e9e dans le monde entier chaque 21 juin, l\u2019Institut fran\u00e7ais Yogyakarta accueillera une s\u00e9rie de concerts de groupes de Yogyakarta dans ses locaux. Pour cela, l\u2019Institut fran\u00e7ais lance un grand appel \u00e0 candidatures destin\u00e9 \u00e0 tous les musiciens de Yogyakarta.<\/p>\n<p>Vous faites partie d\u2019un groupe de musiciens ? Vous souhaitez vous produire sur sc\u00e8ne en public le <strong>samedi 21 juin<\/strong> prochain ? Alors r\u00e9pondez \u00e0 notre appel \u00e0 candidatures pour int\u00e9grer le programme de la <strong><em>F\u00eate de la Musique 2025<\/em><\/strong> en remplissant <strong><a href=\"https:\/\/forms.office.com\/r\/S9d84j8UFU?origin=lprLink\" target=\"_blank\" rel=\"noopener\">ce formulaire<\/a><\/strong> (ouvert jusqu&rsquo;au mardi 30 mai \u00e0 23h59).<\/p>\n\t\t\t\t\t\t<\/div>\n\t\t\t\t<\/div>\n\t\t\t\t\t<\/div>\n\t\t<\/div>\n\t\t\t\t\t<\/div>\n\t\t<\/section>\n\t\t\t\t<section class=\"elementor-section elementor-top-section elementor-element elementor-element-47c34c8 elementor-section-boxed elementor-section-height-default elementor-section-height-default\" data-id=\"47c34c8\" data-element_type=\"section\">\n\t\t\t\t\t\t<div class=\"elementor-container elementor-column-gap-default\">\n\t\t\t\t\t<div class=\"elementor-column elementor-col-100 elementor-top-column elementor-element elementor-element-daad1e7\" data-id=\"daad1e7\" data-element_type=\"column\">\n\t\t\t<div class=\"elementor-widget-wrap elementor-element-populated\">\n\t\t\t\t\t\t<div class=\"elementor-element elementor-element-476970e elementor-widget elementor-widget-text-editor\" data-id=\"476970e\" data-element_type=\"widget\" data-widget_type=\"text-editor.default\">\n\t\t\t\t<div class=\"elementor-widget-container\">\n\t\t\t\t\t\t\t<h3><strong>Qu\u2019est-ce que la \u201cF\u00eate de la Musique\u201d (World Music Day) ?<\/strong><\/h3>\n<p>Depuis 1982, la <strong><em>F\u00eate de la Musique<\/em><\/strong>\u00a0est c\u00e9l\u00e9br\u00e9e le 21 juin de chaque ann\u00e9e dans toute la France et dans plus de 120 pays \u00e0 travers le monde. Instaur\u00e9e par le Minist\u00e8re fran\u00e7ais de la Culture, cette c\u00e9l\u00e9bration populaire vise \u00e0 promouvoir la pratique musicale aupr\u00e8s du grand public. Chaque 21 juin, de tr\u00e8s nombreux concerts gratuits, de tout genre musical, sont organis\u00e9s dans les rues, dans les bars et dans les salles de spectacles r\u00e9unissant aussi bien des musiciens professionnels qu\u2019amateurs. C\u2019est une occasion unique pour de jeunes groupes de musiciens de se faire conna\u00eetre du grand public !<\/p>\n\t\t\t\t\t\t<\/div>\n\t\t\t\t<\/div>\n\t\t\t\t\t<\/div>\n\t\t<\/div>\n\t\t\t\t\t<\/div>\n\t\t<\/section>\n\t\t\t\t<section class=\"elementor-section elementor-top-section elementor-element elementor-element-1bfe204 elementor-section-boxed elementor-section-height-default elementor-section-height-default\" data-id=\"1bfe204\" data-element_type=\"section\">\n\t\t\t\t\t\t<div class=\"elementor-container elementor-column-gap-default\">\n\t\t\t\t\t<div class=\"elementor-column elementor-col-100 elementor-top-column elementor-element elementor-element-b45819d\" data-id=\"b45819d\" data-element_type=\"column\">\n\t\t\t<div class=\"elementor-widget-wrap elementor-element-populated\">\n\t\t\t\t\t\t<div class=\"elementor-element elementor-element-67dbe0a elementor-widget elementor-widget-text-editor\" data-id=\"67dbe0a\" data-element_type=\"widget\" data-widget_type=\"text-editor.default\">\n\t\t\t\t<div class=\"elementor-widget-container\">\n\t\t\t\t\t\t\t<h3><strong>Comment va se d\u00e9rouler la F\u00eate de la Musique 2025 \u00e0 Yogyakarta ?<\/strong><\/h3>\n<p>A l\u2019occasion de l\u2019\u00e9dition 2025 de la F\u00eate de la Musique, l\u2019Institut fran\u00e7ais Yogyakarta propose \u00e0 des groupes de musiciens de jouer dans son auditorium le <strong>samedi 21 juin 2025<\/strong>.<\/p>\n\t\t\t\t\t\t<\/div>\n\t\t\t\t<\/div>\n\t\t\t\t\t<\/div>\n\t\t<\/div>\n\t\t\t\t\t<\/div>\n\t\t<\/section>\n\t\t\t\t<section class=\"elementor-section elementor-top-section elementor-element elementor-element-054a87c elementor-section-boxed elementor-section-height-default elementor-section-height-default\" data-id=\"054a87c\" data-element_type=\"section\">\n\t\t\t\t\t\t<div class=\"elementor-container elementor-column-gap-default\">\n\t\t\t\t\t<div class=\"elementor-column elementor-col-100 elementor-top-column elementor-element elementor-element-8641fbc\" data-id=\"8641fbc\" data-element_type=\"column\">\n\t\t\t<div class=\"elementor-widget-wrap elementor-element-populated\">\n\t\t\t\t\t\t<div class=\"elementor-element elementor-element-633ce57 elementor-widget elementor-widget-text-editor\" data-id=\"633ce57\" data-element_type=\"widget\" data-widget_type=\"text-editor.default\">\n\t\t\t\t<div class=\"elementor-widget-container\">\n\t\t\t\t\t\t\t<h3><strong>Qui peut participer ?<\/strong><\/h3>\n<ul>\n<li>Tout groupe de musiciens (minimum 2 membres), quel que soit le genre musical et quelle que soit la langue d\u2019expression;<\/li>\n<li>Le groupe doit pouvoir proposer un programme musical de 30 \u00e0 45 minutes minimum, 100% en live (le format karaok\u00e9 n\u2019est pas accept\u00e9);<\/li>\n<li>Le groupe devra se pr\u00e9senter au pr\u00e9alable \u00e0 une audition, destin\u00e9e \u00e0 s\u00e9lectionner les groupes, le <strong>samedi 24 mai 2025<\/strong> \u00e0 partir de 14h \u00e0 l\u2019Institut fran\u00e7ais Yogyakarta (Jl. Sagan No.3).<\/li>\n<\/ul>\n\t\t\t\t\t\t<\/div>\n\t\t\t\t<\/div>\n\t\t\t\t\t<\/div>\n\t\t<\/div>\n\t\t\t\t\t<\/div>\n\t\t<\/section>\n\t\t\t\t<section class=\"elementor-section elementor-top-section elementor-element elementor-element-595cb45 elementor-section-boxed elementor-section-height-default elementor-section-height-default\" data-id=\"595cb45\" data-element_type=\"section\">\n\t\t\t\t\t\t<div class=\"elementor-container elementor-column-gap-default\">\n\t\t\t\t\t<div class=\"elementor-column elementor-col-100 elementor-top-column elementor-element elementor-element-4ea088e\" data-id=\"4ea088e\" data-element_type=\"column\">\n\t\t\t<div class=\"elementor-widget-wrap elementor-element-populated\">\n\t\t\t\t\t\t<div class=\"elementor-element elementor-element-650da3f elementor-widget elementor-widget-text-editor\" data-id=\"650da3f\" data-element_type=\"widget\" data-widget_type=\"text-editor.default\">\n\t\t\t\t<div class=\"elementor-widget-container\">\n\t\t\t\t\t\t\t<h3><strong>Comment participer ?<\/strong><\/h3>\n<ul>\n<li>Remplissez le formulaire <strong><a href=\"https:\/\/forms.office.com\/r\/S9d84j8UFU?origin=lprLink\" target=\"_blank\" rel=\"noopener\">en cliquant ici<\/a><\/strong> et partagez une vid\u00e9o de votre groupe interpr\u00e9tant un morceau de 3 minutes minimum <strong>au plus tard le mardi 20 mai 2025 \u00e0 23h59<\/strong>;<\/li>\n<li>Si votre groupe est pr\u00e9s\u00e9lectionn\u00e9, vous serez invit\u00e9s \u00e0 vous pr\u00e9senter \u00e0 une audition le samedi 24 mai 2025 \u00e0 partir de 14h \u00e0 l\u2019Institut fran\u00e7ais Yogyakarta (Jl. Sagan No.3);<\/li>\n<li>La participation de votre groupe \u00e0 l\u2019audition et, si votre groupe est s\u00e9lectionn\u00e9, \u00e0 la F\u00eate de la Musique est gratuite.<\/li>\n<\/ul>\n\t\t\t\t\t\t<\/div>\n\t\t\t\t<\/div>\n\t\t\t\t\t<\/div>\n\t\t<\/div>\n\t\t\t\t\t<\/div>\n\t\t<\/section>\n\t\t\t\t<section class=\"elementor-section elementor-top-section elementor-element elementor-element-dc911cd elementor-section-boxed elementor-section-height-default elementor-section-height-default\" data-id=\"dc911cd\" data-element_type=\"section\">\n\t\t\t\t\t\t<div class=\"elementor-container elementor-column-gap-default\">\n\t\t\t\t\t<div class=\"elementor-column elementor-col-100 elementor-top-column elementor-element elementor-element-d9e676c\" data-id=\"d9e676c\" data-element_type=\"column\">\n\t\t\t<div class=\"elementor-widget-wrap elementor-element-populated\">\n\t\t\t\t\t\t<div class=\"elementor-element elementor-element-ddaac4e elementor-widget elementor-widget-text-editor\" data-id=\"ddaac4e\" data-element_type=\"widget\" data-widget_type=\"text-editor.default\">\n\t\t\t\t<div class=\"elementor-widget-container\">\n\t\t\t\t\t\t\t<h3><strong>Comment va se d\u00e9rouler l\u2019audition du 24 mai ?<\/strong><\/h3>\n<ul>\n<li>Une fois le formulaire d\u2019inscription compl\u00e9t\u00e9, vous recevrez un message par WhatsApp le mercredi 21 mai vous indiquant votre horaire de convocation pour l\u2019audition du samedi 24 mai \u00e0 l\u2019Institut fran\u00e7ais.<\/li>\n<li>A l\u2019heure de convocation, votre groupe sera invit\u00e9 \u00e0 jouer sur la sc\u00e8ne de l\u2019auditorium de l\u2019Institut fran\u00e7ais devant un jury compos\u00e9 de musiciens professionnels (1 morceau soit 3 \u00e0 5 minutes environ).<\/li>\n<li>L\u2019Institut fran\u00e7ais fournit la sc\u00e8ne, le mat\u00e9riel de sonorisation, une batterie mais pas d\u2019autres instruments de musique (vous devrez donc apporter les v\u00f4tres)<\/li>\n<li>Le mat\u00e9riel de sonorisation suivant sera mis \u00e0 votre disposition :\n<ul>\n<li>Mixer : Soundcraft FX16ii, 16 manual channel;<\/li>\n<li>Stereo set with 2 speaker actif Yamaha DZR 15 with 2 sub-actif DZS 18;<\/li>\n<li>4 microphones Shure SM 58 with cables, 3 microphones Shure 57 with cable;<\/li>\n<li>3 microphones Shure SM 58 wireless (include 3 table stand mic for conference, and 3 long stand mic);<\/li>\n<li>15 extensions cables of XLR multiples length;<\/li>\n<li>\u00ab\u00a0Multi box\u201d on scene with 16 entries, possibility of 6 returns scene;<\/li>\n<li>2 speakers monitor JBL EON 615 with standing speaker;<\/li>\n<\/ul>\n<\/li>\n<li>Le programme musical propos\u00e9 par votre groupe doit \u00eatre adapt\u00e9 aux conditions mat\u00e9rielles offertes pour l\u2019audition.<\/li>\n<li>Vous serez inform\u00e9 du r\u00e9sultat de l\u2019audition (s\u00e9lectionn\u00e9 \/ non-s\u00e9lectionn\u00e9) au plus tard le mardi 27 mai.<\/li>\n<li>Si votre groupe est s\u00e9lectionn\u00e9, vous serez invit\u00e9s \u00e0 vous produire sur sc\u00e8ne le <strong>samedi 21 juin 2025<\/strong> \u00e0 l\u2019Institut fran\u00e7ais Yogyakarta.<\/li>\n<li>L\u2019audition donnera lieu \u00e0 un enregistrement vid\u00e9o. Cet enregistrement est \u00e0 l\u2019usage exclusif de l\u2019Institut fran\u00e7ais et des membres du jury. Ces enregistrements ne seront pas publi\u00e9s et ne seront pas conserv\u00e9s au-del\u00e0 du 21 juin 2025.<\/li>\n<\/ul>\n\t\t\t\t\t\t<\/div>\n\t\t\t\t<\/div>\n\t\t\t\t\t<\/div>\n\t\t<\/div>\n\t\t\t\t\t<\/div>\n\t\t<\/section>\n\t\t\t\t<section class=\"elementor-section elementor-top-section elementor-element elementor-element-6f4c958 elementor-section-boxed elementor-section-height-default elementor-section-height-default\" data-id=\"6f4c958\" data-element_type=\"section\">\n\t\t\t\t\t\t<div class=\"elementor-container elementor-column-gap-default\">\n\t\t\t\t\t<div class=\"elementor-column elementor-col-100 elementor-top-column elementor-element elementor-element-fe8f3a9\" data-id=\"fe8f3a9\" data-element_type=\"column\">\n\t\t\t<div class=\"elementor-widget-wrap elementor-element-populated\">\n\t\t\t\t\t\t<div class=\"elementor-element elementor-element-cfd884f elementor-widget elementor-widget-text-editor\" data-id=\"cfd884f\" data-element_type=\"widget\" data-widget_type=\"text-editor.default\">\n\t\t\t\t<div class=\"elementor-widget-container\">\n\t\t\t\t\t\t\t<h3><strong>Comment va se d\u00e9rouler la F\u00eate de la Musique \u00e0 Yogyakarta le 21 juin ?<\/strong><\/h3>\n<ul>\n<li>L\u2019Institut fran\u00e7ais Yogyakarta vous informera de l\u2019horaire exact de votre concert au plus tard le vendredi 6 juin 2025.<\/li>\n<li>L\u2019Institut fran\u00e7ais Yogyakarta vous informera des conditions techniques et mat\u00e9rielles dont vous disposerez pour votre concert au plus tard le 6 juin 2025.<\/li>\n<li>La participation \u00e0 la F\u00eate de la Musique ne donnera lieu \u00e0 aucune r\u00e9mun\u00e9ration ni indemnisation de quelque sorte que ce soit (d\u00e9placement, location de mat\u00e9riel, etc.), ni de la part de l\u2019Institut fran\u00e7ais ni de la part de l&rsquo;\u00e9tablissement partenaire.<\/li>\n<li>L\u2019Institut fran\u00e7ais Yogyakarta offrira le d\u00eener (lunch box) \u00e0 tous les musiciens programm\u00e9s lors de la F\u00eate de la Musique le 21 juin 2025.<\/li>\n<\/ul>\n\t\t\t\t\t\t<\/div>\n\t\t\t\t<\/div>\n\t\t\t\t\t<\/div>\n\t\t<\/div>\n\t\t\t\t\t<\/div>\n\t\t<\/section>\n\t\t\t\t<section class=\"elementor-section elementor-top-section elementor-element elementor-element-7f4f43f elementor-section-boxed elementor-section-height-default elementor-section-height-default\" data-id=\"7f4f43f\" data-element_type=\"section\">\n\t\t\t\t\t\t<div class=\"elementor-container elementor-column-gap-default\">\n\t\t\t\t\t<div class=\"elementor-column elementor-col-100 elementor-top-column elementor-element elementor-element-2275032\" data-id=\"2275032\" data-element_type=\"column\">\n\t\t\t<div class=\"elementor-widget-wrap elementor-element-populated\">\n\t\t\t\t\t\t<div class=\"elementor-element elementor-element-4861050 elementor-widget elementor-widget-text-editor\" data-id=\"4861050\" data-element_type=\"widget\" data-widget_type=\"text-editor.default\">\n\t\t\t\t<div class=\"elementor-widget-container\">\n\t\t\t\t\t\t\t<p>Pour toute question relative \u00e0 la F\u00eate de la Musique, n\u2019h\u00e9sitez pas \u00e0 nous contacter par WhatsApp au +62 818-0422-5573.<\/p>\n\t\t\t\t\t\t<\/div>\n\t\t\t\t<\/div>\n\t\t\t\t\t<\/div>\n\t\t<\/div>\n\t\t\t\t\t<\/div>\n\t\t<\/section>\n\t\t\t\t<\/div>\n\t\t","protected":false},"excerpt":{"rendered":"<p>A l\u2019occasion de la F\u00eate de la Musique 2025 (World Music Day), c\u00e9l\u00e9br\u00e9e dans le monde entier chaque 21 juin, l\u2019Institut fran\u00e7ais Yogyakarta accueillera une s\u00e9rie de concerts de groupes de Yogyakarta dans ses locaux. Pour cela, l\u2019Institut fran\u00e7ais lance un grand appel \u00e0 candidatures destin\u00e9 \u00e0 tous les musiciens de Yogyakarta. Vous faites partie &hellip; <\/p>\n<p class=\"link-more\"><a href=\"https:\/\/www.ifi-id.com\/fr\/open-call-audisi-band-fete-de-la-musique-2025\/\" class=\"more-link\">Continuer la lecture<span class=\"screen-reader-text\"> de &laquo;&nbsp;Appel \u00e0 candidatures \u201cF\u00eate de la Musique 2025\u201d&nbsp;&raquo;<\/span><\/a><\/p>\n","protected":false},"author":4,"featured_media":54647,"comment_status":"closed","ping_status":"closed","sticky":false,"template":"","format":"standard","meta":{"footnotes":""},"categories":[337],"tags":[145,78],"class_list":["post-54662","post","type-post","status-publish","format-standard","has-post-thumbnail","hentry","category-musique","tag-culture","tag-yogyakarta-fr"],"yoast_head":"<!-- This site is optimized with the Yoast SEO plugin v23.5 - https:\/\/yoast.com\/wordpress\/plugins\/seo\/ -->\n<title>Appel \u00e0 candidatures \u201cF\u00eate de la Musique 2025\u201d - Institut fran\u00e7ais Indon\u00e9sie<\/title>\n<meta name=\"robots\" content=\"index, follow, max-snippet:-1, max-image-preview:large, max-video-preview:-1\" \/>\n<link rel=\"canonical\" href=\"https:\/\/www.ifi-id.com\/open-call-audisi-band-fete-de-la-musique-2025\/\" \/>\n<meta property=\"og:locale\" content=\"fr_FR\" \/>\n<meta property=\"og:type\" content=\"article\" \/>\n<meta property=\"og:title\" content=\"Appel \u00e0 candidatures \u201cF\u00eate de la Musique 2025\u201d - Institut fran\u00e7ais Indon\u00e9sie\" \/>\n<meta property=\"og:description\" content=\"A l\u2019occasion de la F\u00eate de la Musique 2025 (World Music Day), c\u00e9l\u00e9br\u00e9e dans le monde entier chaque 21 juin, l\u2019Institut fran\u00e7ais Yogyakarta accueillera une s\u00e9rie de concerts de groupes de Yogyakarta dans ses locaux. Pour cela, l\u2019Institut fran\u00e7ais lance un grand appel \u00e0 candidatures destin\u00e9 \u00e0 tous les musiciens de Yogyakarta. Vous faites partie &hellip; Continuer la lecture de &laquo;&nbsp;Appel \u00e0 candidatures \u201cF\u00eate de la Musique 2025\u201d&nbsp;&raquo;\" \/>\n<meta property=\"og:url\" content=\"https:\/\/www.ifi-id.com\/open-call-audisi-band-fete-de-la-musique-2025\/\" \/>\n<meta property=\"og:site_name\" content=\"Institut fran\u00e7ais Indon\u00e9sie\" \/>\n<meta property=\"article:published_time\" content=\"2025-04-29T05:32:21+00:00\" \/>\n<meta property=\"article:modified_time\" content=\"2025-05-19T02:52:43+00:00\" \/>\n<meta property=\"og:image\" content=\"https:\/\/www.ifi-id.com\/wp-content\/uploads\/2025\/04\/Fete-de-la-Musique-Audition-WB.png\" \/>\n\t<meta property=\"og:image:width\" content=\"1280\" \/>\n\t<meta property=\"og:image:height\" content=\"720\" \/>\n\t<meta property=\"og:image:type\" content=\"image\/png\" \/>\n<meta name=\"author\" content=\"yogyakarta\" \/>\n<meta name=\"twitter:card\" content=\"summary_large_image\" \/>\n<meta name=\"twitter:label1\" content=\"\u00c9crit par\" \/>\n\t<meta name=\"twitter:data1\" content=\"yogyakarta\" \/>\n\t<meta name=\"twitter:label2\" content=\"Dur\u00e9e de lecture estim\u00e9e\" \/>\n\t<meta name=\"twitter:data2\" content=\"4 minutes\" \/>\n<script type=\"application\/ld+json\" class=\"yoast-schema-graph\">{\"@context\":\"https:\/\/schema.org\",\"@graph\":[{\"@type\":\"Article\",\"@id\":\"https:\/\/www.ifi-id.com\/open-call-audisi-band-fete-de-la-musique-2025\/#article\",\"isPartOf\":{\"@id\":\"https:\/\/www.ifi-id.com\/open-call-audisi-band-fete-de-la-musique-2025\/\"},\"author\":{\"name\":\"yogyakarta\",\"@id\":\"https:\/\/www.ifi-id.com\/#\/schema\/person\/3b321478664439d4b8639bfd6e6577b3\"},\"headline\":\"Appel \u00e0 candidatures \u201cF\u00eate de la Musique 2025\u201d\",\"datePublished\":\"2025-04-29T05:32:21+00:00\",\"dateModified\":\"2025-05-19T02:52:43+00:00\",\"mainEntityOfPage\":{\"@id\":\"https:\/\/www.ifi-id.com\/open-call-audisi-band-fete-de-la-musique-2025\/\"},\"wordCount\":863,\"publisher\":{\"@id\":\"https:\/\/www.ifi-id.com\/#organization\"},\"image\":{\"@id\":\"https:\/\/www.ifi-id.com\/open-call-audisi-band-fete-de-la-musique-2025\/#primaryimage\"},\"thumbnailUrl\":\"https:\/\/www.ifi-id.com\/wp-content\/uploads\/2025\/04\/Fete-de-la-Musique-Audition-WB.png\",\"keywords\":[\"Culture\",\"Yogyakarta\"],\"articleSection\":[\"Musique\"],\"inLanguage\":\"fr-FR\"},{\"@type\":\"WebPage\",\"@id\":\"https:\/\/www.ifi-id.com\/open-call-audisi-band-fete-de-la-musique-2025\/\",\"url\":\"https:\/\/www.ifi-id.com\/open-call-audisi-band-fete-de-la-musique-2025\/\",\"name\":\"Appel \u00e0 candidatures \u201cF\u00eate de la Musique 2025\u201d - Institut fran\u00e7ais Indon\u00e9sie\",\"isPartOf\":{\"@id\":\"https:\/\/www.ifi-id.com\/#website\"},\"primaryImageOfPage\":{\"@id\":\"https:\/\/www.ifi-id.com\/open-call-audisi-band-fete-de-la-musique-2025\/#primaryimage\"},\"image\":{\"@id\":\"https:\/\/www.ifi-id.com\/open-call-audisi-band-fete-de-la-musique-2025\/#primaryimage\"},\"thumbnailUrl\":\"https:\/\/www.ifi-id.com\/wp-content\/uploads\/2025\/04\/Fete-de-la-Musique-Audition-WB.png\",\"datePublished\":\"2025-04-29T05:32:21+00:00\",\"dateModified\":\"2025-05-19T02:52:43+00:00\",\"breadcrumb\":{\"@id\":\"https:\/\/www.ifi-id.com\/open-call-audisi-band-fete-de-la-musique-2025\/#breadcrumb\"},\"inLanguage\":\"fr-FR\",\"potentialAction\":[{\"@type\":\"ReadAction\",\"target\":[\"https:\/\/www.ifi-id.com\/open-call-audisi-band-fete-de-la-musique-2025\/\"]}]},{\"@type\":\"ImageObject\",\"inLanguage\":\"fr-FR\",\"@id\":\"https:\/\/www.ifi-id.com\/open-call-audisi-band-fete-de-la-musique-2025\/#primaryimage\",\"url\":\"https:\/\/www.ifi-id.com\/wp-content\/uploads\/2025\/04\/Fete-de-la-Musique-Audition-WB.png\",\"contentUrl\":\"https:\/\/www.ifi-id.com\/wp-content\/uploads\/2025\/04\/Fete-de-la-Musique-Audition-WB.png\",\"width\":1280,\"height\":720},{\"@type\":\"BreadcrumbList\",\"@id\":\"https:\/\/www.ifi-id.com\/open-call-audisi-band-fete-de-la-musique-2025\/#breadcrumb\",\"itemListElement\":[{\"@type\":\"ListItem\",\"position\":1,\"name\":\"Home\",\"item\":\"https:\/\/www.ifi-id.com\/\"},{\"@type\":\"ListItem\",\"position\":2,\"name\":\"Budaya\",\"item\":\"https:\/\/www.ifi-id.com\/category\/budaya\/\"},{\"@type\":\"ListItem\",\"position\":3,\"name\":\"Musik\",\"item\":\"https:\/\/www.ifi-id.com\/category\/budaya\/musik\/\"},{\"@type\":\"ListItem\",\"position\":4,\"name\":\"Appel \u00e0 candidatures \u201cF\u00eate de la Musique 2025\u201d\"}]},{\"@type\":\"WebSite\",\"@id\":\"https:\/\/www.ifi-id.com\/#website\",\"url\":\"https:\/\/www.ifi-id.com\/\",\"name\":\"Institut fran\u00e7ais Indon\u00e9sie\",\"description\":\"\",\"publisher\":{\"@id\":\"https:\/\/www.ifi-id.com\/#organization\"},\"potentialAction\":[{\"@type\":\"SearchAction\",\"target\":{\"@type\":\"EntryPoint\",\"urlTemplate\":\"https:\/\/www.ifi-id.com\/?s={search_term_string}\"},\"query-input\":{\"@type\":\"PropertyValueSpecification\",\"valueRequired\":true,\"valueName\":\"search_term_string\"}}],\"inLanguage\":\"fr-FR\"},{\"@type\":\"Organization\",\"@id\":\"https:\/\/www.ifi-id.com\/#organization\",\"name\":\"Institut fran\u00e7ais Indon\u00e9sie\",\"url\":\"https:\/\/www.ifi-id.com\/\",\"logo\":{\"@type\":\"ImageObject\",\"inLanguage\":\"fr-FR\",\"@id\":\"https:\/\/www.ifi-id.com\/#\/schema\/logo\/image\/\",\"url\":\"https:\/\/www.ifi-id.com\/wp-content\/uploads\/2022\/12\/IFI_New_Logo.jpg\",\"contentUrl\":\"https:\/\/www.ifi-id.com\/wp-content\/uploads\/2022\/12\/IFI_New_Logo.jpg\",\"width\":666,\"height\":444,\"caption\":\"Institut fran\u00e7ais Indon\u00e9sie\"},\"image\":{\"@id\":\"https:\/\/www.ifi-id.com\/#\/schema\/logo\/image\/\"}},{\"@type\":\"Person\",\"@id\":\"https:\/\/www.ifi-id.com\/#\/schema\/person\/3b321478664439d4b8639bfd6e6577b3\",\"name\":\"yogyakarta\",\"image\":{\"@type\":\"ImageObject\",\"inLanguage\":\"fr-FR\",\"@id\":\"https:\/\/www.ifi-id.com\/#\/schema\/person\/image\/\",\"url\":\"https:\/\/secure.gravatar.com\/avatar\/5c7002233f1d8e3c292a47fb4ad5fe14?s=96&d=mm&r=g\",\"contentUrl\":\"https:\/\/secure.gravatar.com\/avatar\/5c7002233f1d8e3c292a47fb4ad5fe14?s=96&d=mm&r=g\",\"caption\":\"yogyakarta\"},\"url\":\"https:\/\/www.ifi-id.com\/fr\/author\/ifi_yogyakarta\/\"}]}<\/script>\n<!-- \/ Yoast SEO plugin. -->","yoast_head_json":{"title":"Appel \u00e0 candidatures \u201cF\u00eate de la Musique 2025\u201d - Institut fran\u00e7ais Indon\u00e9sie","robots":{"index":"index","follow":"follow","max-snippet":"max-snippet:-1","max-image-preview":"max-image-preview:large","max-video-preview":"max-video-preview:-1"},"canonical":"https:\/\/www.ifi-id.com\/open-call-audisi-band-fete-de-la-musique-2025\/","og_locale":"fr_FR","og_type":"article","og_title":"Appel \u00e0 candidatures \u201cF\u00eate de la Musique 2025\u201d - Institut fran\u00e7ais Indon\u00e9sie","og_description":"A l\u2019occasion de la F\u00eate de la Musique 2025 (World Music Day), c\u00e9l\u00e9br\u00e9e dans le monde entier chaque 21 juin, l\u2019Institut fran\u00e7ais Yogyakarta accueillera une s\u00e9rie de concerts de groupes de Yogyakarta dans ses locaux. Pour cela, l\u2019Institut fran\u00e7ais lance un grand appel \u00e0 candidatures destin\u00e9 \u00e0 tous les musiciens de Yogyakarta. Vous faites partie &hellip; Continuer la lecture de &laquo;&nbsp;Appel \u00e0 candidatures \u201cF\u00eate de la Musique 2025\u201d&nbsp;&raquo;","og_url":"https:\/\/www.ifi-id.com\/open-call-audisi-band-fete-de-la-musique-2025\/","og_site_name":"Institut fran\u00e7ais Indon\u00e9sie","article_published_time":"2025-04-29T05:32:21+00:00","article_modified_time":"2025-05-19T02:52:43+00:00","og_image":[{"width":1280,"height":720,"url":"https:\/\/www.ifi-id.com\/wp-content\/uploads\/2025\/04\/Fete-de-la-Musique-Audition-WB.png","type":"image\/png"}],"author":"yogyakarta","twitter_card":"summary_large_image","twitter_misc":{"\u00c9crit par":"yogyakarta","Dur\u00e9e de lecture estim\u00e9e":"4 minutes"},"schema":{"@context":"https:\/\/schema.org","@graph":[{"@type":"Article","@id":"https:\/\/www.ifi-id.com\/open-call-audisi-band-fete-de-la-musique-2025\/#article","isPartOf":{"@id":"https:\/\/www.ifi-id.com\/open-call-audisi-band-fete-de-la-musique-2025\/"},"author":{"name":"yogyakarta","@id":"https:\/\/www.ifi-id.com\/#\/schema\/person\/3b321478664439d4b8639bfd6e6577b3"},"headline":"Appel \u00e0 candidatures \u201cF\u00eate de la Musique 2025\u201d","datePublished":"2025-04-29T05:32:21+00:00","dateModified":"2025-05-19T02:52:43+00:00","mainEntityOfPage":{"@id":"https:\/\/www.ifi-id.com\/open-call-audisi-band-fete-de-la-musique-2025\/"},"wordCount":863,"publisher":{"@id":"https:\/\/www.ifi-id.com\/#organization"},"image":{"@id":"https:\/\/www.ifi-id.com\/open-call-audisi-band-fete-de-la-musique-2025\/#primaryimage"},"thumbnailUrl":"https:\/\/www.ifi-id.com\/wp-content\/uploads\/2025\/04\/Fete-de-la-Musique-Audition-WB.png","keywords":["Culture","Yogyakarta"],"articleSection":["Musique"],"inLanguage":"fr-FR"},{"@type":"WebPage","@id":"https:\/\/www.ifi-id.com\/open-call-audisi-band-fete-de-la-musique-2025\/","url":"https:\/\/www.ifi-id.com\/open-call-audisi-band-fete-de-la-musique-2025\/","name":"Appel \u00e0 candidatures \u201cF\u00eate de la Musique 2025\u201d - Institut fran\u00e7ais Indon\u00e9sie","isPartOf":{"@id":"https:\/\/www.ifi-id.com\/#website"},"primaryImageOfPage":{"@id":"https:\/\/www.ifi-id.com\/open-call-audisi-band-fete-de-la-musique-2025\/#primaryimage"},"image":{"@id":"https:\/\/www.ifi-id.com\/open-call-audisi-band-fete-de-la-musique-2025\/#primaryimage"},"thumbnailUrl":"https:\/\/www.ifi-id.com\/wp-content\/uploads\/2025\/04\/Fete-de-la-Musique-Audition-WB.png","datePublished":"2025-04-29T05:32:21+00:00","dateModified":"2025-05-19T02:52:43+00:00","breadcrumb":{"@id":"https:\/\/www.ifi-id.com\/open-call-audisi-band-fete-de-la-musique-2025\/#breadcrumb"},"inLanguage":"fr-FR","potentialAction":[{"@type":"ReadAction","target":["https:\/\/www.ifi-id.com\/open-call-audisi-band-fete-de-la-musique-2025\/"]}]},{"@type":"ImageObject","inLanguage":"fr-FR","@id":"https:\/\/www.ifi-id.com\/open-call-audisi-band-fete-de-la-musique-2025\/#primaryimage","url":"https:\/\/www.ifi-id.com\/wp-content\/uploads\/2025\/04\/Fete-de-la-Musique-Audition-WB.png","contentUrl":"https:\/\/www.ifi-id.com\/wp-content\/uploads\/2025\/04\/Fete-de-la-Musique-Audition-WB.png","width":1280,"height":720},{"@type":"BreadcrumbList","@id":"https:\/\/www.ifi-id.com\/open-call-audisi-band-fete-de-la-musique-2025\/#breadcrumb","itemListElement":[{"@type":"ListItem","position":1,"name":"Home","item":"https:\/\/www.ifi-id.com\/"},{"@type":"ListItem","position":2,"name":"Budaya","item":"https:\/\/www.ifi-id.com\/category\/budaya\/"},{"@type":"ListItem","position":3,"name":"Musik","item":"https:\/\/www.ifi-id.com\/category\/budaya\/musik\/"},{"@type":"ListItem","position":4,"name":"Appel \u00e0 candidatures \u201cF\u00eate de la Musique 2025\u201d"}]},{"@type":"WebSite","@id":"https:\/\/www.ifi-id.com\/#website","url":"https:\/\/www.ifi-id.com\/","name":"Institut fran\u00e7ais Indon\u00e9sie","description":"","publisher":{"@id":"https:\/\/www.ifi-id.com\/#organization"},"potentialAction":[{"@type":"SearchAction","target":{"@type":"EntryPoint","urlTemplate":"https:\/\/www.ifi-id.com\/?s={search_term_string}"},"query-input":{"@type":"PropertyValueSpecification","valueRequired":true,"valueName":"search_term_string"}}],"inLanguage":"fr-FR"},{"@type":"Organization","@id":"https:\/\/www.ifi-id.com\/#organization","name":"Institut fran\u00e7ais Indon\u00e9sie","url":"https:\/\/www.ifi-id.com\/","logo":{"@type":"ImageObject","inLanguage":"fr-FR","@id":"https:\/\/www.ifi-id.com\/#\/schema\/logo\/image\/","url":"https:\/\/www.ifi-id.com\/wp-content\/uploads\/2022\/12\/IFI_New_Logo.jpg","contentUrl":"https:\/\/www.ifi-id.com\/wp-content\/uploads\/2022\/12\/IFI_New_Logo.jpg","width":666,"height":444,"caption":"Institut fran\u00e7ais Indon\u00e9sie"},"image":{"@id":"https:\/\/www.ifi-id.com\/#\/schema\/logo\/image\/"}},{"@type":"Person","@id":"https:\/\/www.ifi-id.com\/#\/schema\/person\/3b321478664439d4b8639bfd6e6577b3","name":"yogyakarta","image":{"@type":"ImageObject","inLanguage":"fr-FR","@id":"https:\/\/www.ifi-id.com\/#\/schema\/person\/image\/","url":"https:\/\/secure.gravatar.com\/avatar\/5c7002233f1d8e3c292a47fb4ad5fe14?s=96&d=mm&r=g","contentUrl":"https:\/\/secure.gravatar.com\/avatar\/5c7002233f1d8e3c292a47fb4ad5fe14?s=96&d=mm&r=g","caption":"yogyakarta"},"url":"https:\/\/www.ifi-id.com\/fr\/author\/ifi_yogyakarta\/"}]}},"post_mailing_queue_ids":[],"_links":{"self":[{"href":"https:\/\/www.ifi-id.com\/fr\/wp-json\/wp\/v2\/posts\/54662"}],"collection":[{"href":"https:\/\/www.ifi-id.com\/fr\/wp-json\/wp\/v2\/posts"}],"about":[{"href":"https:\/\/www.ifi-id.com\/fr\/wp-json\/wp\/v2\/types\/post"}],"author":[{"embeddable":true,"href":"https:\/\/www.ifi-id.com\/fr\/wp-json\/wp\/v2\/users\/4"}],"replies":[{"embeddable":true,"href":"https:\/\/www.ifi-id.com\/fr\/wp-json\/wp\/v2\/comments?post=54662"}],"version-history":[{"count":8,"href":"https:\/\/www.ifi-id.com\/fr\/wp-json\/wp\/v2\/posts\/54662\/revisions"}],"predecessor-version":[{"id":54983,"href":"https:\/\/www.ifi-id.com\/fr\/wp-json\/wp\/v2\/posts\/54662\/revisions\/54983"}],"wp:featuredmedia":[{"embeddable":true,"href":"https:\/\/www.ifi-id.com\/fr\/wp-json\/wp\/v2\/media\/54647"}],"wp:attachment":[{"href":"https:\/\/www.ifi-id.com\/fr\/wp-json\/wp\/v2\/media?parent=54662"}],"wp:term":[{"taxonomy":"category","embeddable":true,"href":"https:\/\/www.ifi-id.com\/fr\/wp-json\/wp\/v2\/categories?post=54662"},{"taxonomy":"post_tag","embeddable":true,"href":"https:\/\/www.ifi-id.com\/fr\/wp-json\/wp\/v2\/tags?post=54662"}],"curies":[{"name":"wp","href":"https:\/\/api.w.org\/{rel}","templated":true}]}}