{"id":45987,"date":"2024-07-19T14:41:41","date_gmt":"2024-07-19T07:41:41","guid":{"rendered":"https:\/\/www.ifi-id.com\/konser-jazz-noe-clerc-trio\/"},"modified":"2024-07-19T14:42:00","modified_gmt":"2024-07-19T07:42:00","slug":"konser-jazz-noe-clerc-trio","status":"publish","type":"post","link":"https:\/\/www.ifi-id.com\/fr\/konser-jazz-noe-clerc-trio\/","title":{"rendered":"Concert de jazz &#8211; No\u00e9 Clerc Trio"},"content":{"rendered":"\t\t<div data-elementor-type=\"wp-post\" data-elementor-id=\"45987\" class=\"elementor elementor-45987 elementor-45964\" data-elementor-post-type=\"post\">\n\t\t\t\t\t\t<section class=\"elementor-section elementor-top-section elementor-element elementor-element-be8dc80 elementor-section-boxed elementor-section-height-default elementor-section-height-default\" data-id=\"be8dc80\" data-element_type=\"section\">\n\t\t\t\t\t\t<div class=\"elementor-container elementor-column-gap-default\">\n\t\t\t\t\t<div class=\"elementor-column elementor-col-100 elementor-top-column elementor-element elementor-element-79ba5e4\" data-id=\"79ba5e4\" data-element_type=\"column\">\n\t\t\t<div class=\"elementor-widget-wrap elementor-element-populated\">\n\t\t\t\t\t\t<div class=\"elementor-element elementor-element-e739ffb elementor-widget elementor-widget-text-editor\" data-id=\"e739ffb\" data-element_type=\"widget\" data-widget_type=\"text-editor.default\">\n\t\t\t\t<div class=\"elementor-widget-container\">\n\t\t\t\t\t\t\t<p>En partenariat avec l\u2019Association Jazz\u00e9 Crois\u00e9 (AJC), Jazz Gunung, Forum Jazz Indonesia et Ubud Village Jazz Festival, l\u2019Institut fran\u00e7ais d\u2019Indon\u00e9sie aura le plaisir d\u2019accueillir le <strong>groupe de jazz<\/strong> \u201c<em><strong>No\u00e9 Clerc Trio<\/strong><\/em>\u201d pour une tourn\u00e9e du 20 juillet au 8 ao\u00fbt 2024.<\/p>\n<p><span style=\"text-decoration: underline;\"><strong>Cette tourn\u00e9e comprendra cinq dates :<\/strong><\/span><\/p>\n<ul>\n<li>20 juillet: Jazz Gunung Bromo (Jiwa Jawa Resort, Probolinggo)<\/li>\n<li>23 juillet: IFI Surabaya<\/li>\n<li>26 juillet: Jazz Summit (IFI Thamrin, Jakarta)<\/li>\n<li>29 juillet: Jazz Mben Senen (Bentara Budaya, Yogyakarta)<\/li>\n<li>2 ao\u00fbt: Ubud Village Jazz Festival<\/li>\n<\/ul>\n<p><strong>Le lundi 29 juillet<\/strong> \u00e0 partir de <strong>20h<\/strong>, No\u00e9 Clerc Trio se produira dans le cadre du <strong>Jazz Mben Senen<\/strong>, le rendez-vous hebdomadaire incontournable des passionn\u00e9s de jazz de Yogyakarta, \u00e0 <strong>Bentara Budaya<\/strong> (Jl. Suroto No.2, Kotabaru). Cet \u00e9v\u00e9nement est <strong>gratuit<\/strong>, ouvert \u00e0 tou.te.s, sans inscription.<\/p>\n<p>Ce concert est organis\u00e9 en partenariat avec l\u2019Association Jazz\u00e9 Crois\u00e9 (AJC), Jazz Gunung, Forum Jazz Indonesia, Ubud Village Jazz Festival, Kompas Gramedia, Bentara Budaya Yogyakarta, Jazz Mben Senen, Hotel Grand Mercure Yogyakarta et l\u2019Institut fran\u00e7ais d\u2019Indon\u00e9sie.<\/p>\n\t\t\t\t\t\t<\/div>\n\t\t\t\t<\/div>\n\t\t\t\t\t<\/div>\n\t\t<\/div>\n\t\t\t\t\t<\/div>\n\t\t<\/section>\n\t\t\t\t<section class=\"elementor-section elementor-top-section elementor-element elementor-element-53a5f19 elementor-section-boxed elementor-section-height-default elementor-section-height-default\" data-id=\"53a5f19\" data-element_type=\"section\">\n\t\t\t\t\t\t<div class=\"elementor-container elementor-column-gap-default\">\n\t\t\t\t\t<div class=\"elementor-column elementor-col-33 elementor-top-column elementor-element elementor-element-86c189a\" data-id=\"86c189a\" data-element_type=\"column\">\n\t\t\t<div class=\"elementor-widget-wrap elementor-element-populated\">\n\t\t\t\t\t\t<div class=\"elementor-element elementor-element-8f2b34e elementor-widget elementor-widget-image\" data-id=\"8f2b34e\" data-element_type=\"widget\" data-widget_type=\"image.default\">\n\t\t\t\t<div class=\"elementor-widget-container\">\n\t\t\t\t\t\t\t\t\t\t\t\t\t<img fetchpriority=\"high\" decoding=\"async\" width=\"525\" height=\"731\" src=\"https:\/\/www.ifi-id.com\/wp-content\/uploads\/2024\/07\/Noe-Clerc-Trio-Credit-Fabien-Breuil-3-735x1024.jpg\" class=\"attachment-large size-large wp-image-45983\" alt=\"\" srcset=\"https:\/\/www.ifi-id.com\/wp-content\/uploads\/2024\/07\/Noe-Clerc-Trio-Credit-Fabien-Breuil-3-735x1024.jpg 735w, https:\/\/www.ifi-id.com\/wp-content\/uploads\/2024\/07\/Noe-Clerc-Trio-Credit-Fabien-Breuil-3-215x300.jpg 215w, https:\/\/www.ifi-id.com\/wp-content\/uploads\/2024\/07\/Noe-Clerc-Trio-Credit-Fabien-Breuil-3-768x1070.jpg 768w, https:\/\/www.ifi-id.com\/wp-content\/uploads\/2024\/07\/Noe-Clerc-Trio-Credit-Fabien-Breuil-3-1102x1536.jpg 1102w, https:\/\/www.ifi-id.com\/wp-content\/uploads\/2024\/07\/Noe-Clerc-Trio-Credit-Fabien-Breuil-3.jpg 1184w\" sizes=\"100vw\" \/>\t\t\t\t\t\t\t\t\t\t\t\t\t<\/div>\n\t\t\t\t<\/div>\n\t\t\t\t\t<\/div>\n\t\t<\/div>\n\t\t\t\t<div class=\"elementor-column elementor-col-66 elementor-top-column elementor-element elementor-element-1385b02\" data-id=\"1385b02\" data-element_type=\"column\">\n\t\t\t<div class=\"elementor-widget-wrap elementor-element-populated\">\n\t\t\t\t\t\t<div class=\"elementor-element elementor-element-a222f42 elementor-widget elementor-widget-text-editor\" data-id=\"a222f42\" data-element_type=\"widget\" data-widget_type=\"text-editor.default\">\n\t\t\t\t<div class=\"elementor-widget-container\">\n\t\t\t\t\t\t\t<p><strong>No\u00e9 Clerc Trio<\/strong> est un groupe de jazz compos\u00e9 de <strong>No\u00e9 Clerc<\/strong> \u00e0 l\u2019accord\u00e9on, <strong>Cl\u00e9ment Daldosso<\/strong> \u00e0 la contrebasse, et <strong>Elie Martin-Charri\u00e8re<\/strong> \u00e0 la batterie.<\/p>\n<p>Form\u00e9 en 2018, le groupe a remport\u00e9 plusieurs concours internationaux : \u00ab\u00a0<em>Leopold Bellan\u00a0\u00bb <\/em>(2018), \u00ab\u00a0<em>Jazz \u00e0 St Germain des Pr\u00e9s<\/em>\u00a0\u00bb (2019), \u00ab\u00a0<em>Prix d\u2019instrumentiste du festival Jazz \u00e0 La D\u00e9fense<\/em>\u00a0\u00bb (2021).<\/p>\n<p>Le trio se produit r\u00e9guli\u00e8rement en France (\u00ab\u00a0<em>Sunset Sunside<\/em>\u00ab\u00a0, \u00ab\u00a0<em>Avignon Jazz Festival<\/em>\u00ab\u00a0, \u00ab\u00a0<em>Gare Jazz<\/em>\u00ab\u00a0) et \u00e0 l\u2019\u00e9tranger (\u00ab\u00a0<em>Studio Five<\/em>\u00a0\u00bb en Bulgarie).<\/p>\n<p>Leur premier album \u00ab\u00a0<em>Secret Place<\/em>\u00ab\u00a0, sorti sur le label NoMadMusic, met en sc\u00e8ne des paysages tant\u00f4t urbains, tant\u00f4t sauvages, parle de rencontres et nous invite au voyage. Il s\u2019agit d\u2019une combinaison virtuose et tr\u00e8s moderne de trois instruments rarement r\u00e9unis.<\/p>\n\t\t\t\t\t\t<\/div>\n\t\t\t\t<\/div>\n\t\t\t\t\t<\/div>\n\t\t<\/div>\n\t\t\t\t\t<\/div>\n\t\t<\/section>\n\t\t\t\t<section class=\"elementor-section elementor-top-section elementor-element elementor-element-eaced2f elementor-section-boxed elementor-section-height-default elementor-section-height-default\" data-id=\"eaced2f\" data-element_type=\"section\">\n\t\t\t\t\t\t<div class=\"elementor-container elementor-column-gap-default\">\n\t\t\t\t\t<div class=\"elementor-column elementor-col-100 elementor-top-column elementor-element elementor-element-43c4262\" data-id=\"43c4262\" data-element_type=\"column\">\n\t\t\t<div class=\"elementor-widget-wrap elementor-element-populated\">\n\t\t\t\t\t\t<div class=\"elementor-element elementor-element-58c6f0b elementor-widget elementor-widget-video\" data-id=\"58c6f0b\" data-element_type=\"widget\" data-settings=\"{&quot;youtube_url&quot;:&quot;https:\\\/\\\/youtu.be\\\/4y8G1ROPp10?si=ip_hMP43mFcyJ6Wb&quot;,&quot;video_type&quot;:&quot;youtube&quot;,&quot;controls&quot;:&quot;yes&quot;}\" data-widget_type=\"video.default\">\n\t\t\t\t<div class=\"elementor-widget-container\">\n\t\t\t\t\t<div class=\"elementor-wrapper elementor-open-inline\">\n\t\t\t<div class=\"elementor-video\"><\/div>\t\t<\/div>\n\t\t\t\t<\/div>\n\t\t\t\t<\/div>\n\t\t\t\t\t<\/div>\n\t\t<\/div>\n\t\t\t\t\t<\/div>\n\t\t<\/section>\n\t\t\t\t<\/div>\n\t\t","protected":false},"excerpt":{"rendered":"<p>En partenariat avec l\u2019Association Jazz\u00e9 Crois\u00e9 (AJC), Jazz Gunung, Forum Jazz Indonesia et Ubud Village Jazz Festival, l\u2019Institut fran\u00e7ais d\u2019Indon\u00e9sie aura le plaisir d\u2019accueillir le groupe de jazz \u201cNo\u00e9 Clerc Trio\u201d pour une tourn\u00e9e du 20 juillet au 8 ao\u00fbt 2024. Cette tourn\u00e9e comprendra cinq dates : 20 juillet: Jazz Gunung Bromo (Jiwa Jawa Resort, &hellip; <\/p>\n<p class=\"link-more\"><a href=\"https:\/\/www.ifi-id.com\/fr\/konser-jazz-noe-clerc-trio\/\" class=\"more-link\">Continuer la lecture<span class=\"screen-reader-text\"> de &laquo;&nbsp;Concert de jazz &#8211; No\u00e9 Clerc Trio&nbsp;&raquo;<\/span><\/a><\/p>\n","protected":false},"author":4,"featured_media":45966,"comment_status":"closed","ping_status":"closed","sticky":false,"template":"","format":"standard","meta":{"footnotes":""},"categories":[337],"tags":[145,78],"class_list":["post-45987","post","type-post","status-publish","format-standard","has-post-thumbnail","hentry","category-musique","tag-culture","tag-yogyakarta-fr"],"yoast_head":"<!-- This site is optimized with the Yoast SEO plugin v23.5 - https:\/\/yoast.com\/wordpress\/plugins\/seo\/ -->\n<title>Concert de jazz - No\u00e9 Clerc Trio - Institut fran\u00e7ais Indon\u00e9sie<\/title>\n<meta name=\"robots\" content=\"index, follow, max-snippet:-1, max-image-preview:large, max-video-preview:-1\" \/>\n<link rel=\"canonical\" href=\"https:\/\/www.ifi-id.com\/konser-jazz-noe-clerc-trio\/\" \/>\n<meta property=\"og:locale\" content=\"fr_FR\" \/>\n<meta property=\"og:type\" content=\"article\" \/>\n<meta property=\"og:title\" content=\"Concert de jazz - No\u00e9 Clerc Trio - Institut fran\u00e7ais Indon\u00e9sie\" \/>\n<meta property=\"og:description\" content=\"En partenariat avec l\u2019Association Jazz\u00e9 Crois\u00e9 (AJC), Jazz Gunung, Forum Jazz Indonesia et Ubud Village Jazz Festival, l\u2019Institut fran\u00e7ais d\u2019Indon\u00e9sie aura le plaisir d\u2019accueillir le groupe de jazz \u201cNo\u00e9 Clerc Trio\u201d pour une tourn\u00e9e du 20 juillet au 8 ao\u00fbt 2024. Cette tourn\u00e9e comprendra cinq dates : 20 juillet: Jazz Gunung Bromo (Jiwa Jawa Resort, &hellip; Continuer la lecture de &laquo;&nbsp;Concert de jazz &#8211; No\u00e9 Clerc Trio&nbsp;&raquo;\" \/>\n<meta property=\"og:url\" content=\"https:\/\/www.ifi-id.com\/konser-jazz-noe-clerc-trio\/\" \/>\n<meta property=\"og:site_name\" content=\"Institut fran\u00e7ais Indon\u00e9sie\" \/>\n<meta property=\"article:published_time\" content=\"2024-07-19T07:41:41+00:00\" \/>\n<meta property=\"article:modified_time\" content=\"2024-07-19T07:42:00+00:00\" \/>\n<meta property=\"og:image\" content=\"https:\/\/www.ifi-id.com\/wp-content\/uploads\/2024\/07\/Konser-Jazz-Noe-Clerc-Trio-WB-1.png\" \/>\n\t<meta property=\"og:image:width\" content=\"1280\" \/>\n\t<meta property=\"og:image:height\" content=\"720\" \/>\n\t<meta property=\"og:image:type\" content=\"image\/png\" \/>\n<meta name=\"author\" content=\"yogyakarta\" \/>\n<meta name=\"twitter:card\" content=\"summary_large_image\" \/>\n<meta name=\"twitter:label1\" content=\"\u00c9crit par\" \/>\n\t<meta name=\"twitter:data1\" content=\"yogyakarta\" \/>\n\t<meta name=\"twitter:label2\" content=\"Dur\u00e9e de lecture estim\u00e9e\" \/>\n\t<meta name=\"twitter:data2\" content=\"2 minutes\" \/>\n<script type=\"application\/ld+json\" class=\"yoast-schema-graph\">{\"@context\":\"https:\/\/schema.org\",\"@graph\":[{\"@type\":\"Article\",\"@id\":\"https:\/\/www.ifi-id.com\/konser-jazz-noe-clerc-trio\/#article\",\"isPartOf\":{\"@id\":\"https:\/\/www.ifi-id.com\/konser-jazz-noe-clerc-trio\/\"},\"author\":{\"name\":\"yogyakarta\",\"@id\":\"https:\/\/www.ifi-id.com\/#\/schema\/person\/3b321478664439d4b8639bfd6e6577b3\"},\"headline\":\"Concert de jazz &#8211; No\u00e9 Clerc Trio\",\"datePublished\":\"2024-07-19T07:41:41+00:00\",\"dateModified\":\"2024-07-19T07:42:00+00:00\",\"mainEntityOfPage\":{\"@id\":\"https:\/\/www.ifi-id.com\/konser-jazz-noe-clerc-trio\/\"},\"wordCount\":309,\"publisher\":{\"@id\":\"https:\/\/www.ifi-id.com\/#organization\"},\"image\":{\"@id\":\"https:\/\/www.ifi-id.com\/konser-jazz-noe-clerc-trio\/#primaryimage\"},\"thumbnailUrl\":\"https:\/\/www.ifi-id.com\/wp-content\/uploads\/2024\/07\/Konser-Jazz-Noe-Clerc-Trio-WB-1.png\",\"keywords\":[\"Culture\",\"Yogyakarta\"],\"articleSection\":[\"Musique\"],\"inLanguage\":\"fr-FR\"},{\"@type\":\"WebPage\",\"@id\":\"https:\/\/www.ifi-id.com\/konser-jazz-noe-clerc-trio\/\",\"url\":\"https:\/\/www.ifi-id.com\/konser-jazz-noe-clerc-trio\/\",\"name\":\"Concert de jazz - No\u00e9 Clerc Trio - Institut fran\u00e7ais Indon\u00e9sie\",\"isPartOf\":{\"@id\":\"https:\/\/www.ifi-id.com\/#website\"},\"primaryImageOfPage\":{\"@id\":\"https:\/\/www.ifi-id.com\/konser-jazz-noe-clerc-trio\/#primaryimage\"},\"image\":{\"@id\":\"https:\/\/www.ifi-id.com\/konser-jazz-noe-clerc-trio\/#primaryimage\"},\"thumbnailUrl\":\"https:\/\/www.ifi-id.com\/wp-content\/uploads\/2024\/07\/Konser-Jazz-Noe-Clerc-Trio-WB-1.png\",\"datePublished\":\"2024-07-19T07:41:41+00:00\",\"dateModified\":\"2024-07-19T07:42:00+00:00\",\"breadcrumb\":{\"@id\":\"https:\/\/www.ifi-id.com\/konser-jazz-noe-clerc-trio\/#breadcrumb\"},\"inLanguage\":\"fr-FR\",\"potentialAction\":[{\"@type\":\"ReadAction\",\"target\":[\"https:\/\/www.ifi-id.com\/konser-jazz-noe-clerc-trio\/\"]}]},{\"@type\":\"ImageObject\",\"inLanguage\":\"fr-FR\",\"@id\":\"https:\/\/www.ifi-id.com\/konser-jazz-noe-clerc-trio\/#primaryimage\",\"url\":\"https:\/\/www.ifi-id.com\/wp-content\/uploads\/2024\/07\/Konser-Jazz-Noe-Clerc-Trio-WB-1.png\",\"contentUrl\":\"https:\/\/www.ifi-id.com\/wp-content\/uploads\/2024\/07\/Konser-Jazz-Noe-Clerc-Trio-WB-1.png\",\"width\":1280,\"height\":720},{\"@type\":\"BreadcrumbList\",\"@id\":\"https:\/\/www.ifi-id.com\/konser-jazz-noe-clerc-trio\/#breadcrumb\",\"itemListElement\":[{\"@type\":\"ListItem\",\"position\":1,\"name\":\"Home\",\"item\":\"https:\/\/www.ifi-id.com\/\"},{\"@type\":\"ListItem\",\"position\":2,\"name\":\"Budaya\",\"item\":\"https:\/\/www.ifi-id.com\/category\/budaya\/\"},{\"@type\":\"ListItem\",\"position\":3,\"name\":\"Musik\",\"item\":\"https:\/\/www.ifi-id.com\/category\/budaya\/musik\/\"},{\"@type\":\"ListItem\",\"position\":4,\"name\":\"Concert de jazz &#8211; No\u00e9 Clerc Trio\"}]},{\"@type\":\"WebSite\",\"@id\":\"https:\/\/www.ifi-id.com\/#website\",\"url\":\"https:\/\/www.ifi-id.com\/\",\"name\":\"Institut fran\u00e7ais Indon\u00e9sie\",\"description\":\"\",\"publisher\":{\"@id\":\"https:\/\/www.ifi-id.com\/#organization\"},\"potentialAction\":[{\"@type\":\"SearchAction\",\"target\":{\"@type\":\"EntryPoint\",\"urlTemplate\":\"https:\/\/www.ifi-id.com\/?s={search_term_string}\"},\"query-input\":{\"@type\":\"PropertyValueSpecification\",\"valueRequired\":true,\"valueName\":\"search_term_string\"}}],\"inLanguage\":\"fr-FR\"},{\"@type\":\"Organization\",\"@id\":\"https:\/\/www.ifi-id.com\/#organization\",\"name\":\"Institut fran\u00e7ais Indon\u00e9sie\",\"url\":\"https:\/\/www.ifi-id.com\/\",\"logo\":{\"@type\":\"ImageObject\",\"inLanguage\":\"fr-FR\",\"@id\":\"https:\/\/www.ifi-id.com\/#\/schema\/logo\/image\/\",\"url\":\"https:\/\/www.ifi-id.com\/wp-content\/uploads\/2022\/12\/IFI_New_Logo.jpg\",\"contentUrl\":\"https:\/\/www.ifi-id.com\/wp-content\/uploads\/2022\/12\/IFI_New_Logo.jpg\",\"width\":666,\"height\":444,\"caption\":\"Institut fran\u00e7ais Indon\u00e9sie\"},\"image\":{\"@id\":\"https:\/\/www.ifi-id.com\/#\/schema\/logo\/image\/\"}},{\"@type\":\"Person\",\"@id\":\"https:\/\/www.ifi-id.com\/#\/schema\/person\/3b321478664439d4b8639bfd6e6577b3\",\"name\":\"yogyakarta\",\"image\":{\"@type\":\"ImageObject\",\"inLanguage\":\"fr-FR\",\"@id\":\"https:\/\/www.ifi-id.com\/#\/schema\/person\/image\/\",\"url\":\"https:\/\/secure.gravatar.com\/avatar\/5c7002233f1d8e3c292a47fb4ad5fe14?s=96&d=mm&r=g\",\"contentUrl\":\"https:\/\/secure.gravatar.com\/avatar\/5c7002233f1d8e3c292a47fb4ad5fe14?s=96&d=mm&r=g\",\"caption\":\"yogyakarta\"},\"url\":\"https:\/\/www.ifi-id.com\/fr\/author\/ifi_yogyakarta\/\"}]}<\/script>\n<!-- \/ Yoast SEO plugin. -->","yoast_head_json":{"title":"Concert de jazz - No\u00e9 Clerc Trio - Institut fran\u00e7ais Indon\u00e9sie","robots":{"index":"index","follow":"follow","max-snippet":"max-snippet:-1","max-image-preview":"max-image-preview:large","max-video-preview":"max-video-preview:-1"},"canonical":"https:\/\/www.ifi-id.com\/konser-jazz-noe-clerc-trio\/","og_locale":"fr_FR","og_type":"article","og_title":"Concert de jazz - No\u00e9 Clerc Trio - Institut fran\u00e7ais Indon\u00e9sie","og_description":"En partenariat avec l\u2019Association Jazz\u00e9 Crois\u00e9 (AJC), Jazz Gunung, Forum Jazz Indonesia et Ubud Village Jazz Festival, l\u2019Institut fran\u00e7ais d\u2019Indon\u00e9sie aura le plaisir d\u2019accueillir le groupe de jazz \u201cNo\u00e9 Clerc Trio\u201d pour une tourn\u00e9e du 20 juillet au 8 ao\u00fbt 2024. Cette tourn\u00e9e comprendra cinq dates : 20 juillet: Jazz Gunung Bromo (Jiwa Jawa Resort, &hellip; Continuer la lecture de &laquo;&nbsp;Concert de jazz &#8211; No\u00e9 Clerc Trio&nbsp;&raquo;","og_url":"https:\/\/www.ifi-id.com\/konser-jazz-noe-clerc-trio\/","og_site_name":"Institut fran\u00e7ais Indon\u00e9sie","article_published_time":"2024-07-19T07:41:41+00:00","article_modified_time":"2024-07-19T07:42:00+00:00","og_image":[{"width":1280,"height":720,"url":"https:\/\/www.ifi-id.com\/wp-content\/uploads\/2024\/07\/Konser-Jazz-Noe-Clerc-Trio-WB-1.png","type":"image\/png"}],"author":"yogyakarta","twitter_card":"summary_large_image","twitter_misc":{"\u00c9crit par":"yogyakarta","Dur\u00e9e de lecture estim\u00e9e":"2 minutes"},"schema":{"@context":"https:\/\/schema.org","@graph":[{"@type":"Article","@id":"https:\/\/www.ifi-id.com\/konser-jazz-noe-clerc-trio\/#article","isPartOf":{"@id":"https:\/\/www.ifi-id.com\/konser-jazz-noe-clerc-trio\/"},"author":{"name":"yogyakarta","@id":"https:\/\/www.ifi-id.com\/#\/schema\/person\/3b321478664439d4b8639bfd6e6577b3"},"headline":"Concert de jazz &#8211; No\u00e9 Clerc Trio","datePublished":"2024-07-19T07:41:41+00:00","dateModified":"2024-07-19T07:42:00+00:00","mainEntityOfPage":{"@id":"https:\/\/www.ifi-id.com\/konser-jazz-noe-clerc-trio\/"},"wordCount":309,"publisher":{"@id":"https:\/\/www.ifi-id.com\/#organization"},"image":{"@id":"https:\/\/www.ifi-id.com\/konser-jazz-noe-clerc-trio\/#primaryimage"},"thumbnailUrl":"https:\/\/www.ifi-id.com\/wp-content\/uploads\/2024\/07\/Konser-Jazz-Noe-Clerc-Trio-WB-1.png","keywords":["Culture","Yogyakarta"],"articleSection":["Musique"],"inLanguage":"fr-FR"},{"@type":"WebPage","@id":"https:\/\/www.ifi-id.com\/konser-jazz-noe-clerc-trio\/","url":"https:\/\/www.ifi-id.com\/konser-jazz-noe-clerc-trio\/","name":"Concert de jazz - No\u00e9 Clerc Trio - Institut fran\u00e7ais Indon\u00e9sie","isPartOf":{"@id":"https:\/\/www.ifi-id.com\/#website"},"primaryImageOfPage":{"@id":"https:\/\/www.ifi-id.com\/konser-jazz-noe-clerc-trio\/#primaryimage"},"image":{"@id":"https:\/\/www.ifi-id.com\/konser-jazz-noe-clerc-trio\/#primaryimage"},"thumbnailUrl":"https:\/\/www.ifi-id.com\/wp-content\/uploads\/2024\/07\/Konser-Jazz-Noe-Clerc-Trio-WB-1.png","datePublished":"2024-07-19T07:41:41+00:00","dateModified":"2024-07-19T07:42:00+00:00","breadcrumb":{"@id":"https:\/\/www.ifi-id.com\/konser-jazz-noe-clerc-trio\/#breadcrumb"},"inLanguage":"fr-FR","potentialAction":[{"@type":"ReadAction","target":["https:\/\/www.ifi-id.com\/konser-jazz-noe-clerc-trio\/"]}]},{"@type":"ImageObject","inLanguage":"fr-FR","@id":"https:\/\/www.ifi-id.com\/konser-jazz-noe-clerc-trio\/#primaryimage","url":"https:\/\/www.ifi-id.com\/wp-content\/uploads\/2024\/07\/Konser-Jazz-Noe-Clerc-Trio-WB-1.png","contentUrl":"https:\/\/www.ifi-id.com\/wp-content\/uploads\/2024\/07\/Konser-Jazz-Noe-Clerc-Trio-WB-1.png","width":1280,"height":720},{"@type":"BreadcrumbList","@id":"https:\/\/www.ifi-id.com\/konser-jazz-noe-clerc-trio\/#breadcrumb","itemListElement":[{"@type":"ListItem","position":1,"name":"Home","item":"https:\/\/www.ifi-id.com\/"},{"@type":"ListItem","position":2,"name":"Budaya","item":"https:\/\/www.ifi-id.com\/category\/budaya\/"},{"@type":"ListItem","position":3,"name":"Musik","item":"https:\/\/www.ifi-id.com\/category\/budaya\/musik\/"},{"@type":"ListItem","position":4,"name":"Concert de jazz &#8211; No\u00e9 Clerc Trio"}]},{"@type":"WebSite","@id":"https:\/\/www.ifi-id.com\/#website","url":"https:\/\/www.ifi-id.com\/","name":"Institut fran\u00e7ais Indon\u00e9sie","description":"","publisher":{"@id":"https:\/\/www.ifi-id.com\/#organization"},"potentialAction":[{"@type":"SearchAction","target":{"@type":"EntryPoint","urlTemplate":"https:\/\/www.ifi-id.com\/?s={search_term_string}"},"query-input":{"@type":"PropertyValueSpecification","valueRequired":true,"valueName":"search_term_string"}}],"inLanguage":"fr-FR"},{"@type":"Organization","@id":"https:\/\/www.ifi-id.com\/#organization","name":"Institut fran\u00e7ais Indon\u00e9sie","url":"https:\/\/www.ifi-id.com\/","logo":{"@type":"ImageObject","inLanguage":"fr-FR","@id":"https:\/\/www.ifi-id.com\/#\/schema\/logo\/image\/","url":"https:\/\/www.ifi-id.com\/wp-content\/uploads\/2022\/12\/IFI_New_Logo.jpg","contentUrl":"https:\/\/www.ifi-id.com\/wp-content\/uploads\/2022\/12\/IFI_New_Logo.jpg","width":666,"height":444,"caption":"Institut fran\u00e7ais Indon\u00e9sie"},"image":{"@id":"https:\/\/www.ifi-id.com\/#\/schema\/logo\/image\/"}},{"@type":"Person","@id":"https:\/\/www.ifi-id.com\/#\/schema\/person\/3b321478664439d4b8639bfd6e6577b3","name":"yogyakarta","image":{"@type":"ImageObject","inLanguage":"fr-FR","@id":"https:\/\/www.ifi-id.com\/#\/schema\/person\/image\/","url":"https:\/\/secure.gravatar.com\/avatar\/5c7002233f1d8e3c292a47fb4ad5fe14?s=96&d=mm&r=g","contentUrl":"https:\/\/secure.gravatar.com\/avatar\/5c7002233f1d8e3c292a47fb4ad5fe14?s=96&d=mm&r=g","caption":"yogyakarta"},"url":"https:\/\/www.ifi-id.com\/fr\/author\/ifi_yogyakarta\/"}]}},"post_mailing_queue_ids":[],"_links":{"self":[{"href":"https:\/\/www.ifi-id.com\/fr\/wp-json\/wp\/v2\/posts\/45987"}],"collection":[{"href":"https:\/\/www.ifi-id.com\/fr\/wp-json\/wp\/v2\/posts"}],"about":[{"href":"https:\/\/www.ifi-id.com\/fr\/wp-json\/wp\/v2\/types\/post"}],"author":[{"embeddable":true,"href":"https:\/\/www.ifi-id.com\/fr\/wp-json\/wp\/v2\/users\/4"}],"replies":[{"embeddable":true,"href":"https:\/\/www.ifi-id.com\/fr\/wp-json\/wp\/v2\/comments?post=45987"}],"version-history":[{"count":3,"href":"https:\/\/www.ifi-id.com\/fr\/wp-json\/wp\/v2\/posts\/45987\/revisions"}],"predecessor-version":[{"id":45990,"href":"https:\/\/www.ifi-id.com\/fr\/wp-json\/wp\/v2\/posts\/45987\/revisions\/45990"}],"wp:featuredmedia":[{"embeddable":true,"href":"https:\/\/www.ifi-id.com\/fr\/wp-json\/wp\/v2\/media\/45966"}],"wp:attachment":[{"href":"https:\/\/www.ifi-id.com\/fr\/wp-json\/wp\/v2\/media?parent=45987"}],"wp:term":[{"taxonomy":"category","embeddable":true,"href":"https:\/\/www.ifi-id.com\/fr\/wp-json\/wp\/v2\/categories?post=45987"},{"taxonomy":"post_tag","embeddable":true,"href":"https:\/\/www.ifi-id.com\/fr\/wp-json\/wp\/v2\/tags?post=45987"}],"curies":[{"name":"wp","href":"https:\/\/api.w.org\/{rel}","templated":true}]}}