{"id":45559,"date":"2024-06-27T17:33:49","date_gmt":"2024-06-27T10:33:49","guid":{"rendered":"https:\/\/www.ifi-id.com\/kelas-akselerasi-super-intensif-liburan-ifi-surabaya-juli-2024\/"},"modified":"2024-06-27T17:33:49","modified_gmt":"2024-06-27T10:33:49","slug":"kelas-akselerasi-super-intensif-liburan-ifi-surabaya-juli-2024","status":"publish","type":"post","link":"https:\/\/www.ifi-id.com\/fr\/kelas-akselerasi-super-intensif-liburan-ifi-surabaya-juli-2024\/","title":{"rendered":"Cours d&rsquo;Acc\u00e9l\u00e9ration Super Intensif de Vacances IFI Surabaya &#8211; Juillet 2024"},"content":{"rendered":"\t\t<div data-elementor-type=\"wp-post\" data-elementor-id=\"45559\" class=\"elementor elementor-45559 elementor-45551\" data-elementor-post-type=\"post\">\n\t\t\t\t\t\t<section class=\"elementor-section elementor-top-section elementor-element elementor-element-6c4232d elementor-section-boxed elementor-section-height-default elementor-section-height-default\" data-id=\"6c4232d\" data-element_type=\"section\">\n\t\t\t\t\t\t<div class=\"elementor-container elementor-column-gap-default\">\n\t\t\t\t\t<div class=\"elementor-column elementor-col-100 elementor-top-column elementor-element elementor-element-5a2340a\" data-id=\"5a2340a\" data-element_type=\"column\">\n\t\t\t<div class=\"elementor-widget-wrap elementor-element-populated\">\n\t\t\t\t\t\t<div class=\"elementor-element elementor-element-b1dcb96 elementor-widget elementor-widget-text-editor\" data-id=\"b1dcb96\" data-element_type=\"widget\" data-widget_type=\"text-editor.default\">\n\t\t\t\t<div class=\"elementor-widget-container\">\n\t\t\t\t\t\t\t<p>Les vacances seront plus enrichissantes en apprenant le fran\u00e7ais !<\/p>\n<p>R\u00e9alisez votre r\u00eave de parler fran\u00e7ais en un mois en vous inscrivant d\u00e8s maintenant aux cours intensifs de vacances. Les cours de fran\u00e7ais \u00e0 l&rsquo;IFI sont encadr\u00e9s par des enseignants certifi\u00e9s et avec des activit\u00e9s amusantes.<\/p>\n\t\t\t\t\t\t<\/div>\n\t\t\t\t<\/div>\n\t\t\t\t\t<\/div>\n\t\t<\/div>\n\t\t\t\t\t<\/div>\n\t\t<\/section>\n\t\t\t\t<section class=\"elementor-section elementor-top-section elementor-element elementor-element-6915f59 elementor-section-boxed elementor-section-height-default elementor-section-height-default\" data-id=\"6915f59\" data-element_type=\"section\">\n\t\t\t\t\t\t<div class=\"elementor-container elementor-column-gap-default\">\n\t\t\t\t\t<div class=\"elementor-column elementor-col-100 elementor-top-column elementor-element elementor-element-0339865\" data-id=\"0339865\" data-element_type=\"column\">\n\t\t\t<div class=\"elementor-widget-wrap elementor-element-populated\">\n\t\t\t\t\t\t<div class=\"elementor-element elementor-element-bd3a556 elementor-widget elementor-widget-Table\" data-id=\"bd3a556\" data-element_type=\"widget\" data-widget_type=\"Table.default\">\n\t\t\t\t<div class=\"elementor-widget-container\">\n\t\t\t\t\t<table class=\"tafe-table \">\n\t\t\t<thead  class=\"tafe-table-header\">\n\t\t\t\t<tr>\n\t\t\t\t\t<th class=\"elementor-inline-editing elementor-repeater-item-57f975c\"   >Durasi<\/th><th class=\"elementor-inline-editing elementor-repeater-item-bfa5a0a\"   >Periode kelas<\/th><th class=\"elementor-inline-editing elementor-repeater-item-4f328cc\"   >Jadwal<\/th><th class=\"elementor-inline-editing elementor-repeater-item-3517588\"   >Tempat<\/th>\t\t\t\t<\/tr>\n\t\t\t<\/thead>\n\t\t\t\t\t\t<tbody class=\"tafe-table-body\">\n\t\t\t\t<tr>\n\t\t\t\t\t<\/tr><tr><td data-label=\"Durasi\"   class=\"elementor-repeater-item-5f95bd6 td-content-type-default\" >120 jam<\/td><td data-label=\"Periode kelas\"   class=\"elementor-repeater-item-3fec41b td-content-type-default\" >22 Juli - 22 Agustus 2024<\/td><td data-label=\"Jadwal\"   class=\"elementor-repeater-item-14c12d6 td-content-type-default\" >Senin sampai Jumat<p> pk 9.00 - 15.00 \/ pk 14.00 - 20.00<\/td><td data-label=\"Tempat\"   class=\"elementor-repeater-item-438166c td-content-type-default\" >IFI Surabaya<p>Komplek AJBS<\/td>\t\t\t\t<\/tr>\n\t\t\t<\/tbody>\n\t\t<\/table>\n\t\t\n\t\t\t\t<\/div>\n\t\t\t\t<\/div>\n\t\t\t\t<div class=\"elementor-element elementor-element-3d030a2 elementor-widget elementor-widget-text-editor\" data-id=\"3d030a2\" data-element_type=\"widget\" data-widget_type=\"text-editor.default\">\n\t\t\t\t<div class=\"elementor-widget-container\">\n\t\t\t\t\t\t\t<p><em>*Classe en pr\u00e9sentiel compos\u00e9e de 8 \u00e0 15 participants.<\/em><\/p>\n\t\t\t\t\t\t<\/div>\n\t\t\t\t<\/div>\n\t\t\t\t\t<\/div>\n\t\t<\/div>\n\t\t\t\t\t<\/div>\n\t\t<\/section>\n\t\t\t\t<section class=\"elementor-section elementor-top-section elementor-element elementor-element-97f53bd elementor-section-boxed elementor-section-height-default elementor-section-height-default\" data-id=\"97f53bd\" data-element_type=\"section\">\n\t\t\t\t\t\t<div class=\"elementor-container elementor-column-gap-default\">\n\t\t\t\t\t<div class=\"elementor-column elementor-col-100 elementor-top-column elementor-element elementor-element-eb96aea\" data-id=\"eb96aea\" data-element_type=\"column\">\n\t\t\t<div class=\"elementor-widget-wrap elementor-element-populated\">\n\t\t\t\t\t\t<div class=\"elementor-element elementor-element-f19e62e elementor-widget elementor-widget-toggle\" data-id=\"f19e62e\" data-element_type=\"widget\" data-widget_type=\"toggle.default\">\n\t\t\t\t<div class=\"elementor-widget-container\">\n\t\t\t\t\t<div class=\"elementor-toggle\">\n\t\t\t\t\t\t\t<div class=\"elementor-toggle-item\">\n\t\t\t\t\t<div id=\"elementor-tab-title-2531\" class=\"elementor-tab-title\" data-tab=\"1\" role=\"button\" aria-controls=\"elementor-tab-content-2531\" aria-expanded=\"false\">\n\t\t\t\t\t\t\t\t\t\t\t\t<span class=\"elementor-toggle-icon elementor-toggle-icon-left\" aria-hidden=\"true\">\n\t\t\t\t\t\t\t\t\t\t\t\t\t\t\t<span class=\"elementor-toggle-icon-closed\"><i class=\"fas fa-caret-right\"><\/i><\/span>\n\t\t\t\t\t\t\t\t<span class=\"elementor-toggle-icon-opened\"><i class=\"elementor-toggle-icon-opened fas fa-caret-up\"><\/i><\/span>\n\t\t\t\t\t\t\t\t\t\t\t\t\t<\/span>\n\t\t\t\t\t\t\t\t\t\t\t\t<a class=\"elementor-toggle-title\" tabindex=\"0\">Pourquoi choisir l'IFI ?<\/a>\n\t\t\t\t\t<\/div>\n\n\t\t\t\t\t<div id=\"elementor-tab-content-2531\" class=\"elementor-tab-content elementor-clearfix\" data-tab=\"1\" role=\"region\" aria-labelledby=\"elementor-tab-title-2531\"><ul>\n<li>L\u2019IFI est une institution reconnue sous la tutelle officielle de l\u2019ambassade de France<\/li>\n<li>Vous serez encadr\u00e9s par des enseignants professionnels et exp\u00e9riment\u00e9s dipl\u00f4m\u00e9s du DALF<\/li>\n<li>Profitez de m\u00e9thodes d\u2019apprentissage innovantes et interactives<\/li>\n<li>Toutes les ressources p\u00e9dagogiques utilis\u00e9es sont conformes aux cadre officiel de r\u00e9f\u00e9rence europ\u00e9en du CECRL<\/li>\n<li>B\u00e9n\u00e9ficiez d\u2019un acc\u00e8s direct et privil\u00e9gi\u00e9 aux projets d\u2019\u00e9tudes via Campus France \u2013 l\u2019organisme officiel du gouvernement fran\u00e7ais<\/li>\n<\/ul>\n<\/div>\n\t\t\t\t<\/div>\n\t\t\t\t\t\t\t\t<\/div>\n\t\t\t\t<\/div>\n\t\t\t\t<\/div>\n\t\t\t\t\t<\/div>\n\t\t<\/div>\n\t\t\t\t\t<\/div>\n\t\t<\/section>\n\t\t\t\t<section class=\"elementor-section elementor-top-section elementor-element elementor-element-c1091e3 elementor-section-boxed elementor-section-height-default elementor-section-height-default\" data-id=\"c1091e3\" data-element_type=\"section\">\n\t\t\t\t\t\t<div class=\"elementor-container elementor-column-gap-default\">\n\t\t\t\t\t<div class=\"elementor-column elementor-col-100 elementor-top-column elementor-element elementor-element-fbfc15a\" data-id=\"fbfc15a\" data-element_type=\"column\">\n\t\t\t<div class=\"elementor-widget-wrap elementor-element-populated\">\n\t\t\t\t\t\t<div class=\"elementor-element elementor-element-bc6c175 elementor-widget elementor-widget-heading\" data-id=\"bc6c175\" data-element_type=\"widget\" data-widget_type=\"heading.default\">\n\t\t\t\t<div class=\"elementor-widget-container\">\n\t\t\t<h2 class=\"elementor-heading-title elementor-size-default\">Plus d'information<\/h2>\t\t<\/div>\n\t\t\t\t<\/div>\n\t\t\t\t<div class=\"elementor-element elementor-element-b47420e elementor-align-center elementor-widget elementor-widget-button\" data-id=\"b47420e\" data-element_type=\"widget\" data-widget_type=\"button.default\">\n\t\t\t\t<div class=\"elementor-widget-container\">\n\t\t\t\t\t<div class=\"elementor-button-wrapper\">\n\t\t\t<a class=\"elementor-button elementor-button-link elementor-size-sm\" href=\"https:\/\/linktr.ee\/Kursus_IFIsurabaya\" target=\"_blank\">\n\t\t\t\t\t\t<span class=\"elementor-button-content-wrapper\">\n\t\t\t\t\t\t<span class=\"elementor-button-icon\">\n\t\t\t\t<i aria-hidden=\"true\" class=\"far fa-check-circle\"><\/i>\t\t\t<\/span>\n\t\t\t\t\t\t\t\t\t<span class=\"elementor-button-text\">Inscription ici<\/span>\n\t\t\t\t\t<\/span>\n\t\t\t\t\t<\/a>\n\t\t<\/div>\n\t\t\t\t<\/div>\n\t\t\t\t<\/div>\n\t\t\t\t\t<\/div>\n\t\t<\/div>\n\t\t\t\t\t<\/div>\n\t\t<\/section>\n\t\t\t\t<section class=\"elementor-section elementor-top-section elementor-element elementor-element-b298a79 elementor-section-boxed elementor-section-height-default elementor-section-height-default\" data-id=\"b298a79\" data-element_type=\"section\">\n\t\t\t\t\t\t<div class=\"elementor-container elementor-column-gap-default\">\n\t\t\t\t\t<div class=\"elementor-column elementor-col-33 elementor-top-column elementor-element elementor-element-e4bdedc\" data-id=\"e4bdedc\" data-element_type=\"column\">\n\t\t\t<div class=\"elementor-widget-wrap elementor-element-populated\">\n\t\t\t\t\t\t<div class=\"elementor-element elementor-element-0fce94e elementor-align-center elementor-widget elementor-widget-button\" data-id=\"0fce94e\" data-element_type=\"widget\" data-widget_type=\"button.default\">\n\t\t\t\t<div class=\"elementor-widget-container\">\n\t\t\t\t\t<div class=\"elementor-button-wrapper\">\n\t\t\t<a class=\"elementor-button elementor-button-link elementor-size-sm\" href=\"https:\/\/wa.me\/6281231306739\" target=\"_blank\">\n\t\t\t\t\t\t<span class=\"elementor-button-content-wrapper\">\n\t\t\t\t\t\t<span class=\"elementor-button-icon\">\n\t\t\t\t<i aria-hidden=\"true\" class=\"fab fa-whatsapp\"><\/i>\t\t\t<\/span>\n\t\t\t\t\t\t\t\t\t<span class=\"elementor-button-text\">WhatsApp<\/span>\n\t\t\t\t\t<\/span>\n\t\t\t\t\t<\/a>\n\t\t<\/div>\n\t\t\t\t<\/div>\n\t\t\t\t<\/div>\n\t\t\t\t\t<\/div>\n\t\t<\/div>\n\t\t\t\t<div class=\"elementor-column elementor-col-33 elementor-top-column elementor-element elementor-element-983fd08\" data-id=\"983fd08\" data-element_type=\"column\">\n\t\t\t<div class=\"elementor-widget-wrap elementor-element-populated\">\n\t\t\t\t\t\t<div class=\"elementor-element elementor-element-da51837 elementor-align-center elementor-widget elementor-widget-button\" data-id=\"da51837\" data-element_type=\"widget\" data-widget_type=\"button.default\">\n\t\t\t\t<div class=\"elementor-widget-container\">\n\t\t\t\t\t<div class=\"elementor-button-wrapper\">\n\t\t\t<a class=\"elementor-button elementor-button-link elementor-size-sm\" href=\"mailto:kursus.surabaya@ifi-id.com\" target=\"_blank\">\n\t\t\t\t\t\t<span class=\"elementor-button-content-wrapper\">\n\t\t\t\t\t\t<span class=\"elementor-button-icon\">\n\t\t\t\t<i aria-hidden=\"true\" class=\"far fa-envelope\"><\/i>\t\t\t<\/span>\n\t\t\t\t\t\t\t\t\t<span class=\"elementor-button-text\">Mail<\/span>\n\t\t\t\t\t<\/span>\n\t\t\t\t\t<\/a>\n\t\t<\/div>\n\t\t\t\t<\/div>\n\t\t\t\t<\/div>\n\t\t\t\t\t<\/div>\n\t\t<\/div>\n\t\t\t\t<div class=\"elementor-column elementor-col-33 elementor-top-column elementor-element elementor-element-af021a0\" data-id=\"af021a0\" data-element_type=\"column\">\n\t\t\t<div class=\"elementor-widget-wrap elementor-element-populated\">\n\t\t\t\t\t\t<div class=\"elementor-element elementor-element-1c04670 elementor-align-center elementor-widget elementor-widget-button\" data-id=\"1c04670\" data-element_type=\"widget\" data-widget_type=\"button.default\">\n\t\t\t\t<div class=\"elementor-widget-container\">\n\t\t\t\t\t<div class=\"elementor-button-wrapper\">\n\t\t\t<a class=\"elementor-button elementor-button-link elementor-size-sm\" href=\"https:\/\/www.ifi-id.com\/fr\/foire-aux-questions-faq-cours-en-presentiel\/#\/\" target=\"_blank\">\n\t\t\t\t\t\t<span class=\"elementor-button-content-wrapper\">\n\t\t\t\t\t\t<span class=\"elementor-button-icon\">\n\t\t\t\t<i aria-hidden=\"true\" class=\"far fa-question-circle\"><\/i>\t\t\t<\/span>\n\t\t\t\t\t\t\t\t\t<span class=\"elementor-button-text\">F&Q Cours en pr\u00e9sentiel<\/span>\n\t\t\t\t\t<\/span>\n\t\t\t\t\t<\/a>\n\t\t<\/div>\n\t\t\t\t<\/div>\n\t\t\t\t<\/div>\n\t\t\t\t\t<\/div>\n\t\t<\/div>\n\t\t\t\t\t<\/div>\n\t\t<\/section>\n\t\t\t\t<section class=\"elementor-section elementor-top-section elementor-element elementor-element-e2b587f elementor-section-boxed elementor-section-height-default elementor-section-height-default\" data-id=\"e2b587f\" data-element_type=\"section\">\n\t\t\t\t\t\t<div class=\"elementor-container elementor-column-gap-default\">\n\t\t\t\t\t<div class=\"elementor-column elementor-col-100 elementor-top-column elementor-element elementor-element-36b0305\" data-id=\"36b0305\" data-element_type=\"column\">\n\t\t\t<div class=\"elementor-widget-wrap elementor-element-populated\">\n\t\t\t\t\t\t<div class=\"elementor-element elementor-element-8d0aa7e elementor-widget elementor-widget-text-editor\" data-id=\"8d0aa7e\" data-element_type=\"widget\" data-widget_type=\"text-editor.default\">\n\t\t\t\t<div class=\"elementor-widget-container\">\n\t\t\t\t\t\t\t<p style=\"text-align: center;\"><strong>IFI Surabaya, Komplek AJBS Jalan Ratna No, 14, Surabaya<\/strong><br \/>\n<strong>Horaire de service :<\/strong><br \/>\nDu lundi au vendredi de 9.00 \u2013 18.00 et le samedi de 10.00 \u2013 17.00<br \/>\n(ferm\u00e9 le dimanche et les jours f\u00e9ri\u00e9s)<\/p>\n\t\t\t\t\t\t<\/div>\n\t\t\t\t<\/div>\n\t\t\t\t<div class=\"elementor-element elementor-element-b6ac40e elementor-widget-divider--view-line elementor-widget elementor-widget-divider\" data-id=\"b6ac40e\" data-element_type=\"widget\" data-widget_type=\"divider.default\">\n\t\t\t\t<div class=\"elementor-widget-container\">\n\t\t\t\t\t<div class=\"elementor-divider\">\n\t\t\t<span class=\"elementor-divider-separator\">\n\t\t\t\t\t\t<\/span>\n\t\t<\/div>\n\t\t\t\t<\/div>\n\t\t\t\t<\/div>\n\t\t\t\t\t<\/div>\n\t\t<\/div>\n\t\t\t\t\t<\/div>\n\t\t<\/section>\n\t\t\t\t<section class=\"elementor-section elementor-top-section elementor-element elementor-element-5c8ab4a elementor-section-boxed elementor-section-height-default elementor-section-height-default\" data-id=\"5c8ab4a\" data-element_type=\"section\">\n\t\t\t\t\t\t<div class=\"elementor-container elementor-column-gap-default\">\n\t\t\t\t\t<div class=\"elementor-column elementor-col-100 elementor-top-column elementor-element elementor-element-f8f660d\" data-id=\"f8f660d\" data-element_type=\"column\">\n\t\t\t<div class=\"elementor-widget-wrap elementor-element-populated\">\n\t\t\t\t\t\t<div class=\"elementor-element elementor-element-2a199d9 anwp-pg-widget-header-style--b anwp-pg-post-teaser__post-icon--size-16 elementor-arrows-position-inside elementor-pagination-position-outside elementor-widget elementor-widget-anwp-pg-simple-slider\" data-id=\"2a199d9\" data-element_type=\"widget\" data-widget_type=\"anwp-pg-simple-slider.default\">\n\t\t\t\t<div class=\"elementor-widget-container\">\n\t\t\t<div class=\"anwp-pg-wrap\">\n\n\t\n\t<!-- Slider main container -->\n\t<div\n\t\tclass=\"anwp-pg-simple-slider anwp-pg-swiper-wrapper position-relative swiper swiper-container anwp-pg-no-transform\"\n\t\tdata-pg-slides-per-view=\"3\"\n\t\tdata-pg-slides-per-view-mobile=\"1\"\n\t\tdata-pg-slides-per-view-tablet=\"2\"\n\t\tdata-pg-slides-per-group=\"1\"\n\t\tdata-pg-slides-per-group-mobile=\"1\"\n\t\tdata-pg-slides-per-group-tablet=\"1\"\n\t\tdata-pg-autoplay=\"yes\"\n\t\tdata-pg-autoplay-delay=\"5000\"\n\t\tdata-pg-space-between=\"20\"\n\t\tdata-pg-effect=\"slide\"\n\t\tdata-pg-enable-observer=\"no\"\n\t\tdata-pg-loop=\"no\"\n\t\tdir=\"ltr\"\n\t>\n\t\t<!-- Additional required wrapper -->\n\t\t<div class=\"swiper-wrapper\">\n\t\t\t<!-- Slides -->\n\t\t\t<div class=\"anwp-pg-post-teaser anwp-pg-post-teaser--layout-a swiper-slide\">\n\t<div class=\"anwp-pg-post-teaser__thumbnail position-relative\">\n\n\t\t\n\t\t\t\t\t<img loading=\"lazy\" class=\"anwp-pg-post-teaser__thumbnail-img d-block anwp-pg-height-180 anwp-object-cover m-0 w-100\"\n\t\t\t\talt=\"Ouvrez-vous au monde : Inscriptions ouvertes pour la session 3 !\"\n\t\t\t\tsrc=\"https:\/\/www.ifi-id.com\/wp-content\/uploads\/2026\/04\/Salinan-dari-TEMPLATE-POST-KURSUS-4-300x169.jpg\" \/>\n\t\t\n\t\t<div class=\"anwp-pg-post-teaser__muted_bg\"><\/div>\n\t\t<div class=\"anwp-pg-post-teaser__thumbnail-bg anwp-position-cover\"><\/div>\n\n\t\t<div class=\"anwp-pg-post-teaser__content d-flex flex-column anwp-position-cover\">\n\t\t\t<div class=\"anwp-pg-post-teaser__top-meta d-flex mb-2\">\n\t\t\t\t\t\t\t<\/div>\n\n\t\t\t\t\t\t\t<div class=\"d-flex flex-column anwp-pg-post-teaser__category-column ml-auto\">\n\t\t\t\t\t<div class=\"anwp-pg-category__wrapper-filled px-2 d-flex align-items-center anwp-pg-post-teaser__category-wrapper align-self-end anwp-pg-category-parent-0\" style=\"background-color: #1565C0\"><span>Bahasa<\/span><\/div>\t\t\t\t<\/div>\n\t\t\t\n\t\t\t<div class=\"anwp-pg-post-teaser__title anwp-font-heading mt-auto mb-1\">\n\t\t\t\tOuvrez-vous au monde : Inscriptions ouvertes pour la session 3 !\t\t\t<\/div>\n\n\t\t\t\t\t\t\t<div class=\"anwp-pg-post-teaser__bottom-meta mt-1 position-relative mb-2\">\n\t\t\t\t\t<span class=\"posted-on m-0\"><span class=\"screen-reader-text\">Posted on<\/span><time class=\"anwp-pg-published anwp-pg-updated\" datetime=\"2026-04-30T16:55:39+07:00\">avril 30, 2026<\/time><\/span>\n\t\t\t\t<\/div>\n\t\t\t\t\t<\/div>\n\n\t\t<a class=\"anwp-position-cover anwp-link-without-effects\" href=\"https:\/\/www.ifi-id.com\/fr\/ouvrez-vous-au-monde-insription-ouvertes-pour-la-session-3\/\" aria-hidden=\"true\" ><\/a>\n\t<\/div>\n<\/div>\n<div class=\"anwp-pg-post-teaser anwp-pg-post-teaser--layout-a swiper-slide\">\n\t<div class=\"anwp-pg-post-teaser__thumbnail position-relative\">\n\n\t\t\n\t\t\t\t\t<img loading=\"lazy\" class=\"anwp-pg-post-teaser__thumbnail-img d-block anwp-pg-height-180 anwp-object-cover m-0 w-100\"\n\t\t\t\talt=\"Les inscriptions aux cours de fran\u00e7ais pour la session de novembre 2025 sont ouvertes!\"\n\t\t\t\tsrc=\"https:\/\/www.ifi-id.com\/wp-content\/uploads\/2025\/10\/Salinan-dari-TEMPLATE-POST-KURSUS-300x169.jpg\" \/>\n\t\t\n\t\t<div class=\"anwp-pg-post-teaser__muted_bg\"><\/div>\n\t\t<div class=\"anwp-pg-post-teaser__thumbnail-bg anwp-position-cover\"><\/div>\n\n\t\t<div class=\"anwp-pg-post-teaser__content d-flex flex-column anwp-position-cover\">\n\t\t\t<div class=\"anwp-pg-post-teaser__top-meta d-flex mb-2\">\n\t\t\t\t\t\t\t<\/div>\n\n\t\t\t\t\t\t\t<div class=\"d-flex flex-column anwp-pg-post-teaser__category-column ml-auto\">\n\t\t\t\t\t<div class=\"anwp-pg-category__wrapper-filled px-2 d-flex align-items-center anwp-pg-post-teaser__category-wrapper align-self-end anwp-pg-category-parent-0\" style=\"background-color: #1565C0\"><span>Linguistique<\/span><\/div>\t\t\t\t<\/div>\n\t\t\t\n\t\t\t<div class=\"anwp-pg-post-teaser__title anwp-font-heading mt-auto mb-1\">\n\t\t\t\tLes inscriptions aux cours de fran\u00e7ais pour la session de novembre 2025 sont ouvertes!\t\t\t<\/div>\n\n\t\t\t\t\t\t\t<div class=\"anwp-pg-post-teaser__bottom-meta mt-1 position-relative mb-2\">\n\t\t\t\t\t<span class=\"posted-on m-0\"><span class=\"screen-reader-text\">Posted on<\/span><time class=\"anwp-pg-published anwp-pg-updated\" datetime=\"2025-10-28T15:50:00+07:00\">octobre 28, 2025<\/time><\/span>\n\t\t\t\t<\/div>\n\t\t\t\t\t<\/div>\n\n\t\t<a class=\"anwp-position-cover anwp-link-without-effects\" href=\"https:\/\/www.ifi-id.com\/fr\/inscription-aux-cours-de-francais-pour-la-session-de-novembre-2025-sont-ouvertes\/\" aria-hidden=\"true\" ><\/a>\n\t<\/div>\n<\/div>\n<div class=\"anwp-pg-post-teaser anwp-pg-post-teaser--layout-a swiper-slide\">\n\t<div class=\"anwp-pg-post-teaser__thumbnail position-relative\">\n\n\t\t\n\t\t\t\t\t<img loading=\"lazy\" class=\"anwp-pg-post-teaser__thumbnail-img d-block anwp-pg-height-180 anwp-object-cover m-0 w-100\"\n\t\t\t\talt=\"Semaine de la gastronomie 2025 \u00e0 Surabaya\"\n\t\t\t\tsrc=\"https:\/\/www.ifi-id.com\/wp-content\/uploads\/2025\/10\/Webbanner-CRP-2025-Sby-300x169.jpg\" \/>\n\t\t\n\t\t<div class=\"anwp-pg-post-teaser__muted_bg\"><\/div>\n\t\t<div class=\"anwp-pg-post-teaser__thumbnail-bg anwp-position-cover\"><\/div>\n\n\t\t<div class=\"anwp-pg-post-teaser__content d-flex flex-column anwp-position-cover\">\n\t\t\t<div class=\"anwp-pg-post-teaser__top-meta d-flex mb-2\">\n\t\t\t\t\t\t\t<\/div>\n\n\t\t\t\t\t\t\t<div class=\"d-flex flex-column anwp-pg-post-teaser__category-column ml-auto\">\n\t\t\t\t\t<div class=\"anwp-pg-category__wrapper-filled px-2 d-flex align-items-center anwp-pg-post-teaser__category-wrapper align-self-end anwp-pg-category-parent-0\" style=\"background-color: #1565C0\"><span>Culture<\/span><\/div>\t\t\t\t<\/div>\n\t\t\t\n\t\t\t<div class=\"anwp-pg-post-teaser__title anwp-font-heading mt-auto mb-1\">\n\t\t\t\tSemaine de la gastronomie 2025 \u00e0 Surabaya\t\t\t<\/div>\n\n\t\t\t\t\t\t\t<div class=\"anwp-pg-post-teaser__bottom-meta mt-1 position-relative mb-2\">\n\t\t\t\t\t<span class=\"posted-on m-0\"><span class=\"screen-reader-text\">Posted on<\/span><time class=\"anwp-pg-published anwp-pg-updated\" datetime=\"2025-10-02T10:25:23+07:00\">octobre 2, 2025<\/time><\/span>\n\t\t\t\t<\/div>\n\t\t\t\t\t<\/div>\n\n\t\t<a class=\"anwp-position-cover anwp-link-without-effects\" href=\"https:\/\/www.ifi-id.com\/fr\/semaine-gastronomie-2025-surabaya\/\" aria-hidden=\"true\" ><\/a>\n\t<\/div>\n<\/div>\n<div class=\"anwp-pg-post-teaser anwp-pg-post-teaser--layout-a swiper-slide\">\n\t<div class=\"anwp-pg-post-teaser__thumbnail position-relative\">\n\n\t\t\n\t\t\t\t\t<img loading=\"lazy\" class=\"anwp-pg-post-teaser__thumbnail-img d-block anwp-pg-height-180 anwp-object-cover m-0 w-100\"\n\t\t\t\talt=\"Cours de Fran\u00e7ais pour Jeunes Enfants (3\u20135 ans)\"\n\t\t\t\tsrc=\"https:\/\/www.ifi-id.com\/wp-content\/uploads\/2025\/09\/Kelas-anak-3-5-tahun-webbanner-300x169.jpg\" \/>\n\t\t\n\t\t<div class=\"anwp-pg-post-teaser__muted_bg\"><\/div>\n\t\t<div class=\"anwp-pg-post-teaser__thumbnail-bg anwp-position-cover\"><\/div>\n\n\t\t<div class=\"anwp-pg-post-teaser__content d-flex flex-column anwp-position-cover\">\n\t\t\t<div class=\"anwp-pg-post-teaser__top-meta d-flex mb-2\">\n\t\t\t\t\t\t\t<\/div>\n\n\t\t\t\t\t\t\t<div class=\"d-flex flex-column anwp-pg-post-teaser__category-column ml-auto\">\n\t\t\t\t\t<div class=\"anwp-pg-category__wrapper-filled px-2 d-flex align-items-center anwp-pg-post-teaser__category-wrapper align-self-end anwp-pg-category-parent-0\" style=\"background-color: #1565C0\"><span>Linguistique<\/span><\/div>\t\t\t\t<\/div>\n\t\t\t\n\t\t\t<div class=\"anwp-pg-post-teaser__title anwp-font-heading mt-auto mb-1\">\n\t\t\t\tCours de Fran\u00e7ais pour Jeunes Enfants (3\u20135 ans)\t\t\t<\/div>\n\n\t\t\t\t\t\t\t<div class=\"anwp-pg-post-teaser__bottom-meta mt-1 position-relative mb-2\">\n\t\t\t\t\t<span class=\"posted-on m-0\"><span class=\"screen-reader-text\">Posted on<\/span><time class=\"anwp-pg-published anwp-pg-updated\" datetime=\"2025-09-03T16:43:27+07:00\">septembre 3, 2025<\/time><\/span>\n\t\t\t\t<\/div>\n\t\t\t\t\t<\/div>\n\n\t\t<a class=\"anwp-position-cover anwp-link-without-effects\" href=\"https:\/\/www.ifi-id.com\/fr\/cours-de-francais-pour-jeunes-enfants-35-ans\/\" aria-hidden=\"true\" ><\/a>\n\t<\/div>\n<\/div>\n<div class=\"anwp-pg-post-teaser anwp-pg-post-teaser--layout-a swiper-slide\">\n\t<div class=\"anwp-pg-post-teaser__thumbnail position-relative\">\n\n\t\t\n\t\t\t\t\t<img loading=\"lazy\" class=\"anwp-pg-post-teaser__thumbnail-img d-block anwp-pg-height-180 anwp-object-cover m-0 w-100\"\n\t\t\t\talt=\"Pr\u00eat(e) \u00e0 conqu\u00e9rir le DELF ?\"\n\t\t\t\tsrc=\"https:\/\/www.ifi-id.com\/wp-content\/uploads\/2025\/09\/Prepa-DELF-Webbanner-300x169.jpg\" \/>\n\t\t\n\t\t<div class=\"anwp-pg-post-teaser__muted_bg\"><\/div>\n\t\t<div class=\"anwp-pg-post-teaser__thumbnail-bg anwp-position-cover\"><\/div>\n\n\t\t<div class=\"anwp-pg-post-teaser__content d-flex flex-column anwp-position-cover\">\n\t\t\t<div class=\"anwp-pg-post-teaser__top-meta d-flex mb-2\">\n\t\t\t\t\t\t\t<\/div>\n\n\t\t\t\t\t\t\t<div class=\"d-flex flex-column anwp-pg-post-teaser__category-column ml-auto\">\n\t\t\t\t\t<div class=\"anwp-pg-category__wrapper-filled px-2 d-flex align-items-center anwp-pg-post-teaser__category-wrapper align-self-end anwp-pg-category-parent-0\" style=\"background-color: #1565C0\"><span>Linguistique<\/span><\/div>\t\t\t\t<\/div>\n\t\t\t\n\t\t\t<div class=\"anwp-pg-post-teaser__title anwp-font-heading mt-auto mb-1\">\n\t\t\t\tPr\u00eat(e) \u00e0 conqu\u00e9rir le DELF ?\t\t\t<\/div>\n\n\t\t\t\t\t\t\t<div class=\"anwp-pg-post-teaser__bottom-meta mt-1 position-relative mb-2\">\n\t\t\t\t\t<span class=\"posted-on m-0\"><span class=\"screen-reader-text\">Posted on<\/span><time class=\"anwp-pg-published anwp-pg-updated\" datetime=\"2025-09-03T16:05:13+07:00\">septembre 3, 2025<\/time><\/span>\n\t\t\t\t<\/div>\n\t\t\t\t\t<\/div>\n\n\t\t<a class=\"anwp-position-cover anwp-link-without-effects\" href=\"https:\/\/www.ifi-id.com\/fr\/pret-a-conquerir-le-delf\/\" aria-hidden=\"true\" ><\/a>\n\t<\/div>\n<\/div>\n<div class=\"anwp-pg-post-teaser anwp-pg-post-teaser--layout-a swiper-slide\">\n\t<div class=\"anwp-pg-post-teaser__thumbnail position-relative\">\n\n\t\t\n\t\t\t\t\t<img loading=\"lazy\" class=\"anwp-pg-post-teaser__thumbnail-img d-block anwp-pg-height-180 anwp-object-cover m-0 w-100\"\n\t\t\t\talt=\"Cours en Immersion pour enfants &#8211; IFI West Surabaya\"\n\t\t\t\tsrc=\"https:\/\/www.ifi-id.com\/wp-content\/uploads\/2025\/08\/webbaner-Imersion-300x169.jpg\" \/>\n\t\t\n\t\t<div class=\"anwp-pg-post-teaser__muted_bg\"><\/div>\n\t\t<div class=\"anwp-pg-post-teaser__thumbnail-bg anwp-position-cover\"><\/div>\n\n\t\t<div class=\"anwp-pg-post-teaser__content d-flex flex-column anwp-position-cover\">\n\t\t\t<div class=\"anwp-pg-post-teaser__top-meta d-flex mb-2\">\n\t\t\t\t\t\t\t<\/div>\n\n\t\t\t\t\t\t\t<div class=\"d-flex flex-column anwp-pg-post-teaser__category-column ml-auto\">\n\t\t\t\t\t<div class=\"anwp-pg-category__wrapper-filled px-2 d-flex align-items-center anwp-pg-post-teaser__category-wrapper align-self-end anwp-pg-category-parent-0\" style=\"background-color: #1565C0\"><span>Linguistique<\/span><\/div>\t\t\t\t<\/div>\n\t\t\t\n\t\t\t<div class=\"anwp-pg-post-teaser__title anwp-font-heading mt-auto mb-1\">\n\t\t\t\tCours en Immersion pour enfants &#8211; IFI West Surabaya\t\t\t<\/div>\n\n\t\t\t\t\t\t\t<div class=\"anwp-pg-post-teaser__bottom-meta mt-1 position-relative mb-2\">\n\t\t\t\t\t<span class=\"posted-on m-0\"><span class=\"screen-reader-text\">Posted on<\/span><time class=\"anwp-pg-published anwp-pg-updated\" datetime=\"2025-08-04T14:30:29+07:00\">ao\u00fbt 4, 2025<\/time><\/span>\n\t\t\t\t<\/div>\n\t\t\t\t\t<\/div>\n\n\t\t<a class=\"anwp-position-cover anwp-link-without-effects\" href=\"https:\/\/www.ifi-id.com\/fr\/cours-immersion-pour-enfants-ifi-west-surabaya\/\" aria-hidden=\"true\" ><\/a>\n\t<\/div>\n<\/div>\n\t\t<\/div>\n\n\t\t\t\t\t\t\t\t\t<div class=\"swiper-pagination\"><\/div>\n\t\t\t\t\t\t\t\t\t\t<div class=\"elementor-swiper-button elementor-swiper-button-prev\">\n\t\t\t\t\t<svg class=\"anwp-pg-icon anwp-pg-icon--feather anwp-pg-icon--s28\">\n\t\t\t\t\t\t<use xlink:href=\"#icon-anwp-pg-chevron-left\"><\/use>\n\t\t\t\t\t<\/svg>\n\t\t\t\t\t<span class=\"elementor-screen-only\">Previous<\/span>\n\t\t\t\t<\/div>\n\t\t\t\t<div class=\"elementor-swiper-button elementor-swiper-button-next\">\n\t\t\t\t\t<svg class=\"anwp-pg-icon anwp-pg-icon--feather anwp-pg-icon--s28\">\n\t\t\t\t\t\t<use xlink:href=\"#icon-anwp-pg-chevron-right\"><\/use>\n\t\t\t\t\t<\/svg>\n\t\t\t\t\t<span class=\"elementor-screen-only\">Next<\/span>\n\t\t\t\t<\/div>\n\t\t\t\t\t\t<\/div>\n<\/div>\n\t\t<\/div>\n\t\t\t\t<\/div>\n\t\t\t\t\t<\/div>\n\t\t<\/div>\n\t\t\t\t\t<\/div>\n\t\t<\/section>\n\t\t\t\t<\/div>\n\t\t","protected":false},"excerpt":{"rendered":"<p>Les vacances seront plus enrichissantes en apprenant le fran\u00e7ais ! R\u00e9alisez votre r\u00eave de parler fran\u00e7ais en un mois en vous inscrivant d\u00e8s maintenant aux cours intensifs de vacances.<\/p>\n","protected":false},"author":5,"featured_media":45553,"comment_status":"closed","ping_status":"closed","sticky":false,"template":"","format":"standard","meta":{"footnotes":""},"categories":[1],"tags":[141,72],"class_list":["post-45559","post","type-post","status-publish","format-standard","has-post-thumbnail","hentry","category-uncategorized","tag-linguistique","tag-surabaya-fr"],"yoast_head":"<!-- This site is optimized with the Yoast SEO plugin v23.5 - https:\/\/yoast.com\/wordpress\/plugins\/seo\/ -->\n<title>Cours d&#039;Acc\u00e9l\u00e9ration Super Intensif de Vacances IFI Surabaya - Juillet 2024 - Institut fran\u00e7ais Indon\u00e9sie<\/title>\n<meta name=\"description\" content=\"Les vacances seront plus enrichissantes en apprenant le fran\u00e7ais ! R\u00e9alisez votre r\u00eave de parler fran\u00e7ais en un mois en vous inscrivant d\u00e8s maintenant aux cours intensifs de vacances.\" \/>\n<meta name=\"robots\" content=\"index, follow, max-snippet:-1, max-image-preview:large, max-video-preview:-1\" \/>\n<link rel=\"canonical\" href=\"https:\/\/www.ifi-id.com\/kelas-akselerasi-super-intensif-liburan-ifi-surabaya-juli-2024\/\" \/>\n<meta property=\"og:locale\" content=\"fr_FR\" \/>\n<meta property=\"og:type\" content=\"article\" \/>\n<meta property=\"og:title\" content=\"Cours d&#039;Acc\u00e9l\u00e9ration Super Intensif de Vacances IFI Surabaya - Juillet 2024 - Institut fran\u00e7ais Indon\u00e9sie\" \/>\n<meta property=\"og:description\" content=\"Les vacances seront plus enrichissantes en apprenant le fran\u00e7ais ! R\u00e9alisez votre r\u00eave de parler fran\u00e7ais en un mois en vous inscrivant d\u00e8s maintenant aux cours intensifs de vacances.\" \/>\n<meta property=\"og:url\" content=\"https:\/\/www.ifi-id.com\/kelas-akselerasi-super-intensif-liburan-ifi-surabaya-juli-2024\/\" \/>\n<meta property=\"og:site_name\" content=\"Institut fran\u00e7ais Indon\u00e9sie\" \/>\n<meta property=\"article:published_time\" content=\"2024-06-27T10:33:49+00:00\" \/>\n<meta property=\"og:image\" content=\"https:\/\/www.ifi-id.com\/wp-content\/uploads\/2024\/06\/Kelas-Akselerasi-Webbanner.jpg\" \/>\n\t<meta property=\"og:image:width\" content=\"1920\" \/>\n\t<meta property=\"og:image:height\" content=\"1080\" \/>\n\t<meta property=\"og:image:type\" content=\"image\/jpeg\" \/>\n<meta name=\"author\" content=\"surabaya\" \/>\n<meta name=\"twitter:card\" content=\"summary_large_image\" \/>\n<meta name=\"twitter:label1\" content=\"\u00c9crit par\" \/>\n\t<meta name=\"twitter:data1\" content=\"surabaya\" \/>\n\t<meta name=\"twitter:label2\" content=\"Dur\u00e9e de lecture estim\u00e9e\" \/>\n\t<meta name=\"twitter:data2\" content=\"1 minute\" \/>\n<script type=\"application\/ld+json\" class=\"yoast-schema-graph\">{\"@context\":\"https:\/\/schema.org\",\"@graph\":[{\"@type\":\"Article\",\"@id\":\"https:\/\/www.ifi-id.com\/kelas-akselerasi-super-intensif-liburan-ifi-surabaya-juli-2024\/#article\",\"isPartOf\":{\"@id\":\"https:\/\/www.ifi-id.com\/kelas-akselerasi-super-intensif-liburan-ifi-surabaya-juli-2024\/\"},\"author\":{\"name\":\"surabaya\",\"@id\":\"https:\/\/www.ifi-id.com\/#\/schema\/person\/750306b2d93fe8a7cbbbcfff8f5811a5\"},\"headline\":\"Cours d&rsquo;Acc\u00e9l\u00e9ration Super Intensif de Vacances IFI Surabaya &#8211; Juillet 2024\",\"datePublished\":\"2024-06-27T10:33:49+00:00\",\"dateModified\":\"2024-06-27T10:33:49+00:00\",\"mainEntityOfPage\":{\"@id\":\"https:\/\/www.ifi-id.com\/kelas-akselerasi-super-intensif-liburan-ifi-surabaya-juli-2024\/\"},\"wordCount\":223,\"publisher\":{\"@id\":\"https:\/\/www.ifi-id.com\/#organization\"},\"image\":{\"@id\":\"https:\/\/www.ifi-id.com\/kelas-akselerasi-super-intensif-liburan-ifi-surabaya-juli-2024\/#primaryimage\"},\"thumbnailUrl\":\"https:\/\/www.ifi-id.com\/wp-content\/uploads\/2024\/06\/Kelas-Akselerasi-Webbanner.jpg\",\"keywords\":[\"Linguistique\",\"Surabaya\"],\"articleSection\":[\"Uncategorized\"],\"inLanguage\":\"fr-FR\"},{\"@type\":\"WebPage\",\"@id\":\"https:\/\/www.ifi-id.com\/kelas-akselerasi-super-intensif-liburan-ifi-surabaya-juli-2024\/\",\"url\":\"https:\/\/www.ifi-id.com\/kelas-akselerasi-super-intensif-liburan-ifi-surabaya-juli-2024\/\",\"name\":\"Cours d'Acc\u00e9l\u00e9ration Super Intensif de Vacances IFI Surabaya - Juillet 2024 - Institut fran\u00e7ais Indon\u00e9sie\",\"isPartOf\":{\"@id\":\"https:\/\/www.ifi-id.com\/#website\"},\"primaryImageOfPage\":{\"@id\":\"https:\/\/www.ifi-id.com\/kelas-akselerasi-super-intensif-liburan-ifi-surabaya-juli-2024\/#primaryimage\"},\"image\":{\"@id\":\"https:\/\/www.ifi-id.com\/kelas-akselerasi-super-intensif-liburan-ifi-surabaya-juli-2024\/#primaryimage\"},\"thumbnailUrl\":\"https:\/\/www.ifi-id.com\/wp-content\/uploads\/2024\/06\/Kelas-Akselerasi-Webbanner.jpg\",\"datePublished\":\"2024-06-27T10:33:49+00:00\",\"dateModified\":\"2024-06-27T10:33:49+00:00\",\"description\":\"Les vacances seront plus enrichissantes en apprenant le fran\u00e7ais ! R\u00e9alisez votre r\u00eave de parler fran\u00e7ais en un mois en vous inscrivant d\u00e8s maintenant aux cours intensifs de vacances.\",\"breadcrumb\":{\"@id\":\"https:\/\/www.ifi-id.com\/kelas-akselerasi-super-intensif-liburan-ifi-surabaya-juli-2024\/#breadcrumb\"},\"inLanguage\":\"fr-FR\",\"potentialAction\":[{\"@type\":\"ReadAction\",\"target\":[\"https:\/\/www.ifi-id.com\/kelas-akselerasi-super-intensif-liburan-ifi-surabaya-juli-2024\/\"]}]},{\"@type\":\"ImageObject\",\"inLanguage\":\"fr-FR\",\"@id\":\"https:\/\/www.ifi-id.com\/kelas-akselerasi-super-intensif-liburan-ifi-surabaya-juli-2024\/#primaryimage\",\"url\":\"https:\/\/www.ifi-id.com\/wp-content\/uploads\/2024\/06\/Kelas-Akselerasi-Webbanner.jpg\",\"contentUrl\":\"https:\/\/www.ifi-id.com\/wp-content\/uploads\/2024\/06\/Kelas-Akselerasi-Webbanner.jpg\",\"width\":1920,\"height\":1080},{\"@type\":\"BreadcrumbList\",\"@id\":\"https:\/\/www.ifi-id.com\/kelas-akselerasi-super-intensif-liburan-ifi-surabaya-juli-2024\/#breadcrumb\",\"itemListElement\":[{\"@type\":\"ListItem\",\"position\":1,\"name\":\"Home\",\"item\":\"https:\/\/www.ifi-id.com\/\"},{\"@type\":\"ListItem\",\"position\":2,\"name\":\"Non classifi\u00e9(e)\",\"item\":\"https:\/\/www.ifi-id.com\/fr\/category\/non-classifiee\/\"},{\"@type\":\"ListItem\",\"position\":3,\"name\":\"Cours d&rsquo;Acc\u00e9l\u00e9ration Super Intensif de Vacances IFI Surabaya &#8211; Juillet 2024\"}]},{\"@type\":\"WebSite\",\"@id\":\"https:\/\/www.ifi-id.com\/#website\",\"url\":\"https:\/\/www.ifi-id.com\/\",\"name\":\"Institut fran\u00e7ais Indon\u00e9sie\",\"description\":\"\",\"publisher\":{\"@id\":\"https:\/\/www.ifi-id.com\/#organization\"},\"potentialAction\":[{\"@type\":\"SearchAction\",\"target\":{\"@type\":\"EntryPoint\",\"urlTemplate\":\"https:\/\/www.ifi-id.com\/?s={search_term_string}\"},\"query-input\":{\"@type\":\"PropertyValueSpecification\",\"valueRequired\":true,\"valueName\":\"search_term_string\"}}],\"inLanguage\":\"fr-FR\"},{\"@type\":\"Organization\",\"@id\":\"https:\/\/www.ifi-id.com\/#organization\",\"name\":\"Institut fran\u00e7ais Indon\u00e9sie\",\"url\":\"https:\/\/www.ifi-id.com\/\",\"logo\":{\"@type\":\"ImageObject\",\"inLanguage\":\"fr-FR\",\"@id\":\"https:\/\/www.ifi-id.com\/#\/schema\/logo\/image\/\",\"url\":\"https:\/\/www.ifi-id.com\/wp-content\/uploads\/2022\/12\/IFI_New_Logo.jpg\",\"contentUrl\":\"https:\/\/www.ifi-id.com\/wp-content\/uploads\/2022\/12\/IFI_New_Logo.jpg\",\"width\":666,\"height\":444,\"caption\":\"Institut fran\u00e7ais Indon\u00e9sie\"},\"image\":{\"@id\":\"https:\/\/www.ifi-id.com\/#\/schema\/logo\/image\/\"}},{\"@type\":\"Person\",\"@id\":\"https:\/\/www.ifi-id.com\/#\/schema\/person\/750306b2d93fe8a7cbbbcfff8f5811a5\",\"name\":\"surabaya\",\"image\":{\"@type\":\"ImageObject\",\"inLanguage\":\"fr-FR\",\"@id\":\"https:\/\/www.ifi-id.com\/#\/schema\/person\/image\/\",\"url\":\"https:\/\/secure.gravatar.com\/avatar\/a71adb113a3cf295c91c7a3ed9d5eca4?s=96&d=mm&r=g\",\"contentUrl\":\"https:\/\/secure.gravatar.com\/avatar\/a71adb113a3cf295c91c7a3ed9d5eca4?s=96&d=mm&r=g\",\"caption\":\"surabaya\"},\"url\":\"https:\/\/www.ifi-id.com\/fr\/author\/ifi_surabaya\/\"}]}<\/script>\n<!-- \/ Yoast SEO plugin. -->","yoast_head_json":{"title":"Cours d'Acc\u00e9l\u00e9ration Super Intensif de Vacances IFI Surabaya - Juillet 2024 - Institut fran\u00e7ais Indon\u00e9sie","description":"Les vacances seront plus enrichissantes en apprenant le fran\u00e7ais ! R\u00e9alisez votre r\u00eave de parler fran\u00e7ais en un mois en vous inscrivant d\u00e8s maintenant aux cours intensifs de vacances.","robots":{"index":"index","follow":"follow","max-snippet":"max-snippet:-1","max-image-preview":"max-image-preview:large","max-video-preview":"max-video-preview:-1"},"canonical":"https:\/\/www.ifi-id.com\/kelas-akselerasi-super-intensif-liburan-ifi-surabaya-juli-2024\/","og_locale":"fr_FR","og_type":"article","og_title":"Cours d'Acc\u00e9l\u00e9ration Super Intensif de Vacances IFI Surabaya - Juillet 2024 - Institut fran\u00e7ais Indon\u00e9sie","og_description":"Les vacances seront plus enrichissantes en apprenant le fran\u00e7ais ! R\u00e9alisez votre r\u00eave de parler fran\u00e7ais en un mois en vous inscrivant d\u00e8s maintenant aux cours intensifs de vacances.","og_url":"https:\/\/www.ifi-id.com\/kelas-akselerasi-super-intensif-liburan-ifi-surabaya-juli-2024\/","og_site_name":"Institut fran\u00e7ais Indon\u00e9sie","article_published_time":"2024-06-27T10:33:49+00:00","og_image":[{"width":1920,"height":1080,"url":"https:\/\/www.ifi-id.com\/wp-content\/uploads\/2024\/06\/Kelas-Akselerasi-Webbanner.jpg","type":"image\/jpeg"}],"author":"surabaya","twitter_card":"summary_large_image","twitter_misc":{"\u00c9crit par":"surabaya","Dur\u00e9e de lecture estim\u00e9e":"1 minute"},"schema":{"@context":"https:\/\/schema.org","@graph":[{"@type":"Article","@id":"https:\/\/www.ifi-id.com\/kelas-akselerasi-super-intensif-liburan-ifi-surabaya-juli-2024\/#article","isPartOf":{"@id":"https:\/\/www.ifi-id.com\/kelas-akselerasi-super-intensif-liburan-ifi-surabaya-juli-2024\/"},"author":{"name":"surabaya","@id":"https:\/\/www.ifi-id.com\/#\/schema\/person\/750306b2d93fe8a7cbbbcfff8f5811a5"},"headline":"Cours d&rsquo;Acc\u00e9l\u00e9ration Super Intensif de Vacances IFI Surabaya &#8211; Juillet 2024","datePublished":"2024-06-27T10:33:49+00:00","dateModified":"2024-06-27T10:33:49+00:00","mainEntityOfPage":{"@id":"https:\/\/www.ifi-id.com\/kelas-akselerasi-super-intensif-liburan-ifi-surabaya-juli-2024\/"},"wordCount":223,"publisher":{"@id":"https:\/\/www.ifi-id.com\/#organization"},"image":{"@id":"https:\/\/www.ifi-id.com\/kelas-akselerasi-super-intensif-liburan-ifi-surabaya-juli-2024\/#primaryimage"},"thumbnailUrl":"https:\/\/www.ifi-id.com\/wp-content\/uploads\/2024\/06\/Kelas-Akselerasi-Webbanner.jpg","keywords":["Linguistique","Surabaya"],"articleSection":["Uncategorized"],"inLanguage":"fr-FR"},{"@type":"WebPage","@id":"https:\/\/www.ifi-id.com\/kelas-akselerasi-super-intensif-liburan-ifi-surabaya-juli-2024\/","url":"https:\/\/www.ifi-id.com\/kelas-akselerasi-super-intensif-liburan-ifi-surabaya-juli-2024\/","name":"Cours d'Acc\u00e9l\u00e9ration Super Intensif de Vacances IFI Surabaya - Juillet 2024 - Institut fran\u00e7ais Indon\u00e9sie","isPartOf":{"@id":"https:\/\/www.ifi-id.com\/#website"},"primaryImageOfPage":{"@id":"https:\/\/www.ifi-id.com\/kelas-akselerasi-super-intensif-liburan-ifi-surabaya-juli-2024\/#primaryimage"},"image":{"@id":"https:\/\/www.ifi-id.com\/kelas-akselerasi-super-intensif-liburan-ifi-surabaya-juli-2024\/#primaryimage"},"thumbnailUrl":"https:\/\/www.ifi-id.com\/wp-content\/uploads\/2024\/06\/Kelas-Akselerasi-Webbanner.jpg","datePublished":"2024-06-27T10:33:49+00:00","dateModified":"2024-06-27T10:33:49+00:00","description":"Les vacances seront plus enrichissantes en apprenant le fran\u00e7ais ! R\u00e9alisez votre r\u00eave de parler fran\u00e7ais en un mois en vous inscrivant d\u00e8s maintenant aux cours intensifs de vacances.","breadcrumb":{"@id":"https:\/\/www.ifi-id.com\/kelas-akselerasi-super-intensif-liburan-ifi-surabaya-juli-2024\/#breadcrumb"},"inLanguage":"fr-FR","potentialAction":[{"@type":"ReadAction","target":["https:\/\/www.ifi-id.com\/kelas-akselerasi-super-intensif-liburan-ifi-surabaya-juli-2024\/"]}]},{"@type":"ImageObject","inLanguage":"fr-FR","@id":"https:\/\/www.ifi-id.com\/kelas-akselerasi-super-intensif-liburan-ifi-surabaya-juli-2024\/#primaryimage","url":"https:\/\/www.ifi-id.com\/wp-content\/uploads\/2024\/06\/Kelas-Akselerasi-Webbanner.jpg","contentUrl":"https:\/\/www.ifi-id.com\/wp-content\/uploads\/2024\/06\/Kelas-Akselerasi-Webbanner.jpg","width":1920,"height":1080},{"@type":"BreadcrumbList","@id":"https:\/\/www.ifi-id.com\/kelas-akselerasi-super-intensif-liburan-ifi-surabaya-juli-2024\/#breadcrumb","itemListElement":[{"@type":"ListItem","position":1,"name":"Home","item":"https:\/\/www.ifi-id.com\/"},{"@type":"ListItem","position":2,"name":"Non classifi\u00e9(e)","item":"https:\/\/www.ifi-id.com\/fr\/category\/non-classifiee\/"},{"@type":"ListItem","position":3,"name":"Cours d&rsquo;Acc\u00e9l\u00e9ration Super Intensif de Vacances IFI Surabaya &#8211; Juillet 2024"}]},{"@type":"WebSite","@id":"https:\/\/www.ifi-id.com\/#website","url":"https:\/\/www.ifi-id.com\/","name":"Institut fran\u00e7ais Indon\u00e9sie","description":"","publisher":{"@id":"https:\/\/www.ifi-id.com\/#organization"},"potentialAction":[{"@type":"SearchAction","target":{"@type":"EntryPoint","urlTemplate":"https:\/\/www.ifi-id.com\/?s={search_term_string}"},"query-input":{"@type":"PropertyValueSpecification","valueRequired":true,"valueName":"search_term_string"}}],"inLanguage":"fr-FR"},{"@type":"Organization","@id":"https:\/\/www.ifi-id.com\/#organization","name":"Institut fran\u00e7ais Indon\u00e9sie","url":"https:\/\/www.ifi-id.com\/","logo":{"@type":"ImageObject","inLanguage":"fr-FR","@id":"https:\/\/www.ifi-id.com\/#\/schema\/logo\/image\/","url":"https:\/\/www.ifi-id.com\/wp-content\/uploads\/2022\/12\/IFI_New_Logo.jpg","contentUrl":"https:\/\/www.ifi-id.com\/wp-content\/uploads\/2022\/12\/IFI_New_Logo.jpg","width":666,"height":444,"caption":"Institut fran\u00e7ais Indon\u00e9sie"},"image":{"@id":"https:\/\/www.ifi-id.com\/#\/schema\/logo\/image\/"}},{"@type":"Person","@id":"https:\/\/www.ifi-id.com\/#\/schema\/person\/750306b2d93fe8a7cbbbcfff8f5811a5","name":"surabaya","image":{"@type":"ImageObject","inLanguage":"fr-FR","@id":"https:\/\/www.ifi-id.com\/#\/schema\/person\/image\/","url":"https:\/\/secure.gravatar.com\/avatar\/a71adb113a3cf295c91c7a3ed9d5eca4?s=96&d=mm&r=g","contentUrl":"https:\/\/secure.gravatar.com\/avatar\/a71adb113a3cf295c91c7a3ed9d5eca4?s=96&d=mm&r=g","caption":"surabaya"},"url":"https:\/\/www.ifi-id.com\/fr\/author\/ifi_surabaya\/"}]}},"post_mailing_queue_ids":[],"_links":{"self":[{"href":"https:\/\/www.ifi-id.com\/fr\/wp-json\/wp\/v2\/posts\/45559"}],"collection":[{"href":"https:\/\/www.ifi-id.com\/fr\/wp-json\/wp\/v2\/posts"}],"about":[{"href":"https:\/\/www.ifi-id.com\/fr\/wp-json\/wp\/v2\/types\/post"}],"author":[{"embeddable":true,"href":"https:\/\/www.ifi-id.com\/fr\/wp-json\/wp\/v2\/users\/5"}],"replies":[{"embeddable":true,"href":"https:\/\/www.ifi-id.com\/fr\/wp-json\/wp\/v2\/comments?post=45559"}],"version-history":[{"count":1,"href":"https:\/\/www.ifi-id.com\/fr\/wp-json\/wp\/v2\/posts\/45559\/revisions"}],"predecessor-version":[{"id":45560,"href":"https:\/\/www.ifi-id.com\/fr\/wp-json\/wp\/v2\/posts\/45559\/revisions\/45560"}],"wp:featuredmedia":[{"embeddable":true,"href":"https:\/\/www.ifi-id.com\/fr\/wp-json\/wp\/v2\/media\/45553"}],"wp:attachment":[{"href":"https:\/\/www.ifi-id.com\/fr\/wp-json\/wp\/v2\/media?parent=45559"}],"wp:term":[{"taxonomy":"category","embeddable":true,"href":"https:\/\/www.ifi-id.com\/fr\/wp-json\/wp\/v2\/categories?post=45559"},{"taxonomy":"post_tag","embeddable":true,"href":"https:\/\/www.ifi-id.com\/fr\/wp-json\/wp\/v2\/tags?post=45559"}],"curies":[{"name":"wp","href":"https:\/\/api.w.org\/{rel}","templated":true}]}}