{"id":42181,"date":"2024-01-22T10:47:43","date_gmt":"2024-01-22T03:47:43","guid":{"rendered":"https:\/\/www.ifi-id.com\/edisi-pertama-residensi-fotografi-bromo-indonesia\/"},"modified":"2024-01-22T10:47:43","modified_gmt":"2024-01-22T03:47:43","slug":"edisi-pertama-residensi-fotografi-bromo-indonesia","status":"publish","type":"post","link":"https:\/\/www.ifi-id.com\/fr\/edisi-pertama-residensi-fotografi-bromo-indonesia\/","title":{"rendered":"Premi\u00e8re \u00e9dition de la R\u00e9sidence photographique du Bromo\u202f(Indon\u00e9sie)"},"content":{"rendered":"\t\t<div data-elementor-type=\"wp-post\" data-elementor-id=\"42181\" class=\"elementor elementor-42181 elementor-42172\" data-elementor-post-type=\"post\">\n\t\t\t\t\t\t<section class=\"elementor-section elementor-top-section elementor-element elementor-element-ffad6e3 elementor-section-boxed elementor-section-height-default elementor-section-height-default\" data-id=\"ffad6e3\" data-element_type=\"section\">\n\t\t\t\t\t\t<div class=\"elementor-container elementor-column-gap-default\">\n\t\t\t\t\t<div class=\"elementor-column elementor-col-100 elementor-top-column elementor-element elementor-element-50f87f5\" data-id=\"50f87f5\" data-element_type=\"column\">\n\t\t\t<div class=\"elementor-widget-wrap elementor-element-populated\">\n\t\t\t\t\t\t<div class=\"elementor-element elementor-element-9200f8a elementor-widget elementor-widget-text-editor\" data-id=\"9200f8a\" data-element_type=\"widget\" data-widget_type=\"text-editor.default\">\n\t\t\t\t<div class=\"elementor-widget-container\">\n\t\t\t\t\t\t\t<p><span data-contrast=\"auto\">\u201cWe come seeking in the burning summer\u201d pr\u00e9sente 150 photographies de jeunes talents venus d\u2019Allemagne, de France et d\u2019Indon\u00e9sie, qui en septembre 2023 se sont immerg\u00e9s, ensemble, dans la soci\u00e9t\u00e9 locale du Bromo \u00e0 Java Est. Ils ont rencontr\u00e9 les habitants, les traditions de la culture Tengger, \u00e9chang\u00e9 avec d\u2019autres jeunes gens sur leurs origines, leurs parcours, leurs r\u00eaves.<\/span><span data-ccp-props=\"{&quot;134233118&quot;:false,&quot;201341983&quot;:0,&quot;335551550&quot;:6,&quot;335551620&quot;:6,&quot;335559739&quot;:20,&quot;335559740&quot;:259}\">\u00a0<\/span><\/p>\n<p><span data-contrast=\"auto\">Ils ont scrut\u00e9 les liens tiss\u00e9s entre la jeunesse du Bromo et son territoire, \u00e0 travers la tradition de la danse, le m\u00e9tier de cavalier ou d\u2019agriculteur, la famille, les amiti\u00e9s. Le d\u00e9sir de partir aussi, tr\u00e8s loin \u00e0 moto. A l\u2019envers de la photo de carte postale, ce regard sensible d\u00e9voile un territoire en interrogation sur son avenir, cherchant sa voie entre tradition et modernit\u00e9, protection de la nature et d\u00e9veloppement, ses paysages \u00e9ternels et sa jeunesse en mouvement.<\/span><span data-ccp-props=\"{&quot;134233118&quot;:false,&quot;201341983&quot;:0,&quot;335551550&quot;:6,&quot;335551620&quot;:6,&quot;335559739&quot;:20,&quot;335559740&quot;:259}\">\u00a0<\/span><\/p>\n<p><span data-contrast=\"auto\">A l\u2019occasion de la Journ\u00e9e de l\u2019amiti\u00e9 Franco-Allemand le 22 janvier 2024, les r\u00e9sultats du projet sont pr\u00e9sent\u00e9s en ligne et le e-catalogue r\u00e9alis\u00e9 par la Biennale Jatim est rendu public.\u00a0 Ce projet a b\u00e9n\u00e9fici\u00e9 du soutien du Fonds Culturel Franco-Allemand.<\/span><span data-ccp-props=\"{&quot;134233118&quot;:false,&quot;201341983&quot;:0,&quot;335551550&quot;:6,&quot;335551620&quot;:6,&quot;335559739&quot;:20,&quot;335559740&quot;:259}\">\u00a0<\/span><\/p>\n\t\t\t\t\t\t<\/div>\n\t\t\t\t<\/div>\n\t\t\t\t\t<\/div>\n\t\t<\/div>\n\t\t\t\t\t<\/div>\n\t\t<\/section>\n\t\t\t\t<section class=\"elementor-section elementor-top-section elementor-element elementor-element-58c9a86 elementor-section-boxed elementor-section-height-default elementor-section-height-default\" data-id=\"58c9a86\" data-element_type=\"section\">\n\t\t\t\t\t\t<div class=\"elementor-container elementor-column-gap-default\">\n\t\t\t\t\t<div class=\"elementor-column elementor-col-100 elementor-top-column elementor-element elementor-element-a40f10c\" data-id=\"a40f10c\" data-element_type=\"column\">\n\t\t\t<div class=\"elementor-widget-wrap elementor-element-populated\">\n\t\t\t\t\t\t<div class=\"elementor-element elementor-element-30aacb9 elementor-widget elementor-widget-pdfjs_viewer\" data-id=\"30aacb9\" data-element_type=\"widget\" data-widget_type=\"pdfjs_viewer.default\">\n\t\t\t\t<div class=\"elementor-widget-container\">\n\t\t\t<iframe src=\"https:\/\/www.ifi-id.com\/wp-content\/plugins\/pdf-viewer-for-elementor\/assets\/pdfjs\/web\/viewer.html?file=https:\/\/www.ifi-id.com\/wp-content\/uploads\/2024\/01\/Preview-BJX-Pavillion-Catalog_compressed-1.pdf&amp;embedded=true\" style=\"display: block; margin-left: auto; margin-right: auto; width: 640px; height: 1020px;\" frameborder=\"1\" marginheight=\"0px\" marginwidth=\"0px\" allowfullscreen><\/iframe>\t\t<\/div>\n\t\t\t\t<\/div>\n\t\t\t\t\t<\/div>\n\t\t<\/div>\n\t\t\t\t\t<\/div>\n\t\t<\/section>\n\t\t\t\t<\/div>\n\t\t","protected":false},"excerpt":{"rendered":"<p>\u201cWe come seeking in the burning summer\u201d pr\u00e9sente 150 photographies de jeunes talents venus d\u2019Allemagne, de France et d\u2019Indon\u00e9sie, qui en septembre 2023 se sont immerg\u00e9s, ensemble, dans la soci\u00e9t\u00e9 locale du Bromo \u00e0 Java Est.<\/p>\n","protected":false},"author":5,"featured_media":42174,"comment_status":"closed","ping_status":"closed","sticky":false,"template":"","format":"standard","meta":{"footnotes":""},"categories":[339,335,343],"tags":[145,72],"class_list":["post-42181","post","type-post","status-publish","format-standard","has-post-thumbnail","hentry","category-arts-visuels","category-culture","category-discussion","tag-culture","tag-surabaya-fr"],"yoast_head":"<!-- This site is optimized with the Yoast SEO plugin v23.5 - https:\/\/yoast.com\/wordpress\/plugins\/seo\/ -->\n<title>Premi\u00e8re \u00e9dition de la R\u00e9sidence photographique du Bromo\u202f(Indon\u00e9sie) - Institut fran\u00e7ais Indon\u00e9sie<\/title>\n<meta name=\"description\" content=\"\u201cWe come seeking in the burning summer\u201d pr\u00e9sente 150 photographies de jeunes talents venus d\u2019Allemagne, de France et d\u2019Indon\u00e9sie, qui en septembre 2023 se sont immerg\u00e9s, ensemble, dans la soci\u00e9t\u00e9 locale du Bromo \u00e0 Java Est.\" \/>\n<meta name=\"robots\" content=\"index, follow, max-snippet:-1, max-image-preview:large, max-video-preview:-1\" \/>\n<link rel=\"canonical\" href=\"https:\/\/www.ifi-id.com\/edisi-pertama-residensi-fotografi-bromo-indonesia\/\" \/>\n<meta property=\"og:locale\" content=\"fr_FR\" \/>\n<meta property=\"og:type\" content=\"article\" \/>\n<meta property=\"og:title\" content=\"Premi\u00e8re \u00e9dition de la R\u00e9sidence photographique du Bromo\u202f(Indon\u00e9sie) - Institut fran\u00e7ais Indon\u00e9sie\" \/>\n<meta property=\"og:description\" content=\"\u201cWe come seeking in the burning summer\u201d pr\u00e9sente 150 photographies de jeunes talents venus d\u2019Allemagne, de France et d\u2019Indon\u00e9sie, qui en septembre 2023 se sont immerg\u00e9s, ensemble, dans la soci\u00e9t\u00e9 locale du Bromo \u00e0 Java Est.\" \/>\n<meta property=\"og:url\" content=\"https:\/\/www.ifi-id.com\/edisi-pertama-residensi-fotografi-bromo-indonesia\/\" \/>\n<meta property=\"og:site_name\" content=\"Institut fran\u00e7ais Indon\u00e9sie\" \/>\n<meta property=\"article:published_time\" content=\"2024-01-22T03:47:43+00:00\" \/>\n<meta property=\"og:image\" content=\"https:\/\/www.ifi-id.com\/wp-content\/uploads\/2024\/01\/Public-Presentation-of-The-Bromo-Photo-Residency-scaled.jpg\" \/>\n\t<meta property=\"og:image:width\" content=\"2560\" \/>\n\t<meta property=\"og:image:height\" content=\"1440\" \/>\n\t<meta property=\"og:image:type\" content=\"image\/jpeg\" \/>\n<meta name=\"author\" content=\"surabaya\" \/>\n<meta name=\"twitter:card\" content=\"summary_large_image\" \/>\n<meta name=\"twitter:label1\" content=\"\u00c9crit par\" \/>\n\t<meta name=\"twitter:data1\" content=\"surabaya\" \/>\n\t<meta name=\"twitter:label2\" content=\"Dur\u00e9e de lecture estim\u00e9e\" \/>\n\t<meta name=\"twitter:data2\" content=\"1 minute\" \/>\n<script type=\"application\/ld+json\" class=\"yoast-schema-graph\">{\"@context\":\"https:\/\/schema.org\",\"@graph\":[{\"@type\":\"Article\",\"@id\":\"https:\/\/www.ifi-id.com\/edisi-pertama-residensi-fotografi-bromo-indonesia\/#article\",\"isPartOf\":{\"@id\":\"https:\/\/www.ifi-id.com\/edisi-pertama-residensi-fotografi-bromo-indonesia\/\"},\"author\":{\"name\":\"surabaya\",\"@id\":\"https:\/\/www.ifi-id.com\/#\/schema\/person\/750306b2d93fe8a7cbbbcfff8f5811a5\"},\"headline\":\"Premi\u00e8re \u00e9dition de la R\u00e9sidence photographique du Bromo\u202f(Indon\u00e9sie)\",\"datePublished\":\"2024-01-22T03:47:43+00:00\",\"dateModified\":\"2024-01-22T03:47:43+00:00\",\"mainEntityOfPage\":{\"@id\":\"https:\/\/www.ifi-id.com\/edisi-pertama-residensi-fotografi-bromo-indonesia\/\"},\"wordCount\":211,\"publisher\":{\"@id\":\"https:\/\/www.ifi-id.com\/#organization\"},\"image\":{\"@id\":\"https:\/\/www.ifi-id.com\/edisi-pertama-residensi-fotografi-bromo-indonesia\/#primaryimage\"},\"thumbnailUrl\":\"https:\/\/www.ifi-id.com\/wp-content\/uploads\/2024\/01\/Public-Presentation-of-The-Bromo-Photo-Residency-scaled.jpg\",\"keywords\":[\"Culture\",\"Surabaya\"],\"articleSection\":[\"Arts Visuels\",\"Culture\",\"Discussion\"],\"inLanguage\":\"fr-FR\"},{\"@type\":\"WebPage\",\"@id\":\"https:\/\/www.ifi-id.com\/edisi-pertama-residensi-fotografi-bromo-indonesia\/\",\"url\":\"https:\/\/www.ifi-id.com\/edisi-pertama-residensi-fotografi-bromo-indonesia\/\",\"name\":\"Premi\u00e8re \u00e9dition de la R\u00e9sidence photographique du Bromo\u202f(Indon\u00e9sie) - Institut fran\u00e7ais Indon\u00e9sie\",\"isPartOf\":{\"@id\":\"https:\/\/www.ifi-id.com\/#website\"},\"primaryImageOfPage\":{\"@id\":\"https:\/\/www.ifi-id.com\/edisi-pertama-residensi-fotografi-bromo-indonesia\/#primaryimage\"},\"image\":{\"@id\":\"https:\/\/www.ifi-id.com\/edisi-pertama-residensi-fotografi-bromo-indonesia\/#primaryimage\"},\"thumbnailUrl\":\"https:\/\/www.ifi-id.com\/wp-content\/uploads\/2024\/01\/Public-Presentation-of-The-Bromo-Photo-Residency-scaled.jpg\",\"datePublished\":\"2024-01-22T03:47:43+00:00\",\"dateModified\":\"2024-01-22T03:47:43+00:00\",\"description\":\"\u201cWe come seeking in the burning summer\u201d pr\u00e9sente 150 photographies de jeunes talents venus d\u2019Allemagne, de France et d\u2019Indon\u00e9sie, qui en septembre 2023 se sont immerg\u00e9s, ensemble, dans la soci\u00e9t\u00e9 locale du Bromo \u00e0 Java Est.\",\"breadcrumb\":{\"@id\":\"https:\/\/www.ifi-id.com\/edisi-pertama-residensi-fotografi-bromo-indonesia\/#breadcrumb\"},\"inLanguage\":\"fr-FR\",\"potentialAction\":[{\"@type\":\"ReadAction\",\"target\":[\"https:\/\/www.ifi-id.com\/edisi-pertama-residensi-fotografi-bromo-indonesia\/\"]}]},{\"@type\":\"ImageObject\",\"inLanguage\":\"fr-FR\",\"@id\":\"https:\/\/www.ifi-id.com\/edisi-pertama-residensi-fotografi-bromo-indonesia\/#primaryimage\",\"url\":\"https:\/\/www.ifi-id.com\/wp-content\/uploads\/2024\/01\/Public-Presentation-of-The-Bromo-Photo-Residency-scaled.jpg\",\"contentUrl\":\"https:\/\/www.ifi-id.com\/wp-content\/uploads\/2024\/01\/Public-Presentation-of-The-Bromo-Photo-Residency-scaled.jpg\",\"width\":2560,\"height\":1440},{\"@type\":\"BreadcrumbList\",\"@id\":\"https:\/\/www.ifi-id.com\/edisi-pertama-residensi-fotografi-bromo-indonesia\/#breadcrumb\",\"itemListElement\":[{\"@type\":\"ListItem\",\"position\":1,\"name\":\"Home\",\"item\":\"https:\/\/www.ifi-id.com\/\"},{\"@type\":\"ListItem\",\"position\":2,\"name\":\"Budaya\",\"item\":\"https:\/\/www.ifi-id.com\/category\/budaya\/\"},{\"@type\":\"ListItem\",\"position\":3,\"name\":\"Premi\u00e8re \u00e9dition de la R\u00e9sidence photographique du Bromo\u202f(Indon\u00e9sie)\"}]},{\"@type\":\"WebSite\",\"@id\":\"https:\/\/www.ifi-id.com\/#website\",\"url\":\"https:\/\/www.ifi-id.com\/\",\"name\":\"Institut fran\u00e7ais Indon\u00e9sie\",\"description\":\"\",\"publisher\":{\"@id\":\"https:\/\/www.ifi-id.com\/#organization\"},\"potentialAction\":[{\"@type\":\"SearchAction\",\"target\":{\"@type\":\"EntryPoint\",\"urlTemplate\":\"https:\/\/www.ifi-id.com\/?s={search_term_string}\"},\"query-input\":{\"@type\":\"PropertyValueSpecification\",\"valueRequired\":true,\"valueName\":\"search_term_string\"}}],\"inLanguage\":\"fr-FR\"},{\"@type\":\"Organization\",\"@id\":\"https:\/\/www.ifi-id.com\/#organization\",\"name\":\"Institut fran\u00e7ais Indon\u00e9sie\",\"url\":\"https:\/\/www.ifi-id.com\/\",\"logo\":{\"@type\":\"ImageObject\",\"inLanguage\":\"fr-FR\",\"@id\":\"https:\/\/www.ifi-id.com\/#\/schema\/logo\/image\/\",\"url\":\"https:\/\/www.ifi-id.com\/wp-content\/uploads\/2022\/12\/IFI_New_Logo.jpg\",\"contentUrl\":\"https:\/\/www.ifi-id.com\/wp-content\/uploads\/2022\/12\/IFI_New_Logo.jpg\",\"width\":666,\"height\":444,\"caption\":\"Institut fran\u00e7ais Indon\u00e9sie\"},\"image\":{\"@id\":\"https:\/\/www.ifi-id.com\/#\/schema\/logo\/image\/\"}},{\"@type\":\"Person\",\"@id\":\"https:\/\/www.ifi-id.com\/#\/schema\/person\/750306b2d93fe8a7cbbbcfff8f5811a5\",\"name\":\"surabaya\",\"image\":{\"@type\":\"ImageObject\",\"inLanguage\":\"fr-FR\",\"@id\":\"https:\/\/www.ifi-id.com\/#\/schema\/person\/image\/\",\"url\":\"https:\/\/secure.gravatar.com\/avatar\/a71adb113a3cf295c91c7a3ed9d5eca4?s=96&d=mm&r=g\",\"contentUrl\":\"https:\/\/secure.gravatar.com\/avatar\/a71adb113a3cf295c91c7a3ed9d5eca4?s=96&d=mm&r=g\",\"caption\":\"surabaya\"},\"url\":\"https:\/\/www.ifi-id.com\/fr\/author\/ifi_surabaya\/\"}]}<\/script>\n<!-- \/ Yoast SEO plugin. -->","yoast_head_json":{"title":"Premi\u00e8re \u00e9dition de la R\u00e9sidence photographique du Bromo\u202f(Indon\u00e9sie) - Institut fran\u00e7ais Indon\u00e9sie","description":"\u201cWe come seeking in the burning summer\u201d pr\u00e9sente 150 photographies de jeunes talents venus d\u2019Allemagne, de France et d\u2019Indon\u00e9sie, qui en septembre 2023 se sont immerg\u00e9s, ensemble, dans la soci\u00e9t\u00e9 locale du Bromo \u00e0 Java Est.","robots":{"index":"index","follow":"follow","max-snippet":"max-snippet:-1","max-image-preview":"max-image-preview:large","max-video-preview":"max-video-preview:-1"},"canonical":"https:\/\/www.ifi-id.com\/edisi-pertama-residensi-fotografi-bromo-indonesia\/","og_locale":"fr_FR","og_type":"article","og_title":"Premi\u00e8re \u00e9dition de la R\u00e9sidence photographique du Bromo\u202f(Indon\u00e9sie) - Institut fran\u00e7ais Indon\u00e9sie","og_description":"\u201cWe come seeking in the burning summer\u201d pr\u00e9sente 150 photographies de jeunes talents venus d\u2019Allemagne, de France et d\u2019Indon\u00e9sie, qui en septembre 2023 se sont immerg\u00e9s, ensemble, dans la soci\u00e9t\u00e9 locale du Bromo \u00e0 Java Est.","og_url":"https:\/\/www.ifi-id.com\/edisi-pertama-residensi-fotografi-bromo-indonesia\/","og_site_name":"Institut fran\u00e7ais Indon\u00e9sie","article_published_time":"2024-01-22T03:47:43+00:00","og_image":[{"width":2560,"height":1440,"url":"https:\/\/www.ifi-id.com\/wp-content\/uploads\/2024\/01\/Public-Presentation-of-The-Bromo-Photo-Residency-scaled.jpg","type":"image\/jpeg"}],"author":"surabaya","twitter_card":"summary_large_image","twitter_misc":{"\u00c9crit par":"surabaya","Dur\u00e9e de lecture estim\u00e9e":"1 minute"},"schema":{"@context":"https:\/\/schema.org","@graph":[{"@type":"Article","@id":"https:\/\/www.ifi-id.com\/edisi-pertama-residensi-fotografi-bromo-indonesia\/#article","isPartOf":{"@id":"https:\/\/www.ifi-id.com\/edisi-pertama-residensi-fotografi-bromo-indonesia\/"},"author":{"name":"surabaya","@id":"https:\/\/www.ifi-id.com\/#\/schema\/person\/750306b2d93fe8a7cbbbcfff8f5811a5"},"headline":"Premi\u00e8re \u00e9dition de la R\u00e9sidence photographique du Bromo\u202f(Indon\u00e9sie)","datePublished":"2024-01-22T03:47:43+00:00","dateModified":"2024-01-22T03:47:43+00:00","mainEntityOfPage":{"@id":"https:\/\/www.ifi-id.com\/edisi-pertama-residensi-fotografi-bromo-indonesia\/"},"wordCount":211,"publisher":{"@id":"https:\/\/www.ifi-id.com\/#organization"},"image":{"@id":"https:\/\/www.ifi-id.com\/edisi-pertama-residensi-fotografi-bromo-indonesia\/#primaryimage"},"thumbnailUrl":"https:\/\/www.ifi-id.com\/wp-content\/uploads\/2024\/01\/Public-Presentation-of-The-Bromo-Photo-Residency-scaled.jpg","keywords":["Culture","Surabaya"],"articleSection":["Arts Visuels","Culture","Discussion"],"inLanguage":"fr-FR"},{"@type":"WebPage","@id":"https:\/\/www.ifi-id.com\/edisi-pertama-residensi-fotografi-bromo-indonesia\/","url":"https:\/\/www.ifi-id.com\/edisi-pertama-residensi-fotografi-bromo-indonesia\/","name":"Premi\u00e8re \u00e9dition de la R\u00e9sidence photographique du Bromo\u202f(Indon\u00e9sie) - Institut fran\u00e7ais Indon\u00e9sie","isPartOf":{"@id":"https:\/\/www.ifi-id.com\/#website"},"primaryImageOfPage":{"@id":"https:\/\/www.ifi-id.com\/edisi-pertama-residensi-fotografi-bromo-indonesia\/#primaryimage"},"image":{"@id":"https:\/\/www.ifi-id.com\/edisi-pertama-residensi-fotografi-bromo-indonesia\/#primaryimage"},"thumbnailUrl":"https:\/\/www.ifi-id.com\/wp-content\/uploads\/2024\/01\/Public-Presentation-of-The-Bromo-Photo-Residency-scaled.jpg","datePublished":"2024-01-22T03:47:43+00:00","dateModified":"2024-01-22T03:47:43+00:00","description":"\u201cWe come seeking in the burning summer\u201d pr\u00e9sente 150 photographies de jeunes talents venus d\u2019Allemagne, de France et d\u2019Indon\u00e9sie, qui en septembre 2023 se sont immerg\u00e9s, ensemble, dans la soci\u00e9t\u00e9 locale du Bromo \u00e0 Java Est.","breadcrumb":{"@id":"https:\/\/www.ifi-id.com\/edisi-pertama-residensi-fotografi-bromo-indonesia\/#breadcrumb"},"inLanguage":"fr-FR","potentialAction":[{"@type":"ReadAction","target":["https:\/\/www.ifi-id.com\/edisi-pertama-residensi-fotografi-bromo-indonesia\/"]}]},{"@type":"ImageObject","inLanguage":"fr-FR","@id":"https:\/\/www.ifi-id.com\/edisi-pertama-residensi-fotografi-bromo-indonesia\/#primaryimage","url":"https:\/\/www.ifi-id.com\/wp-content\/uploads\/2024\/01\/Public-Presentation-of-The-Bromo-Photo-Residency-scaled.jpg","contentUrl":"https:\/\/www.ifi-id.com\/wp-content\/uploads\/2024\/01\/Public-Presentation-of-The-Bromo-Photo-Residency-scaled.jpg","width":2560,"height":1440},{"@type":"BreadcrumbList","@id":"https:\/\/www.ifi-id.com\/edisi-pertama-residensi-fotografi-bromo-indonesia\/#breadcrumb","itemListElement":[{"@type":"ListItem","position":1,"name":"Home","item":"https:\/\/www.ifi-id.com\/"},{"@type":"ListItem","position":2,"name":"Budaya","item":"https:\/\/www.ifi-id.com\/category\/budaya\/"},{"@type":"ListItem","position":3,"name":"Premi\u00e8re \u00e9dition de la R\u00e9sidence photographique du Bromo\u202f(Indon\u00e9sie)"}]},{"@type":"WebSite","@id":"https:\/\/www.ifi-id.com\/#website","url":"https:\/\/www.ifi-id.com\/","name":"Institut fran\u00e7ais Indon\u00e9sie","description":"","publisher":{"@id":"https:\/\/www.ifi-id.com\/#organization"},"potentialAction":[{"@type":"SearchAction","target":{"@type":"EntryPoint","urlTemplate":"https:\/\/www.ifi-id.com\/?s={search_term_string}"},"query-input":{"@type":"PropertyValueSpecification","valueRequired":true,"valueName":"search_term_string"}}],"inLanguage":"fr-FR"},{"@type":"Organization","@id":"https:\/\/www.ifi-id.com\/#organization","name":"Institut fran\u00e7ais Indon\u00e9sie","url":"https:\/\/www.ifi-id.com\/","logo":{"@type":"ImageObject","inLanguage":"fr-FR","@id":"https:\/\/www.ifi-id.com\/#\/schema\/logo\/image\/","url":"https:\/\/www.ifi-id.com\/wp-content\/uploads\/2022\/12\/IFI_New_Logo.jpg","contentUrl":"https:\/\/www.ifi-id.com\/wp-content\/uploads\/2022\/12\/IFI_New_Logo.jpg","width":666,"height":444,"caption":"Institut fran\u00e7ais Indon\u00e9sie"},"image":{"@id":"https:\/\/www.ifi-id.com\/#\/schema\/logo\/image\/"}},{"@type":"Person","@id":"https:\/\/www.ifi-id.com\/#\/schema\/person\/750306b2d93fe8a7cbbbcfff8f5811a5","name":"surabaya","image":{"@type":"ImageObject","inLanguage":"fr-FR","@id":"https:\/\/www.ifi-id.com\/#\/schema\/person\/image\/","url":"https:\/\/secure.gravatar.com\/avatar\/a71adb113a3cf295c91c7a3ed9d5eca4?s=96&d=mm&r=g","contentUrl":"https:\/\/secure.gravatar.com\/avatar\/a71adb113a3cf295c91c7a3ed9d5eca4?s=96&d=mm&r=g","caption":"surabaya"},"url":"https:\/\/www.ifi-id.com\/fr\/author\/ifi_surabaya\/"}]}},"post_mailing_queue_ids":[],"_links":{"self":[{"href":"https:\/\/www.ifi-id.com\/fr\/wp-json\/wp\/v2\/posts\/42181"}],"collection":[{"href":"https:\/\/www.ifi-id.com\/fr\/wp-json\/wp\/v2\/posts"}],"about":[{"href":"https:\/\/www.ifi-id.com\/fr\/wp-json\/wp\/v2\/types\/post"}],"author":[{"embeddable":true,"href":"https:\/\/www.ifi-id.com\/fr\/wp-json\/wp\/v2\/users\/5"}],"replies":[{"embeddable":true,"href":"https:\/\/www.ifi-id.com\/fr\/wp-json\/wp\/v2\/comments?post=42181"}],"version-history":[{"count":1,"href":"https:\/\/www.ifi-id.com\/fr\/wp-json\/wp\/v2\/posts\/42181\/revisions"}],"predecessor-version":[{"id":42182,"href":"https:\/\/www.ifi-id.com\/fr\/wp-json\/wp\/v2\/posts\/42181\/revisions\/42182"}],"wp:featuredmedia":[{"embeddable":true,"href":"https:\/\/www.ifi-id.com\/fr\/wp-json\/wp\/v2\/media\/42174"}],"wp:attachment":[{"href":"https:\/\/www.ifi-id.com\/fr\/wp-json\/wp\/v2\/media?parent=42181"}],"wp:term":[{"taxonomy":"category","embeddable":true,"href":"https:\/\/www.ifi-id.com\/fr\/wp-json\/wp\/v2\/categories?post=42181"},{"taxonomy":"post_tag","embeddable":true,"href":"https:\/\/www.ifi-id.com\/fr\/wp-json\/wp\/v2\/tags?post=42181"}],"curies":[{"name":"wp","href":"https:\/\/api.w.org\/{rel}","templated":true}]}}