{"id":37724,"date":"2023-08-31T19:05:20","date_gmt":"2023-08-31T12:05:20","guid":{"rendered":"https:\/\/www.ifi-id.com\/appel-a-candidatures-le-prix-des-droits-de-lhomme-de-la-republique-francaise\/"},"modified":"2023-08-31T19:05:21","modified_gmt":"2023-08-31T12:05:21","slug":"appel-a-candidatures-le-prix-des-droits-de-lhomme-de-la-republique-francaise","status":"publish","type":"post","link":"https:\/\/www.ifi-id.com\/fr\/appel-a-candidatures-le-prix-des-droits-de-lhomme-de-la-republique-francaise\/","title":{"rendered":"Appel \u00e0 candidatures Le Prix des droits de l\u2019Homme de la R\u00e9publique fran\u00e7aise"},"content":{"rendered":"\t\t<div data-elementor-type=\"wp-post\" data-elementor-id=\"37724\" class=\"elementor elementor-37724 elementor-37717\" data-elementor-post-type=\"post\">\n\t\t\t\t\t\t<section class=\"elementor-section elementor-top-section elementor-element elementor-element-5aef142 elementor-section-boxed elementor-section-height-default elementor-section-height-default\" data-id=\"5aef142\" data-element_type=\"section\">\n\t\t\t\t\t\t<div class=\"elementor-container elementor-column-gap-default\">\n\t\t\t\t\t<div class=\"elementor-column elementor-col-100 elementor-top-column elementor-element elementor-element-6b06b13\" data-id=\"6b06b13\" data-element_type=\"column\">\n\t\t\t<div class=\"elementor-widget-wrap elementor-element-populated\">\n\t\t\t\t\t\t<div class=\"elementor-element elementor-element-5df5b1b elementor-widget elementor-widget-text-editor\" data-id=\"5df5b1b\" data-element_type=\"widget\" data-widget_type=\"text-editor.default\">\n\t\t\t\t<div class=\"elementor-widget-container\">\n\t\t\t\t\t\t\t<p>Le Prix des droits de l\u2019Homme de la R\u00e9publique fran\u00e7aise \u00ab Libert\u00e9-\u00c9galit\u00e9-Fraternit\u00e9 \u00bb pour 2023, remis par le Premier ministre du Gouvernement fran\u00e7ais, est ouvert aux candidatures.<\/p>\n<p>Ce Prix, cr\u00e9\u00e9 en 1988, est destin\u00e9 \u00e0 r\u00e9compenser et \u00e0 permettre de mener \u00e0 bien, en France ou \u00e0 l\u2019\u00e9tranger, des actions individuelles ou collectives de terrain, sans consid\u00e9ration de nationalit\u00e9 ou de fronti\u00e8res, qui \u0153uvrent \u00e0 la promotion ou \u00e0 la protection des droits de l\u2019Homme.<\/p>\n<h3>Le th\u00e8me 2023<\/h3>\n<p>Les organisations non gouvernementales, ou les candidats ou candidates individuels, sans consid\u00e9ration de nationalit\u00e9 ou de fronti\u00e8res, devront pr\u00e9senter une candidature correspondant au th\u00e8me de l\u2019ann\u00e9e 2023. Cette candidature devra comprendre une action ou un projet, \u00e0 mener en France ou \u00e0 l\u2019\u00e9tranger. Th\u00e8me unique : D\u00e9fenseurs de l\u2019environnement et acc\u00e8s \u00e0 l\u2019eau Apr\u00e8s le Conseil des droits de l\u2019Homme des Nations unies en 2021, l\u2019Assembl\u00e9e g\u00e9n\u00e9rale des Nations unies, dans une r\u00e9solution adopt\u00e9e en juillet 2022, a affirm\u00e9 que l\u2019acc\u00e8s \u00e0 un environnement propre, sain et durable est un droit humain universel.<\/p>\n<p>La cons\u00e9cration du droit \u00e0 un environnement sain rend l\u00e9gitimes et n\u00e9cessaires les actions port\u00e9es par les d\u00e9fenseurs de l\u2019environnement, dont le statut a \u00e9t\u00e9 d\u00e9fini par la R\u00e9solution de 1998 de l\u2019Assembl\u00e9e g\u00e9n\u00e9rale A\/RES\/53\/144 adoptant la D\u00e9claration sur les D\u00e9fenseurs des droits de l\u2019homme. Or, les rapports des Nations unies r\u00e9v\u00e8lent que les d\u00e9fenseurs qui sont les plus menac\u00e9s sont ceux qui d\u00e9fendent le droit \u00e0 un environnement sain. Il convient donc de porter une attention particuli\u00e8re \u00e0 leur protection. Cette prise de conscience de la n\u00e9cessit\u00e9 d\u2019organiser la protection des d\u00e9fenseurs de l\u2019environnement s\u2019est notamment concr\u00e9tis\u00e9e par la nomination en 2022 du premier Rapporteur sp\u00e9cial sur les d\u00e9fenseurs de l\u2019environnement au titre de la Convention d\u2019Aarhus sur l\u2019acc\u00e8s \u00e0 l\u2019information, la participation du public au processus d\u00e9cisionnel et l\u2019acc\u00e8s \u00e0 la justice en mati\u00e8re d\u2019environnement.<\/p>\n<p>Cette cons\u00e9cration du droit \u00e0 un environnement sain entre par ailleurs en r\u00e9sonance avec les Objectifs du d\u00e9veloppement durable (ODD), adopt\u00e9s en 2015 par les Etats membres des Nations unies. Les Etats se sont ainsi engag\u00e9s \u00e0 atteindre, \u00e0 l\u2019horizon 2030, 17 objectifs, parmi lesquels l\u2019acc\u00e8s \u00e0 l\u2019\u00ab Eau propre et (\u00e0 l\u2019) assainissement \u00bb (ODD 6) ainsi que \u00ab la conservation et l\u2019exploitation de mani\u00e8re durable des oc\u00e9ans, des mers et des ressources marines aux fins de d\u00e9veloppement durable \u00bb (ODD 14).<\/p>\n<p>Les enjeux autour de l\u2019eau sont multiples : enjeu sanitaire, p\u00e9nurie, conflit d\u2019usage, pollution des eaux, acc\u00e8s \u00e0 une ressource fondamentale, etc. Selon les Nations unies, des milliards de personnes, principalement dans les zones rurales, n\u2019ont toujours pas acc\u00e8s \u00e0 l\u2019eau potable et \u00e0 l\u2019assainissement et les financements sont insuffisants. Dans le monde, une personne sur trois n\u2019a pas acc\u00e8s \u00e0 une eau potable, deux personnes sur cing ne b\u00e9n\u00e9ficient pas d\u2019une<br \/>\ninstallation permettant de se laver les mains avec de l\u2019eau et du savon. La pand\u00e9mie de COVID-19 a montr\u00e9 le lien entre la pr\u00e9vention et le contr\u00f4le des maladies d\u2019une part, et l\u2019acc\u00e8s \u00e0 l\u2019assainissement et \u00e0 l\u2019eau d\u2019autre part. Chaque jour, 1 000 enfants meurent de maladies pourtant faciles \u00e0 pr\u00e9venir &#8211; dues au manque d\u2019assainissement et d\u2019hygi\u00e8ne. La contamination de l\u2019eau du fait de l&rsquo;absence ou la carence des syst\u00e8mes d&rsquo;assainissement et du fait de la<br \/>\ndispersion de produits pharmaceutiques, chimiques, pesticides, microplastiques ou nanomat\u00e9riaux n\u00e9cessite un accroissement cons\u00e9quent des investissements aux fins de potabilisation. Plus de deux milliards de personnes boivent de l\u2019eau contamin\u00e9e.<\/p>\n<p>L\u2019acc\u00e8s \u00e0 l\u2019eau est devenu un enjeu fondamental, dans un contexte de stress hydrique li\u00e9 \u00e0 la perturbation du cycle de l\u2019eau du fait des activit\u00e9s humaines. Les Nations unies estiment que la plan\u00e8te fait face \u00e0 une crise mondiale de l\u2019eau et \u00e9valuent \u00e0 40% le d\u00e9ficit des ressources en eau douce d\u2019ici \u00e0 2030. Plus de 80% des eaux us\u00e9es r\u00e9sultant des activit\u00e9s humaines sont d\u00e9vers\u00e9es dans les rivi\u00e8res ou la mer sans aucune d\u00e9pollution. Environ 70% de toute l\u2019eau<br \/>\npr\u00e9lev\u00e9e dans les rivi\u00e8res, lacs et aquif\u00e8res sont utilis\u00e9s pour l\u2019irrigation. La p\u00e9nurie d\u2019eau affecte plus de 40% de la population mondiale, proportion qui devrait augmenter \u00e0 l\u2019avenir. Plus de 1,7 milliard de personnes vivent actuellement dans des bassins fluviaux o\u00f9 l\u2019utilisation de l\u2019eau est sup\u00e9rieure \u00e0 la quantit\u00e9 disponible.<\/p>\n<p>Ces enjeux s\u2019inscrivent aussi dans une perspective de genre. Selon les chiffres des Nations unies, ce sont les femmes et les filles qui sont responsables de la collecte de l\u2019eau dans 80% des m\u00e9nages sans acc\u00e8s \u00e0 l\u2019eau sur place.<\/p>\n<p>L\u2019acc\u00e8s \u00e0 l\u2019eau et \u00e0 l\u2019assainissement est aussi un enjeu fondamental dans les parcours d\u2019exil. Il est m\u00eame devenu un moyen de pression utilis\u00e9 par certains \u00c9tats pour \u00e9viter la fixation de migrants sur certains points de leur territoire.<\/p>\n<p>Peuvent faire acte de candidature les personnes ou organisations non\u00a0 gouvernementales portant un ou plusieurs projets de terrain visant, notamment, \u00e0<\/p>\n<ul>\n<li>promouvoir l\u2019action des d\u00e9fenseurs de l\u2019environnement ou \u00e0 assurer leur protection ;<\/li>\n<li>promouvoir un acc\u00e8s effectif \u00e0 une eau potable et de qualit\u00e9, un assainissement efficace ;<\/li>\n<li>garantir un suivi des ressources en eau sur le long terme, et susceptible de conduire \u00e0 une meilleure r\u00e9partition des usages, coh\u00e9rente avec les ressources<\/li>\n<\/ul>\n<p>Seront particuli\u00e8rement appr\u00e9ci\u00e9s les projets int\u00e9grant une perspective de genre et une attention soutenue aux droits des personnes dites vuln\u00e9rables ou des populations d\u00e9favoris\u00e9es, dans une logique de lutte contre les exclusions.<\/p>\n<h3>Remise du Prix<\/h3>\n<p>Les cinq laur\u00e9ats du Prix seront invit\u00e9s \u00e0 Paris pour la c\u00e9r\u00e9monie officielle. Ils se verront remettre une m\u00e9daille et se partageront la dotation globale de 70.000 euros allou\u00e9e par la Commission nationale consultative des droits de l\u2019Homme, et destin\u00e9e \u00e0 mettre en \u0153uvre leurs projets. Ils pourront se pr\u00e9valoir d\u2019\u00eatre laur\u00e9at de l\u2019\u00e9dition 2023 du Prix des droits de l\u2019Homme de la R\u00e9publique fran\u00e7aise.<\/p>\n<p>Les cinq laur\u00e9ats suivants se verront d\u00e9cerner une m\u00e9daille de \u00ab mention sp\u00e9ciale \u00bb par l\u2019ambassadeur de France dans leur pays d\u2019origine. Les mentions sp\u00e9ciales ne b\u00e9n\u00e9ficieront d\u2019aucune dotation financi\u00e8re.<\/p>\n<h3>R\u00e8glement<\/h3>\n<p>Les candidatures devront se conformer au r\u00e8glement du Prix.<\/p>\n<p>Le r\u00e8glement du Prix peut vous \u00eatre communiqu\u00e9 sur demande. Vous le trouverez aussi sur le site Internet de la CNCDH : <a href=\"http:\/\/www.cncdh.fr\/fr\/prix\/prix-des-droits-de-lhomme\">http:\/\/www.cncdh.fr\/fr\/prix\/prix-des-droits-de-lhomme<\/a>.<\/p>\n<h3>Dossier de candidature<\/h3>\n<p>Le dossier de candidature, r\u00e9dig\u00e9 en langue fran\u00e7aise, doit comporter :<\/p>\n<p>a) une lettre de candidature pr\u00e9sent\u00e9e et sign\u00e9e par le pr\u00e9sident ou le responsable l\u00e9gal de l\u2019ONG op\u00e9ratrice, ou par le candidat individuel ;<br \/>\nb) le dossier de candidature, joint au pr\u00e9sent appel \u00e0 candidatures, est t\u00e9l\u00e9chargeable sur le site de la CNCDH : <a href=\"https:\/\/www.cncdh.fr\/actualite\/prix-des-droits-de-lhomme-2023-ouverture-des-candidatures\">https:\/\/www.cncdh.fr\/actualite\/prix-des-droits-de-lhomme-2023-ouverture-des-candidatures<\/a>. Ce dossier pr\u00e9sente, en d\u00e9tail, les actions men\u00e9es par l\u2019association ou la personnalit\u00e9<br \/>\nindividuelle.<br \/>\nc) Le cas \u00e9ch\u00e9ant, une pr\u00e9sentation de l\u2019ONG op\u00e9ratrice (statuts, r\u00e9alisation, <i>etc<\/i>.).<br \/>\nd) Les coordonn\u00e9es postale et bancaire (RIB\/IBAN) de l\u2019ONG ou du candidat individuel.<\/p>\n<p>Les candidats devront imp\u00e9rativement adresser leur dossier complet, <b>avant la date limite de <\/b><b>d\u00e9p\u00f4t du 15 octobre 2023<\/b>, au Secr\u00e9tariat g\u00e9n\u00e9ral de la Commission :<\/p>\n<p>\u2212 CNCDH \u2013 A l\u2019attention de C\u00e9cile RIOU-BATISTA, TSA 40 720 \u2013 20 avenue de S\u00e9gur, 75 007 PARIS \u2013 France<br \/>\n\u2212 ou par e-mail : <a href=\"mailto:prixdesdroitsdelhomme@cncdh.fr\">prixdesdroitsdelhomme@cncdh.fr<\/a><\/p>\n<p>Apr\u00e8s proclamation des r\u00e9sultats par le jury, le Prix 2023 sera solennellement remis \u00e0 Paris, par le Premier ministre, ou un autre ministre de la R\u00e9publique fran\u00e7aise, autour du 10 d\u00e9cembre 2023.<\/p>\n\t\t\t\t\t\t<\/div>\n\t\t\t\t<\/div>\n\t\t\t\t\t<\/div>\n\t\t<\/div>\n\t\t\t\t\t<\/div>\n\t\t<\/section>\n\t\t\t\t<\/div>\n\t\t","protected":false},"excerpt":{"rendered":"<p>Ce Prix, cr\u00e9\u00e9 en 1988, est destin\u00e9 \u00e0 r\u00e9compenser et \u00e0 permettre de mener \u00e0 bien, en France ou \u00e0 l\u2019\u00e9tranger, des actions individuelles ou collectives de terrain, sans consid\u00e9ration de nationalit\u00e9 ou de fronti\u00e8res, qui \u0153uvrent \u00e0 la promotion ou \u00e0 la protection des droits de l\u2019Homme.<\/p>\n","protected":false},"author":8,"featured_media":37719,"comment_status":"closed","ping_status":"closed","sticky":false,"template":"","format":"standard","meta":{"footnotes":""},"categories":[1],"tags":[557],"class_list":["post-37724","post","type-post","status-publish","format-standard","has-post-thumbnail","hentry","category-uncategorized","tag-enjeux-globaux"],"yoast_head":"<!-- This site is optimized with the Yoast SEO plugin v23.5 - https:\/\/yoast.com\/wordpress\/plugins\/seo\/ -->\n<title>Appel \u00e0 candidatures Le Prix des droits de l\u2019Homme de la R\u00e9publique fran\u00e7aise - Institut fran\u00e7ais Indon\u00e9sie<\/title>\n<meta name=\"description\" content=\"Ce Prix, cr\u00e9\u00e9 en 1988, est destin\u00e9 \u00e0 r\u00e9compenser et \u00e0 permettre de mener \u00e0 bien, en France ou \u00e0 l\u2019\u00e9tranger, des actions individuelles ou collectives de terrain, sans consid\u00e9ration de nationalit\u00e9 ou de fronti\u00e8res, qui \u0153uvrent \u00e0 la promotion ou \u00e0 la protection des droits de l\u2019Homme.\" \/>\n<meta name=\"robots\" content=\"index, follow, max-snippet:-1, max-image-preview:large, max-video-preview:-1\" \/>\n<link rel=\"canonical\" href=\"https:\/\/www.ifi-id.com\/panggilan-pendaftaran-penghargaan-hak-asasi-manusia-republik-prancis-2023\/\" \/>\n<meta property=\"og:locale\" content=\"fr_FR\" \/>\n<meta property=\"og:type\" content=\"article\" \/>\n<meta property=\"og:title\" content=\"Appel \u00e0 candidatures Le Prix des droits de l\u2019Homme de la R\u00e9publique fran\u00e7aise\" \/>\n<meta property=\"og:description\" content=\"Ce Prix, cr\u00e9\u00e9 en 1988, est destin\u00e9 \u00e0 r\u00e9compenser et \u00e0 permettre de mener \u00e0 bien, en France ou \u00e0 l\u2019\u00e9tranger, des actions individuelles ou collectives de terrain, sans consid\u00e9ration de nationalit\u00e9 ou de fronti\u00e8res, qui \u0153uvrent \u00e0 la promotion ou \u00e0 la protection des droits de l\u2019Homme.\" \/>\n<meta property=\"og:url\" content=\"https:\/\/www.ifi-id.com\/panggilan-pendaftaran-penghargaan-hak-asasi-manusia-republik-prancis-2023\/\" \/>\n<meta property=\"og:site_name\" content=\"Institut fran\u00e7ais Indon\u00e9sie\" \/>\n<meta property=\"article:published_time\" content=\"2023-08-31T12:05:20+00:00\" \/>\n<meta property=\"article:modified_time\" content=\"2023-08-31T12:05:21+00:00\" \/>\n<meta property=\"og:image\" content=\"https:\/\/www.ifi-id.com\/wp-content\/uploads\/2023\/08\/Droits-de-Lhomme-WB.jpg\" \/>\n<meta name=\"author\" content=\"Ghaisani Azizi Nurul Rizki\" \/>\n<meta name=\"twitter:card\" content=\"summary_large_image\" \/>\n<meta name=\"twitter:title\" content=\"Appel \u00e0 candidatures Le Prix des droits de l\u2019Homme de la R\u00e9publique fran\u00e7aise\" \/>\n<meta name=\"twitter:description\" content=\"Ce Prix, cr\u00e9\u00e9 en 1988, est destin\u00e9 \u00e0 r\u00e9compenser et \u00e0 permettre de mener \u00e0 bien, en France ou \u00e0 l\u2019\u00e9tranger, des actions individuelles ou collectives de terrain, sans consid\u00e9ration de nationalit\u00e9 ou de fronti\u00e8res, qui \u0153uvrent \u00e0 la promotion ou \u00e0 la protection des droits de l\u2019Homme.\" \/>\n<meta name=\"twitter:image\" content=\"https:\/\/www.ifi-id.com\/wp-content\/uploads\/2023\/08\/Droits-de-Lhomme-WB-1024x576.jpg\" \/>\n<meta name=\"twitter:label1\" content=\"\u00c9crit par\" \/>\n\t<meta name=\"twitter:data1\" content=\"Ghaisani Azizi Nurul Rizki\" \/>\n\t<meta name=\"twitter:label2\" content=\"Dur\u00e9e de lecture estim\u00e9e\" \/>\n\t<meta name=\"twitter:data2\" content=\"7 minutes\" \/>\n<script type=\"application\/ld+json\" class=\"yoast-schema-graph\">{\"@context\":\"https:\/\/schema.org\",\"@graph\":[{\"@type\":\"Article\",\"@id\":\"https:\/\/www.ifi-id.com\/panggilan-pendaftaran-penghargaan-hak-asasi-manusia-republik-prancis-2023\/#article\",\"isPartOf\":{\"@id\":\"https:\/\/www.ifi-id.com\/panggilan-pendaftaran-penghargaan-hak-asasi-manusia-republik-prancis-2023\/\"},\"author\":{\"name\":\"Ghaisani Azizi Nurul Rizki\",\"@id\":\"https:\/\/www.ifi-id.com\/#\/schema\/person\/a4eae510c216615f5c0f4e02f4edff1b\"},\"headline\":\"Appel \u00e0 candidatures Le Prix des droits de l\u2019Homme de la R\u00e9publique fran\u00e7aise\",\"datePublished\":\"2023-08-31T12:05:20+00:00\",\"dateModified\":\"2023-08-31T12:05:21+00:00\",\"mainEntityOfPage\":{\"@id\":\"https:\/\/www.ifi-id.com\/panggilan-pendaftaran-penghargaan-hak-asasi-manusia-republik-prancis-2023\/\"},\"wordCount\":1369,\"publisher\":{\"@id\":\"https:\/\/www.ifi-id.com\/#organization\"},\"image\":{\"@id\":\"https:\/\/www.ifi-id.com\/panggilan-pendaftaran-penghargaan-hak-asasi-manusia-republik-prancis-2023\/#primaryimage\"},\"thumbnailUrl\":\"https:\/\/www.ifi-id.com\/wp-content\/uploads\/2023\/08\/Droits-de-Lhomme-WB.jpg\",\"keywords\":[\"Enjeux Globaux\"],\"articleSection\":[\"Uncategorized\"],\"inLanguage\":\"fr-FR\"},{\"@type\":\"WebPage\",\"@id\":\"https:\/\/www.ifi-id.com\/panggilan-pendaftaran-penghargaan-hak-asasi-manusia-republik-prancis-2023\/\",\"url\":\"https:\/\/www.ifi-id.com\/panggilan-pendaftaran-penghargaan-hak-asasi-manusia-republik-prancis-2023\/\",\"name\":\"Appel \u00e0 candidatures Le Prix des droits de l\u2019Homme de la R\u00e9publique fran\u00e7aise - Institut fran\u00e7ais Indon\u00e9sie\",\"isPartOf\":{\"@id\":\"https:\/\/www.ifi-id.com\/#website\"},\"primaryImageOfPage\":{\"@id\":\"https:\/\/www.ifi-id.com\/panggilan-pendaftaran-penghargaan-hak-asasi-manusia-republik-prancis-2023\/#primaryimage\"},\"image\":{\"@id\":\"https:\/\/www.ifi-id.com\/panggilan-pendaftaran-penghargaan-hak-asasi-manusia-republik-prancis-2023\/#primaryimage\"},\"thumbnailUrl\":\"https:\/\/www.ifi-id.com\/wp-content\/uploads\/2023\/08\/Droits-de-Lhomme-WB.jpg\",\"datePublished\":\"2023-08-31T12:05:20+00:00\",\"dateModified\":\"2023-08-31T12:05:21+00:00\",\"description\":\"Ce Prix, cr\u00e9\u00e9 en 1988, est destin\u00e9 \u00e0 r\u00e9compenser et \u00e0 permettre de mener \u00e0 bien, en France ou \u00e0 l\u2019\u00e9tranger, des actions individuelles ou collectives de terrain, sans consid\u00e9ration de nationalit\u00e9 ou de fronti\u00e8res, qui \u0153uvrent \u00e0 la promotion ou \u00e0 la protection des droits de l\u2019Homme.\",\"breadcrumb\":{\"@id\":\"https:\/\/www.ifi-id.com\/panggilan-pendaftaran-penghargaan-hak-asasi-manusia-republik-prancis-2023\/#breadcrumb\"},\"inLanguage\":\"fr-FR\",\"potentialAction\":[{\"@type\":\"ReadAction\",\"target\":[\"https:\/\/www.ifi-id.com\/panggilan-pendaftaran-penghargaan-hak-asasi-manusia-republik-prancis-2023\/\"]}]},{\"@type\":\"ImageObject\",\"inLanguage\":\"fr-FR\",\"@id\":\"https:\/\/www.ifi-id.com\/panggilan-pendaftaran-penghargaan-hak-asasi-manusia-republik-prancis-2023\/#primaryimage\",\"url\":\"https:\/\/www.ifi-id.com\/wp-content\/uploads\/2023\/08\/Droits-de-Lhomme-WB.jpg\",\"contentUrl\":\"https:\/\/www.ifi-id.com\/wp-content\/uploads\/2023\/08\/Droits-de-Lhomme-WB.jpg\",\"width\":1280,\"height\":720},{\"@type\":\"BreadcrumbList\",\"@id\":\"https:\/\/www.ifi-id.com\/panggilan-pendaftaran-penghargaan-hak-asasi-manusia-republik-prancis-2023\/#breadcrumb\",\"itemListElement\":[{\"@type\":\"ListItem\",\"position\":1,\"name\":\"Home\",\"item\":\"https:\/\/www.ifi-id.com\/\"},{\"@type\":\"ListItem\",\"position\":2,\"name\":\"Uncategorized @id\",\"item\":\"https:\/\/www.ifi-id.com\/category\/uncategorized-id\/\"},{\"@type\":\"ListItem\",\"position\":3,\"name\":\"Appel \u00e0 candidatures Le Prix des droits de l\u2019Homme de la R\u00e9publique fran\u00e7aise\"}]},{\"@type\":\"WebSite\",\"@id\":\"https:\/\/www.ifi-id.com\/#website\",\"url\":\"https:\/\/www.ifi-id.com\/\",\"name\":\"Institut fran\u00e7ais Indon\u00e9sie\",\"description\":\"\",\"publisher\":{\"@id\":\"https:\/\/www.ifi-id.com\/#organization\"},\"potentialAction\":[{\"@type\":\"SearchAction\",\"target\":{\"@type\":\"EntryPoint\",\"urlTemplate\":\"https:\/\/www.ifi-id.com\/?s={search_term_string}\"},\"query-input\":{\"@type\":\"PropertyValueSpecification\",\"valueRequired\":true,\"valueName\":\"search_term_string\"}}],\"inLanguage\":\"fr-FR\"},{\"@type\":\"Organization\",\"@id\":\"https:\/\/www.ifi-id.com\/#organization\",\"name\":\"Institut fran\u00e7ais Indon\u00e9sie\",\"url\":\"https:\/\/www.ifi-id.com\/\",\"logo\":{\"@type\":\"ImageObject\",\"inLanguage\":\"fr-FR\",\"@id\":\"https:\/\/www.ifi-id.com\/#\/schema\/logo\/image\/\",\"url\":\"https:\/\/www.ifi-id.com\/wp-content\/uploads\/2022\/12\/IFI_New_Logo.jpg\",\"contentUrl\":\"https:\/\/www.ifi-id.com\/wp-content\/uploads\/2022\/12\/IFI_New_Logo.jpg\",\"width\":666,\"height\":444,\"caption\":\"Institut fran\u00e7ais Indon\u00e9sie\"},\"image\":{\"@id\":\"https:\/\/www.ifi-id.com\/#\/schema\/logo\/image\/\"}},{\"@type\":\"Person\",\"@id\":\"https:\/\/www.ifi-id.com\/#\/schema\/person\/a4eae510c216615f5c0f4e02f4edff1b\",\"name\":\"Ghaisani Azizi Nurul Rizki\",\"image\":{\"@type\":\"ImageObject\",\"inLanguage\":\"fr-FR\",\"@id\":\"https:\/\/www.ifi-id.com\/#\/schema\/person\/image\/\",\"url\":\"https:\/\/secure.gravatar.com\/avatar\/8ce4836ecc2a94798a84b768a7f20853?s=96&d=mm&r=g\",\"contentUrl\":\"https:\/\/secure.gravatar.com\/avatar\/8ce4836ecc2a94798a84b768a7f20853?s=96&d=mm&r=g\",\"caption\":\"Ghaisani Azizi Nurul Rizki\"},\"url\":\"https:\/\/www.ifi-id.com\/fr\/author\/azizi\/\"}]}<\/script>\n<!-- \/ Yoast SEO plugin. -->","yoast_head_json":{"title":"Appel \u00e0 candidatures Le Prix des droits de l\u2019Homme de la R\u00e9publique fran\u00e7aise - Institut fran\u00e7ais Indon\u00e9sie","description":"Ce Prix, cr\u00e9\u00e9 en 1988, est destin\u00e9 \u00e0 r\u00e9compenser et \u00e0 permettre de mener \u00e0 bien, en France ou \u00e0 l\u2019\u00e9tranger, des actions individuelles ou collectives de terrain, sans consid\u00e9ration de nationalit\u00e9 ou de fronti\u00e8res, qui \u0153uvrent \u00e0 la promotion ou \u00e0 la protection des droits de l\u2019Homme.","robots":{"index":"index","follow":"follow","max-snippet":"max-snippet:-1","max-image-preview":"max-image-preview:large","max-video-preview":"max-video-preview:-1"},"canonical":"https:\/\/www.ifi-id.com\/panggilan-pendaftaran-penghargaan-hak-asasi-manusia-republik-prancis-2023\/","og_locale":"fr_FR","og_type":"article","og_title":"Appel \u00e0 candidatures Le Prix des droits de l\u2019Homme de la R\u00e9publique fran\u00e7aise","og_description":"Ce Prix, cr\u00e9\u00e9 en 1988, est destin\u00e9 \u00e0 r\u00e9compenser et \u00e0 permettre de mener \u00e0 bien, en France ou \u00e0 l\u2019\u00e9tranger, des actions individuelles ou collectives de terrain, sans consid\u00e9ration de nationalit\u00e9 ou de fronti\u00e8res, qui \u0153uvrent \u00e0 la promotion ou \u00e0 la protection des droits de l\u2019Homme.","og_url":"https:\/\/www.ifi-id.com\/panggilan-pendaftaran-penghargaan-hak-asasi-manusia-republik-prancis-2023\/","og_site_name":"Institut fran\u00e7ais Indon\u00e9sie","article_published_time":"2023-08-31T12:05:20+00:00","article_modified_time":"2023-08-31T12:05:21+00:00","og_image":[{"url":"https:\/\/www.ifi-id.com\/wp-content\/uploads\/2023\/08\/Droits-de-Lhomme-WB.jpg"}],"author":"Ghaisani Azizi Nurul Rizki","twitter_card":"summary_large_image","twitter_title":"Appel \u00e0 candidatures Le Prix des droits de l\u2019Homme de la R\u00e9publique fran\u00e7aise","twitter_description":"Ce Prix, cr\u00e9\u00e9 en 1988, est destin\u00e9 \u00e0 r\u00e9compenser et \u00e0 permettre de mener \u00e0 bien, en France ou \u00e0 l\u2019\u00e9tranger, des actions individuelles ou collectives de terrain, sans consid\u00e9ration de nationalit\u00e9 ou de fronti\u00e8res, qui \u0153uvrent \u00e0 la promotion ou \u00e0 la protection des droits de l\u2019Homme.","twitter_image":"https:\/\/www.ifi-id.com\/wp-content\/uploads\/2023\/08\/Droits-de-Lhomme-WB-1024x576.jpg","twitter_misc":{"\u00c9crit par":"Ghaisani Azizi Nurul Rizki","Dur\u00e9e de lecture estim\u00e9e":"7 minutes"},"schema":{"@context":"https:\/\/schema.org","@graph":[{"@type":"Article","@id":"https:\/\/www.ifi-id.com\/panggilan-pendaftaran-penghargaan-hak-asasi-manusia-republik-prancis-2023\/#article","isPartOf":{"@id":"https:\/\/www.ifi-id.com\/panggilan-pendaftaran-penghargaan-hak-asasi-manusia-republik-prancis-2023\/"},"author":{"name":"Ghaisani Azizi Nurul Rizki","@id":"https:\/\/www.ifi-id.com\/#\/schema\/person\/a4eae510c216615f5c0f4e02f4edff1b"},"headline":"Appel \u00e0 candidatures Le Prix des droits de l\u2019Homme de la R\u00e9publique fran\u00e7aise","datePublished":"2023-08-31T12:05:20+00:00","dateModified":"2023-08-31T12:05:21+00:00","mainEntityOfPage":{"@id":"https:\/\/www.ifi-id.com\/panggilan-pendaftaran-penghargaan-hak-asasi-manusia-republik-prancis-2023\/"},"wordCount":1369,"publisher":{"@id":"https:\/\/www.ifi-id.com\/#organization"},"image":{"@id":"https:\/\/www.ifi-id.com\/panggilan-pendaftaran-penghargaan-hak-asasi-manusia-republik-prancis-2023\/#primaryimage"},"thumbnailUrl":"https:\/\/www.ifi-id.com\/wp-content\/uploads\/2023\/08\/Droits-de-Lhomme-WB.jpg","keywords":["Enjeux Globaux"],"articleSection":["Uncategorized"],"inLanguage":"fr-FR"},{"@type":"WebPage","@id":"https:\/\/www.ifi-id.com\/panggilan-pendaftaran-penghargaan-hak-asasi-manusia-republik-prancis-2023\/","url":"https:\/\/www.ifi-id.com\/panggilan-pendaftaran-penghargaan-hak-asasi-manusia-republik-prancis-2023\/","name":"Appel \u00e0 candidatures Le Prix des droits de l\u2019Homme de la R\u00e9publique fran\u00e7aise - Institut fran\u00e7ais Indon\u00e9sie","isPartOf":{"@id":"https:\/\/www.ifi-id.com\/#website"},"primaryImageOfPage":{"@id":"https:\/\/www.ifi-id.com\/panggilan-pendaftaran-penghargaan-hak-asasi-manusia-republik-prancis-2023\/#primaryimage"},"image":{"@id":"https:\/\/www.ifi-id.com\/panggilan-pendaftaran-penghargaan-hak-asasi-manusia-republik-prancis-2023\/#primaryimage"},"thumbnailUrl":"https:\/\/www.ifi-id.com\/wp-content\/uploads\/2023\/08\/Droits-de-Lhomme-WB.jpg","datePublished":"2023-08-31T12:05:20+00:00","dateModified":"2023-08-31T12:05:21+00:00","description":"Ce Prix, cr\u00e9\u00e9 en 1988, est destin\u00e9 \u00e0 r\u00e9compenser et \u00e0 permettre de mener \u00e0 bien, en France ou \u00e0 l\u2019\u00e9tranger, des actions individuelles ou collectives de terrain, sans consid\u00e9ration de nationalit\u00e9 ou de fronti\u00e8res, qui \u0153uvrent \u00e0 la promotion ou \u00e0 la protection des droits de l\u2019Homme.","breadcrumb":{"@id":"https:\/\/www.ifi-id.com\/panggilan-pendaftaran-penghargaan-hak-asasi-manusia-republik-prancis-2023\/#breadcrumb"},"inLanguage":"fr-FR","potentialAction":[{"@type":"ReadAction","target":["https:\/\/www.ifi-id.com\/panggilan-pendaftaran-penghargaan-hak-asasi-manusia-republik-prancis-2023\/"]}]},{"@type":"ImageObject","inLanguage":"fr-FR","@id":"https:\/\/www.ifi-id.com\/panggilan-pendaftaran-penghargaan-hak-asasi-manusia-republik-prancis-2023\/#primaryimage","url":"https:\/\/www.ifi-id.com\/wp-content\/uploads\/2023\/08\/Droits-de-Lhomme-WB.jpg","contentUrl":"https:\/\/www.ifi-id.com\/wp-content\/uploads\/2023\/08\/Droits-de-Lhomme-WB.jpg","width":1280,"height":720},{"@type":"BreadcrumbList","@id":"https:\/\/www.ifi-id.com\/panggilan-pendaftaran-penghargaan-hak-asasi-manusia-republik-prancis-2023\/#breadcrumb","itemListElement":[{"@type":"ListItem","position":1,"name":"Home","item":"https:\/\/www.ifi-id.com\/"},{"@type":"ListItem","position":2,"name":"Uncategorized @id","item":"https:\/\/www.ifi-id.com\/category\/uncategorized-id\/"},{"@type":"ListItem","position":3,"name":"Appel \u00e0 candidatures Le Prix des droits de l\u2019Homme de la R\u00e9publique fran\u00e7aise"}]},{"@type":"WebSite","@id":"https:\/\/www.ifi-id.com\/#website","url":"https:\/\/www.ifi-id.com\/","name":"Institut fran\u00e7ais Indon\u00e9sie","description":"","publisher":{"@id":"https:\/\/www.ifi-id.com\/#organization"},"potentialAction":[{"@type":"SearchAction","target":{"@type":"EntryPoint","urlTemplate":"https:\/\/www.ifi-id.com\/?s={search_term_string}"},"query-input":{"@type":"PropertyValueSpecification","valueRequired":true,"valueName":"search_term_string"}}],"inLanguage":"fr-FR"},{"@type":"Organization","@id":"https:\/\/www.ifi-id.com\/#organization","name":"Institut fran\u00e7ais Indon\u00e9sie","url":"https:\/\/www.ifi-id.com\/","logo":{"@type":"ImageObject","inLanguage":"fr-FR","@id":"https:\/\/www.ifi-id.com\/#\/schema\/logo\/image\/","url":"https:\/\/www.ifi-id.com\/wp-content\/uploads\/2022\/12\/IFI_New_Logo.jpg","contentUrl":"https:\/\/www.ifi-id.com\/wp-content\/uploads\/2022\/12\/IFI_New_Logo.jpg","width":666,"height":444,"caption":"Institut fran\u00e7ais Indon\u00e9sie"},"image":{"@id":"https:\/\/www.ifi-id.com\/#\/schema\/logo\/image\/"}},{"@type":"Person","@id":"https:\/\/www.ifi-id.com\/#\/schema\/person\/a4eae510c216615f5c0f4e02f4edff1b","name":"Ghaisani Azizi Nurul Rizki","image":{"@type":"ImageObject","inLanguage":"fr-FR","@id":"https:\/\/www.ifi-id.com\/#\/schema\/person\/image\/","url":"https:\/\/secure.gravatar.com\/avatar\/8ce4836ecc2a94798a84b768a7f20853?s=96&d=mm&r=g","contentUrl":"https:\/\/secure.gravatar.com\/avatar\/8ce4836ecc2a94798a84b768a7f20853?s=96&d=mm&r=g","caption":"Ghaisani Azizi Nurul Rizki"},"url":"https:\/\/www.ifi-id.com\/fr\/author\/azizi\/"}]}},"post_mailing_queue_ids":[],"_links":{"self":[{"href":"https:\/\/www.ifi-id.com\/fr\/wp-json\/wp\/v2\/posts\/37724"}],"collection":[{"href":"https:\/\/www.ifi-id.com\/fr\/wp-json\/wp\/v2\/posts"}],"about":[{"href":"https:\/\/www.ifi-id.com\/fr\/wp-json\/wp\/v2\/types\/post"}],"author":[{"embeddable":true,"href":"https:\/\/www.ifi-id.com\/fr\/wp-json\/wp\/v2\/users\/8"}],"replies":[{"embeddable":true,"href":"https:\/\/www.ifi-id.com\/fr\/wp-json\/wp\/v2\/comments?post=37724"}],"version-history":[{"count":1,"href":"https:\/\/www.ifi-id.com\/fr\/wp-json\/wp\/v2\/posts\/37724\/revisions"}],"predecessor-version":[{"id":37725,"href":"https:\/\/www.ifi-id.com\/fr\/wp-json\/wp\/v2\/posts\/37724\/revisions\/37725"}],"wp:featuredmedia":[{"embeddable":true,"href":"https:\/\/www.ifi-id.com\/fr\/wp-json\/wp\/v2\/media\/37719"}],"wp:attachment":[{"href":"https:\/\/www.ifi-id.com\/fr\/wp-json\/wp\/v2\/media?parent=37724"}],"wp:term":[{"taxonomy":"category","embeddable":true,"href":"https:\/\/www.ifi-id.com\/fr\/wp-json\/wp\/v2\/categories?post=37724"},{"taxonomy":"post_tag","embeddable":true,"href":"https:\/\/www.ifi-id.com\/fr\/wp-json\/wp\/v2\/tags?post=37724"}],"curies":[{"name":"wp","href":"https:\/\/api.w.org\/{rel}","templated":true}]}}