{"id":36985,"date":"2023-08-01T10:54:04","date_gmt":"2023-08-01T03:54:04","guid":{"rendered":"https:\/\/www.ifi-id.com\/cours-thematiques-session-6-2023\/"},"modified":"2023-08-01T10:54:04","modified_gmt":"2023-08-01T03:54:04","slug":"cours-thematiques-session-6-2023","status":"publish","type":"post","link":"https:\/\/www.ifi-id.com\/fr\/cours-thematiques-session-6-2023\/","title":{"rendered":"Cours Th\u00e9matiques session 6 \u2013 2023"},"content":{"rendered":"\t\t<div data-elementor-type=\"wp-post\" data-elementor-id=\"36985\" class=\"elementor elementor-36985 elementor-36978\" data-elementor-post-type=\"post\">\n\t\t\t\t\t\t<section class=\"elementor-section elementor-top-section elementor-element elementor-element-bdca8fa elementor-section-boxed elementor-section-height-default elementor-section-height-default\" data-id=\"bdca8fa\" data-element_type=\"section\">\n\t\t\t\t\t\t<div class=\"elementor-container elementor-column-gap-default\">\n\t\t\t\t\t<div class=\"elementor-column elementor-col-100 elementor-top-column elementor-element elementor-element-543e884\" data-id=\"543e884\" data-element_type=\"column\">\n\t\t\t<div class=\"elementor-widget-wrap elementor-element-populated\">\n\t\t\t\t\t\t<div class=\"elementor-element elementor-element-09d4adc elementor-widget elementor-widget-text-editor\" data-id=\"09d4adc\" data-element_type=\"widget\" data-widget_type=\"text-editor.default\">\n\t\t\t\t<div class=\"elementor-widget-container\">\n\t\t\t\t\t\t\t<p>Vous \u00eates confus car vous avez des besoins sp\u00e9cifiques pour votre apprentissage de la langue fran\u00e7aise\u00a0? Les cours de fran\u00e7ais th\u00e9matiques de l&rsquo;IFI sont la solution pour toutes celles et tous ceux qui souhaitent apprendre le fran\u00e7ais sur un th\u00e8me pr\u00e9cis. Allons voir quels sont les th\u00e8mes de cours propos\u00e9s ce mois-ci !<\/p>\n\t\t\t\t\t\t<\/div>\n\t\t\t\t<\/div>\n\t\t\t\t\t<\/div>\n\t\t<\/div>\n\t\t\t\t\t<\/div>\n\t\t<\/section>\n\t\t\t\t<section class=\"elementor-section elementor-top-section elementor-element elementor-element-3c86a2d elementor-section-boxed elementor-section-height-default elementor-section-height-default\" data-id=\"3c86a2d\" data-element_type=\"section\">\n\t\t\t\t\t\t<div class=\"elementor-container elementor-column-gap-default\">\n\t\t\t\t\t<div class=\"elementor-column elementor-col-100 elementor-top-column elementor-element elementor-element-bd6de5b\" data-id=\"bd6de5b\" data-element_type=\"column\">\n\t\t\t<div class=\"elementor-widget-wrap elementor-element-populated\">\n\t\t\t\t\t\t<div class=\"elementor-element elementor-element-1318852 elementor-widget elementor-widget-heading\" data-id=\"1318852\" data-element_type=\"widget\" data-widget_type=\"heading.default\">\n\t\t\t\t<div class=\"elementor-widget-container\">\n\t\t\t<h2 class=\"elementor-heading-title elementor-size-default\">Parler comme un francais !<\/h2>\t\t<\/div>\n\t\t\t\t<\/div>\n\t\t\t\t\t<\/div>\n\t\t<\/div>\n\t\t\t\t\t<\/div>\n\t\t<\/section>\n\t\t\t\t<section class=\"elementor-section elementor-top-section elementor-element elementor-element-a80f808 elementor-section-boxed elementor-section-height-default elementor-section-height-default\" data-id=\"a80f808\" data-element_type=\"section\">\n\t\t\t\t\t\t<div class=\"elementor-container elementor-column-gap-default\">\n\t\t\t\t\t<div class=\"elementor-column elementor-col-100 elementor-top-column elementor-element elementor-element-99ec259\" data-id=\"99ec259\" data-element_type=\"column\">\n\t\t\t<div class=\"elementor-widget-wrap elementor-element-populated\">\n\t\t\t\t\t\t<div class=\"elementor-element elementor-element-5563f4c elementor-widget elementor-widget-image\" data-id=\"5563f4c\" data-element_type=\"widget\" data-widget_type=\"image.default\">\n\t\t\t\t<div class=\"elementor-widget-container\">\n\t\t\t\t\t\t\t\t\t\t\t\t\t<img fetchpriority=\"high\" decoding=\"async\" width=\"1280\" height=\"720\" src=\"https:\/\/www.ifi-id.com\/wp-content\/uploads\/2023\/08\/wb-berbicara-prancis-agustus.jpg\" class=\"attachment-full size-full wp-image-36980\" alt=\"\" srcset=\"https:\/\/www.ifi-id.com\/wp-content\/uploads\/2023\/08\/wb-berbicara-prancis-agustus.jpg 1280w, https:\/\/www.ifi-id.com\/wp-content\/uploads\/2023\/08\/wb-berbicara-prancis-agustus-300x169.jpg 300w, https:\/\/www.ifi-id.com\/wp-content\/uploads\/2023\/08\/wb-berbicara-prancis-agustus-1024x576.jpg 1024w, https:\/\/www.ifi-id.com\/wp-content\/uploads\/2023\/08\/wb-berbicara-prancis-agustus-768x432.jpg 768w\" sizes=\"100vw\" \/>\t\t\t\t\t\t\t\t\t\t\t\t\t<\/div>\n\t\t\t\t<\/div>\n\t\t\t\t\t<\/div>\n\t\t<\/div>\n\t\t\t\t\t<\/div>\n\t\t<\/section>\n\t\t\t\t<section class=\"elementor-section elementor-top-section elementor-element elementor-element-0c36403 elementor-section-boxed elementor-section-height-default elementor-section-height-default\" data-id=\"0c36403\" data-element_type=\"section\">\n\t\t\t\t\t\t<div class=\"elementor-container elementor-column-gap-default\">\n\t\t\t\t\t<div class=\"elementor-column elementor-col-100 elementor-top-column elementor-element elementor-element-f7b6497\" data-id=\"f7b6497\" data-element_type=\"column\">\n\t\t\t<div class=\"elementor-widget-wrap elementor-element-populated\">\n\t\t\t\t\t\t<div class=\"elementor-element elementor-element-bfdc828 elementor-widget elementor-widget-text-editor\" data-id=\"bfdc828\" data-element_type=\"widget\" data-widget_type=\"text-editor.default\">\n\t\t\t\t<div class=\"elementor-widget-container\">\n\t\t\t\t\t\t\t<p>Vous avez besoin d\u2019apprendre le fran\u00e7ais de mani\u00e8re plus sp\u00e9cifique et vous ne savez pas par o\u00f9 commencer ? Les cours de fran\u00e7ais th\u00e9matiques de l\u2019IFI sont la solution pour vous qui souhaitez en apprendre plus sur certains th\u00e8mes en fran\u00e7ais. Venez jeter un coup d\u2019\u0153il aux cours propos\u00e9s ce mois-ci !<\/p>\n\t\t\t\t\t\t<\/div>\n\t\t\t\t<\/div>\n\t\t\t\t\t<\/div>\n\t\t<\/div>\n\t\t\t\t\t<\/div>\n\t\t<\/section>\n\t\t\t\t<section class=\"elementor-section elementor-top-section elementor-element elementor-element-3dcddd1 elementor-section-boxed elementor-section-height-default elementor-section-height-default\" data-id=\"3dcddd1\" data-element_type=\"section\">\n\t\t\t\t\t\t<div class=\"elementor-container elementor-column-gap-default\">\n\t\t\t\t\t<div class=\"elementor-column elementor-col-50 elementor-top-column elementor-element elementor-element-5a6c76d\" data-id=\"5a6c76d\" data-element_type=\"column\">\n\t\t\t<div class=\"elementor-widget-wrap elementor-element-populated\">\n\t\t\t\t\t\t<div class=\"elementor-element elementor-element-0475a0c elementor-align-center elementor-widget elementor-widget-button\" data-id=\"0475a0c\" data-element_type=\"widget\" data-widget_type=\"button.default\">\n\t\t\t\t<div class=\"elementor-widget-container\">\n\t\t\t\t\t<div class=\"elementor-button-wrapper\">\n\t\t\t<a class=\"elementor-button elementor-button-link elementor-size-md\" href=\"https:\/\/www.ifi-id.com\/fr\/cours-en-ligne-specialises-surabaya\/\" target=\"_blank\">\n\t\t\t\t\t\t<span class=\"elementor-button-content-wrapper\">\n\t\t\t\t\t\t<span class=\"elementor-button-icon\">\n\t\t\t\t<i aria-hidden=\"true\" class=\"fas fa-clipboard-list\"><\/i>\t\t\t<\/span>\n\t\t\t\t\t\t\t\t\t<span class=\"elementor-button-text\">Inscription<\/span>\n\t\t\t\t\t<\/span>\n\t\t\t\t\t<\/a>\n\t\t<\/div>\n\t\t\t\t<\/div>\n\t\t\t\t<\/div>\n\t\t\t\t\t<\/div>\n\t\t<\/div>\n\t\t\t\t<div class=\"elementor-column elementor-col-50 elementor-top-column elementor-element elementor-element-cde5d12\" data-id=\"cde5d12\" data-element_type=\"column\">\n\t\t\t<div class=\"elementor-widget-wrap elementor-element-populated\">\n\t\t\t\t\t\t<div class=\"elementor-element elementor-element-4945790 elementor-align-center elementor-widget elementor-widget-button\" data-id=\"4945790\" data-element_type=\"widget\" data-widget_type=\"button.default\">\n\t\t\t\t<div class=\"elementor-widget-container\">\n\t\t\t\t\t<div class=\"elementor-button-wrapper\">\n\t\t\t<a class=\"elementor-button elementor-button-link elementor-size-md\" href=\"https:\/\/wa.me\/6281231306739\" target=\"_blank\">\n\t\t\t\t\t\t<span class=\"elementor-button-content-wrapper\">\n\t\t\t\t\t\t<span class=\"elementor-button-icon\">\n\t\t\t\t<i aria-hidden=\"true\" class=\"fab fa-whatsapp\"><\/i>\t\t\t<\/span>\n\t\t\t\t\t\t\t\t\t<span class=\"elementor-button-text\">Information (WA)<\/span>\n\t\t\t\t\t<\/span>\n\t\t\t\t\t<\/a>\n\t\t<\/div>\n\t\t\t\t<\/div>\n\t\t\t\t<\/div>\n\t\t\t\t\t<\/div>\n\t\t<\/div>\n\t\t\t\t\t<\/div>\n\t\t<\/section>\n\t\t\t\t<\/div>\n\t\t","protected":false},"excerpt":{"rendered":"<p>Vous \u00eates confus car vous avez des besoins sp\u00e9cifiques pour votre apprentissage de la langue fran\u00e7aise\u00a0? Les cours de fran\u00e7ais th\u00e9matiques de l&rsquo;IFI sont la solution pour toutes celles et tous ceux qui souhaitent apprendre le fran\u00e7ais sur un th\u00e8me pr\u00e9cis. Allons voir quels sont les th\u00e8mes de cours propos\u00e9s ce mois-ci !<\/p>\n","protected":false},"author":8,"featured_media":36980,"comment_status":"closed","ping_status":"closed","sticky":false,"template":"","format":"standard","meta":{"footnotes":""},"categories":[1],"tags":[449,141,387],"class_list":["post-36985","post","type-post","status-publish","format-standard","has-post-thumbnail","hentry","category-uncategorized","tag-cours-a-distance","tag-linguistique","tag-national"],"yoast_head":"<!-- This site is optimized with the Yoast SEO plugin v23.5 - https:\/\/yoast.com\/wordpress\/plugins\/seo\/ -->\n<title>Cours Th\u00e9matiques session 6 \u2013 2023 - Institut fran\u00e7ais Indon\u00e9sie<\/title>\n<meta name=\"description\" content=\"Vous \u00eates confus car vous avez des besoins sp\u00e9cifiques pour votre apprentissage de la langue fran\u00e7aise\u00a0? Les cours de fran\u00e7ais th\u00e9matiques de l&#039;IFI sont la solution pour toutes celles et tous ceux qui souhaitent apprendre le fran\u00e7ais sur un th\u00e8me pr\u00e9cis. Allons voir quels sont les th\u00e8mes de cours propos\u00e9s ce mois-ci !\" \/>\n<meta name=\"robots\" content=\"index, follow, max-snippet:-1, max-image-preview:large, max-video-preview:-1\" \/>\n<link rel=\"canonical\" href=\"https:\/\/www.ifi-id.com\/kursus-tematik-sesi-6-2023\/\" \/>\n<meta property=\"og:locale\" content=\"fr_FR\" \/>\n<meta property=\"og:type\" content=\"article\" \/>\n<meta property=\"og:title\" content=\"Cours Th\u00e9matiques session 6 \u2013 2023\" \/>\n<meta property=\"og:description\" content=\"Vous \u00eates confus car vous avez des besoins sp\u00e9cifiques pour votre apprentissage de la langue fran\u00e7aise\u00a0? Les cours de fran\u00e7ais th\u00e9matiques de l&#039;IFI sont la solution pour toutes celles et tous ceux qui souhaitent apprendre le fran\u00e7ais sur un th\u00e8me pr\u00e9cis. Allons voir quels sont les th\u00e8mes de cours propos\u00e9s ce mois-ci !\" \/>\n<meta property=\"og:url\" content=\"https:\/\/www.ifi-id.com\/kursus-tematik-sesi-6-2023\/\" \/>\n<meta property=\"og:site_name\" content=\"Institut fran\u00e7ais Indon\u00e9sie\" \/>\n<meta property=\"article:published_time\" content=\"2023-08-01T03:54:04+00:00\" \/>\n<meta property=\"og:image\" content=\"https:\/\/www.ifi-id.com\/wp-content\/uploads\/2023\/08\/wb-berbicara-prancis-agustus.jpg\" \/>\n<meta name=\"author\" content=\"Ghaisani Azizi Nurul Rizki\" \/>\n<meta name=\"twitter:card\" content=\"summary_large_image\" \/>\n<meta name=\"twitter:title\" content=\"Cours Th\u00e9matiques session 6 \u2013 2023\" \/>\n<meta name=\"twitter:description\" content=\"Vous \u00eates confus car vous avez des besoins sp\u00e9cifiques pour votre apprentissage de la langue fran\u00e7aise\u00a0? Les cours de fran\u00e7ais th\u00e9matiques de l&#039;IFI sont la solution pour toutes celles et tous ceux qui souhaitent apprendre le fran\u00e7ais sur un th\u00e8me pr\u00e9cis. Allons voir quels sont les th\u00e8mes de cours propos\u00e9s ce mois-ci !\" \/>\n<meta name=\"twitter:image\" content=\"https:\/\/www.ifi-id.com\/wp-content\/uploads\/2023\/08\/wb-berbicara-prancis-agustus-1024x576.jpg\" \/>\n<meta name=\"twitter:label1\" content=\"\u00c9crit par\" \/>\n\t<meta name=\"twitter:data1\" content=\"Ghaisani Azizi Nurul Rizki\" \/>\n\t<meta name=\"twitter:label2\" content=\"Dur\u00e9e de lecture estim\u00e9e\" \/>\n\t<meta name=\"twitter:data2\" content=\"1 minute\" \/>\n<script type=\"application\/ld+json\" class=\"yoast-schema-graph\">{\"@context\":\"https:\/\/schema.org\",\"@graph\":[{\"@type\":\"Article\",\"@id\":\"https:\/\/www.ifi-id.com\/kursus-tematik-sesi-6-2023\/#article\",\"isPartOf\":{\"@id\":\"https:\/\/www.ifi-id.com\/kursus-tematik-sesi-6-2023\/\"},\"author\":{\"name\":\"Ghaisani Azizi Nurul Rizki\",\"@id\":\"https:\/\/www.ifi-id.com\/#\/schema\/person\/a4eae510c216615f5c0f4e02f4edff1b\"},\"headline\":\"Cours Th\u00e9matiques session 6 \u2013 2023\",\"datePublished\":\"2023-08-01T03:54:04+00:00\",\"dateModified\":\"2023-08-01T03:54:04+00:00\",\"mainEntityOfPage\":{\"@id\":\"https:\/\/www.ifi-id.com\/kursus-tematik-sesi-6-2023\/\"},\"wordCount\":133,\"publisher\":{\"@id\":\"https:\/\/www.ifi-id.com\/#organization\"},\"image\":{\"@id\":\"https:\/\/www.ifi-id.com\/kursus-tematik-sesi-6-2023\/#primaryimage\"},\"thumbnailUrl\":\"https:\/\/www.ifi-id.com\/wp-content\/uploads\/2023\/08\/wb-berbicara-prancis-agustus.jpg\",\"keywords\":[\"Cours \u00e0 distance\",\"Linguistique\",\"National\"],\"articleSection\":[\"Uncategorized\"],\"inLanguage\":\"fr-FR\"},{\"@type\":\"WebPage\",\"@id\":\"https:\/\/www.ifi-id.com\/kursus-tematik-sesi-6-2023\/\",\"url\":\"https:\/\/www.ifi-id.com\/kursus-tematik-sesi-6-2023\/\",\"name\":\"Cours Th\u00e9matiques session 6 \u2013 2023 - Institut fran\u00e7ais Indon\u00e9sie\",\"isPartOf\":{\"@id\":\"https:\/\/www.ifi-id.com\/#website\"},\"primaryImageOfPage\":{\"@id\":\"https:\/\/www.ifi-id.com\/kursus-tematik-sesi-6-2023\/#primaryimage\"},\"image\":{\"@id\":\"https:\/\/www.ifi-id.com\/kursus-tematik-sesi-6-2023\/#primaryimage\"},\"thumbnailUrl\":\"https:\/\/www.ifi-id.com\/wp-content\/uploads\/2023\/08\/wb-berbicara-prancis-agustus.jpg\",\"datePublished\":\"2023-08-01T03:54:04+00:00\",\"dateModified\":\"2023-08-01T03:54:04+00:00\",\"description\":\"Vous \u00eates confus car vous avez des besoins sp\u00e9cifiques pour votre apprentissage de la langue fran\u00e7aise\u00a0? Les cours de fran\u00e7ais th\u00e9matiques de l'IFI sont la solution pour toutes celles et tous ceux qui souhaitent apprendre le fran\u00e7ais sur un th\u00e8me pr\u00e9cis. Allons voir quels sont les th\u00e8mes de cours propos\u00e9s ce mois-ci !\",\"breadcrumb\":{\"@id\":\"https:\/\/www.ifi-id.com\/kursus-tematik-sesi-6-2023\/#breadcrumb\"},\"inLanguage\":\"fr-FR\",\"potentialAction\":[{\"@type\":\"ReadAction\",\"target\":[\"https:\/\/www.ifi-id.com\/kursus-tematik-sesi-6-2023\/\"]}]},{\"@type\":\"ImageObject\",\"inLanguage\":\"fr-FR\",\"@id\":\"https:\/\/www.ifi-id.com\/kursus-tematik-sesi-6-2023\/#primaryimage\",\"url\":\"https:\/\/www.ifi-id.com\/wp-content\/uploads\/2023\/08\/wb-berbicara-prancis-agustus.jpg\",\"contentUrl\":\"https:\/\/www.ifi-id.com\/wp-content\/uploads\/2023\/08\/wb-berbicara-prancis-agustus.jpg\",\"width\":1280,\"height\":720},{\"@type\":\"BreadcrumbList\",\"@id\":\"https:\/\/www.ifi-id.com\/kursus-tematik-sesi-6-2023\/#breadcrumb\",\"itemListElement\":[{\"@type\":\"ListItem\",\"position\":1,\"name\":\"Home\",\"item\":\"https:\/\/www.ifi-id.com\/\"},{\"@type\":\"ListItem\",\"position\":2,\"name\":\"Uncategorized @id\",\"item\":\"https:\/\/www.ifi-id.com\/category\/uncategorized-id\/\"},{\"@type\":\"ListItem\",\"position\":3,\"name\":\"Cours Th\u00e9matiques session 6 \u2013 2023\"}]},{\"@type\":\"WebSite\",\"@id\":\"https:\/\/www.ifi-id.com\/#website\",\"url\":\"https:\/\/www.ifi-id.com\/\",\"name\":\"Institut fran\u00e7ais Indon\u00e9sie\",\"description\":\"\",\"publisher\":{\"@id\":\"https:\/\/www.ifi-id.com\/#organization\"},\"potentialAction\":[{\"@type\":\"SearchAction\",\"target\":{\"@type\":\"EntryPoint\",\"urlTemplate\":\"https:\/\/www.ifi-id.com\/?s={search_term_string}\"},\"query-input\":{\"@type\":\"PropertyValueSpecification\",\"valueRequired\":true,\"valueName\":\"search_term_string\"}}],\"inLanguage\":\"fr-FR\"},{\"@type\":\"Organization\",\"@id\":\"https:\/\/www.ifi-id.com\/#organization\",\"name\":\"Institut fran\u00e7ais Indon\u00e9sie\",\"url\":\"https:\/\/www.ifi-id.com\/\",\"logo\":{\"@type\":\"ImageObject\",\"inLanguage\":\"fr-FR\",\"@id\":\"https:\/\/www.ifi-id.com\/#\/schema\/logo\/image\/\",\"url\":\"https:\/\/www.ifi-id.com\/wp-content\/uploads\/2022\/12\/IFI_New_Logo.jpg\",\"contentUrl\":\"https:\/\/www.ifi-id.com\/wp-content\/uploads\/2022\/12\/IFI_New_Logo.jpg\",\"width\":666,\"height\":444,\"caption\":\"Institut fran\u00e7ais Indon\u00e9sie\"},\"image\":{\"@id\":\"https:\/\/www.ifi-id.com\/#\/schema\/logo\/image\/\"}},{\"@type\":\"Person\",\"@id\":\"https:\/\/www.ifi-id.com\/#\/schema\/person\/a4eae510c216615f5c0f4e02f4edff1b\",\"name\":\"Ghaisani Azizi Nurul Rizki\",\"image\":{\"@type\":\"ImageObject\",\"inLanguage\":\"fr-FR\",\"@id\":\"https:\/\/www.ifi-id.com\/#\/schema\/person\/image\/\",\"url\":\"https:\/\/secure.gravatar.com\/avatar\/8ce4836ecc2a94798a84b768a7f20853?s=96&d=mm&r=g\",\"contentUrl\":\"https:\/\/secure.gravatar.com\/avatar\/8ce4836ecc2a94798a84b768a7f20853?s=96&d=mm&r=g\",\"caption\":\"Ghaisani Azizi Nurul Rizki\"},\"url\":\"https:\/\/www.ifi-id.com\/fr\/author\/azizi\/\"}]}<\/script>\n<!-- \/ Yoast SEO plugin. -->","yoast_head_json":{"title":"Cours Th\u00e9matiques session 6 \u2013 2023 - Institut fran\u00e7ais Indon\u00e9sie","description":"Vous \u00eates confus car vous avez des besoins sp\u00e9cifiques pour votre apprentissage de la langue fran\u00e7aise\u00a0? Les cours de fran\u00e7ais th\u00e9matiques de l'IFI sont la solution pour toutes celles et tous ceux qui souhaitent apprendre le fran\u00e7ais sur un th\u00e8me pr\u00e9cis. Allons voir quels sont les th\u00e8mes de cours propos\u00e9s ce mois-ci !","robots":{"index":"index","follow":"follow","max-snippet":"max-snippet:-1","max-image-preview":"max-image-preview:large","max-video-preview":"max-video-preview:-1"},"canonical":"https:\/\/www.ifi-id.com\/kursus-tematik-sesi-6-2023\/","og_locale":"fr_FR","og_type":"article","og_title":"Cours Th\u00e9matiques session 6 \u2013 2023","og_description":"Vous \u00eates confus car vous avez des besoins sp\u00e9cifiques pour votre apprentissage de la langue fran\u00e7aise\u00a0? Les cours de fran\u00e7ais th\u00e9matiques de l'IFI sont la solution pour toutes celles et tous ceux qui souhaitent apprendre le fran\u00e7ais sur un th\u00e8me pr\u00e9cis. Allons voir quels sont les th\u00e8mes de cours propos\u00e9s ce mois-ci !","og_url":"https:\/\/www.ifi-id.com\/kursus-tematik-sesi-6-2023\/","og_site_name":"Institut fran\u00e7ais Indon\u00e9sie","article_published_time":"2023-08-01T03:54:04+00:00","og_image":[{"url":"https:\/\/www.ifi-id.com\/wp-content\/uploads\/2023\/08\/wb-berbicara-prancis-agustus.jpg"}],"author":"Ghaisani Azizi Nurul Rizki","twitter_card":"summary_large_image","twitter_title":"Cours Th\u00e9matiques session 6 \u2013 2023","twitter_description":"Vous \u00eates confus car vous avez des besoins sp\u00e9cifiques pour votre apprentissage de la langue fran\u00e7aise\u00a0? Les cours de fran\u00e7ais th\u00e9matiques de l'IFI sont la solution pour toutes celles et tous ceux qui souhaitent apprendre le fran\u00e7ais sur un th\u00e8me pr\u00e9cis. Allons voir quels sont les th\u00e8mes de cours propos\u00e9s ce mois-ci !","twitter_image":"https:\/\/www.ifi-id.com\/wp-content\/uploads\/2023\/08\/wb-berbicara-prancis-agustus-1024x576.jpg","twitter_misc":{"\u00c9crit par":"Ghaisani Azizi Nurul Rizki","Dur\u00e9e de lecture estim\u00e9e":"1 minute"},"schema":{"@context":"https:\/\/schema.org","@graph":[{"@type":"Article","@id":"https:\/\/www.ifi-id.com\/kursus-tematik-sesi-6-2023\/#article","isPartOf":{"@id":"https:\/\/www.ifi-id.com\/kursus-tematik-sesi-6-2023\/"},"author":{"name":"Ghaisani Azizi Nurul Rizki","@id":"https:\/\/www.ifi-id.com\/#\/schema\/person\/a4eae510c216615f5c0f4e02f4edff1b"},"headline":"Cours Th\u00e9matiques session 6 \u2013 2023","datePublished":"2023-08-01T03:54:04+00:00","dateModified":"2023-08-01T03:54:04+00:00","mainEntityOfPage":{"@id":"https:\/\/www.ifi-id.com\/kursus-tematik-sesi-6-2023\/"},"wordCount":133,"publisher":{"@id":"https:\/\/www.ifi-id.com\/#organization"},"image":{"@id":"https:\/\/www.ifi-id.com\/kursus-tematik-sesi-6-2023\/#primaryimage"},"thumbnailUrl":"https:\/\/www.ifi-id.com\/wp-content\/uploads\/2023\/08\/wb-berbicara-prancis-agustus.jpg","keywords":["Cours \u00e0 distance","Linguistique","National"],"articleSection":["Uncategorized"],"inLanguage":"fr-FR"},{"@type":"WebPage","@id":"https:\/\/www.ifi-id.com\/kursus-tematik-sesi-6-2023\/","url":"https:\/\/www.ifi-id.com\/kursus-tematik-sesi-6-2023\/","name":"Cours Th\u00e9matiques session 6 \u2013 2023 - Institut fran\u00e7ais Indon\u00e9sie","isPartOf":{"@id":"https:\/\/www.ifi-id.com\/#website"},"primaryImageOfPage":{"@id":"https:\/\/www.ifi-id.com\/kursus-tematik-sesi-6-2023\/#primaryimage"},"image":{"@id":"https:\/\/www.ifi-id.com\/kursus-tematik-sesi-6-2023\/#primaryimage"},"thumbnailUrl":"https:\/\/www.ifi-id.com\/wp-content\/uploads\/2023\/08\/wb-berbicara-prancis-agustus.jpg","datePublished":"2023-08-01T03:54:04+00:00","dateModified":"2023-08-01T03:54:04+00:00","description":"Vous \u00eates confus car vous avez des besoins sp\u00e9cifiques pour votre apprentissage de la langue fran\u00e7aise\u00a0? Les cours de fran\u00e7ais th\u00e9matiques de l'IFI sont la solution pour toutes celles et tous ceux qui souhaitent apprendre le fran\u00e7ais sur un th\u00e8me pr\u00e9cis. Allons voir quels sont les th\u00e8mes de cours propos\u00e9s ce mois-ci !","breadcrumb":{"@id":"https:\/\/www.ifi-id.com\/kursus-tematik-sesi-6-2023\/#breadcrumb"},"inLanguage":"fr-FR","potentialAction":[{"@type":"ReadAction","target":["https:\/\/www.ifi-id.com\/kursus-tematik-sesi-6-2023\/"]}]},{"@type":"ImageObject","inLanguage":"fr-FR","@id":"https:\/\/www.ifi-id.com\/kursus-tematik-sesi-6-2023\/#primaryimage","url":"https:\/\/www.ifi-id.com\/wp-content\/uploads\/2023\/08\/wb-berbicara-prancis-agustus.jpg","contentUrl":"https:\/\/www.ifi-id.com\/wp-content\/uploads\/2023\/08\/wb-berbicara-prancis-agustus.jpg","width":1280,"height":720},{"@type":"BreadcrumbList","@id":"https:\/\/www.ifi-id.com\/kursus-tematik-sesi-6-2023\/#breadcrumb","itemListElement":[{"@type":"ListItem","position":1,"name":"Home","item":"https:\/\/www.ifi-id.com\/"},{"@type":"ListItem","position":2,"name":"Uncategorized @id","item":"https:\/\/www.ifi-id.com\/category\/uncategorized-id\/"},{"@type":"ListItem","position":3,"name":"Cours Th\u00e9matiques session 6 \u2013 2023"}]},{"@type":"WebSite","@id":"https:\/\/www.ifi-id.com\/#website","url":"https:\/\/www.ifi-id.com\/","name":"Institut fran\u00e7ais Indon\u00e9sie","description":"","publisher":{"@id":"https:\/\/www.ifi-id.com\/#organization"},"potentialAction":[{"@type":"SearchAction","target":{"@type":"EntryPoint","urlTemplate":"https:\/\/www.ifi-id.com\/?s={search_term_string}"},"query-input":{"@type":"PropertyValueSpecification","valueRequired":true,"valueName":"search_term_string"}}],"inLanguage":"fr-FR"},{"@type":"Organization","@id":"https:\/\/www.ifi-id.com\/#organization","name":"Institut fran\u00e7ais Indon\u00e9sie","url":"https:\/\/www.ifi-id.com\/","logo":{"@type":"ImageObject","inLanguage":"fr-FR","@id":"https:\/\/www.ifi-id.com\/#\/schema\/logo\/image\/","url":"https:\/\/www.ifi-id.com\/wp-content\/uploads\/2022\/12\/IFI_New_Logo.jpg","contentUrl":"https:\/\/www.ifi-id.com\/wp-content\/uploads\/2022\/12\/IFI_New_Logo.jpg","width":666,"height":444,"caption":"Institut fran\u00e7ais Indon\u00e9sie"},"image":{"@id":"https:\/\/www.ifi-id.com\/#\/schema\/logo\/image\/"}},{"@type":"Person","@id":"https:\/\/www.ifi-id.com\/#\/schema\/person\/a4eae510c216615f5c0f4e02f4edff1b","name":"Ghaisani Azizi Nurul Rizki","image":{"@type":"ImageObject","inLanguage":"fr-FR","@id":"https:\/\/www.ifi-id.com\/#\/schema\/person\/image\/","url":"https:\/\/secure.gravatar.com\/avatar\/8ce4836ecc2a94798a84b768a7f20853?s=96&d=mm&r=g","contentUrl":"https:\/\/secure.gravatar.com\/avatar\/8ce4836ecc2a94798a84b768a7f20853?s=96&d=mm&r=g","caption":"Ghaisani Azizi Nurul Rizki"},"url":"https:\/\/www.ifi-id.com\/fr\/author\/azizi\/"}]}},"post_mailing_queue_ids":[],"_links":{"self":[{"href":"https:\/\/www.ifi-id.com\/fr\/wp-json\/wp\/v2\/posts\/36985"}],"collection":[{"href":"https:\/\/www.ifi-id.com\/fr\/wp-json\/wp\/v2\/posts"}],"about":[{"href":"https:\/\/www.ifi-id.com\/fr\/wp-json\/wp\/v2\/types\/post"}],"author":[{"embeddable":true,"href":"https:\/\/www.ifi-id.com\/fr\/wp-json\/wp\/v2\/users\/8"}],"replies":[{"embeddable":true,"href":"https:\/\/www.ifi-id.com\/fr\/wp-json\/wp\/v2\/comments?post=36985"}],"version-history":[{"count":1,"href":"https:\/\/www.ifi-id.com\/fr\/wp-json\/wp\/v2\/posts\/36985\/revisions"}],"predecessor-version":[{"id":36986,"href":"https:\/\/www.ifi-id.com\/fr\/wp-json\/wp\/v2\/posts\/36985\/revisions\/36986"}],"wp:featuredmedia":[{"embeddable":true,"href":"https:\/\/www.ifi-id.com\/fr\/wp-json\/wp\/v2\/media\/36980"}],"wp:attachment":[{"href":"https:\/\/www.ifi-id.com\/fr\/wp-json\/wp\/v2\/media?parent=36985"}],"wp:term":[{"taxonomy":"category","embeddable":true,"href":"https:\/\/www.ifi-id.com\/fr\/wp-json\/wp\/v2\/categories?post=36985"},{"taxonomy":"post_tag","embeddable":true,"href":"https:\/\/www.ifi-id.com\/fr\/wp-json\/wp\/v2\/tags?post=36985"}],"curies":[{"name":"wp","href":"https:\/\/api.w.org\/{rel}","templated":true}]}}