{"id":36619,"date":"2023-07-13T11:42:40","date_gmt":"2023-07-13T04:42:40","guid":{"rendered":"https:\/\/www.ifi-id.com\/le-14-juillet-decouvrez-la-fete-nationale-francaise\/"},"modified":"2023-07-13T11:42:40","modified_gmt":"2023-07-13T04:42:40","slug":"le-14-juillet-decouvrez-la-fete-nationale-francaise","status":"publish","type":"post","link":"https:\/\/www.ifi-id.com\/fr\/le-14-juillet-decouvrez-la-fete-nationale-francaise\/","title":{"rendered":"Le 14 juillet: d\u00e9couvrez la f\u00eate nationale fran\u00e7aise"},"content":{"rendered":"\t\t<div data-elementor-type=\"wp-post\" data-elementor-id=\"36619\" class=\"elementor elementor-36619 elementor-36614\" data-elementor-post-type=\"post\">\n\t\t\t\t\t\t<section class=\"elementor-section elementor-top-section elementor-element elementor-element-ad272b6 elementor-section-boxed elementor-section-height-default elementor-section-height-default\" data-id=\"ad272b6\" data-element_type=\"section\">\n\t\t\t\t\t\t<div class=\"elementor-container elementor-column-gap-default\">\n\t\t\t\t\t<div class=\"elementor-column elementor-col-100 elementor-top-column elementor-element elementor-element-84e8b3e\" data-id=\"84e8b3e\" data-element_type=\"column\">\n\t\t\t<div class=\"elementor-widget-wrap elementor-element-populated\">\n\t\t\t\t\t\t<div class=\"elementor-element elementor-element-927edd7 elementor-widget elementor-widget-text-editor\" data-id=\"927edd7\" data-element_type=\"widget\" data-widget_type=\"text-editor.default\">\n\t\t\t\t<div class=\"elementor-widget-container\">\n\t\t\t\t\t\t\t<p>Le jour de la Bastille, La F\u00eate Nationale, Le Quatorze juillet: ces trois expressions font r\u00e9f\u00e9rence \u00e0 un \u00e9v\u00e8nement historique en France et qui a lieu tous les ans au 14 juillet depuis sa premi\u00e8re c\u00e9l\u00e9bration en 1880.<\/p>\n<p>Pourquoi est-ce une f\u00eate importante ?<\/p>\n<p>La F\u00eate Nationale est c\u00e9l\u00e9br\u00e9e en grande pompe dans le but de comm\u00e9morer deux \u00e9v\u00e8nements d\u00e9cisifs dans l\u2019histoire de France. Le premier est le jour de la Bastille en 1789 : la prise du fort de la Bastille cette ann\u00e9e-l\u00e0 est l\u2019un des piliers de la R\u00e9volution Fran\u00e7aise, dans la mesure o\u00f9 elle symbolise la premi\u00e8re victoire du peuple fran\u00e7ais contre l\u2019ancien r\u00e9gime. Le deuxi\u00e8me \u00e9v\u00e8nement important est la F\u00eate de la F\u00e9d\u00e9ration c\u00e9l\u00e9br\u00e9e \u00e0 partir du 14 juillet 1790 aux Champs de Mars. Elle rassemble plus de 300 personnes et met \u00e0 l\u2019honneur les changements op\u00e9r\u00e9s suite \u00e0 la R\u00e9volution Fran\u00e7aise, notamment l\u2019unit\u00e9 du peuple fran\u00e7ais.<\/p>\n<p>En quoi consistent les c\u00e9l\u00e9brations ?<\/p>\n<p>Chaque ann\u00e9e, pour le 14 juillet, les rues de Paris sont envahies par la foule qui se presse pour assister \u00e0 diff\u00e9rents spectacles. Celui qui retient le plus l\u2019attention des Fran\u00e7ais est la Parade Militaire sur l\u2019Avenue des Champs Elys\u00e9es qui rassemble civils et officiers militaires. Lors de cette c\u00e9l\u00e9bration des repr\u00e9sentants \u00e9trangers sont \u00e9galement pr\u00e9sents pour profiter des r\u00e9jouissances aux c\u00f4t\u00e9s du Pr\u00e9sident.<\/p>\n<p>Les Fran\u00e7ais ne font pas qu\u2019assister \u00e0 la parade, ils c\u00e9l\u00e8brent \u00e9galement leur f\u00eate nationale avec diff\u00e9rentes activit\u00e9s de plein air : par exemple manger et se d\u00e9tendre en profitant du bon air, en d\u2019autres mots, faire d\u2019un pique-nique sur le Champs de Mars ou au Trocad\u00e9ro. D\u2019ailleurs ce sont \u00e9galement les endroits parfaits pour accueillir des concerts car ils disposent de vastes espaces avec une vue prenante sur l\u2019embl\u00e9matique Tour Eiffel.<\/p>\n<p>La f\u00eate du Quatorze Juillet ne se termine pas au coucher du soleil, justement elle bat son plein le soir venu ! C\u2019est le moment pour les fran\u00e7ais de se rassembler pour admirer les feux d\u2019artifices qui illuminent le ciel. Par ailleurs, une des traditions les plus repr\u00e9sentatives de la f\u00eate nationale c\u2019est le Bal des Pompiers. Il a g\u00e9n\u00e9ralement lieu \u00e0 la caserne principale de la ville. Il commence vers 19h et se poursuit jusqu\u2019\u00e0 l\u2019aube. Bien s\u00fbr cet \u00e9v\u00e8nement est ouvert au grand public, y compris aux jeunes enfants !<\/p>\n<p>Passionnant n\u2019est-ce pas ?<br \/>\nSi vous voulez en savoir plus sur les traditions fran\u00e7aises, n\u2019h\u00e9sitez pas \u00e0 vous inscrire aux cours de l\u2019IFI pour d\u00e9couvrir la culture fran\u00e7aise !<\/p>\n<p>Cliquez sur les liens ci-dessous pour plus d\u2019informations !<br \/>\n<a href=\"https:\/\/www.ifi-id.com\/fr\/cours-en-ligne\/#\/\">Cours en pr\u00e9sentiel \u00e0 l\u2019IFI<\/a><br \/>\n<a href=\"https:\/\/www.ifi-id.com\/fr\/cours\/#\/\">Cours en ligne \u00e0 l\u2019IFI<\/a><\/p>\n\t\t\t\t\t\t<\/div>\n\t\t\t\t<\/div>\n\t\t\t\t\t<\/div>\n\t\t<\/div>\n\t\t\t\t\t<\/div>\n\t\t<\/section>\n\t\t\t\t<\/div>\n\t\t","protected":false},"excerpt":{"rendered":"<p>Le jour de la Bastille, La F\u00eate Nationale, Le Quatorze juillet: ces trois expressions font r\u00e9f\u00e9rence \u00e0 un \u00e9v\u00e8nement historique en France et qui a lieu tous les ans au 14 juillet depuis sa premi\u00e8re c\u00e9l\u00e9bration en 1880. <\/p>\n","protected":false},"author":8,"featured_media":36611,"comment_status":"closed","ping_status":"closed","sticky":false,"template":"","format":"standard","meta":{"footnotes":""},"categories":[1],"tags":[535,141,387],"class_list":["post-36619","post","type-post","status-publish","format-standard","has-post-thumbnail","hentry","category-uncategorized","tag-blog-du-cours","tag-linguistique","tag-national"],"yoast_head":"<!-- This site is optimized with the Yoast SEO plugin v23.5 - https:\/\/yoast.com\/wordpress\/plugins\/seo\/ -->\n<title>Le 14 juillet: d\u00e9couvrez la f\u00eate nationale fran\u00e7aise - Institut fran\u00e7ais Indon\u00e9sie<\/title>\n<meta name=\"description\" content=\"Le jour de la Bastille, La F\u00eate Nationale, Le Quatorze juillet: ces trois expressions font r\u00e9f\u00e9rence \u00e0 un \u00e9v\u00e8nement historique en France et qui a lieu tous les ans au 14 juillet depuis sa premi\u00e8re c\u00e9l\u00e9bration en 1880.\" \/>\n<meta name=\"robots\" content=\"index, follow, max-snippet:-1, max-image-preview:large, max-video-preview:-1\" \/>\n<link rel=\"canonical\" href=\"https:\/\/www.ifi-id.com\/fete-nationale-14-juillet-kenali-lebih-dalam-hari-ulang-tahun-prancis\/\" \/>\n<meta property=\"og:locale\" content=\"fr_FR\" \/>\n<meta property=\"og:type\" content=\"article\" \/>\n<meta property=\"og:title\" content=\"Le 14 juillet: d\u00e9couvrez la f\u00eate nationale fran\u00e7aise\" \/>\n<meta property=\"og:description\" content=\"Le jour de la Bastille, La F\u00eate Nationale, Le Quatorze juillet: ces trois expressions font r\u00e9f\u00e9rence \u00e0 un \u00e9v\u00e8nement historique en France et qui a lieu tous les ans au 14 juillet depuis sa premi\u00e8re c\u00e9l\u00e9bration en 1880.\" \/>\n<meta property=\"og:url\" content=\"https:\/\/www.ifi-id.com\/fete-nationale-14-juillet-kenali-lebih-dalam-hari-ulang-tahun-prancis\/\" \/>\n<meta property=\"og:site_name\" content=\"Institut fran\u00e7ais Indon\u00e9sie\" \/>\n<meta property=\"article:published_time\" content=\"2023-07-13T04:42:40+00:00\" \/>\n<meta property=\"og:image\" content=\"https:\/\/www.ifi-id.com\/wp-content\/uploads\/2023\/07\/wb-lingu.jpg\" \/>\n<meta name=\"author\" content=\"Ghaisani Azizi Nurul Rizki\" \/>\n<meta name=\"twitter:card\" content=\"summary_large_image\" \/>\n<meta name=\"twitter:title\" content=\"Le 14 juillet: d\u00e9couvrez la f\u00eate nationale fran\u00e7aise\" \/>\n<meta name=\"twitter:description\" content=\"Le jour de la Bastille, La F\u00eate Nationale, Le Quatorze juillet: ces trois expressions font r\u00e9f\u00e9rence \u00e0 un \u00e9v\u00e8nement historique en France et qui a lieu tous les ans au 14 juillet depuis sa premi\u00e8re c\u00e9l\u00e9bration en 1880.\" \/>\n<meta name=\"twitter:image\" content=\"https:\/\/www.ifi-id.com\/wp-content\/uploads\/2023\/07\/wb-lingu-1024x576.jpg\" \/>\n<meta name=\"twitter:label1\" content=\"\u00c9crit par\" \/>\n\t<meta name=\"twitter:data1\" content=\"Ghaisani Azizi Nurul Rizki\" \/>\n\t<meta name=\"twitter:label2\" content=\"Dur\u00e9e de lecture estim\u00e9e\" \/>\n\t<meta name=\"twitter:data2\" content=\"2 minutes\" \/>\n<script type=\"application\/ld+json\" class=\"yoast-schema-graph\">{\"@context\":\"https:\/\/schema.org\",\"@graph\":[{\"@type\":\"Article\",\"@id\":\"https:\/\/www.ifi-id.com\/fete-nationale-14-juillet-kenali-lebih-dalam-hari-ulang-tahun-prancis\/#article\",\"isPartOf\":{\"@id\":\"https:\/\/www.ifi-id.com\/fete-nationale-14-juillet-kenali-lebih-dalam-hari-ulang-tahun-prancis\/\"},\"author\":{\"name\":\"Ghaisani Azizi Nurul Rizki\",\"@id\":\"https:\/\/www.ifi-id.com\/#\/schema\/person\/a4eae510c216615f5c0f4e02f4edff1b\"},\"headline\":\"Le 14 juillet: d\u00e9couvrez la f\u00eate nationale fran\u00e7aise\",\"datePublished\":\"2023-07-13T04:42:40+00:00\",\"dateModified\":\"2023-07-13T04:42:40+00:00\",\"mainEntityOfPage\":{\"@id\":\"https:\/\/www.ifi-id.com\/fete-nationale-14-juillet-kenali-lebih-dalam-hari-ulang-tahun-prancis\/\"},\"wordCount\":509,\"publisher\":{\"@id\":\"https:\/\/www.ifi-id.com\/#organization\"},\"image\":{\"@id\":\"https:\/\/www.ifi-id.com\/fete-nationale-14-juillet-kenali-lebih-dalam-hari-ulang-tahun-prancis\/#primaryimage\"},\"thumbnailUrl\":\"https:\/\/www.ifi-id.com\/wp-content\/uploads\/2023\/07\/wb-lingu.jpg\",\"keywords\":[\"Blog du cours\",\"Linguistique\",\"National\"],\"articleSection\":[\"Uncategorized\"],\"inLanguage\":\"fr-FR\"},{\"@type\":\"WebPage\",\"@id\":\"https:\/\/www.ifi-id.com\/fete-nationale-14-juillet-kenali-lebih-dalam-hari-ulang-tahun-prancis\/\",\"url\":\"https:\/\/www.ifi-id.com\/fete-nationale-14-juillet-kenali-lebih-dalam-hari-ulang-tahun-prancis\/\",\"name\":\"Le 14 juillet: d\u00e9couvrez la f\u00eate nationale fran\u00e7aise - Institut fran\u00e7ais Indon\u00e9sie\",\"isPartOf\":{\"@id\":\"https:\/\/www.ifi-id.com\/#website\"},\"primaryImageOfPage\":{\"@id\":\"https:\/\/www.ifi-id.com\/fete-nationale-14-juillet-kenali-lebih-dalam-hari-ulang-tahun-prancis\/#primaryimage\"},\"image\":{\"@id\":\"https:\/\/www.ifi-id.com\/fete-nationale-14-juillet-kenali-lebih-dalam-hari-ulang-tahun-prancis\/#primaryimage\"},\"thumbnailUrl\":\"https:\/\/www.ifi-id.com\/wp-content\/uploads\/2023\/07\/wb-lingu.jpg\",\"datePublished\":\"2023-07-13T04:42:40+00:00\",\"dateModified\":\"2023-07-13T04:42:40+00:00\",\"description\":\"Le jour de la Bastille, La F\u00eate Nationale, Le Quatorze juillet: ces trois expressions font r\u00e9f\u00e9rence \u00e0 un \u00e9v\u00e8nement historique en France et qui a lieu tous les ans au 14 juillet depuis sa premi\u00e8re c\u00e9l\u00e9bration en 1880.\",\"breadcrumb\":{\"@id\":\"https:\/\/www.ifi-id.com\/fete-nationale-14-juillet-kenali-lebih-dalam-hari-ulang-tahun-prancis\/#breadcrumb\"},\"inLanguage\":\"fr-FR\",\"potentialAction\":[{\"@type\":\"ReadAction\",\"target\":[\"https:\/\/www.ifi-id.com\/fete-nationale-14-juillet-kenali-lebih-dalam-hari-ulang-tahun-prancis\/\"]}]},{\"@type\":\"ImageObject\",\"inLanguage\":\"fr-FR\",\"@id\":\"https:\/\/www.ifi-id.com\/fete-nationale-14-juillet-kenali-lebih-dalam-hari-ulang-tahun-prancis\/#primaryimage\",\"url\":\"https:\/\/www.ifi-id.com\/wp-content\/uploads\/2023\/07\/wb-lingu.jpg\",\"contentUrl\":\"https:\/\/www.ifi-id.com\/wp-content\/uploads\/2023\/07\/wb-lingu.jpg\",\"width\":1280,\"height\":720},{\"@type\":\"BreadcrumbList\",\"@id\":\"https:\/\/www.ifi-id.com\/fete-nationale-14-juillet-kenali-lebih-dalam-hari-ulang-tahun-prancis\/#breadcrumb\",\"itemListElement\":[{\"@type\":\"ListItem\",\"position\":1,\"name\":\"Home\",\"item\":\"https:\/\/www.ifi-id.com\/\"},{\"@type\":\"ListItem\",\"position\":2,\"name\":\"Uncategorized @id\",\"item\":\"https:\/\/www.ifi-id.com\/category\/uncategorized-id\/\"},{\"@type\":\"ListItem\",\"position\":3,\"name\":\"Le 14 juillet: d\u00e9couvrez la f\u00eate nationale fran\u00e7aise\"}]},{\"@type\":\"WebSite\",\"@id\":\"https:\/\/www.ifi-id.com\/#website\",\"url\":\"https:\/\/www.ifi-id.com\/\",\"name\":\"Institut fran\u00e7ais Indon\u00e9sie\",\"description\":\"\",\"publisher\":{\"@id\":\"https:\/\/www.ifi-id.com\/#organization\"},\"potentialAction\":[{\"@type\":\"SearchAction\",\"target\":{\"@type\":\"EntryPoint\",\"urlTemplate\":\"https:\/\/www.ifi-id.com\/?s={search_term_string}\"},\"query-input\":{\"@type\":\"PropertyValueSpecification\",\"valueRequired\":true,\"valueName\":\"search_term_string\"}}],\"inLanguage\":\"fr-FR\"},{\"@type\":\"Organization\",\"@id\":\"https:\/\/www.ifi-id.com\/#organization\",\"name\":\"Institut fran\u00e7ais Indon\u00e9sie\",\"url\":\"https:\/\/www.ifi-id.com\/\",\"logo\":{\"@type\":\"ImageObject\",\"inLanguage\":\"fr-FR\",\"@id\":\"https:\/\/www.ifi-id.com\/#\/schema\/logo\/image\/\",\"url\":\"https:\/\/www.ifi-id.com\/wp-content\/uploads\/2022\/12\/IFI_New_Logo.jpg\",\"contentUrl\":\"https:\/\/www.ifi-id.com\/wp-content\/uploads\/2022\/12\/IFI_New_Logo.jpg\",\"width\":666,\"height\":444,\"caption\":\"Institut fran\u00e7ais Indon\u00e9sie\"},\"image\":{\"@id\":\"https:\/\/www.ifi-id.com\/#\/schema\/logo\/image\/\"}},{\"@type\":\"Person\",\"@id\":\"https:\/\/www.ifi-id.com\/#\/schema\/person\/a4eae510c216615f5c0f4e02f4edff1b\",\"name\":\"Ghaisani Azizi Nurul Rizki\",\"image\":{\"@type\":\"ImageObject\",\"inLanguage\":\"fr-FR\",\"@id\":\"https:\/\/www.ifi-id.com\/#\/schema\/person\/image\/\",\"url\":\"https:\/\/secure.gravatar.com\/avatar\/8ce4836ecc2a94798a84b768a7f20853?s=96&d=mm&r=g\",\"contentUrl\":\"https:\/\/secure.gravatar.com\/avatar\/8ce4836ecc2a94798a84b768a7f20853?s=96&d=mm&r=g\",\"caption\":\"Ghaisani Azizi Nurul Rizki\"},\"url\":\"https:\/\/www.ifi-id.com\/fr\/author\/azizi\/\"}]}<\/script>\n<!-- \/ Yoast SEO plugin. -->","yoast_head_json":{"title":"Le 14 juillet: d\u00e9couvrez la f\u00eate nationale fran\u00e7aise - Institut fran\u00e7ais Indon\u00e9sie","description":"Le jour de la Bastille, La F\u00eate Nationale, Le Quatorze juillet: ces trois expressions font r\u00e9f\u00e9rence \u00e0 un \u00e9v\u00e8nement historique en France et qui a lieu tous les ans au 14 juillet depuis sa premi\u00e8re c\u00e9l\u00e9bration en 1880.","robots":{"index":"index","follow":"follow","max-snippet":"max-snippet:-1","max-image-preview":"max-image-preview:large","max-video-preview":"max-video-preview:-1"},"canonical":"https:\/\/www.ifi-id.com\/fete-nationale-14-juillet-kenali-lebih-dalam-hari-ulang-tahun-prancis\/","og_locale":"fr_FR","og_type":"article","og_title":"Le 14 juillet: d\u00e9couvrez la f\u00eate nationale fran\u00e7aise","og_description":"Le jour de la Bastille, La F\u00eate Nationale, Le Quatorze juillet: ces trois expressions font r\u00e9f\u00e9rence \u00e0 un \u00e9v\u00e8nement historique en France et qui a lieu tous les ans au 14 juillet depuis sa premi\u00e8re c\u00e9l\u00e9bration en 1880.","og_url":"https:\/\/www.ifi-id.com\/fete-nationale-14-juillet-kenali-lebih-dalam-hari-ulang-tahun-prancis\/","og_site_name":"Institut fran\u00e7ais Indon\u00e9sie","article_published_time":"2023-07-13T04:42:40+00:00","og_image":[{"url":"https:\/\/www.ifi-id.com\/wp-content\/uploads\/2023\/07\/wb-lingu.jpg"}],"author":"Ghaisani Azizi Nurul Rizki","twitter_card":"summary_large_image","twitter_title":"Le 14 juillet: d\u00e9couvrez la f\u00eate nationale fran\u00e7aise","twitter_description":"Le jour de la Bastille, La F\u00eate Nationale, Le Quatorze juillet: ces trois expressions font r\u00e9f\u00e9rence \u00e0 un \u00e9v\u00e8nement historique en France et qui a lieu tous les ans au 14 juillet depuis sa premi\u00e8re c\u00e9l\u00e9bration en 1880.","twitter_image":"https:\/\/www.ifi-id.com\/wp-content\/uploads\/2023\/07\/wb-lingu-1024x576.jpg","twitter_misc":{"\u00c9crit par":"Ghaisani Azizi Nurul Rizki","Dur\u00e9e de lecture estim\u00e9e":"2 minutes"},"schema":{"@context":"https:\/\/schema.org","@graph":[{"@type":"Article","@id":"https:\/\/www.ifi-id.com\/fete-nationale-14-juillet-kenali-lebih-dalam-hari-ulang-tahun-prancis\/#article","isPartOf":{"@id":"https:\/\/www.ifi-id.com\/fete-nationale-14-juillet-kenali-lebih-dalam-hari-ulang-tahun-prancis\/"},"author":{"name":"Ghaisani Azizi Nurul Rizki","@id":"https:\/\/www.ifi-id.com\/#\/schema\/person\/a4eae510c216615f5c0f4e02f4edff1b"},"headline":"Le 14 juillet: d\u00e9couvrez la f\u00eate nationale fran\u00e7aise","datePublished":"2023-07-13T04:42:40+00:00","dateModified":"2023-07-13T04:42:40+00:00","mainEntityOfPage":{"@id":"https:\/\/www.ifi-id.com\/fete-nationale-14-juillet-kenali-lebih-dalam-hari-ulang-tahun-prancis\/"},"wordCount":509,"publisher":{"@id":"https:\/\/www.ifi-id.com\/#organization"},"image":{"@id":"https:\/\/www.ifi-id.com\/fete-nationale-14-juillet-kenali-lebih-dalam-hari-ulang-tahun-prancis\/#primaryimage"},"thumbnailUrl":"https:\/\/www.ifi-id.com\/wp-content\/uploads\/2023\/07\/wb-lingu.jpg","keywords":["Blog du cours","Linguistique","National"],"articleSection":["Uncategorized"],"inLanguage":"fr-FR"},{"@type":"WebPage","@id":"https:\/\/www.ifi-id.com\/fete-nationale-14-juillet-kenali-lebih-dalam-hari-ulang-tahun-prancis\/","url":"https:\/\/www.ifi-id.com\/fete-nationale-14-juillet-kenali-lebih-dalam-hari-ulang-tahun-prancis\/","name":"Le 14 juillet: d\u00e9couvrez la f\u00eate nationale fran\u00e7aise - Institut fran\u00e7ais Indon\u00e9sie","isPartOf":{"@id":"https:\/\/www.ifi-id.com\/#website"},"primaryImageOfPage":{"@id":"https:\/\/www.ifi-id.com\/fete-nationale-14-juillet-kenali-lebih-dalam-hari-ulang-tahun-prancis\/#primaryimage"},"image":{"@id":"https:\/\/www.ifi-id.com\/fete-nationale-14-juillet-kenali-lebih-dalam-hari-ulang-tahun-prancis\/#primaryimage"},"thumbnailUrl":"https:\/\/www.ifi-id.com\/wp-content\/uploads\/2023\/07\/wb-lingu.jpg","datePublished":"2023-07-13T04:42:40+00:00","dateModified":"2023-07-13T04:42:40+00:00","description":"Le jour de la Bastille, La F\u00eate Nationale, Le Quatorze juillet: ces trois expressions font r\u00e9f\u00e9rence \u00e0 un \u00e9v\u00e8nement historique en France et qui a lieu tous les ans au 14 juillet depuis sa premi\u00e8re c\u00e9l\u00e9bration en 1880.","breadcrumb":{"@id":"https:\/\/www.ifi-id.com\/fete-nationale-14-juillet-kenali-lebih-dalam-hari-ulang-tahun-prancis\/#breadcrumb"},"inLanguage":"fr-FR","potentialAction":[{"@type":"ReadAction","target":["https:\/\/www.ifi-id.com\/fete-nationale-14-juillet-kenali-lebih-dalam-hari-ulang-tahun-prancis\/"]}]},{"@type":"ImageObject","inLanguage":"fr-FR","@id":"https:\/\/www.ifi-id.com\/fete-nationale-14-juillet-kenali-lebih-dalam-hari-ulang-tahun-prancis\/#primaryimage","url":"https:\/\/www.ifi-id.com\/wp-content\/uploads\/2023\/07\/wb-lingu.jpg","contentUrl":"https:\/\/www.ifi-id.com\/wp-content\/uploads\/2023\/07\/wb-lingu.jpg","width":1280,"height":720},{"@type":"BreadcrumbList","@id":"https:\/\/www.ifi-id.com\/fete-nationale-14-juillet-kenali-lebih-dalam-hari-ulang-tahun-prancis\/#breadcrumb","itemListElement":[{"@type":"ListItem","position":1,"name":"Home","item":"https:\/\/www.ifi-id.com\/"},{"@type":"ListItem","position":2,"name":"Uncategorized @id","item":"https:\/\/www.ifi-id.com\/category\/uncategorized-id\/"},{"@type":"ListItem","position":3,"name":"Le 14 juillet: d\u00e9couvrez la f\u00eate nationale fran\u00e7aise"}]},{"@type":"WebSite","@id":"https:\/\/www.ifi-id.com\/#website","url":"https:\/\/www.ifi-id.com\/","name":"Institut fran\u00e7ais Indon\u00e9sie","description":"","publisher":{"@id":"https:\/\/www.ifi-id.com\/#organization"},"potentialAction":[{"@type":"SearchAction","target":{"@type":"EntryPoint","urlTemplate":"https:\/\/www.ifi-id.com\/?s={search_term_string}"},"query-input":{"@type":"PropertyValueSpecification","valueRequired":true,"valueName":"search_term_string"}}],"inLanguage":"fr-FR"},{"@type":"Organization","@id":"https:\/\/www.ifi-id.com\/#organization","name":"Institut fran\u00e7ais Indon\u00e9sie","url":"https:\/\/www.ifi-id.com\/","logo":{"@type":"ImageObject","inLanguage":"fr-FR","@id":"https:\/\/www.ifi-id.com\/#\/schema\/logo\/image\/","url":"https:\/\/www.ifi-id.com\/wp-content\/uploads\/2022\/12\/IFI_New_Logo.jpg","contentUrl":"https:\/\/www.ifi-id.com\/wp-content\/uploads\/2022\/12\/IFI_New_Logo.jpg","width":666,"height":444,"caption":"Institut fran\u00e7ais Indon\u00e9sie"},"image":{"@id":"https:\/\/www.ifi-id.com\/#\/schema\/logo\/image\/"}},{"@type":"Person","@id":"https:\/\/www.ifi-id.com\/#\/schema\/person\/a4eae510c216615f5c0f4e02f4edff1b","name":"Ghaisani Azizi Nurul Rizki","image":{"@type":"ImageObject","inLanguage":"fr-FR","@id":"https:\/\/www.ifi-id.com\/#\/schema\/person\/image\/","url":"https:\/\/secure.gravatar.com\/avatar\/8ce4836ecc2a94798a84b768a7f20853?s=96&d=mm&r=g","contentUrl":"https:\/\/secure.gravatar.com\/avatar\/8ce4836ecc2a94798a84b768a7f20853?s=96&d=mm&r=g","caption":"Ghaisani Azizi Nurul Rizki"},"url":"https:\/\/www.ifi-id.com\/fr\/author\/azizi\/"}]}},"post_mailing_queue_ids":[],"_links":{"self":[{"href":"https:\/\/www.ifi-id.com\/fr\/wp-json\/wp\/v2\/posts\/36619"}],"collection":[{"href":"https:\/\/www.ifi-id.com\/fr\/wp-json\/wp\/v2\/posts"}],"about":[{"href":"https:\/\/www.ifi-id.com\/fr\/wp-json\/wp\/v2\/types\/post"}],"author":[{"embeddable":true,"href":"https:\/\/www.ifi-id.com\/fr\/wp-json\/wp\/v2\/users\/8"}],"replies":[{"embeddable":true,"href":"https:\/\/www.ifi-id.com\/fr\/wp-json\/wp\/v2\/comments?post=36619"}],"version-history":[{"count":1,"href":"https:\/\/www.ifi-id.com\/fr\/wp-json\/wp\/v2\/posts\/36619\/revisions"}],"predecessor-version":[{"id":36620,"href":"https:\/\/www.ifi-id.com\/fr\/wp-json\/wp\/v2\/posts\/36619\/revisions\/36620"}],"wp:featuredmedia":[{"embeddable":true,"href":"https:\/\/www.ifi-id.com\/fr\/wp-json\/wp\/v2\/media\/36611"}],"wp:attachment":[{"href":"https:\/\/www.ifi-id.com\/fr\/wp-json\/wp\/v2\/media?parent=36619"}],"wp:term":[{"taxonomy":"category","embeddable":true,"href":"https:\/\/www.ifi-id.com\/fr\/wp-json\/wp\/v2\/categories?post=36619"},{"taxonomy":"post_tag","embeddable":true,"href":"https:\/\/www.ifi-id.com\/fr\/wp-json\/wp\/v2\/tags?post=36619"}],"curies":[{"name":"wp","href":"https:\/\/api.w.org\/{rel}","templated":true}]}}