{"id":32609,"date":"2023-02-02T16:03:24","date_gmt":"2023-02-02T09:03:24","guid":{"rendered":"https:\/\/www.ifi-id.com\/waktunya-meraih-mimpimu-bisa-berbahasa-prancis\/"},"modified":"2023-02-02T16:03:24","modified_gmt":"2023-02-02T09:03:24","slug":"waktunya-meraih-mimpimu-bisa-berbahasa-prancis","status":"publish","type":"post","link":"https:\/\/www.ifi-id.com\/fr\/waktunya-meraih-mimpimu-bisa-berbahasa-prancis\/","title":{"rendered":"IL EST TEMPS DE R\u00c9ALISER VOTRE R\u00caVE DE PARLER FRAN\u00c7AIS !"},"content":{"rendered":"\t\t<div data-elementor-type=\"wp-post\" data-elementor-id=\"32609\" class=\"elementor elementor-32609 elementor-32602\" data-elementor-post-type=\"post\">\n\t\t\t\t\t\t<section class=\"elementor-section elementor-top-section elementor-element elementor-element-d529bbf elementor-section-boxed elementor-section-height-default elementor-section-height-default\" data-id=\"d529bbf\" data-element_type=\"section\">\n\t\t\t\t\t\t<div class=\"elementor-container elementor-column-gap-default\">\n\t\t\t\t\t<div class=\"elementor-column elementor-col-100 elementor-top-column elementor-element elementor-element-e711aed\" data-id=\"e711aed\" data-element_type=\"column\">\n\t\t\t<div class=\"elementor-widget-wrap elementor-element-populated\">\n\t\t\t\t\t\t<div class=\"elementor-element elementor-element-617164e elementor-widget elementor-widget-text-editor\" data-id=\"617164e\" data-element_type=\"widget\" data-widget_type=\"text-editor.default\">\n\t\t\t\t<div class=\"elementor-widget-container\">\n\t\t\t\t\t\t\t<p>Nous ouvrons l\u2019inscription des cours extensifs de la session f\u00e9vrier 2023 du niveau d\u00e9butant A1.1 jusqu\u2019au B2.1.<\/p>\n<p>Les horaires de ce type de cours sont parfaites pour vous qui voulez r\u00e9aliser votre r\u00eave\u00a0mais vous n\u2019avez pas beaucoup de temps libres\u00a0! Il y a surement quelques choix d\u2019horaires disponibles.<\/p>\n<p>Invitez vos amis ou votre famille \u00e0 suivre ces cours de fran\u00e7ais, et vous obtiendrez un joli cahier de l\u2019IFI Surabaya.<\/p>\n<p>Nous vous attendons\u00a0!<\/p>\n<p><strong>Information\u00a0:<\/strong><br \/>\nWA :\u00a0<a href=\"http:\/\/wa.me\/6281231306739\" target=\"_blank\" rel=\"noopener\">+62 812-3130-6739<\/a>\u00a0\/\u00a0<a href=\"http:\/\/wa.me\/6281230858121\" target=\"_blank\" rel=\"noopener\">+62 812-3085-8121<\/a><br \/>\nEmail :\u00a0<a href=\"mailto:kursus.surabaya@ifi-id.com\">kursus.surabaya@ifi-id.com<\/a><\/p>\n\t\t\t\t\t\t<\/div>\n\t\t\t\t<\/div>\n\t\t\t\t\t<\/div>\n\t\t<\/div>\n\t\t\t\t\t<\/div>\n\t\t<\/section>\n\t\t\t\t<\/div>\n\t\t","protected":false},"excerpt":{"rendered":"<p>Nous ouvrons l\u2019inscription des cours extensifs de la session f\u00e9vrier 2023 du niveau d\u00e9butant A1.1 jusqu\u2019au B2.1.<\/p>\n","protected":false},"author":5,"featured_media":32604,"comment_status":"closed","ping_status":"closed","sticky":false,"template":"","format":"standard","meta":{"footnotes":""},"categories":[385],"tags":[141,72],"class_list":["post-32609","post","type-post","status-publish","format-standard","has-post-thumbnail","hentry","category-linguistique","tag-linguistique","tag-surabaya-fr"],"yoast_head":"<!-- This site is optimized with the Yoast SEO plugin v23.5 - https:\/\/yoast.com\/wordpress\/plugins\/seo\/ -->\n<title>IL EST TEMPS DE R\u00c9ALISER VOTRE R\u00caVE DE PARLER FRAN\u00c7AIS ! - Institut fran\u00e7ais Indon\u00e9sie<\/title>\n<meta name=\"description\" content=\"Nous ouvrons l\u2019inscription des cours extensifs de la session f\u00e9vrier 2023 du niveau d\u00e9butant A1.1 jusqu\u2019au B2.1.\" \/>\n<meta name=\"robots\" content=\"index, follow, max-snippet:-1, max-image-preview:large, max-video-preview:-1\" \/>\n<link rel=\"canonical\" href=\"https:\/\/www.ifi-id.com\/waktunya-meraih-mimpimu-bisa-berbahasa-prancis\/\" \/>\n<meta property=\"og:locale\" content=\"fr_FR\" \/>\n<meta property=\"og:type\" content=\"article\" \/>\n<meta property=\"og:title\" content=\"IL EST TEMPS DE R\u00c9ALISER VOTRE R\u00caVE DE PARLER FRAN\u00c7AIS ! - Institut fran\u00e7ais Indon\u00e9sie\" \/>\n<meta property=\"og:description\" content=\"Nous ouvrons l\u2019inscription des cours extensifs de la session f\u00e9vrier 2023 du niveau d\u00e9butant A1.1 jusqu\u2019au B2.1.\" \/>\n<meta property=\"og:url\" content=\"https:\/\/www.ifi-id.com\/waktunya-meraih-mimpimu-bisa-berbahasa-prancis\/\" \/>\n<meta property=\"og:site_name\" content=\"Institut fran\u00e7ais Indon\u00e9sie\" \/>\n<meta property=\"article:published_time\" content=\"2023-02-02T09:03:24+00:00\" \/>\n<meta property=\"og:image\" content=\"https:\/\/www.ifi-id.com\/wp-content\/uploads\/2023\/02\/Web-Banner.jpg\" \/>\n\t<meta property=\"og:image:width\" content=\"1280\" \/>\n\t<meta property=\"og:image:height\" content=\"720\" \/>\n\t<meta property=\"og:image:type\" content=\"image\/jpeg\" \/>\n<meta name=\"author\" content=\"surabaya\" \/>\n<meta name=\"twitter:card\" content=\"summary_large_image\" \/>\n<meta name=\"twitter:label1\" content=\"\u00c9crit par\" \/>\n\t<meta name=\"twitter:data1\" content=\"surabaya\" \/>\n<script type=\"application\/ld+json\" class=\"yoast-schema-graph\">{\"@context\":\"https:\/\/schema.org\",\"@graph\":[{\"@type\":\"Article\",\"@id\":\"https:\/\/www.ifi-id.com\/waktunya-meraih-mimpimu-bisa-berbahasa-prancis\/#article\",\"isPartOf\":{\"@id\":\"https:\/\/www.ifi-id.com\/waktunya-meraih-mimpimu-bisa-berbahasa-prancis\/\"},\"author\":{\"name\":\"surabaya\",\"@id\":\"https:\/\/www.ifi-id.com\/#\/schema\/person\/750306b2d93fe8a7cbbbcfff8f5811a5\"},\"headline\":\"IL EST TEMPS DE R\u00c9ALISER VOTRE R\u00caVE DE PARLER FRAN\u00c7AIS !\",\"datePublished\":\"2023-02-02T09:03:24+00:00\",\"dateModified\":\"2023-02-02T09:03:24+00:00\",\"mainEntityOfPage\":{\"@id\":\"https:\/\/www.ifi-id.com\/waktunya-meraih-mimpimu-bisa-berbahasa-prancis\/\"},\"wordCount\":105,\"publisher\":{\"@id\":\"https:\/\/www.ifi-id.com\/#organization\"},\"image\":{\"@id\":\"https:\/\/www.ifi-id.com\/waktunya-meraih-mimpimu-bisa-berbahasa-prancis\/#primaryimage\"},\"thumbnailUrl\":\"https:\/\/www.ifi-id.com\/wp-content\/uploads\/2023\/02\/Web-Banner.jpg\",\"keywords\":[\"Linguistique\",\"Surabaya\"],\"articleSection\":[\"Linguistique\"],\"inLanguage\":\"fr-FR\"},{\"@type\":\"WebPage\",\"@id\":\"https:\/\/www.ifi-id.com\/waktunya-meraih-mimpimu-bisa-berbahasa-prancis\/\",\"url\":\"https:\/\/www.ifi-id.com\/waktunya-meraih-mimpimu-bisa-berbahasa-prancis\/\",\"name\":\"IL EST TEMPS DE R\u00c9ALISER VOTRE R\u00caVE DE PARLER FRAN\u00c7AIS ! - Institut fran\u00e7ais Indon\u00e9sie\",\"isPartOf\":{\"@id\":\"https:\/\/www.ifi-id.com\/#website\"},\"primaryImageOfPage\":{\"@id\":\"https:\/\/www.ifi-id.com\/waktunya-meraih-mimpimu-bisa-berbahasa-prancis\/#primaryimage\"},\"image\":{\"@id\":\"https:\/\/www.ifi-id.com\/waktunya-meraih-mimpimu-bisa-berbahasa-prancis\/#primaryimage\"},\"thumbnailUrl\":\"https:\/\/www.ifi-id.com\/wp-content\/uploads\/2023\/02\/Web-Banner.jpg\",\"datePublished\":\"2023-02-02T09:03:24+00:00\",\"dateModified\":\"2023-02-02T09:03:24+00:00\",\"description\":\"Nous ouvrons l\u2019inscription des cours extensifs de la session f\u00e9vrier 2023 du niveau d\u00e9butant A1.1 jusqu\u2019au B2.1.\",\"breadcrumb\":{\"@id\":\"https:\/\/www.ifi-id.com\/waktunya-meraih-mimpimu-bisa-berbahasa-prancis\/#breadcrumb\"},\"inLanguage\":\"fr-FR\",\"potentialAction\":[{\"@type\":\"ReadAction\",\"target\":[\"https:\/\/www.ifi-id.com\/waktunya-meraih-mimpimu-bisa-berbahasa-prancis\/\"]}]},{\"@type\":\"ImageObject\",\"inLanguage\":\"fr-FR\",\"@id\":\"https:\/\/www.ifi-id.com\/waktunya-meraih-mimpimu-bisa-berbahasa-prancis\/#primaryimage\",\"url\":\"https:\/\/www.ifi-id.com\/wp-content\/uploads\/2023\/02\/Web-Banner.jpg\",\"contentUrl\":\"https:\/\/www.ifi-id.com\/wp-content\/uploads\/2023\/02\/Web-Banner.jpg\",\"width\":1280,\"height\":720},{\"@type\":\"BreadcrumbList\",\"@id\":\"https:\/\/www.ifi-id.com\/waktunya-meraih-mimpimu-bisa-berbahasa-prancis\/#breadcrumb\",\"itemListElement\":[{\"@type\":\"ListItem\",\"position\":1,\"name\":\"Home\",\"item\":\"https:\/\/www.ifi-id.com\/\"},{\"@type\":\"ListItem\",\"position\":2,\"name\":\"Bahasa\",\"item\":\"https:\/\/www.ifi-id.com\/category\/bahasa\/\"},{\"@type\":\"ListItem\",\"position\":3,\"name\":\"IL EST TEMPS DE R\u00c9ALISER VOTRE R\u00caVE DE PARLER FRAN\u00c7AIS !\"}]},{\"@type\":\"WebSite\",\"@id\":\"https:\/\/www.ifi-id.com\/#website\",\"url\":\"https:\/\/www.ifi-id.com\/\",\"name\":\"Institut fran\u00e7ais Indon\u00e9sie\",\"description\":\"\",\"publisher\":{\"@id\":\"https:\/\/www.ifi-id.com\/#organization\"},\"potentialAction\":[{\"@type\":\"SearchAction\",\"target\":{\"@type\":\"EntryPoint\",\"urlTemplate\":\"https:\/\/www.ifi-id.com\/?s={search_term_string}\"},\"query-input\":{\"@type\":\"PropertyValueSpecification\",\"valueRequired\":true,\"valueName\":\"search_term_string\"}}],\"inLanguage\":\"fr-FR\"},{\"@type\":\"Organization\",\"@id\":\"https:\/\/www.ifi-id.com\/#organization\",\"name\":\"Institut fran\u00e7ais Indon\u00e9sie\",\"url\":\"https:\/\/www.ifi-id.com\/\",\"logo\":{\"@type\":\"ImageObject\",\"inLanguage\":\"fr-FR\",\"@id\":\"https:\/\/www.ifi-id.com\/#\/schema\/logo\/image\/\",\"url\":\"https:\/\/www.ifi-id.com\/wp-content\/uploads\/2022\/12\/IFI_New_Logo.jpg\",\"contentUrl\":\"https:\/\/www.ifi-id.com\/wp-content\/uploads\/2022\/12\/IFI_New_Logo.jpg\",\"width\":666,\"height\":444,\"caption\":\"Institut fran\u00e7ais Indon\u00e9sie\"},\"image\":{\"@id\":\"https:\/\/www.ifi-id.com\/#\/schema\/logo\/image\/\"}},{\"@type\":\"Person\",\"@id\":\"https:\/\/www.ifi-id.com\/#\/schema\/person\/750306b2d93fe8a7cbbbcfff8f5811a5\",\"name\":\"surabaya\",\"image\":{\"@type\":\"ImageObject\",\"inLanguage\":\"fr-FR\",\"@id\":\"https:\/\/www.ifi-id.com\/#\/schema\/person\/image\/\",\"url\":\"https:\/\/secure.gravatar.com\/avatar\/a71adb113a3cf295c91c7a3ed9d5eca4?s=96&d=mm&r=g\",\"contentUrl\":\"https:\/\/secure.gravatar.com\/avatar\/a71adb113a3cf295c91c7a3ed9d5eca4?s=96&d=mm&r=g\",\"caption\":\"surabaya\"},\"url\":\"https:\/\/www.ifi-id.com\/fr\/author\/ifi_surabaya\/\"}]}<\/script>\n<!-- \/ Yoast SEO plugin. -->","yoast_head_json":{"title":"IL EST TEMPS DE R\u00c9ALISER VOTRE R\u00caVE DE PARLER FRAN\u00c7AIS ! - Institut fran\u00e7ais Indon\u00e9sie","description":"Nous ouvrons l\u2019inscription des cours extensifs de la session f\u00e9vrier 2023 du niveau d\u00e9butant A1.1 jusqu\u2019au B2.1.","robots":{"index":"index","follow":"follow","max-snippet":"max-snippet:-1","max-image-preview":"max-image-preview:large","max-video-preview":"max-video-preview:-1"},"canonical":"https:\/\/www.ifi-id.com\/waktunya-meraih-mimpimu-bisa-berbahasa-prancis\/","og_locale":"fr_FR","og_type":"article","og_title":"IL EST TEMPS DE R\u00c9ALISER VOTRE R\u00caVE DE PARLER FRAN\u00c7AIS ! - Institut fran\u00e7ais Indon\u00e9sie","og_description":"Nous ouvrons l\u2019inscription des cours extensifs de la session f\u00e9vrier 2023 du niveau d\u00e9butant A1.1 jusqu\u2019au B2.1.","og_url":"https:\/\/www.ifi-id.com\/waktunya-meraih-mimpimu-bisa-berbahasa-prancis\/","og_site_name":"Institut fran\u00e7ais Indon\u00e9sie","article_published_time":"2023-02-02T09:03:24+00:00","og_image":[{"width":1280,"height":720,"url":"https:\/\/www.ifi-id.com\/wp-content\/uploads\/2023\/02\/Web-Banner.jpg","type":"image\/jpeg"}],"author":"surabaya","twitter_card":"summary_large_image","twitter_misc":{"\u00c9crit par":"surabaya"},"schema":{"@context":"https:\/\/schema.org","@graph":[{"@type":"Article","@id":"https:\/\/www.ifi-id.com\/waktunya-meraih-mimpimu-bisa-berbahasa-prancis\/#article","isPartOf":{"@id":"https:\/\/www.ifi-id.com\/waktunya-meraih-mimpimu-bisa-berbahasa-prancis\/"},"author":{"name":"surabaya","@id":"https:\/\/www.ifi-id.com\/#\/schema\/person\/750306b2d93fe8a7cbbbcfff8f5811a5"},"headline":"IL EST TEMPS DE R\u00c9ALISER VOTRE R\u00caVE DE PARLER FRAN\u00c7AIS !","datePublished":"2023-02-02T09:03:24+00:00","dateModified":"2023-02-02T09:03:24+00:00","mainEntityOfPage":{"@id":"https:\/\/www.ifi-id.com\/waktunya-meraih-mimpimu-bisa-berbahasa-prancis\/"},"wordCount":105,"publisher":{"@id":"https:\/\/www.ifi-id.com\/#organization"},"image":{"@id":"https:\/\/www.ifi-id.com\/waktunya-meraih-mimpimu-bisa-berbahasa-prancis\/#primaryimage"},"thumbnailUrl":"https:\/\/www.ifi-id.com\/wp-content\/uploads\/2023\/02\/Web-Banner.jpg","keywords":["Linguistique","Surabaya"],"articleSection":["Linguistique"],"inLanguage":"fr-FR"},{"@type":"WebPage","@id":"https:\/\/www.ifi-id.com\/waktunya-meraih-mimpimu-bisa-berbahasa-prancis\/","url":"https:\/\/www.ifi-id.com\/waktunya-meraih-mimpimu-bisa-berbahasa-prancis\/","name":"IL EST TEMPS DE R\u00c9ALISER VOTRE R\u00caVE DE PARLER FRAN\u00c7AIS ! - Institut fran\u00e7ais Indon\u00e9sie","isPartOf":{"@id":"https:\/\/www.ifi-id.com\/#website"},"primaryImageOfPage":{"@id":"https:\/\/www.ifi-id.com\/waktunya-meraih-mimpimu-bisa-berbahasa-prancis\/#primaryimage"},"image":{"@id":"https:\/\/www.ifi-id.com\/waktunya-meraih-mimpimu-bisa-berbahasa-prancis\/#primaryimage"},"thumbnailUrl":"https:\/\/www.ifi-id.com\/wp-content\/uploads\/2023\/02\/Web-Banner.jpg","datePublished":"2023-02-02T09:03:24+00:00","dateModified":"2023-02-02T09:03:24+00:00","description":"Nous ouvrons l\u2019inscription des cours extensifs de la session f\u00e9vrier 2023 du niveau d\u00e9butant A1.1 jusqu\u2019au B2.1.","breadcrumb":{"@id":"https:\/\/www.ifi-id.com\/waktunya-meraih-mimpimu-bisa-berbahasa-prancis\/#breadcrumb"},"inLanguage":"fr-FR","potentialAction":[{"@type":"ReadAction","target":["https:\/\/www.ifi-id.com\/waktunya-meraih-mimpimu-bisa-berbahasa-prancis\/"]}]},{"@type":"ImageObject","inLanguage":"fr-FR","@id":"https:\/\/www.ifi-id.com\/waktunya-meraih-mimpimu-bisa-berbahasa-prancis\/#primaryimage","url":"https:\/\/www.ifi-id.com\/wp-content\/uploads\/2023\/02\/Web-Banner.jpg","contentUrl":"https:\/\/www.ifi-id.com\/wp-content\/uploads\/2023\/02\/Web-Banner.jpg","width":1280,"height":720},{"@type":"BreadcrumbList","@id":"https:\/\/www.ifi-id.com\/waktunya-meraih-mimpimu-bisa-berbahasa-prancis\/#breadcrumb","itemListElement":[{"@type":"ListItem","position":1,"name":"Home","item":"https:\/\/www.ifi-id.com\/"},{"@type":"ListItem","position":2,"name":"Bahasa","item":"https:\/\/www.ifi-id.com\/category\/bahasa\/"},{"@type":"ListItem","position":3,"name":"IL EST TEMPS DE R\u00c9ALISER VOTRE R\u00caVE DE PARLER FRAN\u00c7AIS !"}]},{"@type":"WebSite","@id":"https:\/\/www.ifi-id.com\/#website","url":"https:\/\/www.ifi-id.com\/","name":"Institut fran\u00e7ais Indon\u00e9sie","description":"","publisher":{"@id":"https:\/\/www.ifi-id.com\/#organization"},"potentialAction":[{"@type":"SearchAction","target":{"@type":"EntryPoint","urlTemplate":"https:\/\/www.ifi-id.com\/?s={search_term_string}"},"query-input":{"@type":"PropertyValueSpecification","valueRequired":true,"valueName":"search_term_string"}}],"inLanguage":"fr-FR"},{"@type":"Organization","@id":"https:\/\/www.ifi-id.com\/#organization","name":"Institut fran\u00e7ais Indon\u00e9sie","url":"https:\/\/www.ifi-id.com\/","logo":{"@type":"ImageObject","inLanguage":"fr-FR","@id":"https:\/\/www.ifi-id.com\/#\/schema\/logo\/image\/","url":"https:\/\/www.ifi-id.com\/wp-content\/uploads\/2022\/12\/IFI_New_Logo.jpg","contentUrl":"https:\/\/www.ifi-id.com\/wp-content\/uploads\/2022\/12\/IFI_New_Logo.jpg","width":666,"height":444,"caption":"Institut fran\u00e7ais Indon\u00e9sie"},"image":{"@id":"https:\/\/www.ifi-id.com\/#\/schema\/logo\/image\/"}},{"@type":"Person","@id":"https:\/\/www.ifi-id.com\/#\/schema\/person\/750306b2d93fe8a7cbbbcfff8f5811a5","name":"surabaya","image":{"@type":"ImageObject","inLanguage":"fr-FR","@id":"https:\/\/www.ifi-id.com\/#\/schema\/person\/image\/","url":"https:\/\/secure.gravatar.com\/avatar\/a71adb113a3cf295c91c7a3ed9d5eca4?s=96&d=mm&r=g","contentUrl":"https:\/\/secure.gravatar.com\/avatar\/a71adb113a3cf295c91c7a3ed9d5eca4?s=96&d=mm&r=g","caption":"surabaya"},"url":"https:\/\/www.ifi-id.com\/fr\/author\/ifi_surabaya\/"}]}},"post_mailing_queue_ids":[],"_links":{"self":[{"href":"https:\/\/www.ifi-id.com\/fr\/wp-json\/wp\/v2\/posts\/32609"}],"collection":[{"href":"https:\/\/www.ifi-id.com\/fr\/wp-json\/wp\/v2\/posts"}],"about":[{"href":"https:\/\/www.ifi-id.com\/fr\/wp-json\/wp\/v2\/types\/post"}],"author":[{"embeddable":true,"href":"https:\/\/www.ifi-id.com\/fr\/wp-json\/wp\/v2\/users\/5"}],"replies":[{"embeddable":true,"href":"https:\/\/www.ifi-id.com\/fr\/wp-json\/wp\/v2\/comments?post=32609"}],"version-history":[{"count":1,"href":"https:\/\/www.ifi-id.com\/fr\/wp-json\/wp\/v2\/posts\/32609\/revisions"}],"predecessor-version":[{"id":32610,"href":"https:\/\/www.ifi-id.com\/fr\/wp-json\/wp\/v2\/posts\/32609\/revisions\/32610"}],"wp:featuredmedia":[{"embeddable":true,"href":"https:\/\/www.ifi-id.com\/fr\/wp-json\/wp\/v2\/media\/32604"}],"wp:attachment":[{"href":"https:\/\/www.ifi-id.com\/fr\/wp-json\/wp\/v2\/media?parent=32609"}],"wp:term":[{"taxonomy":"category","embeddable":true,"href":"https:\/\/www.ifi-id.com\/fr\/wp-json\/wp\/v2\/categories?post=32609"},{"taxonomy":"post_tag","embeddable":true,"href":"https:\/\/www.ifi-id.com\/fr\/wp-json\/wp\/v2\/tags?post=32609"}],"curies":[{"name":"wp","href":"https:\/\/api.w.org\/{rel}","templated":true}]}}