{"id":32442,"date":"2023-01-25T16:56:56","date_gmt":"2023-01-25T09:56:56","guid":{"rendered":"https:\/\/www.ifi-id.com\/frame-mentoring-2023-appel-a-candidatures\/"},"modified":"2023-01-25T16:56:56","modified_gmt":"2023-01-25T09:56:56","slug":"frame-mentoring-2023-appel-a-candidatures","status":"publish","type":"post","link":"https:\/\/www.ifi-id.com\/fr\/frame-mentoring-2023-appel-a-candidatures\/","title":{"rendered":"FRAME Mentoring 2023 \u2013 Appel \u00e0 candidatures"},"content":{"rendered":"\t\t<div data-elementor-type=\"wp-post\" data-elementor-id=\"32442\" class=\"elementor elementor-32442 elementor-32431\" data-elementor-post-type=\"post\">\n\t\t\t\t\t\t<section class=\"elementor-section elementor-top-section elementor-element elementor-element-976c932 elementor-section-boxed elementor-section-height-default elementor-section-height-default\" data-id=\"976c932\" data-element_type=\"section\">\n\t\t\t\t\t\t<div class=\"elementor-container elementor-column-gap-default\">\n\t\t\t\t\t<div class=\"elementor-column elementor-col-100 elementor-top-column elementor-element elementor-element-e8e16be\" data-id=\"e8e16be\" data-element_type=\"column\">\n\t\t\t<div class=\"elementor-widget-wrap elementor-element-populated\">\n\t\t\t\t\t\t<div class=\"elementor-element elementor-element-26b7c0b elementor-widget elementor-widget-text-editor\" data-id=\"26b7c0b\" data-element_type=\"widget\" data-widget_type=\"text-editor.default\">\n\t\t\t\t<div class=\"elementor-widget-container\">\n\t\t\t\t\t\t\t<p>Depuis 2010, l&rsquo;INA (Institut national de l&rsquo;audiovisuel) organise chaque ann\u00e9e le programme de formation international FRAME d\u00e9di\u00e9 aux archives audiovisuelles.<\/p>\n<p><strong>L\u2019\u00e9dition 2023 de FRAME d\u00e9bute avec l&rsquo;appel \u00e0 candidatures pour FRAME Mentoring, ouvert jusqu&rsquo;au 15 mars.<\/strong><\/p>\n<p>Le programme de mentorat s&rsquo;adresse \u00e0 tous les jeunes professionnels (environ 5 ans d&rsquo;exp\u00e9rience maximum au m\u00eame poste ou \u00e0 un poste similaire) travaillant dans le domaine des archives audiovisuelles. Il vise \u00e0 les soutenir dans le d\u00e9veloppement de leur carri\u00e8re et dans la mise en \u0153uvre d&rsquo;un de leurs projets. 2 candidats seront s\u00e9lectionn\u00e9s.<\/p>\n<p>Le programme de mentorat comprend :<\/p>\n<ul>\n<li>Des \u00e9changes mensuels en ligne avec un mentor et d&rsquo;autres experts internationaux, de juin \u00e0 d\u00e9cembre 2023.<\/li>\n<li>Une immersion professionnelle de deux semaines au sein de l&rsquo;institution du mentor, au cours de l&rsquo;automne 2023.<\/li>\n<li>Une accr\u00e9ditation \u00e0 la prochaine conf\u00e9rence de la FIAT\/IFTA (F\u00e9d\u00e9ration Internationale des Archives de T\u00e9l\u00e9vision), qui sera organis\u00e9e \u00e0 Locarno (Suisse) du 17 au 20 octobre 2023<\/li>\n<\/ul>\n<p>Tous les frais (vols, h\u00f4tels, d\u00e9jeuners) sont couverts \u00e0 100% par la bourse du programme de mentorat.<\/p>\n<p>Le mentorat FRAME s&rsquo;adresse principalement aux professionnels impliqu\u00e9s dans un projet en cours ou devant \u00eatre lanc\u00e9 prochainement. Le projet du mentor\u00e9 pourrait porter sur (liste non exhaustive) :<\/p>\n<ul>\n<li>Conception et mise en place de flux d&rsquo;archivage<\/li>\n<li>Collecte d&rsquo;archives audiovisuelles<\/li>\n<li>Pr\u00e9servation des supports physiques des archives audiovisuelles<\/li>\n<li>Num\u00e9risation<\/li>\n<li>Restauration d&rsquo;archives audiovisuelles et de films<\/li>\n<li>Gestion des archives num\u00e9riques<\/li>\n<li>Conservation \u00e0 long terme des archives num\u00e9riques<\/li>\n<li>Management, notamment d&rsquo;un service d&rsquo;archives audiovisuelles<\/li>\n<li>Documentation<\/li>\n<li>Mise en place d&rsquo;une base de donn\u00e9es et d\u00e9finition de mod\u00e8les de donn\u00e9es<\/li>\n<li>Gestion des droits<\/li>\n<li>Projet de recherche et valorisation scientifique utilisant des archives audiovisuelles<\/li>\n<li>Projet \u00e9ducatif utilisant des archives audiovisuelles<\/li>\n<li>Projet d&rsquo;acc\u00e8s grand public utilisant des archives audiovisuelles<\/li>\n<li>Production de contenus audiovisuels \u00e0 partir d&rsquo;archives (films, documentaires, contenus num\u00e9riques et innovants)<\/li>\n<li>Traitement post-catastrophe des collections<\/li>\n<\/ul>\n<p>Pour plus d&rsquo;information sur FRAME Mentoring et candidater : <a href=\"https:\/\/www.ina.fr\/actualites-ina\/frame-mentoring-2023-the-call-for-applications-is-open\" target=\"_blank\" rel=\"noopener\">cliquez ici<\/a>.<\/p>\n<p>Pour plus d&rsquo;information sur le programme FRAME 2023 : <a href=\"https:\/\/www.ina.fr\/sites\/default\/files\/2023-01\/2023%2001%20Article%20ge%CC%81ne%CC%81ral%20FRAME%20EN.pdf\" target=\"_blank\" rel=\"noopener\">cliquez ici<\/a>.<\/p>\n\t\t\t\t\t\t<\/div>\n\t\t\t\t<\/div>\n\t\t\t\t\t<\/div>\n\t\t<\/div>\n\t\t\t\t\t<\/div>\n\t\t<\/section>\n\t\t\t\t<\/div>\n\t\t","protected":false},"excerpt":{"rendered":"<p>Depuis 2010, l&rsquo;INA (Institut national de l&rsquo;audiovisuel) organise chaque ann\u00e9e le programme de formation international FRAME d\u00e9di\u00e9 aux archives audiovisuelles. L\u2019\u00e9dition 2023 de FRAME d\u00e9bute avec l&rsquo;appel \u00e0 candidatures pour FRAME Mentoring, ouvert jusqu&rsquo;au 15 mars.<\/p>\n","protected":false},"author":8,"featured_media":32434,"comment_status":"closed","ping_status":"closed","sticky":false,"template":"","format":"standard","meta":{"footnotes":""},"categories":[1],"tags":[143,145],"class_list":["post-32442","post","type-post","status-publish","format-standard","has-post-thumbnail","hentry","category-uncategorized","tag-audiovisuel","tag-culture"],"yoast_head":"<!-- This site is optimized with the Yoast SEO plugin v23.5 - https:\/\/yoast.com\/wordpress\/plugins\/seo\/ -->\n<title>FRAME Mentoring 2023 \u2013 Appel \u00e0 candidatures - Institut fran\u00e7ais Indon\u00e9sie<\/title>\n<meta name=\"description\" content=\"Depuis 2010, l&#039;INA (Institut national de l&#039;audiovisuel) organise chaque ann\u00e9e le programme de formation international FRAME d\u00e9di\u00e9 aux archives audiovisuelles. L\u2019\u00e9dition 2023 de FRAME d\u00e9bute avec l&#039;appel \u00e0 candidatures pour FRAME Mentoring, ouvert jusqu&#039;au 15 mars.\" \/>\n<meta name=\"robots\" content=\"index, follow, max-snippet:-1, max-image-preview:large, max-video-preview:-1\" \/>\n<link rel=\"canonical\" href=\"https:\/\/www.ifi-id.com\/panggilan-pendaftaran-frame-mentoring-2023\/\" \/>\n<meta property=\"og:locale\" content=\"fr_FR\" \/>\n<meta property=\"og:type\" content=\"article\" \/>\n<meta property=\"og:title\" content=\"FRAME Mentoring 2023 \u2013 Appel \u00e0 candidatures\" \/>\n<meta property=\"og:description\" content=\"Depuis 2010, l&#039;INA (Institut national de l&#039;audiovisuel) organise chaque ann\u00e9e le programme de formation international FRAME d\u00e9di\u00e9 aux archives audiovisuelles. L\u2019\u00e9dition 2023 de FRAME d\u00e9bute avec l&#039;appel \u00e0 candidatures pour FRAME Mentoring, ouvert jusqu&#039;au 15 mars.\" \/>\n<meta property=\"og:url\" content=\"https:\/\/www.ifi-id.com\/panggilan-pendaftaran-frame-mentoring-2023\/\" \/>\n<meta property=\"og:site_name\" content=\"Institut fran\u00e7ais Indon\u00e9sie\" \/>\n<meta property=\"article:published_time\" content=\"2023-01-25T09:56:56+00:00\" \/>\n<meta property=\"og:image\" content=\"https:\/\/www.ifi-id.com\/wp-content\/uploads\/2023\/01\/frame-wb-copy.jpg\" \/>\n<meta name=\"author\" content=\"Ghaisani Azizi Nurul Rizki\" \/>\n<meta name=\"twitter:card\" content=\"summary_large_image\" \/>\n<meta name=\"twitter:title\" content=\"FRAME Mentoring 2023 \u2013 Appel \u00e0 candidatures\" \/>\n<meta name=\"twitter:description\" content=\"Depuis 2010, l&#039;INA (Institut national de l&#039;audiovisuel) organise chaque ann\u00e9e le programme de formation international FRAME d\u00e9di\u00e9 aux archives audiovisuelles. L\u2019\u00e9dition 2023 de FRAME d\u00e9bute avec l&#039;appel \u00e0 candidatures pour FRAME Mentoring, ouvert jusqu&#039;au 15 mars.\" \/>\n<meta name=\"twitter:image\" content=\"https:\/\/www.ifi-id.com\/wp-content\/uploads\/2023\/01\/frame-wb-copy-1024x576.jpg\" \/>\n<meta name=\"twitter:label1\" content=\"\u00c9crit par\" \/>\n\t<meta name=\"twitter:data1\" content=\"Ghaisani Azizi Nurul Rizki\" \/>\n\t<meta name=\"twitter:label2\" content=\"Dur\u00e9e de lecture estim\u00e9e\" \/>\n\t<meta name=\"twitter:data2\" content=\"2 minutes\" \/>\n<script type=\"application\/ld+json\" class=\"yoast-schema-graph\">{\"@context\":\"https:\/\/schema.org\",\"@graph\":[{\"@type\":\"Article\",\"@id\":\"https:\/\/www.ifi-id.com\/panggilan-pendaftaran-frame-mentoring-2023\/#article\",\"isPartOf\":{\"@id\":\"https:\/\/www.ifi-id.com\/panggilan-pendaftaran-frame-mentoring-2023\/\"},\"author\":{\"name\":\"Ghaisani Azizi Nurul Rizki\",\"@id\":\"https:\/\/www.ifi-id.com\/#\/schema\/person\/a4eae510c216615f5c0f4e02f4edff1b\"},\"headline\":\"FRAME Mentoring 2023 \u2013 Appel \u00e0 candidatures\",\"datePublished\":\"2023-01-25T09:56:56+00:00\",\"dateModified\":\"2023-01-25T09:56:56+00:00\",\"mainEntityOfPage\":{\"@id\":\"https:\/\/www.ifi-id.com\/panggilan-pendaftaran-frame-mentoring-2023\/\"},\"wordCount\":336,\"publisher\":{\"@id\":\"https:\/\/www.ifi-id.com\/#organization\"},\"image\":{\"@id\":\"https:\/\/www.ifi-id.com\/panggilan-pendaftaran-frame-mentoring-2023\/#primaryimage\"},\"thumbnailUrl\":\"https:\/\/www.ifi-id.com\/wp-content\/uploads\/2023\/01\/frame-wb-copy.jpg\",\"keywords\":[\"Audiovisuel\",\"Culture\"],\"articleSection\":[\"Uncategorized\"],\"inLanguage\":\"fr-FR\"},{\"@type\":\"WebPage\",\"@id\":\"https:\/\/www.ifi-id.com\/panggilan-pendaftaran-frame-mentoring-2023\/\",\"url\":\"https:\/\/www.ifi-id.com\/panggilan-pendaftaran-frame-mentoring-2023\/\",\"name\":\"FRAME Mentoring 2023 \u2013 Appel \u00e0 candidatures - Institut fran\u00e7ais Indon\u00e9sie\",\"isPartOf\":{\"@id\":\"https:\/\/www.ifi-id.com\/#website\"},\"primaryImageOfPage\":{\"@id\":\"https:\/\/www.ifi-id.com\/panggilan-pendaftaran-frame-mentoring-2023\/#primaryimage\"},\"image\":{\"@id\":\"https:\/\/www.ifi-id.com\/panggilan-pendaftaran-frame-mentoring-2023\/#primaryimage\"},\"thumbnailUrl\":\"https:\/\/www.ifi-id.com\/wp-content\/uploads\/2023\/01\/frame-wb-copy.jpg\",\"datePublished\":\"2023-01-25T09:56:56+00:00\",\"dateModified\":\"2023-01-25T09:56:56+00:00\",\"description\":\"Depuis 2010, l'INA (Institut national de l'audiovisuel) organise chaque ann\u00e9e le programme de formation international FRAME d\u00e9di\u00e9 aux archives audiovisuelles. L\u2019\u00e9dition 2023 de FRAME d\u00e9bute avec l'appel \u00e0 candidatures pour FRAME Mentoring, ouvert jusqu'au 15 mars.\",\"breadcrumb\":{\"@id\":\"https:\/\/www.ifi-id.com\/panggilan-pendaftaran-frame-mentoring-2023\/#breadcrumb\"},\"inLanguage\":\"fr-FR\",\"potentialAction\":[{\"@type\":\"ReadAction\",\"target\":[\"https:\/\/www.ifi-id.com\/panggilan-pendaftaran-frame-mentoring-2023\/\"]}]},{\"@type\":\"ImageObject\",\"inLanguage\":\"fr-FR\",\"@id\":\"https:\/\/www.ifi-id.com\/panggilan-pendaftaran-frame-mentoring-2023\/#primaryimage\",\"url\":\"https:\/\/www.ifi-id.com\/wp-content\/uploads\/2023\/01\/frame-wb-copy.jpg\",\"contentUrl\":\"https:\/\/www.ifi-id.com\/wp-content\/uploads\/2023\/01\/frame-wb-copy.jpg\",\"width\":1280,\"height\":720},{\"@type\":\"BreadcrumbList\",\"@id\":\"https:\/\/www.ifi-id.com\/panggilan-pendaftaran-frame-mentoring-2023\/#breadcrumb\",\"itemListElement\":[{\"@type\":\"ListItem\",\"position\":1,\"name\":\"Home\",\"item\":\"https:\/\/www.ifi-id.com\/\"},{\"@type\":\"ListItem\",\"position\":2,\"name\":\"Uncategorized @id\",\"item\":\"https:\/\/www.ifi-id.com\/category\/uncategorized-id\/\"},{\"@type\":\"ListItem\",\"position\":3,\"name\":\"FRAME Mentoring 2023 \u2013 Appel \u00e0 candidatures\"}]},{\"@type\":\"WebSite\",\"@id\":\"https:\/\/www.ifi-id.com\/#website\",\"url\":\"https:\/\/www.ifi-id.com\/\",\"name\":\"Institut fran\u00e7ais Indon\u00e9sie\",\"description\":\"\",\"publisher\":{\"@id\":\"https:\/\/www.ifi-id.com\/#organization\"},\"potentialAction\":[{\"@type\":\"SearchAction\",\"target\":{\"@type\":\"EntryPoint\",\"urlTemplate\":\"https:\/\/www.ifi-id.com\/?s={search_term_string}\"},\"query-input\":{\"@type\":\"PropertyValueSpecification\",\"valueRequired\":true,\"valueName\":\"search_term_string\"}}],\"inLanguage\":\"fr-FR\"},{\"@type\":\"Organization\",\"@id\":\"https:\/\/www.ifi-id.com\/#organization\",\"name\":\"Institut fran\u00e7ais Indon\u00e9sie\",\"url\":\"https:\/\/www.ifi-id.com\/\",\"logo\":{\"@type\":\"ImageObject\",\"inLanguage\":\"fr-FR\",\"@id\":\"https:\/\/www.ifi-id.com\/#\/schema\/logo\/image\/\",\"url\":\"https:\/\/www.ifi-id.com\/wp-content\/uploads\/2022\/12\/IFI_New_Logo.jpg\",\"contentUrl\":\"https:\/\/www.ifi-id.com\/wp-content\/uploads\/2022\/12\/IFI_New_Logo.jpg\",\"width\":666,\"height\":444,\"caption\":\"Institut fran\u00e7ais Indon\u00e9sie\"},\"image\":{\"@id\":\"https:\/\/www.ifi-id.com\/#\/schema\/logo\/image\/\"}},{\"@type\":\"Person\",\"@id\":\"https:\/\/www.ifi-id.com\/#\/schema\/person\/a4eae510c216615f5c0f4e02f4edff1b\",\"name\":\"Ghaisani Azizi Nurul Rizki\",\"image\":{\"@type\":\"ImageObject\",\"inLanguage\":\"fr-FR\",\"@id\":\"https:\/\/www.ifi-id.com\/#\/schema\/person\/image\/\",\"url\":\"https:\/\/secure.gravatar.com\/avatar\/8ce4836ecc2a94798a84b768a7f20853?s=96&d=mm&r=g\",\"contentUrl\":\"https:\/\/secure.gravatar.com\/avatar\/8ce4836ecc2a94798a84b768a7f20853?s=96&d=mm&r=g\",\"caption\":\"Ghaisani Azizi Nurul Rizki\"},\"url\":\"https:\/\/www.ifi-id.com\/fr\/author\/azizi\/\"}]}<\/script>\n<!-- \/ Yoast SEO plugin. -->","yoast_head_json":{"title":"FRAME Mentoring 2023 \u2013 Appel \u00e0 candidatures - Institut fran\u00e7ais Indon\u00e9sie","description":"Depuis 2010, l'INA (Institut national de l'audiovisuel) organise chaque ann\u00e9e le programme de formation international FRAME d\u00e9di\u00e9 aux archives audiovisuelles. L\u2019\u00e9dition 2023 de FRAME d\u00e9bute avec l'appel \u00e0 candidatures pour FRAME Mentoring, ouvert jusqu'au 15 mars.","robots":{"index":"index","follow":"follow","max-snippet":"max-snippet:-1","max-image-preview":"max-image-preview:large","max-video-preview":"max-video-preview:-1"},"canonical":"https:\/\/www.ifi-id.com\/panggilan-pendaftaran-frame-mentoring-2023\/","og_locale":"fr_FR","og_type":"article","og_title":"FRAME Mentoring 2023 \u2013 Appel \u00e0 candidatures","og_description":"Depuis 2010, l'INA (Institut national de l'audiovisuel) organise chaque ann\u00e9e le programme de formation international FRAME d\u00e9di\u00e9 aux archives audiovisuelles. L\u2019\u00e9dition 2023 de FRAME d\u00e9bute avec l'appel \u00e0 candidatures pour FRAME Mentoring, ouvert jusqu'au 15 mars.","og_url":"https:\/\/www.ifi-id.com\/panggilan-pendaftaran-frame-mentoring-2023\/","og_site_name":"Institut fran\u00e7ais Indon\u00e9sie","article_published_time":"2023-01-25T09:56:56+00:00","og_image":[{"url":"https:\/\/www.ifi-id.com\/wp-content\/uploads\/2023\/01\/frame-wb-copy.jpg"}],"author":"Ghaisani Azizi Nurul Rizki","twitter_card":"summary_large_image","twitter_title":"FRAME Mentoring 2023 \u2013 Appel \u00e0 candidatures","twitter_description":"Depuis 2010, l'INA (Institut national de l'audiovisuel) organise chaque ann\u00e9e le programme de formation international FRAME d\u00e9di\u00e9 aux archives audiovisuelles. L\u2019\u00e9dition 2023 de FRAME d\u00e9bute avec l'appel \u00e0 candidatures pour FRAME Mentoring, ouvert jusqu'au 15 mars.","twitter_image":"https:\/\/www.ifi-id.com\/wp-content\/uploads\/2023\/01\/frame-wb-copy-1024x576.jpg","twitter_misc":{"\u00c9crit par":"Ghaisani Azizi Nurul Rizki","Dur\u00e9e de lecture estim\u00e9e":"2 minutes"},"schema":{"@context":"https:\/\/schema.org","@graph":[{"@type":"Article","@id":"https:\/\/www.ifi-id.com\/panggilan-pendaftaran-frame-mentoring-2023\/#article","isPartOf":{"@id":"https:\/\/www.ifi-id.com\/panggilan-pendaftaran-frame-mentoring-2023\/"},"author":{"name":"Ghaisani Azizi Nurul Rizki","@id":"https:\/\/www.ifi-id.com\/#\/schema\/person\/a4eae510c216615f5c0f4e02f4edff1b"},"headline":"FRAME Mentoring 2023 \u2013 Appel \u00e0 candidatures","datePublished":"2023-01-25T09:56:56+00:00","dateModified":"2023-01-25T09:56:56+00:00","mainEntityOfPage":{"@id":"https:\/\/www.ifi-id.com\/panggilan-pendaftaran-frame-mentoring-2023\/"},"wordCount":336,"publisher":{"@id":"https:\/\/www.ifi-id.com\/#organization"},"image":{"@id":"https:\/\/www.ifi-id.com\/panggilan-pendaftaran-frame-mentoring-2023\/#primaryimage"},"thumbnailUrl":"https:\/\/www.ifi-id.com\/wp-content\/uploads\/2023\/01\/frame-wb-copy.jpg","keywords":["Audiovisuel","Culture"],"articleSection":["Uncategorized"],"inLanguage":"fr-FR"},{"@type":"WebPage","@id":"https:\/\/www.ifi-id.com\/panggilan-pendaftaran-frame-mentoring-2023\/","url":"https:\/\/www.ifi-id.com\/panggilan-pendaftaran-frame-mentoring-2023\/","name":"FRAME Mentoring 2023 \u2013 Appel \u00e0 candidatures - Institut fran\u00e7ais Indon\u00e9sie","isPartOf":{"@id":"https:\/\/www.ifi-id.com\/#website"},"primaryImageOfPage":{"@id":"https:\/\/www.ifi-id.com\/panggilan-pendaftaran-frame-mentoring-2023\/#primaryimage"},"image":{"@id":"https:\/\/www.ifi-id.com\/panggilan-pendaftaran-frame-mentoring-2023\/#primaryimage"},"thumbnailUrl":"https:\/\/www.ifi-id.com\/wp-content\/uploads\/2023\/01\/frame-wb-copy.jpg","datePublished":"2023-01-25T09:56:56+00:00","dateModified":"2023-01-25T09:56:56+00:00","description":"Depuis 2010, l'INA (Institut national de l'audiovisuel) organise chaque ann\u00e9e le programme de formation international FRAME d\u00e9di\u00e9 aux archives audiovisuelles. L\u2019\u00e9dition 2023 de FRAME d\u00e9bute avec l'appel \u00e0 candidatures pour FRAME Mentoring, ouvert jusqu'au 15 mars.","breadcrumb":{"@id":"https:\/\/www.ifi-id.com\/panggilan-pendaftaran-frame-mentoring-2023\/#breadcrumb"},"inLanguage":"fr-FR","potentialAction":[{"@type":"ReadAction","target":["https:\/\/www.ifi-id.com\/panggilan-pendaftaran-frame-mentoring-2023\/"]}]},{"@type":"ImageObject","inLanguage":"fr-FR","@id":"https:\/\/www.ifi-id.com\/panggilan-pendaftaran-frame-mentoring-2023\/#primaryimage","url":"https:\/\/www.ifi-id.com\/wp-content\/uploads\/2023\/01\/frame-wb-copy.jpg","contentUrl":"https:\/\/www.ifi-id.com\/wp-content\/uploads\/2023\/01\/frame-wb-copy.jpg","width":1280,"height":720},{"@type":"BreadcrumbList","@id":"https:\/\/www.ifi-id.com\/panggilan-pendaftaran-frame-mentoring-2023\/#breadcrumb","itemListElement":[{"@type":"ListItem","position":1,"name":"Home","item":"https:\/\/www.ifi-id.com\/"},{"@type":"ListItem","position":2,"name":"Uncategorized @id","item":"https:\/\/www.ifi-id.com\/category\/uncategorized-id\/"},{"@type":"ListItem","position":3,"name":"FRAME Mentoring 2023 \u2013 Appel \u00e0 candidatures"}]},{"@type":"WebSite","@id":"https:\/\/www.ifi-id.com\/#website","url":"https:\/\/www.ifi-id.com\/","name":"Institut fran\u00e7ais Indon\u00e9sie","description":"","publisher":{"@id":"https:\/\/www.ifi-id.com\/#organization"},"potentialAction":[{"@type":"SearchAction","target":{"@type":"EntryPoint","urlTemplate":"https:\/\/www.ifi-id.com\/?s={search_term_string}"},"query-input":{"@type":"PropertyValueSpecification","valueRequired":true,"valueName":"search_term_string"}}],"inLanguage":"fr-FR"},{"@type":"Organization","@id":"https:\/\/www.ifi-id.com\/#organization","name":"Institut fran\u00e7ais Indon\u00e9sie","url":"https:\/\/www.ifi-id.com\/","logo":{"@type":"ImageObject","inLanguage":"fr-FR","@id":"https:\/\/www.ifi-id.com\/#\/schema\/logo\/image\/","url":"https:\/\/www.ifi-id.com\/wp-content\/uploads\/2022\/12\/IFI_New_Logo.jpg","contentUrl":"https:\/\/www.ifi-id.com\/wp-content\/uploads\/2022\/12\/IFI_New_Logo.jpg","width":666,"height":444,"caption":"Institut fran\u00e7ais Indon\u00e9sie"},"image":{"@id":"https:\/\/www.ifi-id.com\/#\/schema\/logo\/image\/"}},{"@type":"Person","@id":"https:\/\/www.ifi-id.com\/#\/schema\/person\/a4eae510c216615f5c0f4e02f4edff1b","name":"Ghaisani Azizi Nurul Rizki","image":{"@type":"ImageObject","inLanguage":"fr-FR","@id":"https:\/\/www.ifi-id.com\/#\/schema\/person\/image\/","url":"https:\/\/secure.gravatar.com\/avatar\/8ce4836ecc2a94798a84b768a7f20853?s=96&d=mm&r=g","contentUrl":"https:\/\/secure.gravatar.com\/avatar\/8ce4836ecc2a94798a84b768a7f20853?s=96&d=mm&r=g","caption":"Ghaisani Azizi Nurul Rizki"},"url":"https:\/\/www.ifi-id.com\/fr\/author\/azizi\/"}]}},"post_mailing_queue_ids":[],"_links":{"self":[{"href":"https:\/\/www.ifi-id.com\/fr\/wp-json\/wp\/v2\/posts\/32442"}],"collection":[{"href":"https:\/\/www.ifi-id.com\/fr\/wp-json\/wp\/v2\/posts"}],"about":[{"href":"https:\/\/www.ifi-id.com\/fr\/wp-json\/wp\/v2\/types\/post"}],"author":[{"embeddable":true,"href":"https:\/\/www.ifi-id.com\/fr\/wp-json\/wp\/v2\/users\/8"}],"replies":[{"embeddable":true,"href":"https:\/\/www.ifi-id.com\/fr\/wp-json\/wp\/v2\/comments?post=32442"}],"version-history":[{"count":1,"href":"https:\/\/www.ifi-id.com\/fr\/wp-json\/wp\/v2\/posts\/32442\/revisions"}],"predecessor-version":[{"id":32443,"href":"https:\/\/www.ifi-id.com\/fr\/wp-json\/wp\/v2\/posts\/32442\/revisions\/32443"}],"wp:featuredmedia":[{"embeddable":true,"href":"https:\/\/www.ifi-id.com\/fr\/wp-json\/wp\/v2\/media\/32434"}],"wp:attachment":[{"href":"https:\/\/www.ifi-id.com\/fr\/wp-json\/wp\/v2\/media?parent=32442"}],"wp:term":[{"taxonomy":"category","embeddable":true,"href":"https:\/\/www.ifi-id.com\/fr\/wp-json\/wp\/v2\/categories?post=32442"},{"taxonomy":"post_tag","embeddable":true,"href":"https:\/\/www.ifi-id.com\/fr\/wp-json\/wp\/v2\/tags?post=32442"}],"curies":[{"name":"wp","href":"https:\/\/api.w.org\/{rel}","templated":true}]}}