{"id":27443,"date":"2022-08-19T15:09:13","date_gmt":"2022-08-19T08:09:13","guid":{"rendered":"https:\/\/www.ifi-id.com\/apprenez-le-francais-en-presentiel-a-lifi-jakarta-session-septembre-2022"},"modified":"2022-08-25T14:16:24","modified_gmt":"2022-08-25T07:16:24","slug":"apprenez-le-francais-en-presentiel-a-lifi-jakarta-session-septembre-2022","status":"publish","type":"post","link":"https:\/\/www.ifi-id.com\/fr\/apprenez-le-francais-en-presentiel-a-lifi-jakarta-session-septembre-2022\/","title":{"rendered":"Apprenez le fran\u00e7ais en pr\u00e9sentiel \u00e0 l\u2019IFI Jakarta &#8211; session septembre 2022"},"content":{"rendered":"\t\t<div data-elementor-type=\"wp-post\" data-elementor-id=\"27443\" class=\"elementor elementor-27443 elementor-27432\" data-elementor-post-type=\"post\">\n\t\t\t\t\t\t<section class=\"elementor-section elementor-top-section elementor-element elementor-element-b0ad096 elementor-section-boxed elementor-section-height-default elementor-section-height-default\" data-id=\"b0ad096\" data-element_type=\"section\">\n\t\t\t\t\t\t<div class=\"elementor-container elementor-column-gap-default\">\n\t\t\t\t\t<div class=\"elementor-column elementor-col-100 elementor-top-column elementor-element elementor-element-14590f9\" data-id=\"14590f9\" data-element_type=\"column\">\n\t\t\t<div class=\"elementor-widget-wrap elementor-element-populated\">\n\t\t\t\t\t\t<div class=\"elementor-element elementor-element-3d57c73 elementor-widget elementor-widget-text-editor\" data-id=\"3d57c73\" data-element_type=\"widget\" data-widget_type=\"text-editor.default\">\n\t\t\t\t<div class=\"elementor-widget-container\">\n\t\t\t\t\t\t\t<p>Vous voulez vous \u00e9chapper de votre routine \u00e9puisante ? Venez apprendre le fran\u00e7ais\u00a0! Pourquoi choisir le fran\u00e7ais? Parce que c\u2019est une langue facile \u00e0 apprendre qui peut ouvrir de nombreuses opportunit\u00e9s pour votre carri\u00e8re professionnelle.<\/p>\n<p>Si vous pr\u00e9voyez de partir incessamment en France, le cours Intensif est parfait pour vous. Si vous \u00eates un peu moins press\u00e9, choisissez alors le cours Extensif. Des cours en pr\u00e9sentiel sont \u00e9galement disponibles pour les publics adolescents et enfants.<\/p>\n<p>N\u2019h\u00e9sitez plus et venez apprendre le fran\u00e7ais afin d\u2019am\u00e9liorer vos futures perspectives professionnelles. Cliquez sur le lien dans la description pour vous inscrire d\u00e8s maintenant !<\/p>\n\t\t\t\t\t\t<\/div>\n\t\t\t\t<\/div>\n\t\t\t\t\t<\/div>\n\t\t<\/div>\n\t\t\t\t\t<\/div>\n\t\t<\/section>\n\t\t\t\t<section class=\"elementor-section elementor-top-section elementor-element elementor-element-3dffb31 elementor-section-boxed elementor-section-height-default elementor-section-height-default\" data-id=\"3dffb31\" data-element_type=\"section\">\n\t\t\t\t\t\t<div class=\"elementor-container elementor-column-gap-default\">\n\t\t\t\t\t<div class=\"elementor-column elementor-col-100 elementor-top-column elementor-element elementor-element-01d5627\" data-id=\"01d5627\" data-element_type=\"column\">\n\t\t\t<div class=\"elementor-widget-wrap elementor-element-populated\">\n\t\t\t\t\t\t<div class=\"elementor-element elementor-element-dd2321c elementor-widget elementor-widget-heading\" data-id=\"dd2321c\" data-element_type=\"widget\" data-widget_type=\"heading.default\">\n\t\t\t\t<div class=\"elementor-widget-container\">\n\t\t\t<h2 class=\"elementor-heading-title elementor-size-default\">IFI Thamrin<\/h2>\t\t<\/div>\n\t\t\t\t<\/div>\n\t\t\t\t\t<\/div>\n\t\t<\/div>\n\t\t\t\t\t<\/div>\n\t\t<\/section>\n\t\t\t\t<section class=\"elementor-section elementor-top-section elementor-element elementor-element-4bc97c9 elementor-section-boxed elementor-section-height-default elementor-section-height-default\" data-id=\"4bc97c9\" data-element_type=\"section\">\n\t\t\t\t\t\t<div class=\"elementor-container elementor-column-gap-default\">\n\t\t\t\t\t<div class=\"elementor-column elementor-col-100 elementor-top-column elementor-element elementor-element-a52a1c6\" data-id=\"a52a1c6\" data-element_type=\"column\">\n\t\t\t<div class=\"elementor-widget-wrap elementor-element-populated\">\n\t\t\t\t\t\t<div class=\"elementor-element elementor-element-9f2708e elementor-widget elementor-widget-Table\" data-id=\"9f2708e\" data-element_type=\"widget\" data-widget_type=\"Table.default\">\n\t\t\t\t<div class=\"elementor-widget-container\">\n\t\t\t\t\t<table class=\"tafe-table \">\n\t\t\t<thead  class=\"tafe-table-header\">\n\t\t\t\t<tr>\n\t\t\t\t\t<th class=\"elementor-inline-editing elementor-repeater-item-508fedf\"  colSpan=\"2\" ><b>Cours Extensif<\/b><\/th>\t\t\t\t<\/tr>\n\t\t\t<\/thead>\n\t\t\t\t\t\t<tbody class=\"tafe-table-body\">\n\t\t\t\t<tr>\n\t\t\t\t\t<td data-label=\"Cours Extensif\"   class=\"elementor-repeater-item-f73837b td-content-type-default\" >Niveau<\/td><td data-label=\"\"   class=\"elementor-repeater-item-b4091e7 td-content-type-default\" ><p><strong>A1.1<br \/><\/strong>mardi &amp; jeudi \u00e0 15.00 \u2013 17.00 \/ 17.00 \u2013 19.00 \/ 19.00 \u2013 21.00<br \/>mardi &amp; vendredi \u00e0 15.00 \u201317.00 \/ 17.00 \u2013 19.00 \/ 19.00 \u2013 21.00<br \/>samedi \u00e0 08.00 \u2013 12.30 \/ 13.00 \u2013 17.30<br \/>semaine \u00e0 08.00 \u2013 12.30 \/ 13.00 \u2013 17.15<\/p>\n<p><strong>A1.2<br \/><\/strong>lundi &amp; jeudi \u00e0 17.00 \u2013 19.00<br \/>mardi &amp; vendredi \u00e0 15.00 \u2013 17.00 \/ 17.00 \u2013 19.00<br \/>samedi \u00e0 08.00 \u2013 12.30 \/ 13.00 \u2013 17.30<\/p>\n<strong>A2.1<br \/><\/strong>lundi &amp; mercedi \u00e0 13.00 \u2013 17.00<br \/>lundi &amp; jeudi \u00e0 19.00 \u2013 21.00<\/p>\n<strong>A2.2<br \/><\/strong>samedi \u00e0 13.00 \u2013 17.30<\/p>\n<strong>B1.1<br \/><\/strong>lundi &amp; jeudi \u00e0 17.00 \u2013 21.00<\/p>\n<strong>B2.1<br \/><\/strong>samedi \u00e0 08.00 \u2013 12.30<\/td><\/tr><tr><td data-label=\"Cours Extensif\"   class=\"elementor-repeater-item-f508fae td-content-type-default\" >Session<\/td><td data-label=\"\"   class=\"elementor-repeater-item-16cf8da td-content-type-default\" >26 septembre 2022 \u2013 28 janvier 2023<\/td><\/tr><tr><td data-label=\"Cours Extensif\"   class=\"elementor-repeater-item-acd0ac9 td-content-type-default\" >Dur\u00e9e<\/td><td data-label=\"\"   class=\"elementor-repeater-item-4bba85e td-content-type-default\" >15 semaines<\/td><\/tr><tr><td data-label=\"Cours Extensif\"   class=\"elementor-repeater-item-61e6ef0 td-content-type-default\" >Fr\u00e9quence<\/td><td data-label=\"\"   class=\"elementor-repeater-item-200ed81 td-content-type-default\" >1 s\u00e9ances par semaine<br \/>4h par s\u00e9ance\n<br \/> <br \/> 2  s\u00e9ances par semaine<br \/>2h par s\u00e9ance<\/td><\/tr><tr><td data-label=\"Cours Extensif\"   class=\"elementor-repeater-item-8973a79 td-content-type-default\" >Nombre d\u2019heures &amp; tarif<\/td><td data-label=\"\"   class=\"elementor-repeater-item-abb3ce0 td-content-type-default\" >2.400.000 IDR (60 heures)<\/td>\t\t\t\t<\/tr>\n\t\t\t<\/tbody>\n\t\t<\/table>\n\t\t\n\t\t\t\t<\/div>\n\t\t\t\t<\/div>\n\t\t\t\t<div class=\"elementor-element elementor-element-a1bd1b3 elementor-widget elementor-widget-Table\" data-id=\"a1bd1b3\" data-element_type=\"widget\" data-widget_type=\"Table.default\">\n\t\t\t\t<div class=\"elementor-widget-container\">\n\t\t\t\t\t<table class=\"tafe-table \">\n\t\t\t<thead  class=\"tafe-table-header\">\n\t\t\t\t<tr>\n\t\t\t\t\t<th class=\"elementor-inline-editing elementor-repeater-item-508fedf\"  colSpan=\"2\" >Cours Adolescents<\/th>\t\t\t\t<\/tr>\n\t\t\t<\/thead>\n\t\t\t\t\t\t<tbody class=\"tafe-table-body\">\n\t\t\t\t<tr>\n\t\t\t\t\t<td data-label=\"Cours Adolescents\"   class=\"elementor-repeater-item-f73837b td-content-type-default\" >Niveau<\/td><td data-label=\"\"   class=\"elementor-repeater-item-b4091e7 td-content-type-default\" ><p><strong>A1.1<br \/><\/strong>mardi &amp; vendredi \u00e0 15.30 &ndash; 17.30<br><\/td><\/tr><tr><td data-label=\"Cours Adolescents\"   class=\"elementor-repeater-item-f508fae td-content-type-default\" >Session<\/td><td data-label=\"\"   class=\"elementor-repeater-item-16cf8da td-content-type-default\" >26 septembre 2022 \u2013 28 janvier 2022<\/td><\/tr><tr><td data-label=\"Cours Adolescents\"   class=\"elementor-repeater-item-acd0ac9 td-content-type-default\" >Dur\u00e9e<\/td><td data-label=\"\"   class=\"elementor-repeater-item-4bba85e td-content-type-default\" >15 semaines<\/td><\/tr><tr><td data-label=\"Cours Adolescents\"   class=\"elementor-repeater-item-61e6ef0 td-content-type-default\" >Fr\u00e9quence<\/td><td data-label=\"\"   class=\"elementor-repeater-item-200ed81 td-content-type-default\" >1 s\u00e9ances par semaine<br>2h par s\u00e9ance<br>\n<\/td><\/tr><tr><td data-label=\"Cours Adolescents\"   class=\"elementor-repeater-item-8973a79 td-content-type-default\" >Nombre d\u2019heures &amp; tarif<\/td><td data-label=\"\"   class=\"elementor-repeater-item-abb3ce0 td-content-type-default\" >2.400.000 IDR (60 heures)<\/td>\t\t\t\t<\/tr>\n\t\t\t<\/tbody>\n\t\t<\/table>\n\t\t\n\t\t\t\t<\/div>\n\t\t\t\t<\/div>\n\t\t\t\t<div class=\"elementor-element elementor-element-0a804e6 elementor-widget elementor-widget-Table\" data-id=\"0a804e6\" data-element_type=\"widget\" data-widget_type=\"Table.default\">\n\t\t\t\t<div class=\"elementor-widget-container\">\n\t\t\t\t\t<table class=\"tafe-table \">\n\t\t\t<thead  class=\"tafe-table-header\">\n\t\t\t\t<tr>\n\t\t\t\t\t<th class=\"elementor-inline-editing elementor-repeater-item-508fedf\"  colSpan=\"2\" >Cours Enfants<\/th>\t\t\t\t<\/tr>\n\t\t\t<\/thead>\n\t\t\t\t\t\t<tbody class=\"tafe-table-body\">\n\t\t\t\t<tr>\n\t\t\t\t\t<td data-label=\"Cours Enfants\"   class=\"elementor-repeater-item-f73837b td-content-type-default\" >Niveau<\/td><td data-label=\"\"   class=\"elementor-repeater-item-b4091e7 td-content-type-default\" ><strong>A1.1<\/strong><br \/>samedi 13.00 &ndash; 16.30<\/td><\/tr><tr><td data-label=\"Cours Enfants\"   class=\"elementor-repeater-item-f508fae td-content-type-default\" >Session<\/td><td data-label=\"\"   class=\"elementor-repeater-item-16cf8da td-content-type-default\" >5 septembre \u2013 7 novembre  2022<\/td><\/tr><tr><td data-label=\"Cours Enfants\"   class=\"elementor-repeater-item-acd0ac9 td-content-type-default\" >Dur\u00e9e<\/td><td data-label=\"\"   class=\"elementor-repeater-item-4bba85e td-content-type-default\" >10 semaines<\/td><\/tr><tr><td data-label=\"Cours Enfants\"   class=\"elementor-repeater-item-61e6ef0 td-content-type-default\" >Fr\u00e9quence<\/td><td data-label=\"\"   class=\"elementor-repeater-item-200ed81 td-content-type-default\" >1 s\u00e9ances par semaine<br>3h par s\u00e9ance<br>  <\/td><\/tr><tr><td data-label=\"Cours Enfants\"   class=\"elementor-repeater-item-8973a79 td-content-type-default\" >Nombre d\u2019heures &amp; tarif<\/td><td data-label=\"\"   class=\"elementor-repeater-item-abb3ce0 td-content-type-default\" >1.590.000 IDR (30 heures)<\/td>\t\t\t\t<\/tr>\n\t\t\t<\/tbody>\n\t\t<\/table>\n\t\t\n\t\t\t\t<\/div>\n\t\t\t\t<\/div>\n\t\t\t\t\t<\/div>\n\t\t<\/div>\n\t\t\t\t\t<\/div>\n\t\t<\/section>\n\t\t\t\t<section class=\"elementor-section elementor-top-section elementor-element elementor-element-6c98848 elementor-section-boxed elementor-section-height-default elementor-section-height-default\" data-id=\"6c98848\" data-element_type=\"section\">\n\t\t\t\t\t\t<div class=\"elementor-container elementor-column-gap-default\">\n\t\t\t\t\t<div class=\"elementor-column elementor-col-100 elementor-top-column elementor-element elementor-element-abfd21f\" data-id=\"abfd21f\" data-element_type=\"column\">\n\t\t\t<div class=\"elementor-widget-wrap elementor-element-populated\">\n\t\t\t\t\t\t<div class=\"elementor-element elementor-element-4a94891 elementor-widget elementor-widget-heading\" data-id=\"4a94891\" data-element_type=\"widget\" data-widget_type=\"heading.default\">\n\t\t\t\t<div class=\"elementor-widget-container\">\n\t\t\t<h2 class=\"elementor-heading-title elementor-size-default\">IFI Wijaya<\/h2>\t\t<\/div>\n\t\t\t\t<\/div>\n\t\t\t\t\t<\/div>\n\t\t<\/div>\n\t\t\t\t\t<\/div>\n\t\t<\/section>\n\t\t\t\t<section class=\"elementor-section elementor-top-section elementor-element elementor-element-635103a elementor-section-boxed elementor-section-height-default elementor-section-height-default\" data-id=\"635103a\" data-element_type=\"section\">\n\t\t\t\t\t\t<div class=\"elementor-container elementor-column-gap-default\">\n\t\t\t\t\t<div class=\"elementor-column elementor-col-100 elementor-top-column elementor-element elementor-element-7d7e9a3\" data-id=\"7d7e9a3\" data-element_type=\"column\">\n\t\t\t<div class=\"elementor-widget-wrap elementor-element-populated\">\n\t\t\t\t\t\t<div class=\"elementor-element elementor-element-a9c7cd1 elementor-widget elementor-widget-Table\" data-id=\"a9c7cd1\" data-element_type=\"widget\" data-widget_type=\"Table.default\">\n\t\t\t\t<div class=\"elementor-widget-container\">\n\t\t\t\t\t<table class=\"tafe-table \">\n\t\t\t<thead  class=\"tafe-table-header\">\n\t\t\t\t<tr>\n\t\t\t\t\t<th class=\"elementor-inline-editing elementor-repeater-item-508fedf\"  colSpan=\"2\" ><b>Cours Extensif<\/b><\/th>\t\t\t\t<\/tr>\n\t\t\t<\/thead>\n\t\t\t\t\t\t<tbody class=\"tafe-table-body\">\n\t\t\t\t<tr>\n\t\t\t\t\t<td data-label=\"Cours Extensif\"   class=\"elementor-repeater-item-f73837b td-content-type-default\" >Niveau<\/td><td data-label=\"\"   class=\"elementor-repeater-item-b4091e7 td-content-type-default\" ><p><strong>A1.1<br \/><\/strong>mardi&amp; jeudi \u00e0 15.00 \u2013 17.00 \/ 17.00 \u2013 19.00 \/ 19.00 \u2013 21.00<br \/>samedi \u00e0 08.00 \u2013 12.30 \/ 13.00 \u2013 17.30<br \/>semaine \u00e0 08.00 \u2013 12.30<\/p>\n<p><strong>A1.2<br \/><\/strong>samedi \u00e0 08.00 \u2013 12.30<\/p>\n<strong>A2.1<br \/><\/strong>samedi \u00e0  08.00 \u2013 12.30 \/ 13.00 \u2013 17.30<\/td><\/tr><tr><td data-label=\"Cours Extensif\"   class=\"elementor-repeater-item-f508fae td-content-type-default\" >Session<\/td><td data-label=\"\"   class=\"elementor-repeater-item-16cf8da td-content-type-default\" >26 septembre \u2013 20 janvier 2023<\/td><\/tr><tr><td data-label=\"Cours Extensif\"   class=\"elementor-repeater-item-acd0ac9 td-content-type-default\" >Dur\u00e9e<\/td><td data-label=\"\"   class=\"elementor-repeater-item-4bba85e td-content-type-default\" >15 semaines<\/td><\/tr><tr><td data-label=\"Cours Extensif\"   class=\"elementor-repeater-item-61e6ef0 td-content-type-default\" >Fr\u00e9quence<\/td><td data-label=\"\"   class=\"elementor-repeater-item-200ed81 td-content-type-default\" >1 s\u00e9ances par semaine<br \/>4h par s\u00e9ance\n<br \/> <br \/> 2s\u00e9ances par semaine<br \/>2h par s\u00e9ance<\/td><\/tr><tr><td data-label=\"Cours Extensif\"   class=\"elementor-repeater-item-8973a79 td-content-type-default\" >Nombre d\u2019heures &amp; tarif<\/td><td data-label=\"\"   class=\"elementor-repeater-item-abb3ce0 td-content-type-default\" >2.400.000 IDR (60 heures)<\/td>\t\t\t\t<\/tr>\n\t\t\t<\/tbody>\n\t\t<\/table>\n\t\t\n\t\t\t\t<\/div>\n\t\t\t\t<\/div>\n\t\t\t\t<div class=\"elementor-element elementor-element-e851c07 elementor-widget elementor-widget-Table\" data-id=\"e851c07\" data-element_type=\"widget\" data-widget_type=\"Table.default\">\n\t\t\t\t<div class=\"elementor-widget-container\">\n\t\t\t\t\t<table class=\"tafe-table \">\n\t\t\t<thead  class=\"tafe-table-header\">\n\t\t\t\t<tr>\n\t\t\t\t\t<th class=\"elementor-inline-editing elementor-repeater-item-508fedf\"  colSpan=\"2\" ><b>Cours Intensif<\/b><\/th>\t\t\t\t<\/tr>\n\t\t\t<\/thead>\n\t\t\t\t\t\t<tbody class=\"tafe-table-body\">\n\t\t\t\t<tr>\n\t\t\t\t\t<td data-label=\"Cours Intensif\"   class=\"elementor-repeater-item-f73837b td-content-type-default\" >Niveau<\/td><td data-label=\"\"   class=\"elementor-repeater-item-b4091e7 td-content-type-default\" ><p><strong>A1<\/strong><br \/>lundi &amp;ndash vendredi \u00e0  08.00 &ndash; 12.30 \/ 13.00 &ndash; 17.30<\/p>\n<strong>A2<\/strong><br \/>lundi &amp;ndash vendredi \u00e0 08.00 &ndash; 12.30&nbsp;\/ 13.00 &ndash; 17.30<\/td><\/tr><tr><td data-label=\"Cours Intensif\"   class=\"elementor-repeater-item-f508fae td-content-type-default\" >Session<\/td><td data-label=\"\"   class=\"elementor-repeater-item-16cf8da td-content-type-default\" >5 septembre \u2013 14 octobre 2022<\/td><\/tr><tr><td data-label=\"Cours Intensif\"   class=\"elementor-repeater-item-acd0ac9 td-content-type-default\" >Dur\u00e9e<\/td><td data-label=\"\"   class=\"elementor-repeater-item-4bba85e td-content-type-default\" >8 semaines<\/td><\/tr><tr><td data-label=\"Cours Intensif\"   class=\"elementor-repeater-item-61e6ef0 td-content-type-default\" >Fr\u00e9quence<\/td><td data-label=\"\"   class=\"elementor-repeater-item-200ed81 td-content-type-default\" >5 s\u00e9ances par semaine<br \/>A1: 4 h par s\u00e9ance, lundi &ndash; vendredi<br \/>A2: 4 h par s\u00e9ance, lundi &ndash; vendredi<\/td><\/tr><tr><td data-label=\"Cours Intensif\"   class=\"elementor-repeater-item-8973a79 td-content-type-default\" >Nombre d\u2019heures &amp; tarif<\/td><td data-label=\"\"   class=\"elementor-repeater-item-abb3ce0 td-content-type-default\" >A1: 4.800.000 IDR (120 heures)<br>\nA2: 4.800.000 IDR (120 heures)<\/td>\t\t\t\t<\/tr>\n\t\t\t<\/tbody>\n\t\t<\/table>\n\t\t\n\t\t\t\t<\/div>\n\t\t\t\t<\/div>\n\t\t\t\t<div class=\"elementor-element elementor-element-6f0cd1d elementor-widget elementor-widget-Table\" data-id=\"6f0cd1d\" data-element_type=\"widget\" data-widget_type=\"Table.default\">\n\t\t\t\t<div class=\"elementor-widget-container\">\n\t\t\t\t\t<table class=\"tafe-table \">\n\t\t\t<thead  class=\"tafe-table-header\">\n\t\t\t\t<tr>\n\t\t\t\t\t<th class=\"elementor-inline-editing elementor-repeater-item-508fedf\"  colSpan=\"2\" >Cours Adolescent<\/th>\t\t\t\t<\/tr>\n\t\t\t<\/thead>\n\t\t\t\t\t\t<tbody class=\"tafe-table-body\">\n\t\t\t\t<tr>\n\t\t\t\t\t<td data-label=\"Cours Adolescent\"   class=\"elementor-repeater-item-f73837b td-content-type-default\" >Niveau<\/td><td data-label=\"\"   class=\"elementor-repeater-item-b4091e7 td-content-type-default\" ><p><strong>A1.1<br \/><\/strong>mardi et jeudi \u00e0 15.00 &ndash; 17.00<br \/>samedi \u00e0  08.00 &ndash; 12.30\/ 13.00 &ndash; 17.30<\/p>\n<strong>A1.<\/strong><strong>2<br \/><\/strong>samedi \u00e0 08.00 &ndash; 12.30<\/td><\/tr><tr><td data-label=\"Cours Adolescent\"   class=\"elementor-repeater-item-f508fae td-content-type-default\" >Session<\/td><td data-label=\"\"   class=\"elementor-repeater-item-16cf8da td-content-type-default\" >26 septembre 2022 \u2013 20 janvier 2023<\/td><\/tr><tr><td data-label=\"Cours Adolescent\"   class=\"elementor-repeater-item-acd0ac9 td-content-type-default\" >Dur\u00e9e<\/td><td data-label=\"\"   class=\"elementor-repeater-item-4bba85e td-content-type-default\" >15 semaines<\/td><\/tr><tr><td data-label=\"Cours Adolescent\"   class=\"elementor-repeater-item-61e6ef0 td-content-type-default\" >Fr\u00e9quence<\/td><td data-label=\"\"   class=\"elementor-repeater-item-200ed81 td-content-type-default\" >2 s\u00e9ances par semaine<br>2h par s\u00e9ance<br><br>\n1 s\u00e9ances par semaine<br>4h par s\u00e9ance<\/td><\/tr><tr><td data-label=\"Cours Adolescent\"   class=\"elementor-repeater-item-8973a79 td-content-type-default\" >Nombre d\u2019heures &amp; tarif<\/td><td data-label=\"\"   class=\"elementor-repeater-item-abb3ce0 td-content-type-default\" >2.400.000 IDR (60 heures)<\/td>\t\t\t\t<\/tr>\n\t\t\t<\/tbody>\n\t\t<\/table>\n\t\t\n\t\t\t\t<\/div>\n\t\t\t\t<\/div>\n\t\t\t\t<div class=\"elementor-element elementor-element-8b3fe9f elementor-widget elementor-widget-Table\" data-id=\"8b3fe9f\" data-element_type=\"widget\" data-widget_type=\"Table.default\">\n\t\t\t\t<div class=\"elementor-widget-container\">\n\t\t\t\t\t<table class=\"tafe-table \">\n\t\t\t<thead  class=\"tafe-table-header\">\n\t\t\t\t<tr>\n\t\t\t\t\t<th class=\"elementor-inline-editing elementor-repeater-item-508fedf\"  colSpan=\"2\" >Cours Enfants<\/th>\t\t\t\t<\/tr>\n\t\t\t<\/thead>\n\t\t\t\t\t\t<tbody class=\"tafe-table-body\">\n\t\t\t\t<tr>\n\t\t\t\t\t<td data-label=\"Cours Enfants\"   class=\"elementor-repeater-item-f73837b td-content-type-default\" >Niveau<\/td><td data-label=\"\"   class=\"elementor-repeater-item-b4091e7 td-content-type-default\" ><strong>A1.1 (pemula)<\/strong><br \/>mardi et jeudi \u00e0 15.30 &ndash; 17.00<br \/>samedi \u00e0 13.00 &ndash; 16.30<\/td><\/tr><tr><td data-label=\"Cours Enfants\"   class=\"elementor-repeater-item-f508fae td-content-type-default\" >Session<\/td><td data-label=\"\"   class=\"elementor-repeater-item-16cf8da td-content-type-default\" >5 septembre \u2013 7 novembere 2022<\/td><\/tr><tr><td data-label=\"Cours Enfants\"   class=\"elementor-repeater-item-acd0ac9 td-content-type-default\" >Dur\u00e9e<\/td><td data-label=\"\"   class=\"elementor-repeater-item-4bba85e td-content-type-default\" >10 semaines<\/td><\/tr><tr><td data-label=\"Cours Enfants\"   class=\"elementor-repeater-item-61e6ef0 td-content-type-default\" >Fr\u00e9quence<\/td><td data-label=\"\"   class=\"elementor-repeater-item-200ed81 td-content-type-default\" >2 s\u00e9ances par semaine<br>1,5h par s\u00e9ance<br><br>   \n1 s\u00e9ances par semaine<br> 13h par s\u00e9ance<\/td><\/tr><tr><td data-label=\"Cours Enfants\"   class=\"elementor-repeater-item-8973a79 td-content-type-default\" >Nombre d\u2019heures &amp; tarif<\/td><td data-label=\"\"   class=\"elementor-repeater-item-abb3ce0 td-content-type-default\" >1.590.000 IDR (30 heures)<\/td>\t\t\t\t<\/tr>\n\t\t\t<\/tbody>\n\t\t<\/table>\n\t\t\n\t\t\t\t<\/div>\n\t\t\t\t<\/div>\n\t\t\t\t<div class=\"elementor-element elementor-element-7b5bc10 elementor-widget elementor-widget-text-editor\" data-id=\"7b5bc10\" data-element_type=\"widget\" data-widget_type=\"text-editor.default\">\n\t\t\t\t<div class=\"elementor-widget-container\">\n\t\t\t\t\t\t\t<p>*Les \u00e9l\u00e8ves dans un cours en pr\u00e9sentiel \u00e0 l\u2019IFI Jakarta sont de 8 \u00e0 12 \u00e9l\u00e8ves<\/p>\n\t\t\t\t\t\t<\/div>\n\t\t\t\t<\/div>\n\t\t\t\t\t<\/div>\n\t\t<\/div>\n\t\t\t\t\t<\/div>\n\t\t<\/section>\n\t\t\t\t<section class=\"elementor-section elementor-top-section elementor-element elementor-element-f67cb0e elementor-section-boxed elementor-section-height-default elementor-section-height-default\" data-id=\"f67cb0e\" data-element_type=\"section\">\n\t\t\t\t\t\t<div class=\"elementor-container elementor-column-gap-default\">\n\t\t\t\t\t<div class=\"elementor-column elementor-col-100 elementor-top-column elementor-element elementor-element-d9c091c\" data-id=\"d9c091c\" data-element_type=\"column\">\n\t\t\t<div class=\"elementor-widget-wrap elementor-element-populated\">\n\t\t\t\t\t\t<div class=\"elementor-element elementor-element-d80c51e elementor-widget elementor-widget-heading\" data-id=\"d80c51e\" data-element_type=\"widget\" data-widget_type=\"heading.default\">\n\t\t\t\t<div class=\"elementor-widget-container\">\n\t\t\t<h2 class=\"elementor-heading-title elementor-size-default\">Pourquoi choisir l'IFI ?<\/h2>\t\t<\/div>\n\t\t\t\t<\/div>\n\t\t\t\t<div class=\"elementor-element elementor-element-c374f18 elementor-widget elementor-widget-text-editor\" data-id=\"c374f18\" data-element_type=\"widget\" data-widget_type=\"text-editor.default\">\n\t\t\t\t<div class=\"elementor-widget-container\">\n\t\t\t\t\t\t\t<ul>\n<li>L\u2019IFI est une institution reconnue sous la tutelle officielle de l\u2019ambassade de France<\/li>\n<li>Vous serez encadr\u00e9s par des enseignants professionnels et exp\u00e9riment\u00e9s dipl\u00f4m\u00e9s du DALF<\/li>\n<li>Profitez de m\u00e9thodes d\u2019apprentissage innovantes et interactives<\/li>\n<li>Toutes les ressources p\u00e9dagogiques utilis\u00e9es sont conformes aux cadre officiel de r\u00e9f\u00e9rence europ\u00e9en du CECRL<\/li>\n<li>B\u00e9n\u00e9ficiez d\u2019un acc\u00e8s direct et privil\u00e9gi\u00e9 aux projets d\u2019\u00e9tudes via Campus France \u2013 l\u2019organisme officiel du gouvernement fran\u00e7ais<\/li>\n<li>Les centres sont facilement accessibles via MRT, Busway, Ojek en ligne, ou v\u00e9hicules priv\u00e9s<\/li>\n<\/ul>\n\t\t\t\t\t\t<\/div>\n\t\t\t\t<\/div>\n\t\t\t\t\t<\/div>\n\t\t<\/div>\n\t\t\t\t\t<\/div>\n\t\t<\/section>\n\t\t\t\t<section class=\"elementor-section elementor-top-section elementor-element elementor-element-df50462 elementor-section-boxed elementor-section-height-default elementor-section-height-default\" data-id=\"df50462\" data-element_type=\"section\">\n\t\t\t\t\t\t<div class=\"elementor-container elementor-column-gap-default\">\n\t\t\t\t\t<div class=\"elementor-column elementor-col-100 elementor-top-column elementor-element elementor-element-460db12\" data-id=\"460db12\" data-element_type=\"column\">\n\t\t\t<div class=\"elementor-widget-wrap elementor-element-populated\">\n\t\t\t\t\t\t<div class=\"elementor-element elementor-element-a69a6e7 elementor-widget elementor-widget-heading\" data-id=\"a69a6e7\" data-element_type=\"widget\" data-widget_type=\"heading.default\">\n\t\t\t\t<div class=\"elementor-widget-container\">\n\t\t\t<h2 class=\"elementor-heading-title elementor-size-default\">Information &amp; Inscription<\/h2>\t\t<\/div>\n\t\t\t\t<\/div>\n\t\t\t\t\t<\/div>\n\t\t<\/div>\n\t\t\t\t\t<\/div>\n\t\t<\/section>\n\t\t\t\t<section class=\"elementor-section elementor-top-section elementor-element elementor-element-e526a91 elementor-section-boxed elementor-section-height-default elementor-section-height-default\" data-id=\"e526a91\" data-element_type=\"section\">\n\t\t\t\t\t\t<div class=\"elementor-container elementor-column-gap-default\">\n\t\t\t\t\t<div class=\"elementor-column elementor-col-100 elementor-top-column elementor-element elementor-element-b318a73\" data-id=\"b318a73\" data-element_type=\"column\">\n\t\t\t<div class=\"elementor-widget-wrap elementor-element-populated\">\n\t\t\t\t\t\t<div class=\"elementor-element elementor-element-fc551f5 elementor-widget elementor-widget-text-editor\" data-id=\"fc551f5\" data-element_type=\"widget\" data-widget_type=\"text-editor.default\">\n\t\t\t\t<div class=\"elementor-widget-container\">\n\t\t\t\t\t\t\t<p><strong>Periode d&rsquo;inscription<\/strong><\/p>\n<p><strong>IFI Tahmrin<br \/>\n<\/strong>Extensif &amp; Adolescents: 15 ao\u00fbt \u2013 24 septembre 2022<br \/>\nEnfants: 15 ao\u00fbt \u2013 5 septembre 2022<\/p>\n<p><strong>IFI Wijaya<br \/>\n<\/strong>Intensif: 15 ao\u00fbt \u2013 2 septembre 2022<br \/>\nEkstensif: 15 ao\u00fbt \u2013 24 septembre 2022<br \/>\nAdolescent: 15 ao\u00fbt \u201324 septembre 2022<br \/>\nEnfants: 15 ao\u00fbt \u2013 2 septembre 2022<\/p>\n\t\t\t\t\t\t<\/div>\n\t\t\t\t<\/div>\n\t\t\t\t\t<\/div>\n\t\t<\/div>\n\t\t\t\t\t<\/div>\n\t\t<\/section>\n\t\t\t\t<section class=\"elementor-section elementor-top-section elementor-element elementor-element-0b0ecc1 elementor-section-boxed elementor-section-height-default elementor-section-height-default\" data-id=\"0b0ecc1\" data-element_type=\"section\">\n\t\t\t\t\t\t<div class=\"elementor-container elementor-column-gap-default\">\n\t\t\t\t\t<div class=\"elementor-column elementor-col-50 elementor-top-column elementor-element elementor-element-80f3923\" data-id=\"80f3923\" data-element_type=\"column\">\n\t\t\t<div class=\"elementor-widget-wrap elementor-element-populated\">\n\t\t\t\t\t\t<div class=\"elementor-element elementor-element-3f880b6 elementor-align-center elementor-widget elementor-widget-button\" data-id=\"3f880b6\" data-element_type=\"widget\" data-widget_type=\"button.default\">\n\t\t\t\t<div class=\"elementor-widget-container\">\n\t\t\t\t\t<div class=\"elementor-button-wrapper\">\n\t\t\t<a class=\"elementor-button elementor-button-link elementor-size-md\" href=\"https:\/\/wa.me\/622123557952\">\n\t\t\t\t\t\t<span class=\"elementor-button-content-wrapper\">\n\t\t\t\t\t\t<span class=\"elementor-button-icon\">\n\t\t\t\t<i aria-hidden=\"true\" class=\"fab fa-whatsapp\"><\/i>\t\t\t<\/span>\n\t\t\t\t\t\t\t\t\t<span class=\"elementor-button-text\">WhatsApp IFI Thamrin (+622123557952)<\/span>\n\t\t\t\t\t<\/span>\n\t\t\t\t\t<\/a>\n\t\t<\/div>\n\t\t\t\t<\/div>\n\t\t\t\t<\/div>\n\t\t\t\t<div class=\"elementor-element elementor-element-8bace66 elementor-align-center elementor-widget elementor-widget-button\" data-id=\"8bace66\" data-element_type=\"widget\" data-widget_type=\"button.default\">\n\t\t\t\t<div class=\"elementor-widget-container\">\n\t\t\t\t\t<div class=\"elementor-button-wrapper\">\n\t\t\t<a class=\"elementor-button elementor-button-link elementor-size-md\" href=\"https:\/\/www.ifi-id.com\/fr\/cours-en-presentiel-ifi-jakarta-thamrin#\/\">\n\t\t\t\t\t\t<span class=\"elementor-button-content-wrapper\">\n\t\t\t\t\t\t\t\t\t<span class=\"elementor-button-text\">Cliquez ici pour s'inscrice \u00e0 L'IFI Thamrin<\/span>\n\t\t\t\t\t<\/span>\n\t\t\t\t\t<\/a>\n\t\t<\/div>\n\t\t\t\t<\/div>\n\t\t\t\t<\/div>\n\t\t\t\t\t<\/div>\n\t\t<\/div>\n\t\t\t\t<div class=\"elementor-column elementor-col-50 elementor-top-column elementor-element elementor-element-7ed1d79\" data-id=\"7ed1d79\" data-element_type=\"column\">\n\t\t\t<div class=\"elementor-widget-wrap elementor-element-populated\">\n\t\t\t\t\t\t<div class=\"elementor-element elementor-element-9fda66d elementor-align-center elementor-widget elementor-widget-button\" data-id=\"9fda66d\" data-element_type=\"widget\" data-widget_type=\"button.default\">\n\t\t\t\t<div class=\"elementor-widget-container\">\n\t\t\t\t\t<div class=\"elementor-button-wrapper\">\n\t\t\t<a class=\"elementor-button elementor-button-link elementor-size-md\" href=\"https:\/\/wa.me\/62217247064\">\n\t\t\t\t\t\t<span class=\"elementor-button-content-wrapper\">\n\t\t\t\t\t\t<span class=\"elementor-button-icon\">\n\t\t\t\t<i aria-hidden=\"true\" class=\"fab fa-whatsapp\"><\/i>\t\t\t<\/span>\n\t\t\t\t\t\t\t\t\t<span class=\"elementor-button-text\">WhatsApp IFI Wijaya (+62217247064)<\/span>\n\t\t\t\t\t<\/span>\n\t\t\t\t\t<\/a>\n\t\t<\/div>\n\t\t\t\t<\/div>\n\t\t\t\t<\/div>\n\t\t\t\t<div class=\"elementor-element elementor-element-bd5ab8b elementor-align-center elementor-widget elementor-widget-button\" data-id=\"bd5ab8b\" data-element_type=\"widget\" data-widget_type=\"button.default\">\n\t\t\t\t<div class=\"elementor-widget-container\">\n\t\t\t\t\t<div class=\"elementor-button-wrapper\">\n\t\t\t<a class=\"elementor-button elementor-button-link elementor-size-md\" href=\"https:\/\/www.ifi-id.com\/fr\/cours-en-presentiel-ifi-jakarta-wijaya#\/\">\n\t\t\t\t\t\t<span class=\"elementor-button-content-wrapper\">\n\t\t\t\t\t\t\t\t\t<span class=\"elementor-button-text\">Cliquez ici pour s'inscrice \u00e0 L'IFI Wijaya<\/span>\n\t\t\t\t\t<\/span>\n\t\t\t\t\t<\/a>\n\t\t<\/div>\n\t\t\t\t<\/div>\n\t\t\t\t<\/div>\n\t\t\t\t\t<\/div>\n\t\t<\/div>\n\t\t\t\t\t<\/div>\n\t\t<\/section>\n\t\t\t\t<\/div>\n\t\t","protected":false},"excerpt":{"rendered":"<p>Vous voulez vous \u00e9chapper de votre routine \u00e9puisante ? Venez apprendre le fran\u00e7ais ! Pourquoi choisir le fran\u00e7ais? Parce que c\u2019est une langue facile \u00e0 apprendre qui peut ouvrir de nombreuses opportunit\u00e9s pour votre carri\u00e8re professionnelle.<\/p>\n","protected":false},"author":8,"featured_media":27584,"comment_status":"closed","ping_status":"closed","sticky":false,"template":"","format":"standard","meta":{"footnotes":""},"categories":[1,1],"tags":[458,76,141],"class_list":{"0":"post-27443","1":"post","2":"type-post","3":"status-publish","4":"format-standard","5":"has-post-thumbnail","6":"hentry","7":"category-uncategorized","9":"tag-cours-en-presentiel","10":"tag-jakarta-fr","11":"tag-linguistique"},"yoast_head":"<!-- This site is optimized with the Yoast SEO plugin v23.5 - https:\/\/yoast.com\/wordpress\/plugins\/seo\/ -->\n<title>Apprenez le fran\u00e7ais en pr\u00e9sentiel \u00e0 l\u2019IFI Jakarta - session septembre 2022 - Institut fran\u00e7ais Indon\u00e9sie<\/title>\n<meta name=\"description\" content=\"Vous voulez vous \u00e9chapper de votre routine \u00e9puisante ? Venez apprendre le fran\u00e7ais ! Pourquoi choisir le fran\u00e7ais? Parce que c\u2019est une langue facile \u00e0 apprendre qui peut ouvrir de nombreuses opportunit\u00e9s pour votre carri\u00e8re professionnelle.\" \/>\n<meta name=\"robots\" content=\"index, follow, max-snippet:-1, max-image-preview:large, max-video-preview:-1\" \/>\n<link rel=\"canonical\" href=\"https:\/\/www.ifi-id.com\/fr\/apprenez-le-francais-en-presentiel-a-lifi-jakarta-session-septembre-2022\/\" \/>\n<meta property=\"og:locale\" content=\"fr_FR\" \/>\n<meta property=\"og:type\" content=\"article\" \/>\n<meta property=\"og:title\" content=\"Apprenez le fran\u00e7ais en pr\u00e9sentiel \u00e0 l\u2019IFI Jakarta - session septembre 2022\" \/>\n<meta property=\"og:description\" content=\"Vous voulez vous \u00e9chapper de votre routine \u00e9puisante ? Venez apprendre le fran\u00e7ais ! Pourquoi choisir le fran\u00e7ais? Parce que c\u2019est une langue facile \u00e0 apprendre qui peut ouvrir de nombreuses opportunit\u00e9s pour votre carri\u00e8re professionnelle.\" \/>\n<meta property=\"og:url\" content=\"https:\/\/www.ifi-id.com\/fr\/apprenez-le-francais-en-presentiel-a-lifi-jakarta-session-septembre-2022\/\" \/>\n<meta property=\"og:site_name\" content=\"Institut fran\u00e7ais Indon\u00e9sie\" \/>\n<meta property=\"article:published_time\" content=\"2022-08-19T08:09:13+00:00\" \/>\n<meta property=\"article:modified_time\" content=\"2022-08-25T07:16:24+00:00\" \/>\n<meta property=\"og:image\" content=\"https:\/\/www.ifi-id.com\/wp-content\/uploads\/2022\/08\/Belajar-Bahasa-Prancis-Tatap-Muka-di-IFI-Jakarta-Sesi-September-2022-WB.jpeg\" \/>\n<meta name=\"author\" content=\"Ghaisani Azizi Nurul Rizki\" \/>\n<meta name=\"twitter:card\" content=\"summary_large_image\" \/>\n<meta name=\"twitter:title\" content=\"Apprenez le fran\u00e7ais en pr\u00e9sentiel \u00e0 l\u2019IFI Jakarta - session septembre 2022\" \/>\n<meta name=\"twitter:description\" content=\"Vous voulez vous \u00e9chapper de votre routine \u00e9puisante ? Venez apprendre le fran\u00e7ais ! Pourquoi choisir le fran\u00e7ais? Parce que c\u2019est une langue facile \u00e0 apprendre qui peut ouvrir de nombreuses opportunit\u00e9s pour votre carri\u00e8re professionnelle.\" \/>\n<meta name=\"twitter:image\" content=\"https:\/\/www.ifi-id.com\/wp-content\/uploads\/2022\/08\/Belajar-Bahasa-Prancis-Tatap-Muka-di-IFI-Jakarta-Sesi-September-2022-WB-1024x576.jpeg\" \/>\n<meta name=\"twitter:label1\" content=\"\u00c9crit par\" \/>\n\t<meta name=\"twitter:data1\" content=\"Ghaisani Azizi Nurul Rizki\" \/>\n\t<meta name=\"twitter:label2\" content=\"Dur\u00e9e de lecture estim\u00e9e\" \/>\n\t<meta name=\"twitter:data2\" content=\"4 minutes\" \/>\n<script type=\"application\/ld+json\" class=\"yoast-schema-graph\">{\"@context\":\"https:\/\/schema.org\",\"@graph\":[{\"@type\":\"Article\",\"@id\":\"https:\/\/www.ifi-id.com\/fr\/apprenez-le-francais-en-presentiel-a-lifi-jakarta-session-septembre-2022\/#article\",\"isPartOf\":{\"@id\":\"https:\/\/www.ifi-id.com\/fr\/apprenez-le-francais-en-presentiel-a-lifi-jakarta-session-septembre-2022\/\"},\"author\":{\"name\":\"Ghaisani Azizi Nurul Rizki\",\"@id\":\"https:\/\/www.ifi-id.com\/#\/schema\/person\/a4eae510c216615f5c0f4e02f4edff1b\"},\"headline\":\"Apprenez le fran\u00e7ais en pr\u00e9sentiel \u00e0 l\u2019IFI Jakarta &#8211; session septembre 2022\",\"datePublished\":\"2022-08-19T08:09:13+00:00\",\"dateModified\":\"2022-08-25T07:16:24+00:00\",\"mainEntityOfPage\":{\"@id\":\"https:\/\/www.ifi-id.com\/fr\/apprenez-le-francais-en-presentiel-a-lifi-jakarta-session-septembre-2022\/\"},\"wordCount\":597,\"publisher\":{\"@id\":\"https:\/\/www.ifi-id.com\/#organization\"},\"image\":{\"@id\":\"https:\/\/www.ifi-id.com\/fr\/apprenez-le-francais-en-presentiel-a-lifi-jakarta-session-septembre-2022\/#primaryimage\"},\"thumbnailUrl\":\"https:\/\/www.ifi-id.com\/wp-content\/uploads\/2022\/08\/WhatsApp-Image-2022-08-25-at-1.54.16-PM.jpeg\",\"keywords\":[\"Cours en pr\u00e9sentiel\",\"Jakarta\",\"Linguistique\"],\"articleSection\":[\"Uncategorized\",\"Uncategorized\"],\"inLanguage\":\"fr-FR\"},{\"@type\":\"WebPage\",\"@id\":\"https:\/\/www.ifi-id.com\/fr\/apprenez-le-francais-en-presentiel-a-lifi-jakarta-session-septembre-2022\/\",\"url\":\"https:\/\/www.ifi-id.com\/fr\/apprenez-le-francais-en-presentiel-a-lifi-jakarta-session-septembre-2022\/\",\"name\":\"Apprenez le fran\u00e7ais en pr\u00e9sentiel \u00e0 l\u2019IFI Jakarta - session septembre 2022 - Institut fran\u00e7ais Indon\u00e9sie\",\"isPartOf\":{\"@id\":\"https:\/\/www.ifi-id.com\/#website\"},\"primaryImageOfPage\":{\"@id\":\"https:\/\/www.ifi-id.com\/fr\/apprenez-le-francais-en-presentiel-a-lifi-jakarta-session-septembre-2022\/#primaryimage\"},\"image\":{\"@id\":\"https:\/\/www.ifi-id.com\/fr\/apprenez-le-francais-en-presentiel-a-lifi-jakarta-session-septembre-2022\/#primaryimage\"},\"thumbnailUrl\":\"https:\/\/www.ifi-id.com\/wp-content\/uploads\/2022\/08\/WhatsApp-Image-2022-08-25-at-1.54.16-PM.jpeg\",\"datePublished\":\"2022-08-19T08:09:13+00:00\",\"dateModified\":\"2022-08-25T07:16:24+00:00\",\"description\":\"Vous voulez vous \u00e9chapper de votre routine \u00e9puisante ? Venez apprendre le fran\u00e7ais ! Pourquoi choisir le fran\u00e7ais? Parce que c\u2019est une langue facile \u00e0 apprendre qui peut ouvrir de nombreuses opportunit\u00e9s pour votre carri\u00e8re professionnelle.\",\"breadcrumb\":{\"@id\":\"https:\/\/www.ifi-id.com\/fr\/apprenez-le-francais-en-presentiel-a-lifi-jakarta-session-septembre-2022\/#breadcrumb\"},\"inLanguage\":\"fr-FR\",\"potentialAction\":[{\"@type\":\"ReadAction\",\"target\":[\"https:\/\/www.ifi-id.com\/fr\/apprenez-le-francais-en-presentiel-a-lifi-jakarta-session-septembre-2022\/\"]}]},{\"@type\":\"ImageObject\",\"inLanguage\":\"fr-FR\",\"@id\":\"https:\/\/www.ifi-id.com\/fr\/apprenez-le-francais-en-presentiel-a-lifi-jakarta-session-septembre-2022\/#primaryimage\",\"url\":\"https:\/\/www.ifi-id.com\/wp-content\/uploads\/2022\/08\/WhatsApp-Image-2022-08-25-at-1.54.16-PM.jpeg\",\"contentUrl\":\"https:\/\/www.ifi-id.com\/wp-content\/uploads\/2022\/08\/WhatsApp-Image-2022-08-25-at-1.54.16-PM.jpeg\",\"width\":1280,\"height\":720},{\"@type\":\"BreadcrumbList\",\"@id\":\"https:\/\/www.ifi-id.com\/fr\/apprenez-le-francais-en-presentiel-a-lifi-jakarta-session-septembre-2022\/#breadcrumb\",\"itemListElement\":[{\"@type\":\"ListItem\",\"position\":1,\"name\":\"Home\",\"item\":\"https:\/\/www.ifi-id.com\/\"},{\"@type\":\"ListItem\",\"position\":2,\"name\":\"Uncategorized\",\"item\":\"https:\/\/www.ifi-id.com\/fr\/category\/uncategorized\/\"},{\"@type\":\"ListItem\",\"position\":3,\"name\":\"Apprenez le fran\u00e7ais en pr\u00e9sentiel \u00e0 l\u2019IFI Jakarta &#8211; session septembre 2022\"}]},{\"@type\":\"WebSite\",\"@id\":\"https:\/\/www.ifi-id.com\/#website\",\"url\":\"https:\/\/www.ifi-id.com\/\",\"name\":\"Institut fran\u00e7ais Indon\u00e9sie\",\"description\":\"\",\"publisher\":{\"@id\":\"https:\/\/www.ifi-id.com\/#organization\"},\"potentialAction\":[{\"@type\":\"SearchAction\",\"target\":{\"@type\":\"EntryPoint\",\"urlTemplate\":\"https:\/\/www.ifi-id.com\/?s={search_term_string}\"},\"query-input\":{\"@type\":\"PropertyValueSpecification\",\"valueRequired\":true,\"valueName\":\"search_term_string\"}}],\"inLanguage\":\"fr-FR\"},{\"@type\":\"Organization\",\"@id\":\"https:\/\/www.ifi-id.com\/#organization\",\"name\":\"Institut fran\u00e7ais Indon\u00e9sie\",\"url\":\"https:\/\/www.ifi-id.com\/\",\"logo\":{\"@type\":\"ImageObject\",\"inLanguage\":\"fr-FR\",\"@id\":\"https:\/\/www.ifi-id.com\/#\/schema\/logo\/image\/\",\"url\":\"https:\/\/www.ifi-id.com\/wp-content\/uploads\/2022\/12\/IFI_New_Logo.jpg\",\"contentUrl\":\"https:\/\/www.ifi-id.com\/wp-content\/uploads\/2022\/12\/IFI_New_Logo.jpg\",\"width\":666,\"height\":444,\"caption\":\"Institut fran\u00e7ais Indon\u00e9sie\"},\"image\":{\"@id\":\"https:\/\/www.ifi-id.com\/#\/schema\/logo\/image\/\"}},{\"@type\":\"Person\",\"@id\":\"https:\/\/www.ifi-id.com\/#\/schema\/person\/a4eae510c216615f5c0f4e02f4edff1b\",\"name\":\"Ghaisani Azizi Nurul Rizki\",\"image\":{\"@type\":\"ImageObject\",\"inLanguage\":\"fr-FR\",\"@id\":\"https:\/\/www.ifi-id.com\/#\/schema\/person\/image\/\",\"url\":\"https:\/\/secure.gravatar.com\/avatar\/8ce4836ecc2a94798a84b768a7f20853?s=96&d=mm&r=g\",\"contentUrl\":\"https:\/\/secure.gravatar.com\/avatar\/8ce4836ecc2a94798a84b768a7f20853?s=96&d=mm&r=g\",\"caption\":\"Ghaisani Azizi Nurul Rizki\"},\"url\":\"https:\/\/www.ifi-id.com\/fr\/author\/azizi\/\"}]}<\/script>\n<!-- \/ Yoast SEO plugin. -->","yoast_head_json":{"title":"Apprenez le fran\u00e7ais en pr\u00e9sentiel \u00e0 l\u2019IFI Jakarta - session septembre 2022 - Institut fran\u00e7ais Indon\u00e9sie","description":"Vous voulez vous \u00e9chapper de votre routine \u00e9puisante ? Venez apprendre le fran\u00e7ais ! Pourquoi choisir le fran\u00e7ais? Parce que c\u2019est une langue facile \u00e0 apprendre qui peut ouvrir de nombreuses opportunit\u00e9s pour votre carri\u00e8re professionnelle.","robots":{"index":"index","follow":"follow","max-snippet":"max-snippet:-1","max-image-preview":"max-image-preview:large","max-video-preview":"max-video-preview:-1"},"canonical":"https:\/\/www.ifi-id.com\/fr\/apprenez-le-francais-en-presentiel-a-lifi-jakarta-session-septembre-2022\/","og_locale":"fr_FR","og_type":"article","og_title":"Apprenez le fran\u00e7ais en pr\u00e9sentiel \u00e0 l\u2019IFI Jakarta - session septembre 2022","og_description":"Vous voulez vous \u00e9chapper de votre routine \u00e9puisante ? Venez apprendre le fran\u00e7ais ! Pourquoi choisir le fran\u00e7ais? Parce que c\u2019est une langue facile \u00e0 apprendre qui peut ouvrir de nombreuses opportunit\u00e9s pour votre carri\u00e8re professionnelle.","og_url":"https:\/\/www.ifi-id.com\/fr\/apprenez-le-francais-en-presentiel-a-lifi-jakarta-session-septembre-2022\/","og_site_name":"Institut fran\u00e7ais Indon\u00e9sie","article_published_time":"2022-08-19T08:09:13+00:00","article_modified_time":"2022-08-25T07:16:24+00:00","og_image":[{"url":"https:\/\/www.ifi-id.com\/wp-content\/uploads\/2022\/08\/Belajar-Bahasa-Prancis-Tatap-Muka-di-IFI-Jakarta-Sesi-September-2022-WB.jpeg"}],"author":"Ghaisani Azizi Nurul Rizki","twitter_card":"summary_large_image","twitter_title":"Apprenez le fran\u00e7ais en pr\u00e9sentiel \u00e0 l\u2019IFI Jakarta - session septembre 2022","twitter_description":"Vous voulez vous \u00e9chapper de votre routine \u00e9puisante ? Venez apprendre le fran\u00e7ais ! Pourquoi choisir le fran\u00e7ais? Parce que c\u2019est une langue facile \u00e0 apprendre qui peut ouvrir de nombreuses opportunit\u00e9s pour votre carri\u00e8re professionnelle.","twitter_image":"https:\/\/www.ifi-id.com\/wp-content\/uploads\/2022\/08\/Belajar-Bahasa-Prancis-Tatap-Muka-di-IFI-Jakarta-Sesi-September-2022-WB-1024x576.jpeg","twitter_misc":{"\u00c9crit par":"Ghaisani Azizi Nurul Rizki","Dur\u00e9e de lecture estim\u00e9e":"4 minutes"},"schema":{"@context":"https:\/\/schema.org","@graph":[{"@type":"Article","@id":"https:\/\/www.ifi-id.com\/fr\/apprenez-le-francais-en-presentiel-a-lifi-jakarta-session-septembre-2022\/#article","isPartOf":{"@id":"https:\/\/www.ifi-id.com\/fr\/apprenez-le-francais-en-presentiel-a-lifi-jakarta-session-septembre-2022\/"},"author":{"name":"Ghaisani Azizi Nurul Rizki","@id":"https:\/\/www.ifi-id.com\/#\/schema\/person\/a4eae510c216615f5c0f4e02f4edff1b"},"headline":"Apprenez le fran\u00e7ais en pr\u00e9sentiel \u00e0 l\u2019IFI Jakarta &#8211; session septembre 2022","datePublished":"2022-08-19T08:09:13+00:00","dateModified":"2022-08-25T07:16:24+00:00","mainEntityOfPage":{"@id":"https:\/\/www.ifi-id.com\/fr\/apprenez-le-francais-en-presentiel-a-lifi-jakarta-session-septembre-2022\/"},"wordCount":597,"publisher":{"@id":"https:\/\/www.ifi-id.com\/#organization"},"image":{"@id":"https:\/\/www.ifi-id.com\/fr\/apprenez-le-francais-en-presentiel-a-lifi-jakarta-session-septembre-2022\/#primaryimage"},"thumbnailUrl":"https:\/\/www.ifi-id.com\/wp-content\/uploads\/2022\/08\/WhatsApp-Image-2022-08-25-at-1.54.16-PM.jpeg","keywords":["Cours en pr\u00e9sentiel","Jakarta","Linguistique"],"articleSection":["Uncategorized","Uncategorized"],"inLanguage":"fr-FR"},{"@type":"WebPage","@id":"https:\/\/www.ifi-id.com\/fr\/apprenez-le-francais-en-presentiel-a-lifi-jakarta-session-septembre-2022\/","url":"https:\/\/www.ifi-id.com\/fr\/apprenez-le-francais-en-presentiel-a-lifi-jakarta-session-septembre-2022\/","name":"Apprenez le fran\u00e7ais en pr\u00e9sentiel \u00e0 l\u2019IFI Jakarta - session septembre 2022 - Institut fran\u00e7ais Indon\u00e9sie","isPartOf":{"@id":"https:\/\/www.ifi-id.com\/#website"},"primaryImageOfPage":{"@id":"https:\/\/www.ifi-id.com\/fr\/apprenez-le-francais-en-presentiel-a-lifi-jakarta-session-septembre-2022\/#primaryimage"},"image":{"@id":"https:\/\/www.ifi-id.com\/fr\/apprenez-le-francais-en-presentiel-a-lifi-jakarta-session-septembre-2022\/#primaryimage"},"thumbnailUrl":"https:\/\/www.ifi-id.com\/wp-content\/uploads\/2022\/08\/WhatsApp-Image-2022-08-25-at-1.54.16-PM.jpeg","datePublished":"2022-08-19T08:09:13+00:00","dateModified":"2022-08-25T07:16:24+00:00","description":"Vous voulez vous \u00e9chapper de votre routine \u00e9puisante ? Venez apprendre le fran\u00e7ais ! Pourquoi choisir le fran\u00e7ais? Parce que c\u2019est une langue facile \u00e0 apprendre qui peut ouvrir de nombreuses opportunit\u00e9s pour votre carri\u00e8re professionnelle.","breadcrumb":{"@id":"https:\/\/www.ifi-id.com\/fr\/apprenez-le-francais-en-presentiel-a-lifi-jakarta-session-septembre-2022\/#breadcrumb"},"inLanguage":"fr-FR","potentialAction":[{"@type":"ReadAction","target":["https:\/\/www.ifi-id.com\/fr\/apprenez-le-francais-en-presentiel-a-lifi-jakarta-session-septembre-2022\/"]}]},{"@type":"ImageObject","inLanguage":"fr-FR","@id":"https:\/\/www.ifi-id.com\/fr\/apprenez-le-francais-en-presentiel-a-lifi-jakarta-session-septembre-2022\/#primaryimage","url":"https:\/\/www.ifi-id.com\/wp-content\/uploads\/2022\/08\/WhatsApp-Image-2022-08-25-at-1.54.16-PM.jpeg","contentUrl":"https:\/\/www.ifi-id.com\/wp-content\/uploads\/2022\/08\/WhatsApp-Image-2022-08-25-at-1.54.16-PM.jpeg","width":1280,"height":720},{"@type":"BreadcrumbList","@id":"https:\/\/www.ifi-id.com\/fr\/apprenez-le-francais-en-presentiel-a-lifi-jakarta-session-septembre-2022\/#breadcrumb","itemListElement":[{"@type":"ListItem","position":1,"name":"Home","item":"https:\/\/www.ifi-id.com\/"},{"@type":"ListItem","position":2,"name":"Uncategorized","item":"https:\/\/www.ifi-id.com\/fr\/category\/uncategorized\/"},{"@type":"ListItem","position":3,"name":"Apprenez le fran\u00e7ais en pr\u00e9sentiel \u00e0 l\u2019IFI Jakarta &#8211; session septembre 2022"}]},{"@type":"WebSite","@id":"https:\/\/www.ifi-id.com\/#website","url":"https:\/\/www.ifi-id.com\/","name":"Institut fran\u00e7ais Indon\u00e9sie","description":"","publisher":{"@id":"https:\/\/www.ifi-id.com\/#organization"},"potentialAction":[{"@type":"SearchAction","target":{"@type":"EntryPoint","urlTemplate":"https:\/\/www.ifi-id.com\/?s={search_term_string}"},"query-input":{"@type":"PropertyValueSpecification","valueRequired":true,"valueName":"search_term_string"}}],"inLanguage":"fr-FR"},{"@type":"Organization","@id":"https:\/\/www.ifi-id.com\/#organization","name":"Institut fran\u00e7ais Indon\u00e9sie","url":"https:\/\/www.ifi-id.com\/","logo":{"@type":"ImageObject","inLanguage":"fr-FR","@id":"https:\/\/www.ifi-id.com\/#\/schema\/logo\/image\/","url":"https:\/\/www.ifi-id.com\/wp-content\/uploads\/2022\/12\/IFI_New_Logo.jpg","contentUrl":"https:\/\/www.ifi-id.com\/wp-content\/uploads\/2022\/12\/IFI_New_Logo.jpg","width":666,"height":444,"caption":"Institut fran\u00e7ais Indon\u00e9sie"},"image":{"@id":"https:\/\/www.ifi-id.com\/#\/schema\/logo\/image\/"}},{"@type":"Person","@id":"https:\/\/www.ifi-id.com\/#\/schema\/person\/a4eae510c216615f5c0f4e02f4edff1b","name":"Ghaisani Azizi Nurul Rizki","image":{"@type":"ImageObject","inLanguage":"fr-FR","@id":"https:\/\/www.ifi-id.com\/#\/schema\/person\/image\/","url":"https:\/\/secure.gravatar.com\/avatar\/8ce4836ecc2a94798a84b768a7f20853?s=96&d=mm&r=g","contentUrl":"https:\/\/secure.gravatar.com\/avatar\/8ce4836ecc2a94798a84b768a7f20853?s=96&d=mm&r=g","caption":"Ghaisani Azizi Nurul Rizki"},"url":"https:\/\/www.ifi-id.com\/fr\/author\/azizi\/"}]}},"post_mailing_queue_ids":[],"_links":{"self":[{"href":"https:\/\/www.ifi-id.com\/fr\/wp-json\/wp\/v2\/posts\/27443"}],"collection":[{"href":"https:\/\/www.ifi-id.com\/fr\/wp-json\/wp\/v2\/posts"}],"about":[{"href":"https:\/\/www.ifi-id.com\/fr\/wp-json\/wp\/v2\/types\/post"}],"author":[{"embeddable":true,"href":"https:\/\/www.ifi-id.com\/fr\/wp-json\/wp\/v2\/users\/8"}],"replies":[{"embeddable":true,"href":"https:\/\/www.ifi-id.com\/fr\/wp-json\/wp\/v2\/comments?post=27443"}],"version-history":[{"count":15,"href":"https:\/\/www.ifi-id.com\/fr\/wp-json\/wp\/v2\/posts\/27443\/revisions"}],"predecessor-version":[{"id":27579,"href":"https:\/\/www.ifi-id.com\/fr\/wp-json\/wp\/v2\/posts\/27443\/revisions\/27579"}],"wp:featuredmedia":[{"embeddable":true,"href":"https:\/\/www.ifi-id.com\/fr\/wp-json\/wp\/v2\/media\/27584"}],"wp:attachment":[{"href":"https:\/\/www.ifi-id.com\/fr\/wp-json\/wp\/v2\/media?parent=27443"}],"wp:term":[{"taxonomy":"category","embeddable":true,"href":"https:\/\/www.ifi-id.com\/fr\/wp-json\/wp\/v2\/categories?post=27443"},{"taxonomy":"post_tag","embeddable":true,"href":"https:\/\/www.ifi-id.com\/fr\/wp-json\/wp\/v2\/tags?post=27443"}],"curies":[{"name":"wp","href":"https:\/\/api.w.org\/{rel}","templated":true}]}}