{"id":27092,"date":"2022-08-04T14:12:56","date_gmt":"2022-08-04T07:12:56","guid":{"rendered":"https:\/\/www.ifi-id.com\/linstitut-francais-dindonesie-sassocie-a-la-8eme-edition-du-festival-megacities-shortdocs-et-invite-les-habitants-des-megapoles-indonesiennes-a-prendre-leur-camera-pour-part"},"modified":"2022-08-10T16:36:59","modified_gmt":"2022-08-10T09:36:59","slug":"ifi-megacities-2022","status":"publish","type":"post","link":"https:\/\/www.ifi-id.com\/fr\/ifi-megacities-2022\/","title":{"rendered":"L\u2019Institut Fran\u00e7ais d\u2019Indon\u00e9sie s\u2019associe \u00e0 la 8\u00e8me \u00e9dition du Festival MegaCities-ShortDocs et invite les habitants des m\u00e9gapoles indon\u00e9siennes \u00e0 prendre leur cam\u00e9ra pour partager leur r\u00e9alit\u00e9 !"},"content":{"rendered":"\t\t<div data-elementor-type=\"wp-post\" data-elementor-id=\"27092\" class=\"elementor elementor-27092 elementor-27084\" data-elementor-post-type=\"post\">\n\t\t\t\t\t\t<section class=\"elementor-section elementor-top-section elementor-element elementor-element-8729678 elementor-section-boxed elementor-section-height-default elementor-section-height-default\" data-id=\"8729678\" data-element_type=\"section\">\n\t\t\t\t\t\t<div class=\"elementor-container elementor-column-gap-default\">\n\t\t\t\t\t<div class=\"elementor-column elementor-col-100 elementor-top-column elementor-element elementor-element-1cf1b7d\" data-id=\"1cf1b7d\" data-element_type=\"column\">\n\t\t\t<div class=\"elementor-widget-wrap elementor-element-populated\">\n\t\t\t\t\t\t<div class=\"elementor-element elementor-element-8d0e2f4 elementor-widget elementor-widget-text-editor\" data-id=\"8d0e2f4\" data-element_type=\"widget\" data-widget_type=\"text-editor.default\">\n\t\t\t\t<div class=\"elementor-widget-container\">\n\t\t\t\t\t\t\t<p>Le <em>Festival MegaCities-ShortDocs <\/em>est un festival de courts-m\u00e9trages documentaires qui mettent en lumi\u00e8re les d\u00e9fis urbains et les initiatives visant \u00e0 proposer des solutions efficaces pour am\u00e9liorer la vie des m\u00e9ga-citoyens.<\/p>\n<p>Depuis 2014, plus de 500 cin\u00e9astes ont rejoints le Festival dans sa qu\u00eate de villes plus durables.<\/p>\n<p>Cette ann\u00e9e, \u00e0 vous de mettre l\u2019Indon\u00e9sie \u00e0 l\u2019honneur en proposant votre ShortDoc inspirant\u00a0!<\/p>\n<p>Un jury international de qualit\u00e9 professionnelle s\u00e9lectionnera les meilleurs ShortDocs pour la d\u00e9livrance de 3 Awards et 4 Prix dont les r\u00e9compenses associ\u00e9es sont estim\u00e9es \u00e0 une valeur totale de 11\u00a0500 euros.<\/p>\n<p>N\u2019h\u00e9sitez pas \u00e0 contacter l\u2019IFI ou l\u2019\u00e9quipe du festival (<a href=\"mailto:contact@megacities-shortdocs.org\">contact@megacities-shortdocs.org<\/a>) pour tout renseignement compl\u00e9mentaire.<\/p>\n<p><strong>Comment participer au Festival MegaCities-ShortDocs\u00a0? <\/strong><\/p>\n<h3>1. Pour participer, il est <strong>obligatoire de s\u2019enregistrer<\/strong> via le <a href=\"https:\/\/www.megacities-shortdocs.org\/registration\">formulaire d\u2019inscription<\/a> sur le site du festival MegaCities-ShortDoc.<\/h3>\n<p>Apr\u00e8s votre inscription vous recevrez par e-mail et par WhatsApp toutes les informations concernant le festival.<\/p>\n<p>Inscrivez-vous le plus rapidement possible afin de recevoir un suivi ad\u00e9quat, notamment une orientation et des conseils de la part de l\u2019\u00e9quipe du festival.<\/p>\n<p>Le formulaire d\u2019inscription\u00a0est disponible \u00e0 l\u2019adresse URL suivante : <a href=\"https:\/\/www.megacities-shortdocs.org\/registration\">https:\/\/www.megacities-shortdocs.org\/registration<\/a><\/p>\n<p>Lors de votre inscription, veuillez s\u00e9lectionner \u00ab\u00a0French Institute\/Alliance fran\u00e7aise Indon\u00e9sie\u00a0\u00bb dans la cat\u00e9gorie \u2018Lead Source\u2019.<\/p>\n<p>La date limite d\u2019inscription est fix\u00e9e au <strong>15 octobre 2022<\/strong>.<\/p>\n<h3><strong>2. T\u00e9l\u00e9chargez votre ShortDoc<\/strong> sur <a href=\"https:\/\/www.shortfilmdepot.com\/\">https:\/\/www.shortfilmdepot.com\/<\/a> au plus tard le <strong>15 octobre 2022<\/strong> (minuit, heure de Paris)<\/h3>\n<p>La plateforme est disponible \u00e0 l\u2019adresse URL suivante\u00a0: <a href=\"https:\/\/www.shortfilmdepot.com\/\">https:\/\/www.shortfilmdepot.com\/<\/a><\/p>\n<p>Le <a href=\"https:\/\/www.youtube.com\/watch?v=YA2jEBWiuTw&amp;ab_channel=MegaCities-ShortDocs\">tutoriel<\/a> (disponible \u00e0 l\u2019adresse <a href=\"https:\/\/www.youtube.com\/watch?v=YA2jEBWiuTw\">https:\/\/www.youtube.com\/watch?v=YA2jEBWiuTw<\/a>) vous explique la marche \u00e0 suivre pour t\u00e9l\u00e9charger votre ShortDoc en ligne.<\/p>\n<p>\u200bVous pouvez \u00e9galement contacter l\u2019\u00e9quipe du festival pour toute question.<\/p>\n<p><strong>Quels sont les crit\u00e8res auxquels les films ShortDoc doivent r\u00e9pondre\u00a0? <\/strong><\/p>\n<p>Le festival est ouvert \u00e0 tous les citoyens qui souhaitent r\u00e9aliser un court-m\u00e9trage pr\u00e9sentant les d\u00e9fis urbains et les solutions misent en \u0153uvre dans les m\u00e9gapoles du monde.<\/p>\n<p>Quelques crit\u00e8res artistiques\u00a0:<\/p>\n<ul>\n<li>Le ShortDoc doit mettre en lumi\u00e8re une\u00a0<strong>initiative existante<\/strong>et\/ou un \u00ab\u00a0<strong>cris d&rsquo;alerte<\/strong>\u201d sur la situation sociale, \u00e9conomique ou environnementale d\u2019une m\u00e9gapole en particulier.<\/li>\n<\/ul>\n<ul>\n<li>Ainsi, vous pouvez montrer un <strong>d\u00e9fi<\/strong> auquel votre m\u00e9gapole fait face\u00a0(notamment sur les enjeux de transport, d&rsquo;\u00e9ducation, de sant\u00e9, de changement climatique, de pollution &#8230;) et\/ou pr\u00e9senter des <strong>solutions et initiatives<\/strong><strong>innovantes<\/strong> qui tentent de r\u00e9pondre \u00e0 ces d\u00e9fis urbains.<\/li>\n<\/ul>\n<ul>\n<li>Pour le choix des enjeux urbains, vous pouvez vous baser sur l&rsquo;un des <a href=\"https:\/\/sdgs.un.org\/fr\/goals\">17 objectifs de d\u00e9veloppement durable des Nations Unies<\/a>.<\/li>\n<\/ul>\n<ul>\n<li>Pour la pr\u00e9sentation des <strong>solutions innovantes<\/strong>, vous pouvez d\u00e9crire l&rsquo;initiative ou la start-up qui a propos\u00e9 la solution et d\u00e9tailler ses impacts positifs pour les habitants. Il est aussi possible d\u2019\u00e9voquer les perspectives de passage \u00e0 l\u2019\u00e9chelle (au niveau international, le cas \u00e9ch\u00e9ant).<\/li>\n<\/ul>\n<p>Quelques sp\u00e9cificit\u00e9s techniques\u00a0:<\/p>\n<ul>\n<li>Le ShortDoc doit \u00eatre tourn\u00e9 dans une\u00a0<strong>ville de plus d&rsquo;un million d&rsquo;habitants<\/strong>. En Indon\u00e9sie, les villes concern\u00e9es sont Bandar Lampung \/ Bandung \/ Batam \/ Bekasi \/ Bogor \/ Depok \/ Jakarta \/ Makassar (Ujung Pandang) \/ Medan \/ Palembang \/ Pekan Baru \/ Semarang \/ Surabaya \/<\/li>\n<li>La <strong>dur\u00e9e maximale<\/strong> du ShortDoc ne doit pas d\u00e9passer\u00a0<strong>4 minutes<\/strong>(en comprenant les cr\u00e9dits de cl\u00f4ture). Attention, les ShortDocs d\u00e9passant la limite de temps maximale ne seront pas retenus lors de la s\u00e9lection par le jury officiel.<\/li>\n<li>Le ShortDoc doit int\u00e9grer des\u00a0<strong>sous-titres anglais<\/strong>, selon le mod\u00e8le suivant :<\/li>\n<li>Police : Calibri, Normal, 70, en blanc. Contour noir, taille 2 (les sous-titres doivent \u00eatre conserv\u00e9s sur une seule ligne, dans la partie inf\u00e9rieure de l&rsquo;\u00e9cran)<\/li>\n<li>La\u00a0<strong>qualit\u00e9<\/strong>de la production et la\u00a0<strong>clart\u00e9<\/strong>\u00a0des messages, la\u00a0<strong>bri\u00e8vet\u00e9 relative\u00a0<\/strong>et la\u00a0<strong>capacit\u00e9 de synth\u00e8se<\/strong>\u00a0seront appr\u00e9ci\u00e9es. Attention, le court pitch vid\u00e9o ne doit pas \u00eatre per\u00e7u comme une vid\u00e9o purement publicitaire.<\/li>\n<\/ul>\n<p>N\u2019h\u00e9sitez pas \u00e0 consulter la foire aux questions (Q&amp;A) sur le site du festival, ou \u00e0 nous contacter pour toute pr\u00e9cision.<\/p>\n<p><strong>Quelles r\u00e9compenses\u00a0? <\/strong><\/p>\n<p>Les 4 prix et les 3 awards repr\u00e9sentent une valeur totale de 11\u00a0500 euros.<\/p>\n<p><span style=\"font-size: 1rem;\">Pour l\u2019<\/span><strong style=\"font-size: 1rem;\">Award<\/strong><strong style=\"font-size: 1rem;\"> du Meilleur ShortDoc<\/strong><span style=\"font-size: 1rem;\">, r\u00e9compense de 1500 euros pour le r\u00e9alisateur du court-m\u00e9trage (ainsi que de 1000 euros pour la personne \u00e0 l\u2019origine de l&rsquo;initiative).<\/span><\/p>\n<p>\u200b<span style=\"font-size: 1rem;\">Pour l\u2019<\/span><strong style=\"font-size: 1rem;\">Award<\/strong> <strong style=\"font-size: 1rem;\">du Meilleur ShortDoc Positif<\/strong><span style=\"font-size: 1rem;\">en partenariat avec le\u00a0Cin\u00e9ma Positif, r\u00e9compense de 1000 euros pour le r\u00e9alisateur du ShortDoc.<\/span><\/p>\n<ul>\n<li>Pour l\u2019<strong>Award du Meilleur ShortDoc \u00e9tudiant<\/strong>, r\u00e9compense de 1000 euros pour le r\u00e9alisateur du ShortDoc.<\/li>\n<\/ul>\n<p>A noter : Lorsque vous remportez l&rsquo;un des trois awards ci-dessus, en plus de la r\u00e9compense donn\u00e9e, vous recevez \u00e9galement un billet d&rsquo;avion aller-retour entre votre ville et Paris pour participer \u00e0 la c\u00e9r\u00e9monie du festival Megacities-ShortDocs (organis\u00e9e le 8 d\u00e9cembre 2022 \u00e0 Paris).<\/p>\n<ul>\n<li>Pour le\u00a0<strong>Prix de la \u00ab\u00a0Meilleure Initiative Urbaine\u00a0\u00bb<\/strong>, r\u00e9compense de 1 000\u20ac pour le porteur de l&rsquo;initiative, ou le collectif \u00e0 l&rsquo;origine de la situation d\u00e9nonc\u00e9e par le lanceur d&rsquo;alerte.<\/li>\n<li>Pour le<strong>Prix \u00a0de la \u00ab\u00a0M\u00e9tropole du Grand Paris\u00a0\u00bb<\/strong>, r\u00e9compense de 1000 euros pour le r\u00e9alisateur du ShortDoc.<\/li>\n<li>Pour le\u00a0<strong>Prix de<\/strong> <strong>\u00ab\u00a0La Ville du Quart d&rsquo;Heure\u00a0\u00bb (15 Min City)<\/strong>,r\u00e9compense de 1000 euros pour le r\u00e9alisateur du ShortDoc.<\/li>\n<li>Pour le\u00a0<strong>Prix<\/strong><strong>\u00ab\u00a0Urban Climate Crisis\u00a0\u00bb<\/strong>, r\u00e9compense de 1000 euros pour le r\u00e9alisateur du ShortDoc.<\/li>\n<li>Le <strong>\u00ab\u00a0Choix du public\u00a0\u00bb<\/strong>et l\u2019<strong>\u00ab\u00a0Innovation dans le Secteur Public\u00a0\u00bb<\/strong>\u00a0sont des titres honorifiques sp\u00e9ciaux.<\/li>\n<\/ul>\n<p><strong>Calendrier du festival <\/strong><\/p>\n<ul>\n<li><strong>15 Octobre 2022\u00a0<\/strong>: Date limite pour <a href=\"https:\/\/www.megacities-shortdocs.org\/registration\">l&rsquo;inscription sur le site du MegaCities-ShortDocs<\/a> et pour le t\u00e9l\u00e9chargement du ShortDoc sur la plateforme <a href=\"https:\/\/www.shortfilmdepot.com\/\">com<\/a>.<\/li>\n<li><strong>Novembre 2022\u00a0<\/strong>: r\u00e9sultats de la s\u00e9lection des 15 \u00a0nomm\u00e9s par un jury international et professionnel.<\/li>\n<li><strong>1 au\u00a0 7 D\u00e9cembre 2022<\/strong>: projections internationales des meilleurs ShortDocs, en partenariat avec les Instituts fran\u00e7ais \u00e0 travers le monde. La date de l\u2019\u00e9v\u00e8nement organis\u00e9 \u00e0 l\u2019IFI Thamrin de Jakarta reste \u00e0 d\u00e9finir.<\/li>\n<li><strong>8 D\u00e9cembre 2022\u00a0<\/strong>: C\u00e9r\u00e9monie de remise des prix \u00e0 Paris, o\u00f9 les finalistes (les meilleurs r\u00e9alisateurs de courts m\u00e9trages parmi les 15 nomm\u00e9s) seront invit\u00e9s et les gagnants r\u00e9compens\u00e9s. Cl\u00f4ture de la 8<sup>\u00e8me<\/sup> \u00e9dition du Festival MegaCities-ShortDocs.<\/li>\n<\/ul>\n\t\t\t\t\t\t<\/div>\n\t\t\t\t<\/div>\n\t\t\t\t\t<\/div>\n\t\t<\/div>\n\t\t\t\t\t<\/div>\n\t\t<\/section>\n\t\t\t\t<\/div>\n\t\t","protected":false},"excerpt":{"rendered":"<p>Le Festival MegaCities-ShortDocs est un festival de courts-m\u00e9trages documentaires qui mettent en lumi\u00e8re les d\u00e9fis urbains et les initiatives visant \u00e0 proposer des solutions efficaces pour am\u00e9liorer la vie des m\u00e9ga-citoyens. <\/p>\n","protected":false},"author":8,"featured_media":27086,"comment_status":"closed","ping_status":"closed","sticky":false,"template":"","format":"standard","meta":{"footnotes":""},"categories":[1],"tags":[145,485],"class_list":["post-27092","post","type-post","status-publish","format-standard","has-post-thumbnail","hentry","category-uncategorized","tag-culture","tag-environnement"],"yoast_head":"<!-- This site is optimized with the Yoast SEO plugin v23.5 - https:\/\/yoast.com\/wordpress\/plugins\/seo\/ -->\n<title>L\u2019Institut Fran\u00e7ais d\u2019Indon\u00e9sie s\u2019associe \u00e0 la 8\u00e8me \u00e9dition du Festival MegaCities-ShortDocs et invite les habitants des m\u00e9gapoles indon\u00e9siennes \u00e0 prendre leur cam\u00e9ra pour partager leur r\u00e9alit\u00e9 ! - Institut fran\u00e7ais Indon\u00e9sie<\/title>\n<meta name=\"description\" content=\"L\u2019Institut Fran\u00e7ais d\u2019Indon\u00e9sie s\u2019associe \u00e0 la 8\u00e8me \u00e9dition du Festival MegaCities-ShortDocs et invite les habitants des m\u00e9gapoles indon\u00e9siennes \u00e0 prendre leur cam\u00e9ra pour partager leur r\u00e9alit\u00e9 !\" \/>\n<meta name=\"robots\" content=\"index, follow, max-snippet:-1, max-image-preview:large, max-video-preview:-1\" \/>\n<link rel=\"canonical\" href=\"https:\/\/www.ifi-id.com\/fr\/ifi-megacities-2022\/\" \/>\n<meta property=\"og:locale\" content=\"fr_FR\" \/>\n<meta property=\"og:type\" content=\"article\" \/>\n<meta property=\"og:title\" content=\"L\u2019Institut Fran\u00e7ais d\u2019Indon\u00e9sie s\u2019associe \u00e0 la 8\u00e8me \u00e9dition du Festival MegaCities-ShortDocs et invite les habitants des m\u00e9gapoles indon\u00e9siennes \u00e0 prendre leur cam\u00e9ra pour partager leur r\u00e9alit\u00e9 !\" \/>\n<meta property=\"og:description\" content=\"L\u2019Institut Fran\u00e7ais d\u2019Indon\u00e9sie s\u2019associe \u00e0 la 8\u00e8me \u00e9dition du Festival MegaCities-ShortDocs et invite les habitants des m\u00e9gapoles indon\u00e9siennes \u00e0 prendre leur cam\u00e9ra pour partager leur r\u00e9alit\u00e9 !\" \/>\n<meta property=\"og:url\" content=\"https:\/\/www.ifi-id.com\/fr\/ifi-megacities-2022\/\" \/>\n<meta property=\"og:site_name\" content=\"Institut fran\u00e7ais Indon\u00e9sie\" \/>\n<meta property=\"article:published_time\" content=\"2022-08-04T07:12:56+00:00\" \/>\n<meta property=\"article:modified_time\" content=\"2022-08-10T09:36:59+00:00\" \/>\n<meta property=\"og:image\" content=\"https:\/\/www.ifi-id.com\/wp-content\/uploads\/2022\/08\/web-banner-copy.jpg\" \/>\n<meta name=\"author\" content=\"Ghaisani Azizi Nurul Rizki\" \/>\n<meta name=\"twitter:card\" content=\"summary_large_image\" \/>\n<meta name=\"twitter:title\" content=\"L\u2019Institut Fran\u00e7ais d\u2019Indon\u00e9sie s\u2019associe \u00e0 la 8\u00e8me \u00e9dition du Festival MegaCities-ShortDocs et invite les habitants des m\u00e9gapoles indon\u00e9siennes \u00e0 prendre leur cam\u00e9ra pour partager leur r\u00e9alit\u00e9 !\" \/>\n<meta name=\"twitter:description\" content=\"L\u2019Institut Fran\u00e7ais d\u2019Indon\u00e9sie s\u2019associe \u00e0 la 8\u00e8me \u00e9dition du Festival MegaCities-ShortDocs et invite les habitants des m\u00e9gapoles indon\u00e9siennes \u00e0 prendre leur cam\u00e9ra pour partager leur r\u00e9alit\u00e9 !\" \/>\n<meta name=\"twitter:image\" content=\"https:\/\/www.ifi-id.com\/wp-content\/uploads\/2022\/08\/web-banner-copy-1024x576.jpg\" \/>\n<meta name=\"twitter:label1\" content=\"\u00c9crit par\" \/>\n\t<meta name=\"twitter:data1\" content=\"Ghaisani Azizi Nurul Rizki\" \/>\n\t<meta name=\"twitter:label2\" content=\"Dur\u00e9e de lecture estim\u00e9e\" \/>\n\t<meta name=\"twitter:data2\" content=\"5 minutes\" \/>\n<script type=\"application\/ld+json\" class=\"yoast-schema-graph\">{\"@context\":\"https:\/\/schema.org\",\"@graph\":[{\"@type\":\"Article\",\"@id\":\"https:\/\/www.ifi-id.com\/fr\/ifi-megacities-2022\/#article\",\"isPartOf\":{\"@id\":\"https:\/\/www.ifi-id.com\/fr\/ifi-megacities-2022\/\"},\"author\":{\"name\":\"Ghaisani Azizi Nurul Rizki\",\"@id\":\"https:\/\/www.ifi-id.com\/#\/schema\/person\/a4eae510c216615f5c0f4e02f4edff1b\"},\"headline\":\"L\u2019Institut Fran\u00e7ais d\u2019Indon\u00e9sie s\u2019associe \u00e0 la 8\u00e8me \u00e9dition du Festival MegaCities-ShortDocs et invite les habitants des m\u00e9gapoles indon\u00e9siennes \u00e0 prendre leur cam\u00e9ra pour partager leur r\u00e9alit\u00e9 !\",\"datePublished\":\"2022-08-04T07:12:56+00:00\",\"dateModified\":\"2022-08-10T09:36:59+00:00\",\"mainEntityOfPage\":{\"@id\":\"https:\/\/www.ifi-id.com\/fr\/ifi-megacities-2022\/\"},\"wordCount\":1063,\"publisher\":{\"@id\":\"https:\/\/www.ifi-id.com\/#organization\"},\"image\":{\"@id\":\"https:\/\/www.ifi-id.com\/fr\/ifi-megacities-2022\/#primaryimage\"},\"thumbnailUrl\":\"https:\/\/www.ifi-id.com\/wp-content\/uploads\/2022\/08\/web-banner-copy.jpg\",\"keywords\":[\"Culture\",\"Environnement\"],\"articleSection\":[\"Uncategorized\"],\"inLanguage\":\"fr-FR\"},{\"@type\":\"WebPage\",\"@id\":\"https:\/\/www.ifi-id.com\/fr\/ifi-megacities-2022\/\",\"url\":\"https:\/\/www.ifi-id.com\/fr\/ifi-megacities-2022\/\",\"name\":\"L\u2019Institut Fran\u00e7ais d\u2019Indon\u00e9sie s\u2019associe \u00e0 la 8\u00e8me \u00e9dition du Festival MegaCities-ShortDocs et invite les habitants des m\u00e9gapoles indon\u00e9siennes \u00e0 prendre leur cam\u00e9ra pour partager leur r\u00e9alit\u00e9 ! - Institut fran\u00e7ais Indon\u00e9sie\",\"isPartOf\":{\"@id\":\"https:\/\/www.ifi-id.com\/#website\"},\"primaryImageOfPage\":{\"@id\":\"https:\/\/www.ifi-id.com\/fr\/ifi-megacities-2022\/#primaryimage\"},\"image\":{\"@id\":\"https:\/\/www.ifi-id.com\/fr\/ifi-megacities-2022\/#primaryimage\"},\"thumbnailUrl\":\"https:\/\/www.ifi-id.com\/wp-content\/uploads\/2022\/08\/web-banner-copy.jpg\",\"datePublished\":\"2022-08-04T07:12:56+00:00\",\"dateModified\":\"2022-08-10T09:36:59+00:00\",\"description\":\"L\u2019Institut Fran\u00e7ais d\u2019Indon\u00e9sie s\u2019associe \u00e0 la 8\u00e8me \u00e9dition du Festival MegaCities-ShortDocs et invite les habitants des m\u00e9gapoles indon\u00e9siennes \u00e0 prendre leur cam\u00e9ra pour partager leur r\u00e9alit\u00e9 !\",\"breadcrumb\":{\"@id\":\"https:\/\/www.ifi-id.com\/fr\/ifi-megacities-2022\/#breadcrumb\"},\"inLanguage\":\"fr-FR\",\"potentialAction\":[{\"@type\":\"ReadAction\",\"target\":[\"https:\/\/www.ifi-id.com\/fr\/ifi-megacities-2022\/\"]}]},{\"@type\":\"ImageObject\",\"inLanguage\":\"fr-FR\",\"@id\":\"https:\/\/www.ifi-id.com\/fr\/ifi-megacities-2022\/#primaryimage\",\"url\":\"https:\/\/www.ifi-id.com\/wp-content\/uploads\/2022\/08\/web-banner-copy.jpg\",\"contentUrl\":\"https:\/\/www.ifi-id.com\/wp-content\/uploads\/2022\/08\/web-banner-copy.jpg\",\"width\":1280,\"height\":720},{\"@type\":\"BreadcrumbList\",\"@id\":\"https:\/\/www.ifi-id.com\/fr\/ifi-megacities-2022\/#breadcrumb\",\"itemListElement\":[{\"@type\":\"ListItem\",\"position\":1,\"name\":\"Home\",\"item\":\"https:\/\/www.ifi-id.com\/\"},{\"@type\":\"ListItem\",\"position\":2,\"name\":\"Uncategorized\",\"item\":\"https:\/\/www.ifi-id.com\/fr\/category\/uncategorized\/\"},{\"@type\":\"ListItem\",\"position\":3,\"name\":\"L\u2019Institut Fran\u00e7ais d\u2019Indon\u00e9sie s\u2019associe \u00e0 la 8\u00e8me \u00e9dition du Festival MegaCities-ShortDocs et invite les habitants des m\u00e9gapoles indon\u00e9siennes \u00e0 prendre leur cam\u00e9ra pour partager leur r\u00e9alit\u00e9 !\"}]},{\"@type\":\"WebSite\",\"@id\":\"https:\/\/www.ifi-id.com\/#website\",\"url\":\"https:\/\/www.ifi-id.com\/\",\"name\":\"Institut fran\u00e7ais Indon\u00e9sie\",\"description\":\"\",\"publisher\":{\"@id\":\"https:\/\/www.ifi-id.com\/#organization\"},\"potentialAction\":[{\"@type\":\"SearchAction\",\"target\":{\"@type\":\"EntryPoint\",\"urlTemplate\":\"https:\/\/www.ifi-id.com\/?s={search_term_string}\"},\"query-input\":{\"@type\":\"PropertyValueSpecification\",\"valueRequired\":true,\"valueName\":\"search_term_string\"}}],\"inLanguage\":\"fr-FR\"},{\"@type\":\"Organization\",\"@id\":\"https:\/\/www.ifi-id.com\/#organization\",\"name\":\"Institut fran\u00e7ais Indon\u00e9sie\",\"url\":\"https:\/\/www.ifi-id.com\/\",\"logo\":{\"@type\":\"ImageObject\",\"inLanguage\":\"fr-FR\",\"@id\":\"https:\/\/www.ifi-id.com\/#\/schema\/logo\/image\/\",\"url\":\"https:\/\/www.ifi-id.com\/wp-content\/uploads\/2022\/12\/IFI_New_Logo.jpg\",\"contentUrl\":\"https:\/\/www.ifi-id.com\/wp-content\/uploads\/2022\/12\/IFI_New_Logo.jpg\",\"width\":666,\"height\":444,\"caption\":\"Institut fran\u00e7ais Indon\u00e9sie\"},\"image\":{\"@id\":\"https:\/\/www.ifi-id.com\/#\/schema\/logo\/image\/\"}},{\"@type\":\"Person\",\"@id\":\"https:\/\/www.ifi-id.com\/#\/schema\/person\/a4eae510c216615f5c0f4e02f4edff1b\",\"name\":\"Ghaisani Azizi Nurul Rizki\",\"image\":{\"@type\":\"ImageObject\",\"inLanguage\":\"fr-FR\",\"@id\":\"https:\/\/www.ifi-id.com\/#\/schema\/person\/image\/\",\"url\":\"https:\/\/secure.gravatar.com\/avatar\/8ce4836ecc2a94798a84b768a7f20853?s=96&d=mm&r=g\",\"contentUrl\":\"https:\/\/secure.gravatar.com\/avatar\/8ce4836ecc2a94798a84b768a7f20853?s=96&d=mm&r=g\",\"caption\":\"Ghaisani Azizi Nurul Rizki\"},\"url\":\"https:\/\/www.ifi-id.com\/fr\/author\/azizi\/\"}]}<\/script>\n<!-- \/ Yoast SEO plugin. -->","yoast_head_json":{"title":"L\u2019Institut Fran\u00e7ais d\u2019Indon\u00e9sie s\u2019associe \u00e0 la 8\u00e8me \u00e9dition du Festival MegaCities-ShortDocs et invite les habitants des m\u00e9gapoles indon\u00e9siennes \u00e0 prendre leur cam\u00e9ra pour partager leur r\u00e9alit\u00e9 ! - Institut fran\u00e7ais Indon\u00e9sie","description":"L\u2019Institut Fran\u00e7ais d\u2019Indon\u00e9sie s\u2019associe \u00e0 la 8\u00e8me \u00e9dition du Festival MegaCities-ShortDocs et invite les habitants des m\u00e9gapoles indon\u00e9siennes \u00e0 prendre leur cam\u00e9ra pour partager leur r\u00e9alit\u00e9 !","robots":{"index":"index","follow":"follow","max-snippet":"max-snippet:-1","max-image-preview":"max-image-preview:large","max-video-preview":"max-video-preview:-1"},"canonical":"https:\/\/www.ifi-id.com\/fr\/ifi-megacities-2022\/","og_locale":"fr_FR","og_type":"article","og_title":"L\u2019Institut Fran\u00e7ais d\u2019Indon\u00e9sie s\u2019associe \u00e0 la 8\u00e8me \u00e9dition du Festival MegaCities-ShortDocs et invite les habitants des m\u00e9gapoles indon\u00e9siennes \u00e0 prendre leur cam\u00e9ra pour partager leur r\u00e9alit\u00e9 !","og_description":"L\u2019Institut Fran\u00e7ais d\u2019Indon\u00e9sie s\u2019associe \u00e0 la 8\u00e8me \u00e9dition du Festival MegaCities-ShortDocs et invite les habitants des m\u00e9gapoles indon\u00e9siennes \u00e0 prendre leur cam\u00e9ra pour partager leur r\u00e9alit\u00e9 !","og_url":"https:\/\/www.ifi-id.com\/fr\/ifi-megacities-2022\/","og_site_name":"Institut fran\u00e7ais Indon\u00e9sie","article_published_time":"2022-08-04T07:12:56+00:00","article_modified_time":"2022-08-10T09:36:59+00:00","og_image":[{"url":"https:\/\/www.ifi-id.com\/wp-content\/uploads\/2022\/08\/web-banner-copy.jpg"}],"author":"Ghaisani Azizi Nurul Rizki","twitter_card":"summary_large_image","twitter_title":"L\u2019Institut Fran\u00e7ais d\u2019Indon\u00e9sie s\u2019associe \u00e0 la 8\u00e8me \u00e9dition du Festival MegaCities-ShortDocs et invite les habitants des m\u00e9gapoles indon\u00e9siennes \u00e0 prendre leur cam\u00e9ra pour partager leur r\u00e9alit\u00e9 !","twitter_description":"L\u2019Institut Fran\u00e7ais d\u2019Indon\u00e9sie s\u2019associe \u00e0 la 8\u00e8me \u00e9dition du Festival MegaCities-ShortDocs et invite les habitants des m\u00e9gapoles indon\u00e9siennes \u00e0 prendre leur cam\u00e9ra pour partager leur r\u00e9alit\u00e9 !","twitter_image":"https:\/\/www.ifi-id.com\/wp-content\/uploads\/2022\/08\/web-banner-copy-1024x576.jpg","twitter_misc":{"\u00c9crit par":"Ghaisani Azizi Nurul Rizki","Dur\u00e9e de lecture estim\u00e9e":"5 minutes"},"schema":{"@context":"https:\/\/schema.org","@graph":[{"@type":"Article","@id":"https:\/\/www.ifi-id.com\/fr\/ifi-megacities-2022\/#article","isPartOf":{"@id":"https:\/\/www.ifi-id.com\/fr\/ifi-megacities-2022\/"},"author":{"name":"Ghaisani Azizi Nurul Rizki","@id":"https:\/\/www.ifi-id.com\/#\/schema\/person\/a4eae510c216615f5c0f4e02f4edff1b"},"headline":"L\u2019Institut Fran\u00e7ais d\u2019Indon\u00e9sie s\u2019associe \u00e0 la 8\u00e8me \u00e9dition du Festival MegaCities-ShortDocs et invite les habitants des m\u00e9gapoles indon\u00e9siennes \u00e0 prendre leur cam\u00e9ra pour partager leur r\u00e9alit\u00e9 !","datePublished":"2022-08-04T07:12:56+00:00","dateModified":"2022-08-10T09:36:59+00:00","mainEntityOfPage":{"@id":"https:\/\/www.ifi-id.com\/fr\/ifi-megacities-2022\/"},"wordCount":1063,"publisher":{"@id":"https:\/\/www.ifi-id.com\/#organization"},"image":{"@id":"https:\/\/www.ifi-id.com\/fr\/ifi-megacities-2022\/#primaryimage"},"thumbnailUrl":"https:\/\/www.ifi-id.com\/wp-content\/uploads\/2022\/08\/web-banner-copy.jpg","keywords":["Culture","Environnement"],"articleSection":["Uncategorized"],"inLanguage":"fr-FR"},{"@type":"WebPage","@id":"https:\/\/www.ifi-id.com\/fr\/ifi-megacities-2022\/","url":"https:\/\/www.ifi-id.com\/fr\/ifi-megacities-2022\/","name":"L\u2019Institut Fran\u00e7ais d\u2019Indon\u00e9sie s\u2019associe \u00e0 la 8\u00e8me \u00e9dition du Festival MegaCities-ShortDocs et invite les habitants des m\u00e9gapoles indon\u00e9siennes \u00e0 prendre leur cam\u00e9ra pour partager leur r\u00e9alit\u00e9 ! - Institut fran\u00e7ais Indon\u00e9sie","isPartOf":{"@id":"https:\/\/www.ifi-id.com\/#website"},"primaryImageOfPage":{"@id":"https:\/\/www.ifi-id.com\/fr\/ifi-megacities-2022\/#primaryimage"},"image":{"@id":"https:\/\/www.ifi-id.com\/fr\/ifi-megacities-2022\/#primaryimage"},"thumbnailUrl":"https:\/\/www.ifi-id.com\/wp-content\/uploads\/2022\/08\/web-banner-copy.jpg","datePublished":"2022-08-04T07:12:56+00:00","dateModified":"2022-08-10T09:36:59+00:00","description":"L\u2019Institut Fran\u00e7ais d\u2019Indon\u00e9sie s\u2019associe \u00e0 la 8\u00e8me \u00e9dition du Festival MegaCities-ShortDocs et invite les habitants des m\u00e9gapoles indon\u00e9siennes \u00e0 prendre leur cam\u00e9ra pour partager leur r\u00e9alit\u00e9 !","breadcrumb":{"@id":"https:\/\/www.ifi-id.com\/fr\/ifi-megacities-2022\/#breadcrumb"},"inLanguage":"fr-FR","potentialAction":[{"@type":"ReadAction","target":["https:\/\/www.ifi-id.com\/fr\/ifi-megacities-2022\/"]}]},{"@type":"ImageObject","inLanguage":"fr-FR","@id":"https:\/\/www.ifi-id.com\/fr\/ifi-megacities-2022\/#primaryimage","url":"https:\/\/www.ifi-id.com\/wp-content\/uploads\/2022\/08\/web-banner-copy.jpg","contentUrl":"https:\/\/www.ifi-id.com\/wp-content\/uploads\/2022\/08\/web-banner-copy.jpg","width":1280,"height":720},{"@type":"BreadcrumbList","@id":"https:\/\/www.ifi-id.com\/fr\/ifi-megacities-2022\/#breadcrumb","itemListElement":[{"@type":"ListItem","position":1,"name":"Home","item":"https:\/\/www.ifi-id.com\/"},{"@type":"ListItem","position":2,"name":"Uncategorized","item":"https:\/\/www.ifi-id.com\/fr\/category\/uncategorized\/"},{"@type":"ListItem","position":3,"name":"L\u2019Institut Fran\u00e7ais d\u2019Indon\u00e9sie s\u2019associe \u00e0 la 8\u00e8me \u00e9dition du Festival MegaCities-ShortDocs et invite les habitants des m\u00e9gapoles indon\u00e9siennes \u00e0 prendre leur cam\u00e9ra pour partager leur r\u00e9alit\u00e9 !"}]},{"@type":"WebSite","@id":"https:\/\/www.ifi-id.com\/#website","url":"https:\/\/www.ifi-id.com\/","name":"Institut fran\u00e7ais Indon\u00e9sie","description":"","publisher":{"@id":"https:\/\/www.ifi-id.com\/#organization"},"potentialAction":[{"@type":"SearchAction","target":{"@type":"EntryPoint","urlTemplate":"https:\/\/www.ifi-id.com\/?s={search_term_string}"},"query-input":{"@type":"PropertyValueSpecification","valueRequired":true,"valueName":"search_term_string"}}],"inLanguage":"fr-FR"},{"@type":"Organization","@id":"https:\/\/www.ifi-id.com\/#organization","name":"Institut fran\u00e7ais Indon\u00e9sie","url":"https:\/\/www.ifi-id.com\/","logo":{"@type":"ImageObject","inLanguage":"fr-FR","@id":"https:\/\/www.ifi-id.com\/#\/schema\/logo\/image\/","url":"https:\/\/www.ifi-id.com\/wp-content\/uploads\/2022\/12\/IFI_New_Logo.jpg","contentUrl":"https:\/\/www.ifi-id.com\/wp-content\/uploads\/2022\/12\/IFI_New_Logo.jpg","width":666,"height":444,"caption":"Institut fran\u00e7ais Indon\u00e9sie"},"image":{"@id":"https:\/\/www.ifi-id.com\/#\/schema\/logo\/image\/"}},{"@type":"Person","@id":"https:\/\/www.ifi-id.com\/#\/schema\/person\/a4eae510c216615f5c0f4e02f4edff1b","name":"Ghaisani Azizi Nurul Rizki","image":{"@type":"ImageObject","inLanguage":"fr-FR","@id":"https:\/\/www.ifi-id.com\/#\/schema\/person\/image\/","url":"https:\/\/secure.gravatar.com\/avatar\/8ce4836ecc2a94798a84b768a7f20853?s=96&d=mm&r=g","contentUrl":"https:\/\/secure.gravatar.com\/avatar\/8ce4836ecc2a94798a84b768a7f20853?s=96&d=mm&r=g","caption":"Ghaisani Azizi Nurul Rizki"},"url":"https:\/\/www.ifi-id.com\/fr\/author\/azizi\/"}]}},"post_mailing_queue_ids":[],"_links":{"self":[{"href":"https:\/\/www.ifi-id.com\/fr\/wp-json\/wp\/v2\/posts\/27092"}],"collection":[{"href":"https:\/\/www.ifi-id.com\/fr\/wp-json\/wp\/v2\/posts"}],"about":[{"href":"https:\/\/www.ifi-id.com\/fr\/wp-json\/wp\/v2\/types\/post"}],"author":[{"embeddable":true,"href":"https:\/\/www.ifi-id.com\/fr\/wp-json\/wp\/v2\/users\/8"}],"replies":[{"embeddable":true,"href":"https:\/\/www.ifi-id.com\/fr\/wp-json\/wp\/v2\/comments?post=27092"}],"version-history":[{"count":4,"href":"https:\/\/www.ifi-id.com\/fr\/wp-json\/wp\/v2\/posts\/27092\/revisions"}],"predecessor-version":[{"id":27304,"href":"https:\/\/www.ifi-id.com\/fr\/wp-json\/wp\/v2\/posts\/27092\/revisions\/27304"}],"wp:featuredmedia":[{"embeddable":true,"href":"https:\/\/www.ifi-id.com\/fr\/wp-json\/wp\/v2\/media\/27086"}],"wp:attachment":[{"href":"https:\/\/www.ifi-id.com\/fr\/wp-json\/wp\/v2\/media?parent=27092"}],"wp:term":[{"taxonomy":"category","embeddable":true,"href":"https:\/\/www.ifi-id.com\/fr\/wp-json\/wp\/v2\/categories?post=27092"},{"taxonomy":"post_tag","embeddable":true,"href":"https:\/\/www.ifi-id.com\/fr\/wp-json\/wp\/v2\/tags?post=27092"}],"curies":[{"name":"wp","href":"https:\/\/api.w.org\/{rel}","templated":true}]}}