{"id":24954,"date":"2022-05-13T13:36:34","date_gmt":"2022-05-13T06:36:34","guid":{"rendered":"https:\/\/www.ifi-id.com\/?p=24954"},"modified":"2022-05-13T14:38:34","modified_gmt":"2022-05-13T07:38:34","slug":"journee-internationale-du-vivre-ensemble-en-paix-film-et-discussion","status":"publish","type":"post","link":"https:\/\/www.ifi-id.com\/fr\/journee-internationale-du-vivre-ensemble-en-paix-film-et-discussion\/","title":{"rendered":"Journ\u00e9e internationale du vivre ensemble en paix : Film et discussion"},"content":{"rendered":"\t\t<div data-elementor-type=\"wp-post\" data-elementor-id=\"24954\" class=\"elementor elementor-24954 elementor-24747\" data-elementor-post-type=\"post\">\n\t\t\t\t\t\t<section class=\"elementor-section elementor-top-section elementor-element elementor-element-8458146 elementor-section-boxed elementor-section-height-default elementor-section-height-default\" data-id=\"8458146\" data-element_type=\"section\">\n\t\t\t\t\t\t<div class=\"elementor-container elementor-column-gap-default\">\n\t\t\t\t\t<div class=\"elementor-column elementor-col-100 elementor-top-column elementor-element elementor-element-7ac13d8\" data-id=\"7ac13d8\" data-element_type=\"column\">\n\t\t\t<div class=\"elementor-widget-wrap elementor-element-populated\">\n\t\t\t\t\t\t<div class=\"elementor-element elementor-element-dad9504 elementor-widget elementor-widget-text-editor\" data-id=\"dad9504\" data-element_type=\"widget\" data-widget_type=\"text-editor.default\">\n\t\t\t\t<div class=\"elementor-widget-container\">\n\t\t\t\t\t\t\t<p>\u00c0 l\u2019occasion de la \u201c<strong><em>Journ\u00e9e Internationale du Vivre Ensemble en Paix<\/em><\/strong>\u201d (JIVEP), l\u2019IFI Yogyakarta vous invite le <strong>jeudi 19 mai \u00e0 19h<\/strong> \u00e0 la projection du film documentaire \u201cAll of us\u201d (2021), l\u2019histoire de femmes et d\u2019hommes qui, aux quatre coins de la plan\u00e8te, osent le pari de faire le pas vers l\u2019autre, quels que soient les tensions ou les pr\u00e9jug\u00e9s existants.<\/p>\n<p>Jeudi 19 Mai 2022<br \/>\n19.00 &#8211; 22.15 WIB<br \/>\nIFI-LIP (Jl. Sagan No.3, Yogyakarta)<br \/>\nEntr\u00e9e gratuite, sur r\u00e9servation<br \/>\nPour r\u00e9server, <a href=\"https:\/\/www.eventbrite.fr\/e\/billets-hari-internasional-hidup-rukun-dalam-damai-337273382767\" target=\"_blank\" rel=\"noopener\">cliquez ici<\/a><\/p>\n\t\t\t\t\t\t<\/div>\n\t\t\t\t<\/div>\n\t\t\t\t\t<\/div>\n\t\t<\/div>\n\t\t\t\t\t<\/div>\n\t\t<\/section>\n\t\t\t\t<section class=\"elementor-section elementor-top-section elementor-element elementor-element-9aac3cb elementor-section-boxed elementor-section-height-default elementor-section-height-default\" data-id=\"9aac3cb\" data-element_type=\"section\">\n\t\t\t\t\t\t<div class=\"elementor-container elementor-column-gap-default\">\n\t\t\t\t\t<div class=\"elementor-column elementor-col-100 elementor-top-column elementor-element elementor-element-24250c5\" data-id=\"24250c5\" data-element_type=\"column\">\n\t\t\t<div class=\"elementor-widget-wrap elementor-element-populated\">\n\t\t\t\t\t\t<div class=\"elementor-element elementor-element-9c707e4 elementor-widget elementor-widget-heading\" data-id=\"9c707e4\" data-element_type=\"widget\" data-widget_type=\"heading.default\">\n\t\t\t\t<div class=\"elementor-widget-container\">\n\t\t\t<h2 class=\"elementor-heading-title elementor-size-default\">Film \"All of us\" (\"Nous tous\")<\/h2>\t\t<\/div>\n\t\t\t\t<\/div>\n\t\t\t\t\t<\/div>\n\t\t<\/div>\n\t\t\t\t\t<\/div>\n\t\t<\/section>\n\t\t\t\t<section class=\"elementor-section elementor-top-section elementor-element elementor-element-4bbe998 elementor-section-boxed elementor-section-height-default elementor-section-height-default\" data-id=\"4bbe998\" data-element_type=\"section\">\n\t\t\t\t\t\t<div class=\"elementor-container elementor-column-gap-default\">\n\t\t\t\t\t<div class=\"elementor-column elementor-col-100 elementor-top-column elementor-element elementor-element-04f8b41\" data-id=\"04f8b41\" data-element_type=\"column\">\n\t\t\t<div class=\"elementor-widget-wrap elementor-element-populated\">\n\t\t\t\t\t\t<div class=\"elementor-element elementor-element-f4d7eb7 elementor-widget elementor-widget-text-editor\" data-id=\"f4d7eb7\" data-element_type=\"widget\" data-widget_type=\"text-editor.default\">\n\t\t\t\t<div class=\"elementor-widget-container\">\n\t\t\t\t\t\t\t<p>Film documentaire de Pierre Pirard<br \/>\n2021 | 92 mn | en anglais, sous-titr\u00e9 en bahasa indon\u00e9sien<\/p>\n\t\t\t\t\t\t<\/div>\n\t\t\t\t<\/div>\n\t\t\t\t\t<\/div>\n\t\t<\/div>\n\t\t\t\t\t<\/div>\n\t\t<\/section>\n\t\t\t\t<section class=\"elementor-section elementor-top-section elementor-element elementor-element-4e6c9b5 elementor-section-boxed elementor-section-height-default elementor-section-height-default\" data-id=\"4e6c9b5\" data-element_type=\"section\">\n\t\t\t\t\t\t<div class=\"elementor-container elementor-column-gap-default\">\n\t\t\t\t\t<div class=\"elementor-column elementor-col-25 elementor-top-column elementor-element elementor-element-79e18ad\" data-id=\"79e18ad\" data-element_type=\"column\">\n\t\t\t<div class=\"elementor-widget-wrap elementor-element-populated\">\n\t\t\t\t\t\t<div class=\"elementor-element elementor-element-1fb0dcd elementor-widget elementor-widget-image\" data-id=\"1fb0dcd\" data-element_type=\"widget\" data-widget_type=\"image.default\">\n\t\t\t\t<div class=\"elementor-widget-container\">\n\t\t\t\t\t\t\t\t\t\t\t\t\t<img decoding=\"async\" width=\"150\" height=\"150\" src=\"https:\/\/www.ifi-id.com\/wp-content\/uploads\/2022\/05\/EllaMiska4-150x150.jpg\" class=\"attachment-thumbnail size-thumbnail wp-image-24773\" alt=\"\" srcset=\"https:\/\/www.ifi-id.com\/wp-content\/uploads\/2022\/05\/EllaMiska4-150x150.jpg 150w, https:\/\/www.ifi-id.com\/wp-content\/uploads\/2022\/05\/EllaMiska4-100x100.jpg 100w\" sizes=\"100vw\" \/>\t\t\t\t\t\t\t\t\t\t\t\t\t<\/div>\n\t\t\t\t<\/div>\n\t\t\t\t\t<\/div>\n\t\t<\/div>\n\t\t\t\t<div class=\"elementor-column elementor-col-25 elementor-top-column elementor-element elementor-element-5a921ed\" data-id=\"5a921ed\" data-element_type=\"column\">\n\t\t\t<div class=\"elementor-widget-wrap elementor-element-populated\">\n\t\t\t\t\t\t<div class=\"elementor-element elementor-element-c65e5ad elementor-widget elementor-widget-image\" data-id=\"c65e5ad\" data-element_type=\"widget\" data-widget_type=\"image.default\">\n\t\t\t\t<div class=\"elementor-widget-container\">\n\t\t\t\t\t\t\t\t\t\t\t\t\t<img decoding=\"async\" width=\"150\" height=\"150\" src=\"https:\/\/www.ifi-id.com\/wp-content\/uploads\/2022\/05\/Nudzejma2-150x150.jpg\" class=\"attachment-thumbnail size-thumbnail wp-image-24787\" alt=\"\" srcset=\"https:\/\/www.ifi-id.com\/wp-content\/uploads\/2022\/05\/Nudzejma2-150x150.jpg 150w, https:\/\/www.ifi-id.com\/wp-content\/uploads\/2022\/05\/Nudzejma2-100x100.jpg 100w\" sizes=\"100vw\" \/>\t\t\t\t\t\t\t\t\t\t\t\t\t<\/div>\n\t\t\t\t<\/div>\n\t\t\t\t\t<\/div>\n\t\t<\/div>\n\t\t\t\t<div class=\"elementor-column elementor-col-25 elementor-top-column elementor-element elementor-element-c3ed71c\" data-id=\"c3ed71c\" data-element_type=\"column\">\n\t\t\t<div class=\"elementor-widget-wrap elementor-element-populated\">\n\t\t\t\t\t\t<div class=\"elementor-element elementor-element-2c6917e elementor-widget elementor-widget-image\" data-id=\"2c6917e\" data-element_type=\"widget\" data-widget_type=\"image.default\">\n\t\t\t\t<div class=\"elementor-widget-container\">\n\t\t\t\t\t\t\t\t\t\t\t\t\t<img decoding=\"async\" width=\"150\" height=\"150\" src=\"https:\/\/www.ifi-id.com\/wp-content\/uploads\/2022\/05\/Movie-picture12-150x150.jpg\" class=\"attachment-thumbnail size-thumbnail wp-image-24781\" alt=\"\" srcset=\"https:\/\/www.ifi-id.com\/wp-content\/uploads\/2022\/05\/Movie-picture12-150x150.jpg 150w, https:\/\/www.ifi-id.com\/wp-content\/uploads\/2022\/05\/Movie-picture12-100x100.jpg 100w\" sizes=\"100vw\" \/>\t\t\t\t\t\t\t\t\t\t\t\t\t<\/div>\n\t\t\t\t<\/div>\n\t\t\t\t\t<\/div>\n\t\t<\/div>\n\t\t\t\t<div class=\"elementor-column elementor-col-25 elementor-top-column elementor-element elementor-element-b501885\" data-id=\"b501885\" data-element_type=\"column\">\n\t\t\t<div class=\"elementor-widget-wrap elementor-element-populated\">\n\t\t\t\t\t\t<div class=\"elementor-element elementor-element-da71346 elementor-widget elementor-widget-image\" data-id=\"da71346\" data-element_type=\"widget\" data-widget_type=\"image.default\">\n\t\t\t\t<div class=\"elementor-widget-container\">\n\t\t\t\t\t\t\t\t\t\t\t\t\t<img loading=\"lazy\" decoding=\"async\" width=\"150\" height=\"150\" src=\"https:\/\/www.ifi-id.com\/wp-content\/uploads\/2022\/05\/Movie-picture15-150x150.jpg\" class=\"attachment-thumbnail size-thumbnail wp-image-24785\" alt=\"\" srcset=\"https:\/\/www.ifi-id.com\/wp-content\/uploads\/2022\/05\/Movie-picture15-150x150.jpg 150w, https:\/\/www.ifi-id.com\/wp-content\/uploads\/2022\/05\/Movie-picture15-100x100.jpg 100w\" sizes=\"100vw\" \/>\t\t\t\t\t\t\t\t\t\t\t\t\t<\/div>\n\t\t\t\t<\/div>\n\t\t\t\t\t<\/div>\n\t\t<\/div>\n\t\t\t\t\t<\/div>\n\t\t<\/section>\n\t\t\t\t<section class=\"elementor-section elementor-top-section elementor-element elementor-element-88e2e4e elementor-section-boxed elementor-section-height-default elementor-section-height-default\" data-id=\"88e2e4e\" data-element_type=\"section\">\n\t\t\t\t\t\t<div class=\"elementor-container elementor-column-gap-default\">\n\t\t\t\t\t<div class=\"elementor-column elementor-col-100 elementor-top-column elementor-element elementor-element-09bbb76\" data-id=\"09bbb76\" data-element_type=\"column\">\n\t\t\t<div class=\"elementor-widget-wrap elementor-element-populated\">\n\t\t\t\t\t\t<div class=\"elementor-element elementor-element-8ad5a21 elementor-widget elementor-widget-text-editor\" data-id=\"8ad5a21\" data-element_type=\"widget\" data-widget_type=\"text-editor.default\">\n\t\t\t\t<div class=\"elementor-widget-container\">\n\t\t\t\t\t\t\t<h4>SYNOPSIS<\/h4>\n<p>Et si, loin des crispations autour des questions identitaires et de la peur de l\u2019autre, nous montrions d\u2019autres r\u00e9alit\u00e9s ? Et si, nous racontions des histoires de citoyens audacieux qui, dans l\u2019optique d\u2019une vie harmonieuse entre gens de croyances diff\u00e9rentes, r\u00e9inventent la famille, l\u2019\u00e9ducation, les relations sociales, la culture, le travail&#8230; et ce malgr\u00e9 les difficult\u00e9s et tensions existantes.<\/p>\n<p>Et si, gr\u00e2ce \u00e0 ces r\u00e9cits glan\u00e9s aux quatre coins de la plan\u00e8te, nous commencions \u00e0 voir \u00e9merger ce que pourrait \u00eatre le monde multi identitaire harmonieux de demain ?<\/p>\n<p>Et si, nous y prenions tous part ?<\/p>\n\t\t\t\t\t\t<\/div>\n\t\t\t\t<\/div>\n\t\t\t\t\t<\/div>\n\t\t<\/div>\n\t\t\t\t\t<\/div>\n\t\t<\/section>\n\t\t\t\t<section class=\"elementor-section elementor-top-section elementor-element elementor-element-e9f74e1 elementor-section-boxed elementor-section-height-default elementor-section-height-default\" data-id=\"e9f74e1\" data-element_type=\"section\">\n\t\t\t\t\t\t<div class=\"elementor-container elementor-column-gap-default\">\n\t\t\t\t\t<div class=\"elementor-column elementor-col-100 elementor-top-column elementor-element elementor-element-af0b103\" data-id=\"af0b103\" data-element_type=\"column\">\n\t\t\t<div class=\"elementor-widget-wrap elementor-element-populated\">\n\t\t\t\t\t\t<div class=\"elementor-element elementor-element-eb2cef5 elementor-widget elementor-widget-video\" data-id=\"eb2cef5\" data-element_type=\"widget\" data-settings=\"{&quot;youtube_url&quot;:&quot;https:\\\/\\\/www.youtube.com\\\/watch?v=_KfMhOYRJ5U&quot;,&quot;video_type&quot;:&quot;youtube&quot;,&quot;controls&quot;:&quot;yes&quot;}\" data-widget_type=\"video.default\">\n\t\t\t\t<div class=\"elementor-widget-container\">\n\t\t\t\t\t<div class=\"elementor-wrapper elementor-open-inline\">\n\t\t\t<div class=\"elementor-video\"><\/div>\t\t<\/div>\n\t\t\t\t<\/div>\n\t\t\t\t<\/div>\n\t\t\t\t\t<\/div>\n\t\t<\/div>\n\t\t\t\t\t<\/div>\n\t\t<\/section>\n\t\t\t\t<section class=\"elementor-section elementor-top-section elementor-element elementor-element-98e2ce5 elementor-section-boxed elementor-section-height-default elementor-section-height-default\" data-id=\"98e2ce5\" data-element_type=\"section\">\n\t\t\t\t\t\t<div class=\"elementor-container elementor-column-gap-default\">\n\t\t\t\t\t<div class=\"elementor-column elementor-col-100 elementor-top-column elementor-element elementor-element-940c291\" data-id=\"940c291\" data-element_type=\"column\">\n\t\t\t<div class=\"elementor-widget-wrap elementor-element-populated\">\n\t\t\t\t\t\t<div class=\"elementor-element elementor-element-54278a9 elementor-widget-divider--view-line elementor-widget elementor-widget-divider\" data-id=\"54278a9\" data-element_type=\"widget\" data-widget_type=\"divider.default\">\n\t\t\t\t<div class=\"elementor-widget-container\">\n\t\t\t\t\t<div class=\"elementor-divider\">\n\t\t\t<span class=\"elementor-divider-separator\">\n\t\t\t\t\t\t<\/span>\n\t\t<\/div>\n\t\t\t\t<\/div>\n\t\t\t\t<\/div>\n\t\t\t\t<div class=\"elementor-element elementor-element-ece6f3c elementor-widget elementor-widget-text-editor\" data-id=\"ece6f3c\" data-element_type=\"widget\" data-widget_type=\"text-editor.default\">\n\t\t\t\t<div class=\"elementor-widget-container\">\n\t\t\t\t\t\t\t<h2><strong>Discussion<\/strong><\/h2>\n\t\t\t\t\t\t<\/div>\n\t\t\t\t<\/div>\n\t\t\t\t\t<\/div>\n\t\t<\/div>\n\t\t\t\t\t<\/div>\n\t\t<\/section>\n\t\t\t\t<section class=\"elementor-section elementor-top-section elementor-element elementor-element-a2734d2 elementor-section-boxed elementor-section-height-default elementor-section-height-default\" data-id=\"a2734d2\" data-element_type=\"section\">\n\t\t\t\t\t\t<div class=\"elementor-container elementor-column-gap-default\">\n\t\t\t\t\t<div class=\"elementor-column elementor-col-100 elementor-top-column elementor-element elementor-element-3865736\" data-id=\"3865736\" data-element_type=\"column\">\n\t\t\t<div class=\"elementor-widget-wrap elementor-element-populated\">\n\t\t\t\t\t\t<div class=\"elementor-element elementor-element-7ceb1fc elementor-widget elementor-widget-text-editor\" data-id=\"7ceb1fc\" data-element_type=\"widget\" data-widget_type=\"text-editor.default\">\n\t\t\t\t<div class=\"elementor-widget-container\">\n\t\t\t\t\t\t\t<p>La projection sera suivie d\u2019une discussion lors de laquelle interviendront Elisabeth Inandiak, Prof. Dr. Wening Udasmoro et Diah Yulianti.<\/p>\n\t\t\t\t\t\t<\/div>\n\t\t\t\t<\/div>\n\t\t\t\t\t<\/div>\n\t\t<\/div>\n\t\t\t\t\t<\/div>\n\t\t<\/section>\n\t\t\t\t<section class=\"elementor-section elementor-top-section elementor-element elementor-element-9721fa7 elementor-section-boxed elementor-section-height-default elementor-section-height-default\" data-id=\"9721fa7\" data-element_type=\"section\">\n\t\t\t\t\t\t<div class=\"elementor-container elementor-column-gap-default\">\n\t\t\t\t\t<div class=\"elementor-column elementor-col-33 elementor-top-column elementor-element elementor-element-1d74bac\" data-id=\"1d74bac\" data-element_type=\"column\">\n\t\t\t<div class=\"elementor-widget-wrap elementor-element-populated\">\n\t\t\t\t\t\t<div class=\"elementor-element elementor-element-4b19218 elementor-widget elementor-widget-image\" data-id=\"4b19218\" data-element_type=\"widget\" data-widget_type=\"image.default\">\n\t\t\t\t<div class=\"elementor-widget-container\">\n\t\t\t\t\t\t\t\t\t\t\t\t\t<img loading=\"lazy\" decoding=\"async\" width=\"150\" height=\"150\" src=\"https:\/\/www.ifi-id.com\/wp-content\/uploads\/2022\/05\/Photo-identite\u0301-Elisabeth-DANIERE-formate\u0301e-150x150.jpg\" class=\"attachment-thumbnail size-thumbnail wp-image-24929\" alt=\"\" srcset=\"https:\/\/www.ifi-id.com\/wp-content\/uploads\/2022\/05\/Photo-identite\u0301-Elisabeth-DANIERE-formate\u0301e-150x150.jpg 150w, https:\/\/www.ifi-id.com\/wp-content\/uploads\/2022\/05\/Photo-identite\u0301-Elisabeth-DANIERE-formate\u0301e-100x100.jpg 100w\" sizes=\"100vw\" \/>\t\t\t\t\t\t\t\t\t\t\t\t\t<\/div>\n\t\t\t\t<\/div>\n\t\t\t\t\t<\/div>\n\t\t<\/div>\n\t\t\t\t<div class=\"elementor-column elementor-col-66 elementor-top-column elementor-element elementor-element-970f4e3\" data-id=\"970f4e3\" data-element_type=\"column\">\n\t\t\t<div class=\"elementor-widget-wrap elementor-element-populated\">\n\t\t\t\t\t\t<div class=\"elementor-element elementor-element-c37d163 elementor-widget elementor-widget-text-editor\" data-id=\"c37d163\" data-element_type=\"widget\" data-widget_type=\"text-editor.default\">\n\t\t\t\t<div class=\"elementor-widget-container\">\n\t\t\t\t\t\t\t<p><strong>Elisabeth D. Inandiak<\/strong><\/p>\n<p>\u00c9crivaine, traductrice et fonctionnaire n\u00e9e en France, Elisabeth D. Inandiak a commenc\u00e9 \u00e0 parcourir le monde en tant que journaliste d\u00e8s l&rsquo;\u00e2ge de 19 ans et a \u00e9crit plusieurs ouvrages litt\u00e9raires et divers sc\u00e9narios de film. Install\u00e9e \u00e0 Yogyakarta depuis 1989, elle s\u2019est investie dans le travail humanitaire aupr\u00e8s des communaut\u00e9s locales suite au tremblement de terre (2006) et \u00e0 l\u2019\u00e9ruption du Merapi (2010).<\/p>\n\t\t\t\t\t\t<\/div>\n\t\t\t\t<\/div>\n\t\t\t\t\t<\/div>\n\t\t<\/div>\n\t\t\t\t\t<\/div>\n\t\t<\/section>\n\t\t\t\t<section class=\"elementor-section elementor-top-section elementor-element elementor-element-16edb93 elementor-section-boxed elementor-section-height-default elementor-section-height-default\" data-id=\"16edb93\" data-element_type=\"section\">\n\t\t\t\t\t\t<div class=\"elementor-container elementor-column-gap-default\">\n\t\t\t\t\t<div class=\"elementor-column elementor-col-66 elementor-top-column elementor-element elementor-element-ec8a1c7\" data-id=\"ec8a1c7\" data-element_type=\"column\">\n\t\t\t<div class=\"elementor-widget-wrap elementor-element-populated\">\n\t\t\t\t\t\t<div class=\"elementor-element elementor-element-04447f2 elementor-widget elementor-widget-text-editor\" data-id=\"04447f2\" data-element_type=\"widget\" data-widget_type=\"text-editor.default\">\n\t\t\t\t<div class=\"elementor-widget-container\">\n\t\t\t\t\t\t\t<p><strong>Prof. Dr. Wening Udasmoro<\/strong><\/p>\n<p>Prof. Dr. Wening Udasmoro est professeur de litt\u00e9rature et de genre \u00e0 l&rsquo;universit\u00e9 Gadjah Mada. Elle a \u00e9t\u00e9 doyenne de la Facult\u00e9 des Sciences Culturelles \u00e0 UGM de 2016 \u00e0 2021 et a men\u00e9 des recherches sur les conflits et la paix pendant 6 ans (2016-2020) \u00e0 Ambon, Aceh et Java oriental.<\/p>\n\t\t\t\t\t\t<\/div>\n\t\t\t\t<\/div>\n\t\t\t\t\t<\/div>\n\t\t<\/div>\n\t\t\t\t<div class=\"elementor-column elementor-col-33 elementor-top-column elementor-element elementor-element-7c47590\" data-id=\"7c47590\" data-element_type=\"column\">\n\t\t\t<div class=\"elementor-widget-wrap elementor-element-populated\">\n\t\t\t\t\t\t<div class=\"elementor-element elementor-element-9324efd elementor-widget elementor-widget-image\" data-id=\"9324efd\" data-element_type=\"widget\" data-widget_type=\"image.default\">\n\t\t\t\t<div class=\"elementor-widget-container\">\n\t\t\t\t\t\t\t\t\t\t\t\t\t<img loading=\"lazy\" decoding=\"async\" width=\"150\" height=\"150\" src=\"https:\/\/www.ifi-id.com\/wp-content\/uploads\/2022\/05\/WhatsApp-Image-2022-05-10-at-17.18.32-1-150x150.jpeg\" class=\"attachment-thumbnail size-thumbnail wp-image-24931\" alt=\"\" srcset=\"https:\/\/www.ifi-id.com\/wp-content\/uploads\/2022\/05\/WhatsApp-Image-2022-05-10-at-17.18.32-1-150x150.jpeg 150w, https:\/\/www.ifi-id.com\/wp-content\/uploads\/2022\/05\/WhatsApp-Image-2022-05-10-at-17.18.32-1-300x300.jpeg 300w, https:\/\/www.ifi-id.com\/wp-content\/uploads\/2022\/05\/WhatsApp-Image-2022-05-10-at-17.18.32-1-100x100.jpeg 100w, https:\/\/www.ifi-id.com\/wp-content\/uploads\/2022\/05\/WhatsApp-Image-2022-05-10-at-17.18.32-1.jpeg 342w\" sizes=\"100vw\" \/>\t\t\t\t\t\t\t\t\t\t\t\t\t<\/div>\n\t\t\t\t<\/div>\n\t\t\t\t\t<\/div>\n\t\t<\/div>\n\t\t\t\t\t<\/div>\n\t\t<\/section>\n\t\t\t\t<section class=\"elementor-section elementor-top-section elementor-element elementor-element-680f25d elementor-section-boxed elementor-section-height-default elementor-section-height-default\" data-id=\"680f25d\" data-element_type=\"section\">\n\t\t\t\t\t\t<div class=\"elementor-container elementor-column-gap-default\">\n\t\t\t\t\t<div class=\"elementor-column elementor-col-33 elementor-top-column elementor-element elementor-element-5073f09\" data-id=\"5073f09\" data-element_type=\"column\">\n\t\t\t<div class=\"elementor-widget-wrap elementor-element-populated\">\n\t\t\t\t\t\t<div class=\"elementor-element elementor-element-ce5289a elementor-widget elementor-widget-image\" data-id=\"ce5289a\" data-element_type=\"widget\" data-widget_type=\"image.default\">\n\t\t\t\t<div class=\"elementor-widget-container\">\n\t\t\t\t\t\t\t\t\t\t\t\t\t<img loading=\"lazy\" decoding=\"async\" width=\"150\" height=\"150\" src=\"https:\/\/www.ifi-id.com\/wp-content\/uploads\/2022\/05\/WhatsApp-Image-2022-05-10-at-18.29.31-150x150.jpeg\" class=\"attachment-thumbnail size-thumbnail wp-image-24933\" alt=\"\" srcset=\"https:\/\/www.ifi-id.com\/wp-content\/uploads\/2022\/05\/WhatsApp-Image-2022-05-10-at-18.29.31-150x150.jpeg 150w, https:\/\/www.ifi-id.com\/wp-content\/uploads\/2022\/05\/WhatsApp-Image-2022-05-10-at-18.29.31-300x300.jpeg 300w, https:\/\/www.ifi-id.com\/wp-content\/uploads\/2022\/05\/WhatsApp-Image-2022-05-10-at-18.29.31-100x100.jpeg 100w, https:\/\/www.ifi-id.com\/wp-content\/uploads\/2022\/05\/WhatsApp-Image-2022-05-10-at-18.29.31.jpeg 711w\" sizes=\"100vw\" \/>\t\t\t\t\t\t\t\t\t\t\t\t\t<\/div>\n\t\t\t\t<\/div>\n\t\t\t\t\t<\/div>\n\t\t<\/div>\n\t\t\t\t<div class=\"elementor-column elementor-col-66 elementor-top-column elementor-element elementor-element-43c204f\" data-id=\"43c204f\" data-element_type=\"column\">\n\t\t\t<div class=\"elementor-widget-wrap elementor-element-populated\">\n\t\t\t\t\t\t<div class=\"elementor-element elementor-element-58ac069 elementor-widget elementor-widget-text-editor\" data-id=\"58ac069\" data-element_type=\"widget\" data-widget_type=\"text-editor.default\">\n\t\t\t\t<div class=\"elementor-widget-container\">\n\t\t\t\t\t\t\t<p>Diah Yulianti est une artiste originaire de Kalimantan Sud. Elle a \u00e9tudi\u00e9 \u00e0 ISI Yogyakarta. A travers son art, les concepts et discours pr\u00e9sent\u00e9s sont li\u00e9s \u00e0 des th\u00e9matiques locales (Kalimantan) et globales. Les choses spirituelles, la personnalit\u00e9 et l&rsquo;\u00e2me caract\u00e9risent son travail. Elle a particip\u00e9 \u00e0 des expositions nationales et internationales.<\/p>\n\t\t\t\t\t\t<\/div>\n\t\t\t\t<\/div>\n\t\t\t\t\t<\/div>\n\t\t<\/div>\n\t\t\t\t\t<\/div>\n\t\t<\/section>\n\t\t\t\t<section class=\"elementor-section elementor-top-section elementor-element elementor-element-0354c9d elementor-section-boxed elementor-section-height-default elementor-section-height-default\" data-id=\"0354c9d\" data-element_type=\"section\">\n\t\t\t\t\t\t<div class=\"elementor-container elementor-column-gap-default\">\n\t\t\t\t\t<div class=\"elementor-column elementor-col-100 elementor-top-column elementor-element elementor-element-1ce69f2\" data-id=\"1ce69f2\" data-element_type=\"column\">\n\t\t\t<div class=\"elementor-widget-wrap elementor-element-populated\">\n\t\t\t\t\t\t<div class=\"elementor-element elementor-element-31e811f elementor-widget-divider--view-line elementor-widget elementor-widget-divider\" data-id=\"31e811f\" data-element_type=\"widget\" data-widget_type=\"divider.default\">\n\t\t\t\t<div class=\"elementor-widget-container\">\n\t\t\t\t\t<div class=\"elementor-divider\">\n\t\t\t<span class=\"elementor-divider-separator\">\n\t\t\t\t\t\t<\/span>\n\t\t<\/div>\n\t\t\t\t<\/div>\n\t\t\t\t<\/div>\n\t\t\t\t\t<\/div>\n\t\t<\/div>\n\t\t\t\t\t<\/div>\n\t\t<\/section>\n\t\t\t\t<section class=\"elementor-section elementor-top-section elementor-element elementor-element-6d0e410 elementor-section-boxed elementor-section-height-default elementor-section-height-default\" data-id=\"6d0e410\" data-element_type=\"section\">\n\t\t\t\t\t\t<div class=\"elementor-container elementor-column-gap-default\">\n\t\t\t\t\t<div class=\"elementor-column elementor-col-33 elementor-top-column elementor-element elementor-element-5b79093\" data-id=\"5b79093\" data-element_type=\"column\">\n\t\t\t<div class=\"elementor-widget-wrap elementor-element-populated\">\n\t\t\t\t\t\t<div class=\"elementor-element elementor-element-f840a71 elementor-widget elementor-widget-image\" data-id=\"f840a71\" data-element_type=\"widget\" data-widget_type=\"image.default\">\n\t\t\t\t<div class=\"elementor-widget-container\">\n\t\t\t\t\t\t\t\t\t\t\t\t\t<img loading=\"lazy\" decoding=\"async\" width=\"150\" height=\"150\" src=\"https:\/\/www.ifi-id.com\/wp-content\/uploads\/2022\/05\/16_mai_Def_02-A4_blue-UN-3400x2600-1-150x150.png\" class=\"attachment-thumbnail size-thumbnail wp-image-24753\" alt=\"\" srcset=\"https:\/\/www.ifi-id.com\/wp-content\/uploads\/2022\/05\/16_mai_Def_02-A4_blue-UN-3400x2600-1-150x150.png 150w, https:\/\/www.ifi-id.com\/wp-content\/uploads\/2022\/05\/16_mai_Def_02-A4_blue-UN-3400x2600-1-100x100.png 100w\" sizes=\"100vw\" \/>\t\t\t\t\t\t\t\t\t\t\t\t\t<\/div>\n\t\t\t\t<\/div>\n\t\t\t\t\t<\/div>\n\t\t<\/div>\n\t\t\t\t<div class=\"elementor-column elementor-col-66 elementor-top-column elementor-element elementor-element-e2ebf9a\" data-id=\"e2ebf9a\" data-element_type=\"column\">\n\t\t\t<div class=\"elementor-widget-wrap elementor-element-populated\">\n\t\t\t\t\t\t<div class=\"elementor-element elementor-element-94603c5 elementor-widget elementor-widget-text-editor\" data-id=\"94603c5\" data-element_type=\"widget\" data-widget_type=\"text-editor.default\">\n\t\t\t\t<div class=\"elementor-widget-container\">\n\t\t\t\t\t\t\t<p>Adopt\u00e9e par 193 \u00e9tats en 2017, la journ\u00e9e du vivre ensemble en paix (JIVEP) mobilise les efforts de la communaut\u00e9 internationale, et est l\u2019occasion pour tous d\u2019exprimer le d\u00e9sir profond de vivre et d\u2019agir ensemble unis dans la diff\u00e9rence et dans la diversit\u00e9, en vue de b\u00e2tir un monde viable reposant sur la paix, la solidarit\u00e9 et l\u2019harmonie.<\/p>\n\t\t\t\t\t\t<\/div>\n\t\t\t\t<\/div>\n\t\t\t\t\t<\/div>\n\t\t<\/div>\n\t\t\t\t\t<\/div>\n\t\t<\/section>\n\t\t\t\t<\/div>\n\t\t","protected":false},"excerpt":{"rendered":"<p>\u00c0 l\u2019occasion de la \u201cJourn\u00e9e Internationale du Vivre Ensemble en Paix\u201d (JIVEP), l\u2019IFI Yogyakarta vous invite le jeudi 19 mai \u00e0 19h \u00e0 la projection du film documentaire \u201cAll of us\u201d (2021), l\u2019histoire de femmes et d\u2019hommes qui, aux quatre coins de la plan\u00e8te, osent le pari de faire le pas vers l\u2019autre, quels que &hellip; <\/p>\n<p class=\"link-more\"><a href=\"https:\/\/www.ifi-id.com\/fr\/journee-internationale-du-vivre-ensemble-en-paix-film-et-discussion\/\" class=\"more-link\">Continuer la lecture<span class=\"screen-reader-text\"> de &laquo;&nbsp;Journ\u00e9e internationale du vivre ensemble en paix : Film et discussion&nbsp;&raquo;<\/span><\/a><\/p>\n","protected":false},"author":4,"featured_media":24793,"comment_status":"closed","ping_status":"closed","sticky":false,"template":"","format":"standard","meta":{"footnotes":""},"categories":[352,343,1],"tags":[145,78],"class_list":["post-24954","post","type-post","status-publish","format-standard","has-post-thumbnail","hentry","category-cinema","category-discussion","category-uncategorized","tag-culture","tag-yogyakarta-fr"],"yoast_head":"<!-- This site is optimized with the Yoast SEO plugin v23.5 - https:\/\/yoast.com\/wordpress\/plugins\/seo\/ -->\n<title>Journ\u00e9e internationale du vivre ensemble en paix : Film et discussion - Institut fran\u00e7ais Indon\u00e9sie<\/title>\n<meta name=\"robots\" content=\"index, follow, max-snippet:-1, max-image-preview:large, max-video-preview:-1\" \/>\n<link rel=\"canonical\" href=\"https:\/\/www.ifi-id.com\/fr\/journee-internationale-du-vivre-ensemble-en-paix-film-et-discussion\/\" \/>\n<meta property=\"og:locale\" content=\"fr_FR\" \/>\n<meta property=\"og:type\" content=\"article\" \/>\n<meta property=\"og:title\" content=\"Journ\u00e9e internationale du vivre ensemble en paix : Film et discussion - Institut fran\u00e7ais Indon\u00e9sie\" \/>\n<meta property=\"og:description\" content=\"\u00c0 l\u2019occasion de la \u201cJourn\u00e9e Internationale du Vivre Ensemble en Paix\u201d (JIVEP), l\u2019IFI Yogyakarta vous invite le jeudi 19 mai \u00e0 19h \u00e0 la projection du film documentaire \u201cAll of us\u201d (2021), l\u2019histoire de femmes et d\u2019hommes qui, aux quatre coins de la plan\u00e8te, osent le pari de faire le pas vers l\u2019autre, quels que &hellip; Continuer la lecture de &laquo;&nbsp;Journ\u00e9e internationale du vivre ensemble en paix : Film et discussion&nbsp;&raquo;\" \/>\n<meta property=\"og:url\" content=\"https:\/\/www.ifi-id.com\/fr\/journee-internationale-du-vivre-ensemble-en-paix-film-et-discussion\/\" \/>\n<meta property=\"og:site_name\" content=\"Institut fran\u00e7ais Indon\u00e9sie\" \/>\n<meta property=\"article:published_time\" content=\"2022-05-13T06:36:34+00:00\" \/>\n<meta property=\"article:modified_time\" content=\"2022-05-13T07:38:34+00:00\" \/>\n<meta property=\"og:image\" content=\"https:\/\/www.ifi-id.com\/wp-content\/uploads\/2022\/05\/Bannie\u0300re-JIVED-2.png\" \/>\n\t<meta property=\"og:image:width\" content=\"1280\" \/>\n\t<meta property=\"og:image:height\" content=\"720\" \/>\n\t<meta property=\"og:image:type\" content=\"image\/png\" \/>\n<meta name=\"author\" content=\"yogyakarta\" \/>\n<meta name=\"twitter:card\" content=\"summary_large_image\" \/>\n<meta name=\"twitter:label1\" content=\"\u00c9crit par\" \/>\n\t<meta name=\"twitter:data1\" content=\"yogyakarta\" \/>\n\t<meta name=\"twitter:label2\" content=\"Dur\u00e9e de lecture estim\u00e9e\" \/>\n\t<meta name=\"twitter:data2\" content=\"2 minutes\" \/>\n<script type=\"application\/ld+json\" class=\"yoast-schema-graph\">{\"@context\":\"https:\/\/schema.org\",\"@graph\":[{\"@type\":\"Article\",\"@id\":\"https:\/\/www.ifi-id.com\/fr\/journee-internationale-du-vivre-ensemble-en-paix-film-et-discussion\/#article\",\"isPartOf\":{\"@id\":\"https:\/\/www.ifi-id.com\/fr\/journee-internationale-du-vivre-ensemble-en-paix-film-et-discussion\/\"},\"author\":{\"name\":\"yogyakarta\",\"@id\":\"https:\/\/www.ifi-id.com\/#\/schema\/person\/3b321478664439d4b8639bfd6e6577b3\"},\"headline\":\"Journ\u00e9e internationale du vivre ensemble en paix : Film et discussion\",\"datePublished\":\"2022-05-13T06:36:34+00:00\",\"dateModified\":\"2022-05-13T07:38:34+00:00\",\"mainEntityOfPage\":{\"@id\":\"https:\/\/www.ifi-id.com\/fr\/journee-internationale-du-vivre-ensemble-en-paix-film-et-discussion\/\"},\"wordCount\":496,\"publisher\":{\"@id\":\"https:\/\/www.ifi-id.com\/#organization\"},\"image\":{\"@id\":\"https:\/\/www.ifi-id.com\/fr\/journee-internationale-du-vivre-ensemble-en-paix-film-et-discussion\/#primaryimage\"},\"thumbnailUrl\":\"https:\/\/www.ifi-id.com\/wp-content\/uploads\/2022\/05\/Bannie\u0300re-JIVED-2.png\",\"keywords\":[\"Culture\",\"Yogyakarta\"],\"articleSection\":[\"Cin\u00e9ma\",\"Discussion\",\"Uncategorized\"],\"inLanguage\":\"fr-FR\"},{\"@type\":\"WebPage\",\"@id\":\"https:\/\/www.ifi-id.com\/fr\/journee-internationale-du-vivre-ensemble-en-paix-film-et-discussion\/\",\"url\":\"https:\/\/www.ifi-id.com\/fr\/journee-internationale-du-vivre-ensemble-en-paix-film-et-discussion\/\",\"name\":\"Journ\u00e9e internationale du vivre ensemble en paix : Film et discussion - Institut fran\u00e7ais Indon\u00e9sie\",\"isPartOf\":{\"@id\":\"https:\/\/www.ifi-id.com\/#website\"},\"primaryImageOfPage\":{\"@id\":\"https:\/\/www.ifi-id.com\/fr\/journee-internationale-du-vivre-ensemble-en-paix-film-et-discussion\/#primaryimage\"},\"image\":{\"@id\":\"https:\/\/www.ifi-id.com\/fr\/journee-internationale-du-vivre-ensemble-en-paix-film-et-discussion\/#primaryimage\"},\"thumbnailUrl\":\"https:\/\/www.ifi-id.com\/wp-content\/uploads\/2022\/05\/Bannie\u0300re-JIVED-2.png\",\"datePublished\":\"2022-05-13T06:36:34+00:00\",\"dateModified\":\"2022-05-13T07:38:34+00:00\",\"breadcrumb\":{\"@id\":\"https:\/\/www.ifi-id.com\/fr\/journee-internationale-du-vivre-ensemble-en-paix-film-et-discussion\/#breadcrumb\"},\"inLanguage\":\"fr-FR\",\"potentialAction\":[{\"@type\":\"ReadAction\",\"target\":[\"https:\/\/www.ifi-id.com\/fr\/journee-internationale-du-vivre-ensemble-en-paix-film-et-discussion\/\"]}]},{\"@type\":\"ImageObject\",\"inLanguage\":\"fr-FR\",\"@id\":\"https:\/\/www.ifi-id.com\/fr\/journee-internationale-du-vivre-ensemble-en-paix-film-et-discussion\/#primaryimage\",\"url\":\"https:\/\/www.ifi-id.com\/wp-content\/uploads\/2022\/05\/Bannie\u0300re-JIVED-2.png\",\"contentUrl\":\"https:\/\/www.ifi-id.com\/wp-content\/uploads\/2022\/05\/Bannie\u0300re-JIVED-2.png\",\"width\":1280,\"height\":720},{\"@type\":\"BreadcrumbList\",\"@id\":\"https:\/\/www.ifi-id.com\/fr\/journee-internationale-du-vivre-ensemble-en-paix-film-et-discussion\/#breadcrumb\",\"itemListElement\":[{\"@type\":\"ListItem\",\"position\":1,\"name\":\"Home\",\"item\":\"https:\/\/www.ifi-id.com\/\"},{\"@type\":\"ListItem\",\"position\":2,\"name\":\"Culture\",\"item\":\"https:\/\/www.ifi-id.com\/fr\/category\/culture\/\"},{\"@type\":\"ListItem\",\"position\":3,\"name\":\"Discussion\",\"item\":\"https:\/\/www.ifi-id.com\/fr\/category\/culture\/discussion\/\"},{\"@type\":\"ListItem\",\"position\":4,\"name\":\"Journ\u00e9e internationale du vivre ensemble en paix : Film et discussion\"}]},{\"@type\":\"WebSite\",\"@id\":\"https:\/\/www.ifi-id.com\/#website\",\"url\":\"https:\/\/www.ifi-id.com\/\",\"name\":\"Institut fran\u00e7ais Indon\u00e9sie\",\"description\":\"\",\"publisher\":{\"@id\":\"https:\/\/www.ifi-id.com\/#organization\"},\"potentialAction\":[{\"@type\":\"SearchAction\",\"target\":{\"@type\":\"EntryPoint\",\"urlTemplate\":\"https:\/\/www.ifi-id.com\/?s={search_term_string}\"},\"query-input\":{\"@type\":\"PropertyValueSpecification\",\"valueRequired\":true,\"valueName\":\"search_term_string\"}}],\"inLanguage\":\"fr-FR\"},{\"@type\":\"Organization\",\"@id\":\"https:\/\/www.ifi-id.com\/#organization\",\"name\":\"Institut fran\u00e7ais Indon\u00e9sie\",\"url\":\"https:\/\/www.ifi-id.com\/\",\"logo\":{\"@type\":\"ImageObject\",\"inLanguage\":\"fr-FR\",\"@id\":\"https:\/\/www.ifi-id.com\/#\/schema\/logo\/image\/\",\"url\":\"https:\/\/www.ifi-id.com\/wp-content\/uploads\/2022\/12\/IFI_New_Logo.jpg\",\"contentUrl\":\"https:\/\/www.ifi-id.com\/wp-content\/uploads\/2022\/12\/IFI_New_Logo.jpg\",\"width\":666,\"height\":444,\"caption\":\"Institut fran\u00e7ais Indon\u00e9sie\"},\"image\":{\"@id\":\"https:\/\/www.ifi-id.com\/#\/schema\/logo\/image\/\"}},{\"@type\":\"Person\",\"@id\":\"https:\/\/www.ifi-id.com\/#\/schema\/person\/3b321478664439d4b8639bfd6e6577b3\",\"name\":\"yogyakarta\",\"image\":{\"@type\":\"ImageObject\",\"inLanguage\":\"fr-FR\",\"@id\":\"https:\/\/www.ifi-id.com\/#\/schema\/person\/image\/\",\"url\":\"https:\/\/secure.gravatar.com\/avatar\/5c7002233f1d8e3c292a47fb4ad5fe14?s=96&d=mm&r=g\",\"contentUrl\":\"https:\/\/secure.gravatar.com\/avatar\/5c7002233f1d8e3c292a47fb4ad5fe14?s=96&d=mm&r=g\",\"caption\":\"yogyakarta\"},\"url\":\"https:\/\/www.ifi-id.com\/fr\/author\/ifi_yogyakarta\/\"}]}<\/script>\n<!-- \/ Yoast SEO plugin. -->","yoast_head_json":{"title":"Journ\u00e9e internationale du vivre ensemble en paix : Film et discussion - Institut fran\u00e7ais Indon\u00e9sie","robots":{"index":"index","follow":"follow","max-snippet":"max-snippet:-1","max-image-preview":"max-image-preview:large","max-video-preview":"max-video-preview:-1"},"canonical":"https:\/\/www.ifi-id.com\/fr\/journee-internationale-du-vivre-ensemble-en-paix-film-et-discussion\/","og_locale":"fr_FR","og_type":"article","og_title":"Journ\u00e9e internationale du vivre ensemble en paix : Film et discussion - Institut fran\u00e7ais Indon\u00e9sie","og_description":"\u00c0 l\u2019occasion de la \u201cJourn\u00e9e Internationale du Vivre Ensemble en Paix\u201d (JIVEP), l\u2019IFI Yogyakarta vous invite le jeudi 19 mai \u00e0 19h \u00e0 la projection du film documentaire \u201cAll of us\u201d (2021), l\u2019histoire de femmes et d\u2019hommes qui, aux quatre coins de la plan\u00e8te, osent le pari de faire le pas vers l\u2019autre, quels que &hellip; Continuer la lecture de &laquo;&nbsp;Journ\u00e9e internationale du vivre ensemble en paix : Film et discussion&nbsp;&raquo;","og_url":"https:\/\/www.ifi-id.com\/fr\/journee-internationale-du-vivre-ensemble-en-paix-film-et-discussion\/","og_site_name":"Institut fran\u00e7ais Indon\u00e9sie","article_published_time":"2022-05-13T06:36:34+00:00","article_modified_time":"2022-05-13T07:38:34+00:00","og_image":[{"width":1280,"height":720,"url":"https:\/\/www.ifi-id.com\/wp-content\/uploads\/2022\/05\/Bannie\u0300re-JIVED-2.png","type":"image\/png"}],"author":"yogyakarta","twitter_card":"summary_large_image","twitter_misc":{"\u00c9crit par":"yogyakarta","Dur\u00e9e de lecture estim\u00e9e":"2 minutes"},"schema":{"@context":"https:\/\/schema.org","@graph":[{"@type":"Article","@id":"https:\/\/www.ifi-id.com\/fr\/journee-internationale-du-vivre-ensemble-en-paix-film-et-discussion\/#article","isPartOf":{"@id":"https:\/\/www.ifi-id.com\/fr\/journee-internationale-du-vivre-ensemble-en-paix-film-et-discussion\/"},"author":{"name":"yogyakarta","@id":"https:\/\/www.ifi-id.com\/#\/schema\/person\/3b321478664439d4b8639bfd6e6577b3"},"headline":"Journ\u00e9e internationale du vivre ensemble en paix : Film et discussion","datePublished":"2022-05-13T06:36:34+00:00","dateModified":"2022-05-13T07:38:34+00:00","mainEntityOfPage":{"@id":"https:\/\/www.ifi-id.com\/fr\/journee-internationale-du-vivre-ensemble-en-paix-film-et-discussion\/"},"wordCount":496,"publisher":{"@id":"https:\/\/www.ifi-id.com\/#organization"},"image":{"@id":"https:\/\/www.ifi-id.com\/fr\/journee-internationale-du-vivre-ensemble-en-paix-film-et-discussion\/#primaryimage"},"thumbnailUrl":"https:\/\/www.ifi-id.com\/wp-content\/uploads\/2022\/05\/Bannie\u0300re-JIVED-2.png","keywords":["Culture","Yogyakarta"],"articleSection":["Cin\u00e9ma","Discussion","Uncategorized"],"inLanguage":"fr-FR"},{"@type":"WebPage","@id":"https:\/\/www.ifi-id.com\/fr\/journee-internationale-du-vivre-ensemble-en-paix-film-et-discussion\/","url":"https:\/\/www.ifi-id.com\/fr\/journee-internationale-du-vivre-ensemble-en-paix-film-et-discussion\/","name":"Journ\u00e9e internationale du vivre ensemble en paix : Film et discussion - Institut fran\u00e7ais Indon\u00e9sie","isPartOf":{"@id":"https:\/\/www.ifi-id.com\/#website"},"primaryImageOfPage":{"@id":"https:\/\/www.ifi-id.com\/fr\/journee-internationale-du-vivre-ensemble-en-paix-film-et-discussion\/#primaryimage"},"image":{"@id":"https:\/\/www.ifi-id.com\/fr\/journee-internationale-du-vivre-ensemble-en-paix-film-et-discussion\/#primaryimage"},"thumbnailUrl":"https:\/\/www.ifi-id.com\/wp-content\/uploads\/2022\/05\/Bannie\u0300re-JIVED-2.png","datePublished":"2022-05-13T06:36:34+00:00","dateModified":"2022-05-13T07:38:34+00:00","breadcrumb":{"@id":"https:\/\/www.ifi-id.com\/fr\/journee-internationale-du-vivre-ensemble-en-paix-film-et-discussion\/#breadcrumb"},"inLanguage":"fr-FR","potentialAction":[{"@type":"ReadAction","target":["https:\/\/www.ifi-id.com\/fr\/journee-internationale-du-vivre-ensemble-en-paix-film-et-discussion\/"]}]},{"@type":"ImageObject","inLanguage":"fr-FR","@id":"https:\/\/www.ifi-id.com\/fr\/journee-internationale-du-vivre-ensemble-en-paix-film-et-discussion\/#primaryimage","url":"https:\/\/www.ifi-id.com\/wp-content\/uploads\/2022\/05\/Bannie\u0300re-JIVED-2.png","contentUrl":"https:\/\/www.ifi-id.com\/wp-content\/uploads\/2022\/05\/Bannie\u0300re-JIVED-2.png","width":1280,"height":720},{"@type":"BreadcrumbList","@id":"https:\/\/www.ifi-id.com\/fr\/journee-internationale-du-vivre-ensemble-en-paix-film-et-discussion\/#breadcrumb","itemListElement":[{"@type":"ListItem","position":1,"name":"Home","item":"https:\/\/www.ifi-id.com\/"},{"@type":"ListItem","position":2,"name":"Culture","item":"https:\/\/www.ifi-id.com\/fr\/category\/culture\/"},{"@type":"ListItem","position":3,"name":"Discussion","item":"https:\/\/www.ifi-id.com\/fr\/category\/culture\/discussion\/"},{"@type":"ListItem","position":4,"name":"Journ\u00e9e internationale du vivre ensemble en paix : Film et discussion"}]},{"@type":"WebSite","@id":"https:\/\/www.ifi-id.com\/#website","url":"https:\/\/www.ifi-id.com\/","name":"Institut fran\u00e7ais Indon\u00e9sie","description":"","publisher":{"@id":"https:\/\/www.ifi-id.com\/#organization"},"potentialAction":[{"@type":"SearchAction","target":{"@type":"EntryPoint","urlTemplate":"https:\/\/www.ifi-id.com\/?s={search_term_string}"},"query-input":{"@type":"PropertyValueSpecification","valueRequired":true,"valueName":"search_term_string"}}],"inLanguage":"fr-FR"},{"@type":"Organization","@id":"https:\/\/www.ifi-id.com\/#organization","name":"Institut fran\u00e7ais Indon\u00e9sie","url":"https:\/\/www.ifi-id.com\/","logo":{"@type":"ImageObject","inLanguage":"fr-FR","@id":"https:\/\/www.ifi-id.com\/#\/schema\/logo\/image\/","url":"https:\/\/www.ifi-id.com\/wp-content\/uploads\/2022\/12\/IFI_New_Logo.jpg","contentUrl":"https:\/\/www.ifi-id.com\/wp-content\/uploads\/2022\/12\/IFI_New_Logo.jpg","width":666,"height":444,"caption":"Institut fran\u00e7ais Indon\u00e9sie"},"image":{"@id":"https:\/\/www.ifi-id.com\/#\/schema\/logo\/image\/"}},{"@type":"Person","@id":"https:\/\/www.ifi-id.com\/#\/schema\/person\/3b321478664439d4b8639bfd6e6577b3","name":"yogyakarta","image":{"@type":"ImageObject","inLanguage":"fr-FR","@id":"https:\/\/www.ifi-id.com\/#\/schema\/person\/image\/","url":"https:\/\/secure.gravatar.com\/avatar\/5c7002233f1d8e3c292a47fb4ad5fe14?s=96&d=mm&r=g","contentUrl":"https:\/\/secure.gravatar.com\/avatar\/5c7002233f1d8e3c292a47fb4ad5fe14?s=96&d=mm&r=g","caption":"yogyakarta"},"url":"https:\/\/www.ifi-id.com\/fr\/author\/ifi_yogyakarta\/"}]}},"post_mailing_queue_ids":[],"_links":{"self":[{"href":"https:\/\/www.ifi-id.com\/fr\/wp-json\/wp\/v2\/posts\/24954"}],"collection":[{"href":"https:\/\/www.ifi-id.com\/fr\/wp-json\/wp\/v2\/posts"}],"about":[{"href":"https:\/\/www.ifi-id.com\/fr\/wp-json\/wp\/v2\/types\/post"}],"author":[{"embeddable":true,"href":"https:\/\/www.ifi-id.com\/fr\/wp-json\/wp\/v2\/users\/4"}],"replies":[{"embeddable":true,"href":"https:\/\/www.ifi-id.com\/fr\/wp-json\/wp\/v2\/comments?post=24954"}],"version-history":[{"count":3,"href":"https:\/\/www.ifi-id.com\/fr\/wp-json\/wp\/v2\/posts\/24954\/revisions"}],"predecessor-version":[{"id":24971,"href":"https:\/\/www.ifi-id.com\/fr\/wp-json\/wp\/v2\/posts\/24954\/revisions\/24971"}],"wp:featuredmedia":[{"embeddable":true,"href":"https:\/\/www.ifi-id.com\/fr\/wp-json\/wp\/v2\/media\/24793"}],"wp:attachment":[{"href":"https:\/\/www.ifi-id.com\/fr\/wp-json\/wp\/v2\/media?parent=24954"}],"wp:term":[{"taxonomy":"category","embeddable":true,"href":"https:\/\/www.ifi-id.com\/fr\/wp-json\/wp\/v2\/categories?post=24954"},{"taxonomy":"post_tag","embeddable":true,"href":"https:\/\/www.ifi-id.com\/fr\/wp-json\/wp\/v2\/tags?post=24954"}],"curies":[{"name":"wp","href":"https:\/\/api.w.org\/{rel}","templated":true}]}}