{"id":2448,"date":"2020-10-06T02:57:33","date_gmt":"2020-10-06T02:57:33","guid":{"rendered":""},"modified":"2020-12-04T03:42:32","modified_gmt":"2020-12-04T03:42:32","slug":"la-fete-du-cinema-danimation-2020","status":"publish","type":"post","link":"https:\/\/www.ifi-id.com\/fr\/la-fete-du-cinema-danimation-2020\/","title":{"rendered":"LA F\u00caTE DU CIN\u00c9MA D&rsquo;ANIMATION 2020"},"content":{"rendered":"<p style=\"text-align: justify; \"><span style=\"font-size: 14px;\">Cette ann\u00e9e l\u2019Institut Fran\u00e7ais \u00e0 l\u2019honneur de vous annoncer la f\u00eate de l\u2019animation. Celle-ci aura lieu en ligne du 14 au 31 octobre 2020. Lors de cet \u00e9v\u00e8nement, vous aurez la chance de d\u00e9couvrir 2 longs m\u00e9trages et 11 courts m\u00e9trages fran\u00e7ais et africains qui seront accessibles en ligne, gratuitement et sans inscription, sur cette page&nbsp;:&nbsp;<\/span><span style=\"font-size: 14px;\">https:\/\/ifcinema.institutfrancais.com\/fr\/streaming\/animation (cette page sera accessible \u00e0 partir du 14 octobre)<\/span><\/p>\n<p><div style=\"text-align: justify;\"><strong><u><span style=\"font-size: 14px;\">Adama&nbsp;de Simon Rouby | 2015 | 85 min<\/span><\/u><\/strong><\/div>\n<div style=\"text-align: justify;\"><span style=\"font-size: 14px;\">Adama, 12 ans, vit dans un village isol\u00e9 d\u2019Afrique de l\u2019Ouest. Au-del\u00e0 des falaises, s\u2019\u00e9tend le Monde des Souffles. L\u00e0 o\u00f9 r\u00e8gnent les Nassaras. Une nuit, Samba, son fr\u00e8re a\u00een\u00e9, dispara\u00eet. Adama, bravant l\u2019interdit des anciens, d\u00e9cide de partir \u00e0 sa recherche. Il entame, avec la d\u00e9termination sans faille d\u2019un enfant devenant homme, une qu\u00eate qui va le mener au-del\u00e0 l\u00e0 des mers, au Nord, jusqu\u2019aux lignes de front de la Premi\u00e8re Guerre mondiale. Nous sommes en 1916.<\/span><\/div>\n<\/p>\n<p style=\"text-align: justify;\"><strong><u><span style=\"font-size: 14px;\">Gus petit oiseau, grand voyage&nbsp;de Christian de Vita | 2014 | 90 min<\/span><\/u><\/strong><\/p>\n<p style=\"text-align: justify;\"><span style=\"font-size: 14px;\">\u00c0 l\u2019heure du d\u00e9part pour la grande migration, Darius, le doyen de la vol\u00e9e, est bless\u00e9. Il va devoir confier tous ses secrets et le nouvel itin\u00e9raire du voyage au premier oiseau venu. Et cet oiseau\u2026 c\u2019est notre h\u00e9ros, exalt\u00e9 \u00e0 l\u2019id\u00e9e de d\u00e9couvrir enfin le monde\u2026 mais pas du tout migrateur !<\/span><\/p>\n<p><div style=\"text-align: justify;\"><strong><u><span style=\"font-size: 14px;\">Tales of Africa<\/span><\/u><\/strong><\/div>\n<div style=\"text-align: justify;\"><span style=\"font-size: 14px;\">6 courts m\u00e9trages d&rsquo;animation r\u00e9alis\u00e9s dans diff\u00e9rents pays d&rsquo;Afrique :&nbsp;<\/span><\/div>\n<div style=\"text-align: justify;\"><span style=\"font-size: 14px;\">Shamazulu, Le Chasseur et l&rsquo;antilope, Malika et la sorci\u00e8re, Le Cadeau, Les Trois v\u00e9rit\u00e9s, Le Lutteur.<\/span><\/div>\n<\/p>\n<p><div style=\"text-align: justify;\"><strong><u><span style=\"font-size: 14px;\">Jeux, imagination et petites b\u00eatises<\/span><\/u><\/strong><\/div>\n<div style=\"text-align: justify;\"><span style=\"font-size: 14px;\">5 courts m\u00e9trages sans paroles pour les 3-6 ans&nbsp;:<\/span><\/div>\n<div style=\"text-align: justify;\"><span style=\"font-size: 14px;\">L\u2019atelier, Matilda, Celui qui domptait les nuages, Beuaaark&nbsp;!, Lunolin petit naturaliste&nbsp;<\/span><\/div><\/p>\n","protected":false},"excerpt":{"rendered":"<p>Cette ann\u00e9e l\u2019Institut Fran\u00e7ais \u00e0 l\u2019honneur de vous annoncer la f\u00eate de l\u2019animation. Celle-ci aura lieu en ligne du 14 au 31 octobre 2020. Lors de cet \u00e9v\u00e8nement, vous aurez la chance de d\u00e9couvrir 2 longs m\u00e9trages et 11 courts m\u00e9trages fran\u00e7ais et africains qui seront accessibles en ligne, gratuitement et sans inscription, sur cette &hellip; <\/p>\n<p class=\"link-more\"><a href=\"https:\/\/www.ifi-id.com\/fr\/la-fete-du-cinema-danimation-2020\/\" class=\"more-link\">Continuer la lecture<span class=\"screen-reader-text\"> de &laquo;&nbsp;LA F\u00caTE DU CIN\u00c9MA D&rsquo;ANIMATION 2020&nbsp;&raquo;<\/span><\/a><\/p>\n","protected":false},"author":1,"featured_media":0,"comment_status":"open","ping_status":"open","sticky":false,"template":"","format":"standard","meta":{"footnotes":""},"categories":[1],"tags":[],"class_list":["post-2448","post","type-post","status-publish","format-standard","hentry","category-uncategorized"],"yoast_head":"<!-- This site is optimized with the Yoast SEO plugin v23.5 - https:\/\/yoast.com\/wordpress\/plugins\/seo\/ -->\n<title>LA F\u00caTE DU CIN\u00c9MA D&#039;ANIMATION 2020 - Institut fran\u00e7ais Indon\u00e9sie<\/title>\n<meta name=\"robots\" content=\"index, follow, max-snippet:-1, max-image-preview:large, max-video-preview:-1\" \/>\n<link rel=\"canonical\" href=\"https:\/\/www.ifi-id.com\/fr\/la-fete-du-cinema-danimation-2020\/\" \/>\n<meta property=\"og:locale\" content=\"fr_FR\" \/>\n<meta property=\"og:type\" content=\"article\" \/>\n<meta property=\"og:title\" content=\"LA F\u00caTE DU CIN\u00c9MA D&#039;ANIMATION 2020 - Institut fran\u00e7ais Indon\u00e9sie\" \/>\n<meta property=\"og:description\" content=\"Cette ann\u00e9e l\u2019Institut Fran\u00e7ais \u00e0 l\u2019honneur de vous annoncer la f\u00eate de l\u2019animation. Celle-ci aura lieu en ligne du 14 au 31 octobre 2020. Lors de cet \u00e9v\u00e8nement, vous aurez la chance de d\u00e9couvrir 2 longs m\u00e9trages et 11 courts m\u00e9trages fran\u00e7ais et africains qui seront accessibles en ligne, gratuitement et sans inscription, sur cette &hellip; Continuer la lecture de &laquo;&nbsp;LA F\u00caTE DU CIN\u00c9MA D&rsquo;ANIMATION 2020&nbsp;&raquo;\" \/>\n<meta property=\"og:url\" content=\"https:\/\/www.ifi-id.com\/fr\/la-fete-du-cinema-danimation-2020\/\" \/>\n<meta property=\"og:site_name\" content=\"Institut fran\u00e7ais Indon\u00e9sie\" \/>\n<meta property=\"article:published_time\" content=\"2020-10-06T02:57:33+00:00\" \/>\n<meta property=\"article:modified_time\" content=\"2020-12-04T03:42:32+00:00\" \/>\n<meta name=\"author\" content=\"admin_ifi\" \/>\n<meta name=\"twitter:card\" content=\"summary_large_image\" \/>\n<meta name=\"twitter:label1\" content=\"\u00c9crit par\" \/>\n\t<meta name=\"twitter:data1\" content=\"admin_ifi\" \/>\n\t<meta name=\"twitter:label2\" content=\"Dur\u00e9e de lecture estim\u00e9e\" \/>\n\t<meta name=\"twitter:data2\" content=\"2 minutes\" \/>\n<script type=\"application\/ld+json\" class=\"yoast-schema-graph\">{\"@context\":\"https:\/\/schema.org\",\"@graph\":[{\"@type\":\"Article\",\"@id\":\"https:\/\/www.ifi-id.com\/fr\/la-fete-du-cinema-danimation-2020\/#article\",\"isPartOf\":{\"@id\":\"https:\/\/www.ifi-id.com\/fr\/la-fete-du-cinema-danimation-2020\/\"},\"author\":{\"name\":\"admin_ifi\",\"@id\":\"https:\/\/www.ifi-id.com\/#\/schema\/person\/f4d392c56a5385d0afa0e97971982f03\"},\"headline\":\"LA F\u00caTE DU CIN\u00c9MA D&rsquo;ANIMATION 2020\",\"datePublished\":\"2020-10-06T02:57:33+00:00\",\"dateModified\":\"2020-12-04T03:42:32+00:00\",\"mainEntityOfPage\":{\"@id\":\"https:\/\/www.ifi-id.com\/fr\/la-fete-du-cinema-danimation-2020\/\"},\"wordCount\":314,\"commentCount\":0,\"publisher\":{\"@id\":\"https:\/\/www.ifi-id.com\/#organization\"},\"articleSection\":[\"Uncategorized\"],\"inLanguage\":\"fr-FR\"},{\"@type\":\"WebPage\",\"@id\":\"https:\/\/www.ifi-id.com\/fr\/la-fete-du-cinema-danimation-2020\/\",\"url\":\"https:\/\/www.ifi-id.com\/fr\/la-fete-du-cinema-danimation-2020\/\",\"name\":\"LA F\u00caTE DU CIN\u00c9MA D'ANIMATION 2020 - Institut fran\u00e7ais Indon\u00e9sie\",\"isPartOf\":{\"@id\":\"https:\/\/www.ifi-id.com\/#website\"},\"datePublished\":\"2020-10-06T02:57:33+00:00\",\"dateModified\":\"2020-12-04T03:42:32+00:00\",\"breadcrumb\":{\"@id\":\"https:\/\/www.ifi-id.com\/fr\/la-fete-du-cinema-danimation-2020\/#breadcrumb\"},\"inLanguage\":\"fr-FR\",\"potentialAction\":[{\"@type\":\"ReadAction\",\"target\":[\"https:\/\/www.ifi-id.com\/fr\/la-fete-du-cinema-danimation-2020\/\"]}]},{\"@type\":\"BreadcrumbList\",\"@id\":\"https:\/\/www.ifi-id.com\/fr\/la-fete-du-cinema-danimation-2020\/#breadcrumb\",\"itemListElement\":[{\"@type\":\"ListItem\",\"position\":1,\"name\":\"Home\",\"item\":\"https:\/\/www.ifi-id.com\/\"},{\"@type\":\"ListItem\",\"position\":2,\"name\":\"Uncategorized\",\"item\":\"https:\/\/www.ifi-id.com\/fr\/category\/uncategorized\/\"},{\"@type\":\"ListItem\",\"position\":3,\"name\":\"LA F\u00caTE DU CIN\u00c9MA D&rsquo;ANIMATION 2020\"}]},{\"@type\":\"WebSite\",\"@id\":\"https:\/\/www.ifi-id.com\/#website\",\"url\":\"https:\/\/www.ifi-id.com\/\",\"name\":\"Institut fran\u00e7ais Indon\u00e9sie\",\"description\":\"\",\"publisher\":{\"@id\":\"https:\/\/www.ifi-id.com\/#organization\"},\"potentialAction\":[{\"@type\":\"SearchAction\",\"target\":{\"@type\":\"EntryPoint\",\"urlTemplate\":\"https:\/\/www.ifi-id.com\/?s={search_term_string}\"},\"query-input\":{\"@type\":\"PropertyValueSpecification\",\"valueRequired\":true,\"valueName\":\"search_term_string\"}}],\"inLanguage\":\"fr-FR\"},{\"@type\":\"Organization\",\"@id\":\"https:\/\/www.ifi-id.com\/#organization\",\"name\":\"Institut fran\u00e7ais Indon\u00e9sie\",\"url\":\"https:\/\/www.ifi-id.com\/\",\"logo\":{\"@type\":\"ImageObject\",\"inLanguage\":\"fr-FR\",\"@id\":\"https:\/\/www.ifi-id.com\/#\/schema\/logo\/image\/\",\"url\":\"https:\/\/www.ifi-id.com\/wp-content\/uploads\/2022\/12\/IFI_New_Logo.jpg\",\"contentUrl\":\"https:\/\/www.ifi-id.com\/wp-content\/uploads\/2022\/12\/IFI_New_Logo.jpg\",\"width\":666,\"height\":444,\"caption\":\"Institut fran\u00e7ais Indon\u00e9sie\"},\"image\":{\"@id\":\"https:\/\/www.ifi-id.com\/#\/schema\/logo\/image\/\"}},{\"@type\":\"Person\",\"@id\":\"https:\/\/www.ifi-id.com\/#\/schema\/person\/f4d392c56a5385d0afa0e97971982f03\",\"name\":\"admin_ifi\",\"image\":{\"@type\":\"ImageObject\",\"inLanguage\":\"fr-FR\",\"@id\":\"https:\/\/www.ifi-id.com\/#\/schema\/person\/image\/\",\"url\":\"https:\/\/secure.gravatar.com\/avatar\/3314fb698a60e03f38dc901a002adba6?s=96&d=mm&r=g\",\"contentUrl\":\"https:\/\/secure.gravatar.com\/avatar\/3314fb698a60e03f38dc901a002adba6?s=96&d=mm&r=g\",\"caption\":\"admin_ifi\"},\"sameAs\":[\"http:\/\/localhost\/ifi-reboot\"],\"url\":\"https:\/\/www.ifi-id.com\/fr\/author\/admin_ifi\/\"}]}<\/script>\n<!-- \/ Yoast SEO plugin. -->","yoast_head_json":{"title":"LA F\u00caTE DU CIN\u00c9MA D'ANIMATION 2020 - Institut fran\u00e7ais Indon\u00e9sie","robots":{"index":"index","follow":"follow","max-snippet":"max-snippet:-1","max-image-preview":"max-image-preview:large","max-video-preview":"max-video-preview:-1"},"canonical":"https:\/\/www.ifi-id.com\/fr\/la-fete-du-cinema-danimation-2020\/","og_locale":"fr_FR","og_type":"article","og_title":"LA F\u00caTE DU CIN\u00c9MA D'ANIMATION 2020 - Institut fran\u00e7ais Indon\u00e9sie","og_description":"Cette ann\u00e9e l\u2019Institut Fran\u00e7ais \u00e0 l\u2019honneur de vous annoncer la f\u00eate de l\u2019animation. Celle-ci aura lieu en ligne du 14 au 31 octobre 2020. Lors de cet \u00e9v\u00e8nement, vous aurez la chance de d\u00e9couvrir 2 longs m\u00e9trages et 11 courts m\u00e9trages fran\u00e7ais et africains qui seront accessibles en ligne, gratuitement et sans inscription, sur cette &hellip; Continuer la lecture de &laquo;&nbsp;LA F\u00caTE DU CIN\u00c9MA D&rsquo;ANIMATION 2020&nbsp;&raquo;","og_url":"https:\/\/www.ifi-id.com\/fr\/la-fete-du-cinema-danimation-2020\/","og_site_name":"Institut fran\u00e7ais Indon\u00e9sie","article_published_time":"2020-10-06T02:57:33+00:00","article_modified_time":"2020-12-04T03:42:32+00:00","author":"admin_ifi","twitter_card":"summary_large_image","twitter_misc":{"\u00c9crit par":"admin_ifi","Dur\u00e9e de lecture estim\u00e9e":"2 minutes"},"schema":{"@context":"https:\/\/schema.org","@graph":[{"@type":"Article","@id":"https:\/\/www.ifi-id.com\/fr\/la-fete-du-cinema-danimation-2020\/#article","isPartOf":{"@id":"https:\/\/www.ifi-id.com\/fr\/la-fete-du-cinema-danimation-2020\/"},"author":{"name":"admin_ifi","@id":"https:\/\/www.ifi-id.com\/#\/schema\/person\/f4d392c56a5385d0afa0e97971982f03"},"headline":"LA F\u00caTE DU CIN\u00c9MA D&rsquo;ANIMATION 2020","datePublished":"2020-10-06T02:57:33+00:00","dateModified":"2020-12-04T03:42:32+00:00","mainEntityOfPage":{"@id":"https:\/\/www.ifi-id.com\/fr\/la-fete-du-cinema-danimation-2020\/"},"wordCount":314,"commentCount":0,"publisher":{"@id":"https:\/\/www.ifi-id.com\/#organization"},"articleSection":["Uncategorized"],"inLanguage":"fr-FR"},{"@type":"WebPage","@id":"https:\/\/www.ifi-id.com\/fr\/la-fete-du-cinema-danimation-2020\/","url":"https:\/\/www.ifi-id.com\/fr\/la-fete-du-cinema-danimation-2020\/","name":"LA F\u00caTE DU CIN\u00c9MA D'ANIMATION 2020 - Institut fran\u00e7ais Indon\u00e9sie","isPartOf":{"@id":"https:\/\/www.ifi-id.com\/#website"},"datePublished":"2020-10-06T02:57:33+00:00","dateModified":"2020-12-04T03:42:32+00:00","breadcrumb":{"@id":"https:\/\/www.ifi-id.com\/fr\/la-fete-du-cinema-danimation-2020\/#breadcrumb"},"inLanguage":"fr-FR","potentialAction":[{"@type":"ReadAction","target":["https:\/\/www.ifi-id.com\/fr\/la-fete-du-cinema-danimation-2020\/"]}]},{"@type":"BreadcrumbList","@id":"https:\/\/www.ifi-id.com\/fr\/la-fete-du-cinema-danimation-2020\/#breadcrumb","itemListElement":[{"@type":"ListItem","position":1,"name":"Home","item":"https:\/\/www.ifi-id.com\/"},{"@type":"ListItem","position":2,"name":"Uncategorized","item":"https:\/\/www.ifi-id.com\/fr\/category\/uncategorized\/"},{"@type":"ListItem","position":3,"name":"LA F\u00caTE DU CIN\u00c9MA D&rsquo;ANIMATION 2020"}]},{"@type":"WebSite","@id":"https:\/\/www.ifi-id.com\/#website","url":"https:\/\/www.ifi-id.com\/","name":"Institut fran\u00e7ais Indon\u00e9sie","description":"","publisher":{"@id":"https:\/\/www.ifi-id.com\/#organization"},"potentialAction":[{"@type":"SearchAction","target":{"@type":"EntryPoint","urlTemplate":"https:\/\/www.ifi-id.com\/?s={search_term_string}"},"query-input":{"@type":"PropertyValueSpecification","valueRequired":true,"valueName":"search_term_string"}}],"inLanguage":"fr-FR"},{"@type":"Organization","@id":"https:\/\/www.ifi-id.com\/#organization","name":"Institut fran\u00e7ais Indon\u00e9sie","url":"https:\/\/www.ifi-id.com\/","logo":{"@type":"ImageObject","inLanguage":"fr-FR","@id":"https:\/\/www.ifi-id.com\/#\/schema\/logo\/image\/","url":"https:\/\/www.ifi-id.com\/wp-content\/uploads\/2022\/12\/IFI_New_Logo.jpg","contentUrl":"https:\/\/www.ifi-id.com\/wp-content\/uploads\/2022\/12\/IFI_New_Logo.jpg","width":666,"height":444,"caption":"Institut fran\u00e7ais Indon\u00e9sie"},"image":{"@id":"https:\/\/www.ifi-id.com\/#\/schema\/logo\/image\/"}},{"@type":"Person","@id":"https:\/\/www.ifi-id.com\/#\/schema\/person\/f4d392c56a5385d0afa0e97971982f03","name":"admin_ifi","image":{"@type":"ImageObject","inLanguage":"fr-FR","@id":"https:\/\/www.ifi-id.com\/#\/schema\/person\/image\/","url":"https:\/\/secure.gravatar.com\/avatar\/3314fb698a60e03f38dc901a002adba6?s=96&d=mm&r=g","contentUrl":"https:\/\/secure.gravatar.com\/avatar\/3314fb698a60e03f38dc901a002adba6?s=96&d=mm&r=g","caption":"admin_ifi"},"sameAs":["http:\/\/localhost\/ifi-reboot"],"url":"https:\/\/www.ifi-id.com\/fr\/author\/admin_ifi\/"}]}},"post_mailing_queue_ids":[],"_links":{"self":[{"href":"https:\/\/www.ifi-id.com\/fr\/wp-json\/wp\/v2\/posts\/2448"}],"collection":[{"href":"https:\/\/www.ifi-id.com\/fr\/wp-json\/wp\/v2\/posts"}],"about":[{"href":"https:\/\/www.ifi-id.com\/fr\/wp-json\/wp\/v2\/types\/post"}],"author":[{"embeddable":true,"href":"https:\/\/www.ifi-id.com\/fr\/wp-json\/wp\/v2\/users\/1"}],"replies":[{"embeddable":true,"href":"https:\/\/www.ifi-id.com\/fr\/wp-json\/wp\/v2\/comments?post=2448"}],"version-history":[{"count":1,"href":"https:\/\/www.ifi-id.com\/fr\/wp-json\/wp\/v2\/posts\/2448\/revisions"}],"predecessor-version":[{"id":2549,"href":"https:\/\/www.ifi-id.com\/fr\/wp-json\/wp\/v2\/posts\/2448\/revisions\/2549"}],"wp:attachment":[{"href":"https:\/\/www.ifi-id.com\/fr\/wp-json\/wp\/v2\/media?parent=2448"}],"wp:term":[{"taxonomy":"category","embeddable":true,"href":"https:\/\/www.ifi-id.com\/fr\/wp-json\/wp\/v2\/categories?post=2448"},{"taxonomy":"post_tag","embeddable":true,"href":"https:\/\/www.ifi-id.com\/fr\/wp-json\/wp\/v2\/tags?post=2448"}],"curies":[{"name":"wp","href":"https:\/\/api.w.org\/{rel}","templated":true}]}}