{"id":2328,"date":"2020-06-17T08:06:00","date_gmt":"2020-06-17T08:06:00","guid":{"rendered":""},"modified":"2020-12-04T09:19:02","modified_gmt":"2020-12-04T09:19:02","slug":"concours-14-juillet-14-idees-pour-le-monde-dapres-2","status":"publish","type":"post","link":"https:\/\/www.ifi-id.com\/fr\/concours-14-juillet-14-idees-pour-le-monde-dapres-2\/","title":{"rendered":"CONCOURS : 14 JUILLET  = 14 IDEES POUR LE MONDE D\u2019APRES !"},"content":{"rendered":"<p style=\"text-align: justify; \"><strong><span style=\"font-size: 14px;\">Le concours<\/span><\/strong><\/p>\n<p style=\"text-align: justify;\"><span style=\"font-size: 14px;\">Dans le cadre de la c\u00e9l\u00e9bration de la f\u00eate nationale fran\u00e7aise, le 14 juillet prochain, l\u2019Ambassade de France lance un concours d\u2019id\u00e9es portant sur le monde apr\u00e8s le Covid 19.<\/span><\/p>\n<p style=\"text-align: justify;\"><span><span style=\"font-size: 14px;\">Le concours d\u00e9nomm\u00e9 <\/span><strong><span style=\"font-size: 14px;\">14 juillet = 14 id\u00e9es pour le monde d\u2019apr\u00e8s !<\/span><\/strong><span style=\"font-size: 14px;\"> a pour objectif de faire produire par de jeunes Indon\u00e9siens <\/span><strong><span style=\"font-size: 14px;\">une phrase<\/span><\/strong><span style=\"font-size: 14px;\"> correspondant \u00e0 <\/span><strong><span style=\"font-size: 14px;\">une id\u00e9e<\/span><\/strong><span style=\"font-size: 14px;\"> pour rendre le monde plus solidaire, plus beau, plus accueillant. <\/span><\/span><\/p>\n<p style=\"text-align: justify;\"><strong><span style=\"font-size: 14px;\">Le public&nbsp;cible<\/span><\/strong><\/p>\n<p style=\"text-align: justify; \"><span style=\"font-size: 14px;\">Coll\u00e9giens et lyc\u00e9ens sur toute l\u2019\u00e9tendue du territoire indon\u00e9sien<\/span><\/p>\n<p style=\"text-align: justify;\"><strong><span style=\"font-size: 14px;\">Modalit\u00e9s du concours<\/span><\/strong><\/p>\n<ul>\n<li style=\"text-align: justify;\"><span style=\"font-size: 14px;\">Chaque participant (e) adresse une phrase, correspondant \u00e0 une id\u00e9e (pas de liste d\u2019id\u00e9es), d\u2019une longueur de 5 mots minimum et 35 mots maximum.<\/span><\/li>\n<\/ul>\n<ul>\n<li style=\"text-align: justify;\"><span style=\"font-size: 14px;\">Les phrases devront \u00eatre r\u00e9dig\u00e9es en indon\u00e9sien ou dans la langue locale du candidat. L\u2019Institut fran\u00e7ais d\u2019Indon\u00e9sie se charge de les traduire en fran\u00e7ais.<\/span><\/li>\n<\/ul>\n<ul>\n<li style=\"text-align: justify;\"><span style=\"font-size: 14px;\">Une fresque reprenant les 14 meilleures phrases sera r\u00e9alis\u00e9e par un infographe indon\u00e9sien et pr\u00e9sent\u00e9e le 14 juillet 2020 dans le r\u00e9seau des Instituts fran\u00e7ais et Alliances fran\u00e7aises d\u2019Indon\u00e9sie. La fresque sera pr\u00e9sent\u00e9e sous format vid\u00e9o et sera imprim\u00e9e et expos\u00e9e dans les Instituts Fran\u00e7ais de Jakarta, Bandung, Surabaya, Yogyakarta et Alliances fran\u00e7aises de Medan et Bali. Les 14 phrases s\u00e9lectionn\u00e9es seront ins\u00e9r\u00e9es dans la fresque et auront donc une grande visibilit\u00e9 en Indon\u00e9sie.<\/span><\/li>\n<\/ul>\n<ul>\n<li style=\"text-align: justify;\"><span style=\"font-size: 14px;\">Le r\u00e9seau des Instituts fran\u00e7ais et Alliances fran\u00e7aises organisera un d\u00e9bat en ligne le 14 juillet 2020 sur les 14 phrases laur\u00e9ates du concours. Le d\u00e9bat b\u00e9n\u00e9ficiera de la participation de M. l\u2019Ambassadeur de France en Indon\u00e9sie.<\/span><\/li>\n<\/ul>\n<ul>\n<li style=\"text-align: justify;\"><span style=\"font-size: 14px;\">Les candidats sont invit\u00e9s \u00e0 s\u2019inscrire sur le formulaire afin de proposer leur phrase&nbsp;: <\/span><span style=\"font-size: 14px;\"><a href=\"https:\/\/bit.ly\/14juli14gagasan\" target=\"_blank\" rel=\"noopener noreferrer\">https:\/\/bit.ly\/14juli14gagasan<\/a>.<\/span><\/li>\n<\/ul>\n<p style=\"text-align: justify;\"><strong><span style=\"font-size: 14px;\">Date limite de participation<\/span><\/strong><\/p>\n<p style=\"text-align: justify;\"><span style=\"font-size: 14px;\">Vendredi 26 juin 2020<\/span><\/p>\n<p style=\"text-align: justify;\"><strong><span style=\"font-size: 14px;\">S\u00e9lection des laur\u00e9ats<\/span><\/strong><\/p>\n<p style=\"text-align: justify;\"><span style=\"font-size: 14px;\">Un jury choisira les 14 phrases les plus originales et dont les messages appelleront \u00e0 un monde meilleur.<\/span><\/p>\n<p style=\"text-align: justify;\"><span style=\"font-size: 14px;\">Seuls les laur\u00e9ats seront recontact\u00e9s par l\u2019Institut fran\u00e7ais d\u2019Indon\u00e9sie<\/span><\/p>\n<p style=\"text-align: justify;\"><strong><span style=\"font-size: 14px;\">R\u00e9compense<\/span><\/strong><\/p>\n<p style=\"text-align: justify;\"><span style=\"font-size: 14px;\">Les auteurs des 14 meilleures phrases recevront des prix surprises tr\u00e8s attractifs, de la part de l\u2019Ambassade de France en Indon\u00e9sie<\/span><\/p>\n","protected":false},"excerpt":{"rendered":"<p>Le concours Dans le cadre de la c\u00e9l\u00e9bration de la f\u00eate nationale fran\u00e7aise, le 14 juillet prochain, l\u2019Ambassade de France lance un concours d\u2019id\u00e9es portant sur le monde apr\u00e8s le Covid 19. Le concours d\u00e9nomm\u00e9 14 juillet = 14 id\u00e9es pour le monde d\u2019apr\u00e8s ! a pour objectif de faire produire par de jeunes Indon\u00e9siens &hellip; <\/p>\n<p class=\"link-more\"><a href=\"https:\/\/www.ifi-id.com\/fr\/concours-14-juillet-14-idees-pour-le-monde-dapres-2\/\" class=\"more-link\">Continuer la lecture<span class=\"screen-reader-text\"> de &laquo;&nbsp;CONCOURS : 14 JUILLET  = 14 IDEES POUR LE MONDE D\u2019APRES !&nbsp;&raquo;<\/span><\/a><\/p>\n","protected":false},"author":1,"featured_media":0,"comment_status":"open","ping_status":"open","sticky":false,"template":"","format":"standard","meta":{"footnotes":""},"categories":[1],"tags":[],"class_list":["post-2328","post","type-post","status-publish","format-standard","hentry","category-uncategorized"],"yoast_head":"<!-- This site is optimized with the Yoast SEO plugin v23.5 - https:\/\/yoast.com\/wordpress\/plugins\/seo\/ -->\n<title>CONCOURS : 14 JUILLET = 14 IDEES POUR LE MONDE D\u2019APRES ! - Institut fran\u00e7ais Indon\u00e9sie<\/title>\n<meta name=\"robots\" content=\"index, follow, max-snippet:-1, max-image-preview:large, max-video-preview:-1\" \/>\n<link rel=\"canonical\" href=\"https:\/\/www.ifi-id.com\/fr\/concours-14-juillet-14-idees-pour-le-monde-dapres-2\/\" \/>\n<meta property=\"og:locale\" content=\"fr_FR\" \/>\n<meta property=\"og:type\" content=\"article\" \/>\n<meta property=\"og:title\" content=\"CONCOURS : 14 JUILLET = 14 IDEES POUR LE MONDE D\u2019APRES ! - Institut fran\u00e7ais Indon\u00e9sie\" \/>\n<meta property=\"og:description\" content=\"Le concours Dans le cadre de la c\u00e9l\u00e9bration de la f\u00eate nationale fran\u00e7aise, le 14 juillet prochain, l\u2019Ambassade de France lance un concours d\u2019id\u00e9es portant sur le monde apr\u00e8s le Covid 19. Le concours d\u00e9nomm\u00e9 14 juillet = 14 id\u00e9es pour le monde d\u2019apr\u00e8s ! a pour objectif de faire produire par de jeunes Indon\u00e9siens &hellip; Continuer la lecture de &laquo;&nbsp;CONCOURS : 14 JUILLET = 14 IDEES POUR LE MONDE D\u2019APRES !&nbsp;&raquo;\" \/>\n<meta property=\"og:url\" content=\"https:\/\/www.ifi-id.com\/fr\/concours-14-juillet-14-idees-pour-le-monde-dapres-2\/\" \/>\n<meta property=\"og:site_name\" content=\"Institut fran\u00e7ais Indon\u00e9sie\" \/>\n<meta property=\"article:published_time\" content=\"2020-06-17T08:06:00+00:00\" \/>\n<meta property=\"article:modified_time\" content=\"2020-12-04T09:19:02+00:00\" \/>\n<meta name=\"author\" content=\"admin_ifi\" \/>\n<meta name=\"twitter:card\" content=\"summary_large_image\" \/>\n<meta name=\"twitter:label1\" content=\"\u00c9crit par\" \/>\n\t<meta name=\"twitter:data1\" content=\"admin_ifi\" \/>\n\t<meta name=\"twitter:label2\" content=\"Dur\u00e9e de lecture estim\u00e9e\" \/>\n\t<meta name=\"twitter:data2\" content=\"2 minutes\" \/>\n<script type=\"application\/ld+json\" class=\"yoast-schema-graph\">{\"@context\":\"https:\/\/schema.org\",\"@graph\":[{\"@type\":\"Article\",\"@id\":\"https:\/\/www.ifi-id.com\/fr\/concours-14-juillet-14-idees-pour-le-monde-dapres-2\/#article\",\"isPartOf\":{\"@id\":\"https:\/\/www.ifi-id.com\/fr\/concours-14-juillet-14-idees-pour-le-monde-dapres-2\/\"},\"author\":{\"name\":\"admin_ifi\",\"@id\":\"https:\/\/www.ifi-id.com\/#\/schema\/person\/f4d392c56a5385d0afa0e97971982f03\"},\"headline\":\"CONCOURS : 14 JUILLET = 14 IDEES POUR LE MONDE D\u2019APRES !\",\"datePublished\":\"2020-06-17T08:06:00+00:00\",\"dateModified\":\"2020-12-04T09:19:02+00:00\",\"mainEntityOfPage\":{\"@id\":\"https:\/\/www.ifi-id.com\/fr\/concours-14-juillet-14-idees-pour-le-monde-dapres-2\/\"},\"wordCount\":388,\"commentCount\":0,\"publisher\":{\"@id\":\"https:\/\/www.ifi-id.com\/#organization\"},\"articleSection\":[\"Uncategorized\"],\"inLanguage\":\"fr-FR\"},{\"@type\":\"WebPage\",\"@id\":\"https:\/\/www.ifi-id.com\/fr\/concours-14-juillet-14-idees-pour-le-monde-dapres-2\/\",\"url\":\"https:\/\/www.ifi-id.com\/fr\/concours-14-juillet-14-idees-pour-le-monde-dapres-2\/\",\"name\":\"CONCOURS : 14 JUILLET = 14 IDEES POUR LE MONDE D\u2019APRES ! - Institut fran\u00e7ais Indon\u00e9sie\",\"isPartOf\":{\"@id\":\"https:\/\/www.ifi-id.com\/#website\"},\"datePublished\":\"2020-06-17T08:06:00+00:00\",\"dateModified\":\"2020-12-04T09:19:02+00:00\",\"breadcrumb\":{\"@id\":\"https:\/\/www.ifi-id.com\/fr\/concours-14-juillet-14-idees-pour-le-monde-dapres-2\/#breadcrumb\"},\"inLanguage\":\"fr-FR\",\"potentialAction\":[{\"@type\":\"ReadAction\",\"target\":[\"https:\/\/www.ifi-id.com\/fr\/concours-14-juillet-14-idees-pour-le-monde-dapres-2\/\"]}]},{\"@type\":\"BreadcrumbList\",\"@id\":\"https:\/\/www.ifi-id.com\/fr\/concours-14-juillet-14-idees-pour-le-monde-dapres-2\/#breadcrumb\",\"itemListElement\":[{\"@type\":\"ListItem\",\"position\":1,\"name\":\"Home\",\"item\":\"https:\/\/www.ifi-id.com\/\"},{\"@type\":\"ListItem\",\"position\":2,\"name\":\"Uncategorized\",\"item\":\"https:\/\/www.ifi-id.com\/fr\/category\/uncategorized\/\"},{\"@type\":\"ListItem\",\"position\":3,\"name\":\"CONCOURS : 14 JUILLET = 14 IDEES POUR LE MONDE D\u2019APRES !\"}]},{\"@type\":\"WebSite\",\"@id\":\"https:\/\/www.ifi-id.com\/#website\",\"url\":\"https:\/\/www.ifi-id.com\/\",\"name\":\"Institut fran\u00e7ais Indon\u00e9sie\",\"description\":\"\",\"publisher\":{\"@id\":\"https:\/\/www.ifi-id.com\/#organization\"},\"potentialAction\":[{\"@type\":\"SearchAction\",\"target\":{\"@type\":\"EntryPoint\",\"urlTemplate\":\"https:\/\/www.ifi-id.com\/?s={search_term_string}\"},\"query-input\":{\"@type\":\"PropertyValueSpecification\",\"valueRequired\":true,\"valueName\":\"search_term_string\"}}],\"inLanguage\":\"fr-FR\"},{\"@type\":\"Organization\",\"@id\":\"https:\/\/www.ifi-id.com\/#organization\",\"name\":\"Institut fran\u00e7ais Indon\u00e9sie\",\"url\":\"https:\/\/www.ifi-id.com\/\",\"logo\":{\"@type\":\"ImageObject\",\"inLanguage\":\"fr-FR\",\"@id\":\"https:\/\/www.ifi-id.com\/#\/schema\/logo\/image\/\",\"url\":\"https:\/\/www.ifi-id.com\/wp-content\/uploads\/2022\/12\/IFI_New_Logo.jpg\",\"contentUrl\":\"https:\/\/www.ifi-id.com\/wp-content\/uploads\/2022\/12\/IFI_New_Logo.jpg\",\"width\":666,\"height\":444,\"caption\":\"Institut fran\u00e7ais Indon\u00e9sie\"},\"image\":{\"@id\":\"https:\/\/www.ifi-id.com\/#\/schema\/logo\/image\/\"}},{\"@type\":\"Person\",\"@id\":\"https:\/\/www.ifi-id.com\/#\/schema\/person\/f4d392c56a5385d0afa0e97971982f03\",\"name\":\"admin_ifi\",\"image\":{\"@type\":\"ImageObject\",\"inLanguage\":\"fr-FR\",\"@id\":\"https:\/\/www.ifi-id.com\/#\/schema\/person\/image\/\",\"url\":\"https:\/\/secure.gravatar.com\/avatar\/3314fb698a60e03f38dc901a002adba6?s=96&d=mm&r=g\",\"contentUrl\":\"https:\/\/secure.gravatar.com\/avatar\/3314fb698a60e03f38dc901a002adba6?s=96&d=mm&r=g\",\"caption\":\"admin_ifi\"},\"sameAs\":[\"http:\/\/localhost\/ifi-reboot\"],\"url\":\"https:\/\/www.ifi-id.com\/fr\/author\/admin_ifi\/\"}]}<\/script>\n<!-- \/ Yoast SEO plugin. -->","yoast_head_json":{"title":"CONCOURS : 14 JUILLET = 14 IDEES POUR LE MONDE D\u2019APRES ! - Institut fran\u00e7ais Indon\u00e9sie","robots":{"index":"index","follow":"follow","max-snippet":"max-snippet:-1","max-image-preview":"max-image-preview:large","max-video-preview":"max-video-preview:-1"},"canonical":"https:\/\/www.ifi-id.com\/fr\/concours-14-juillet-14-idees-pour-le-monde-dapres-2\/","og_locale":"fr_FR","og_type":"article","og_title":"CONCOURS : 14 JUILLET = 14 IDEES POUR LE MONDE D\u2019APRES ! - Institut fran\u00e7ais Indon\u00e9sie","og_description":"Le concours Dans le cadre de la c\u00e9l\u00e9bration de la f\u00eate nationale fran\u00e7aise, le 14 juillet prochain, l\u2019Ambassade de France lance un concours d\u2019id\u00e9es portant sur le monde apr\u00e8s le Covid 19. Le concours d\u00e9nomm\u00e9 14 juillet = 14 id\u00e9es pour le monde d\u2019apr\u00e8s ! a pour objectif de faire produire par de jeunes Indon\u00e9siens &hellip; Continuer la lecture de &laquo;&nbsp;CONCOURS : 14 JUILLET = 14 IDEES POUR LE MONDE D\u2019APRES !&nbsp;&raquo;","og_url":"https:\/\/www.ifi-id.com\/fr\/concours-14-juillet-14-idees-pour-le-monde-dapres-2\/","og_site_name":"Institut fran\u00e7ais Indon\u00e9sie","article_published_time":"2020-06-17T08:06:00+00:00","article_modified_time":"2020-12-04T09:19:02+00:00","author":"admin_ifi","twitter_card":"summary_large_image","twitter_misc":{"\u00c9crit par":"admin_ifi","Dur\u00e9e de lecture estim\u00e9e":"2 minutes"},"schema":{"@context":"https:\/\/schema.org","@graph":[{"@type":"Article","@id":"https:\/\/www.ifi-id.com\/fr\/concours-14-juillet-14-idees-pour-le-monde-dapres-2\/#article","isPartOf":{"@id":"https:\/\/www.ifi-id.com\/fr\/concours-14-juillet-14-idees-pour-le-monde-dapres-2\/"},"author":{"name":"admin_ifi","@id":"https:\/\/www.ifi-id.com\/#\/schema\/person\/f4d392c56a5385d0afa0e97971982f03"},"headline":"CONCOURS : 14 JUILLET = 14 IDEES POUR LE MONDE D\u2019APRES !","datePublished":"2020-06-17T08:06:00+00:00","dateModified":"2020-12-04T09:19:02+00:00","mainEntityOfPage":{"@id":"https:\/\/www.ifi-id.com\/fr\/concours-14-juillet-14-idees-pour-le-monde-dapres-2\/"},"wordCount":388,"commentCount":0,"publisher":{"@id":"https:\/\/www.ifi-id.com\/#organization"},"articleSection":["Uncategorized"],"inLanguage":"fr-FR"},{"@type":"WebPage","@id":"https:\/\/www.ifi-id.com\/fr\/concours-14-juillet-14-idees-pour-le-monde-dapres-2\/","url":"https:\/\/www.ifi-id.com\/fr\/concours-14-juillet-14-idees-pour-le-monde-dapres-2\/","name":"CONCOURS : 14 JUILLET = 14 IDEES POUR LE MONDE D\u2019APRES ! - Institut fran\u00e7ais Indon\u00e9sie","isPartOf":{"@id":"https:\/\/www.ifi-id.com\/#website"},"datePublished":"2020-06-17T08:06:00+00:00","dateModified":"2020-12-04T09:19:02+00:00","breadcrumb":{"@id":"https:\/\/www.ifi-id.com\/fr\/concours-14-juillet-14-idees-pour-le-monde-dapres-2\/#breadcrumb"},"inLanguage":"fr-FR","potentialAction":[{"@type":"ReadAction","target":["https:\/\/www.ifi-id.com\/fr\/concours-14-juillet-14-idees-pour-le-monde-dapres-2\/"]}]},{"@type":"BreadcrumbList","@id":"https:\/\/www.ifi-id.com\/fr\/concours-14-juillet-14-idees-pour-le-monde-dapres-2\/#breadcrumb","itemListElement":[{"@type":"ListItem","position":1,"name":"Home","item":"https:\/\/www.ifi-id.com\/"},{"@type":"ListItem","position":2,"name":"Uncategorized","item":"https:\/\/www.ifi-id.com\/fr\/category\/uncategorized\/"},{"@type":"ListItem","position":3,"name":"CONCOURS : 14 JUILLET = 14 IDEES POUR LE MONDE D\u2019APRES !"}]},{"@type":"WebSite","@id":"https:\/\/www.ifi-id.com\/#website","url":"https:\/\/www.ifi-id.com\/","name":"Institut fran\u00e7ais Indon\u00e9sie","description":"","publisher":{"@id":"https:\/\/www.ifi-id.com\/#organization"},"potentialAction":[{"@type":"SearchAction","target":{"@type":"EntryPoint","urlTemplate":"https:\/\/www.ifi-id.com\/?s={search_term_string}"},"query-input":{"@type":"PropertyValueSpecification","valueRequired":true,"valueName":"search_term_string"}}],"inLanguage":"fr-FR"},{"@type":"Organization","@id":"https:\/\/www.ifi-id.com\/#organization","name":"Institut fran\u00e7ais Indon\u00e9sie","url":"https:\/\/www.ifi-id.com\/","logo":{"@type":"ImageObject","inLanguage":"fr-FR","@id":"https:\/\/www.ifi-id.com\/#\/schema\/logo\/image\/","url":"https:\/\/www.ifi-id.com\/wp-content\/uploads\/2022\/12\/IFI_New_Logo.jpg","contentUrl":"https:\/\/www.ifi-id.com\/wp-content\/uploads\/2022\/12\/IFI_New_Logo.jpg","width":666,"height":444,"caption":"Institut fran\u00e7ais Indon\u00e9sie"},"image":{"@id":"https:\/\/www.ifi-id.com\/#\/schema\/logo\/image\/"}},{"@type":"Person","@id":"https:\/\/www.ifi-id.com\/#\/schema\/person\/f4d392c56a5385d0afa0e97971982f03","name":"admin_ifi","image":{"@type":"ImageObject","inLanguage":"fr-FR","@id":"https:\/\/www.ifi-id.com\/#\/schema\/person\/image\/","url":"https:\/\/secure.gravatar.com\/avatar\/3314fb698a60e03f38dc901a002adba6?s=96&d=mm&r=g","contentUrl":"https:\/\/secure.gravatar.com\/avatar\/3314fb698a60e03f38dc901a002adba6?s=96&d=mm&r=g","caption":"admin_ifi"},"sameAs":["http:\/\/localhost\/ifi-reboot"],"url":"https:\/\/www.ifi-id.com\/fr\/author\/admin_ifi\/"}]}},"post_mailing_queue_ids":[],"_links":{"self":[{"href":"https:\/\/www.ifi-id.com\/fr\/wp-json\/wp\/v2\/posts\/2328"}],"collection":[{"href":"https:\/\/www.ifi-id.com\/fr\/wp-json\/wp\/v2\/posts"}],"about":[{"href":"https:\/\/www.ifi-id.com\/fr\/wp-json\/wp\/v2\/types\/post"}],"author":[{"embeddable":true,"href":"https:\/\/www.ifi-id.com\/fr\/wp-json\/wp\/v2\/users\/1"}],"replies":[{"embeddable":true,"href":"https:\/\/www.ifi-id.com\/fr\/wp-json\/wp\/v2\/comments?post=2328"}],"version-history":[{"count":1,"href":"https:\/\/www.ifi-id.com\/fr\/wp-json\/wp\/v2\/posts\/2328\/revisions"}],"predecessor-version":[{"id":2792,"href":"https:\/\/www.ifi-id.com\/fr\/wp-json\/wp\/v2\/posts\/2328\/revisions\/2792"}],"wp:attachment":[{"href":"https:\/\/www.ifi-id.com\/fr\/wp-json\/wp\/v2\/media?parent=2328"}],"wp:term":[{"taxonomy":"category","embeddable":true,"href":"https:\/\/www.ifi-id.com\/fr\/wp-json\/wp\/v2\/categories?post=2328"},{"taxonomy":"post_tag","embeddable":true,"href":"https:\/\/www.ifi-id.com\/fr\/wp-json\/wp\/v2\/tags?post=2328"}],"curies":[{"name":"wp","href":"https:\/\/api.w.org\/{rel}","templated":true}]}}