{"id":2306,"date":"2020-06-13T00:45:21","date_gmt":"2020-06-13T00:45:21","guid":{"rendered":""},"modified":"2020-12-04T09:19:02","modified_gmt":"2020-12-04T09:19:02","slug":"ifcinema-a-la-carte-3","status":"publish","type":"post","link":"https:\/\/www.ifi-id.com\/fr\/ifcinema-a-la-carte-3\/","title":{"rendered":"IFCIN\u00c9MA \u00c0 LA CARTE"},"content":{"rendered":"<p style=\"margin-bottom: 20px; padding: 0px; line-height: 21.6px; font-family: Roboto, serif; font-size: 12px; text-align: justify;\"><span style=\"margin: 0px; padding: 0px; font-size: 14px;\">Pour vous permettre de passer de bons moments en cette p\u00e9riode de confinement, l\u2019Institut Fran\u00e7ais de Paris et le r\u00e9seau dans le monde vous donne un rendez-vous unique chez vous!<\/span><\/p>\n<p style=\"margin-bottom: 20px; padding: 0px; line-height: 21.6px; font-family: Roboto, serif; font-size: 12px; text-align: justify;\"><span style=\"margin: 0px; padding: 0px; font-size: 14px;\">Gr\u00e2ce \u00e0 la technologie que nous poss\u00e9dons \u00e0 nos jours et nos quotidiens de vie, les films fran\u00e7ais ne sont pas du tout loin de chez vous, ils sont m\u00eame dans vos mains.<\/span><\/p>\n<p style=\"margin-bottom: 20px; padding: 0px; line-height: 21.6px; font-family: Roboto, serif; font-size: 12px; text-align: justify;\"><span style=\"margin: 0px; padding: 0px;\"><span style=\"margin: 0px; padding: 0px; font-size: 14px;\">Dans le cadre&nbsp;<\/span><span style=\"margin: 0px; padding: 0px; font-weight: 700;\"><span style=\"margin: 0px; padding: 0px; font-size: 14px;\">\u00c0 la carte<\/span><\/span><span style=\"margin: 0px; padding: 0px; font-size: 14px;\">, la plateforme&nbsp;<\/span><span style=\"margin: 0px; padding: 0px; font-weight: 700;\"><span style=\"margin: 0px; padding: 0px; font-size: 14px;\">IFcin\u00e9ma<\/span><\/span><span style=\"margin: 0px; padding: 0px; font-size: 14px;\">&nbsp;propose \u00e0 un grand public du monde d&rsquo;entier de b\u00e9n\u00e9ficier, \u00e0 partir de votre ordinateur personnel et de chez vous d\u2019un service de t\u00e9l\u00e9chargement gratuit sur le site. Une s\u00e9lection de 21 films en ligne \u00e0 d\u00e9couvrir dans la p\u00e9riode qui s&rsquo;\u00e9tale du 12 juin et 13 juillet.<\/span><\/span><\/p>\n<p style=\"margin-bottom: 20px; padding: 0px; line-height: 21.6px; font-family: Roboto, serif; font-size: 12px; text-align: justify;\"><span style=\"margin: 0px; padding: 0px; font-size: 14px;\">Pourquoi sortir de chez vous et prendre la route alors que l&rsquo;experience fran\u00e7aise vous serait venue? Vous n&rsquo;avez qu&rsquo;\u00e0 vous connecter votre ordinateur au r\u00e9seau d&rsquo;internet.. et voil\u00e0! restez chez vous et devenez des cin\u00e9philes heureux \u00e0 travers des films de grande qualit\u00e9 qui ne vous laisseront pas indiff\u00e9rents!!!<\/span><\/p>\n<p style=\"margin-bottom: 20px; padding: 0px; line-height: 21.6px; font-family: Roboto, serif; font-size: 12px; text-align: justify;\"><span style=\"margin: 0px; padding: 0px; font-size: 14px;\">Cliquez ici pour regarder :&nbsp;<\/span><a href=\"https:\/\/bit.ly\/IFCinemaALaCarte\" target=\"_blank\" style=\"margin: 0px; padding: 0px; color: rgb(51, 122, 183);\" rel=\"noopener noreferrer\"><span style=\"margin: 0px; padding: 0px; font-size: 14px;\">https:\/\/bit.ly\/IFCinemaALaCarte<\/span><\/a><\/p>\n","protected":false},"excerpt":{"rendered":"<p>Pour vous permettre de passer de bons moments en cette p\u00e9riode de confinement, l\u2019Institut Fran\u00e7ais de Paris et le r\u00e9seau dans le monde vous donne un rendez-vous unique chez vous! Gr\u00e2ce \u00e0 la technologie que nous poss\u00e9dons \u00e0 nos jours et nos quotidiens de vie, les films fran\u00e7ais ne sont pas du tout loin de &hellip; <\/p>\n<p class=\"link-more\"><a href=\"https:\/\/www.ifi-id.com\/fr\/ifcinema-a-la-carte-3\/\" class=\"more-link\">Continuer la lecture<span class=\"screen-reader-text\"> de &laquo;&nbsp;IFCIN\u00c9MA \u00c0 LA CARTE&nbsp;&raquo;<\/span><\/a><\/p>\n","protected":false},"author":1,"featured_media":0,"comment_status":"open","ping_status":"open","sticky":false,"template":"","format":"standard","meta":{"footnotes":""},"categories":[1],"tags":[],"class_list":["post-2306","post","type-post","status-publish","format-standard","hentry","category-uncategorized"],"yoast_head":"<!-- This site is optimized with the Yoast SEO plugin v23.5 - https:\/\/yoast.com\/wordpress\/plugins\/seo\/ -->\n<title>IFCIN\u00c9MA \u00c0 LA CARTE - Institut fran\u00e7ais Indon\u00e9sie<\/title>\n<meta name=\"robots\" content=\"index, follow, max-snippet:-1, max-image-preview:large, max-video-preview:-1\" \/>\n<link rel=\"canonical\" href=\"https:\/\/www.ifi-id.com\/fr\/ifcinema-a-la-carte-3\/\" \/>\n<meta property=\"og:locale\" content=\"fr_FR\" \/>\n<meta property=\"og:type\" content=\"article\" \/>\n<meta property=\"og:title\" content=\"IFCIN\u00c9MA \u00c0 LA CARTE - Institut fran\u00e7ais Indon\u00e9sie\" \/>\n<meta property=\"og:description\" content=\"Pour vous permettre de passer de bons moments en cette p\u00e9riode de confinement, l\u2019Institut Fran\u00e7ais de Paris et le r\u00e9seau dans le monde vous donne un rendez-vous unique chez vous! Gr\u00e2ce \u00e0 la technologie que nous poss\u00e9dons \u00e0 nos jours et nos quotidiens de vie, les films fran\u00e7ais ne sont pas du tout loin de &hellip; Continuer la lecture de &laquo;&nbsp;IFCIN\u00c9MA \u00c0 LA CARTE&nbsp;&raquo;\" \/>\n<meta property=\"og:url\" content=\"https:\/\/www.ifi-id.com\/fr\/ifcinema-a-la-carte-3\/\" \/>\n<meta property=\"og:site_name\" content=\"Institut fran\u00e7ais Indon\u00e9sie\" \/>\n<meta property=\"article:published_time\" content=\"2020-06-13T00:45:21+00:00\" \/>\n<meta property=\"article:modified_time\" content=\"2020-12-04T09:19:02+00:00\" \/>\n<meta name=\"author\" content=\"admin_ifi\" \/>\n<meta name=\"twitter:card\" content=\"summary_large_image\" \/>\n<meta name=\"twitter:label1\" content=\"\u00c9crit par\" \/>\n\t<meta name=\"twitter:data1\" content=\"admin_ifi\" \/>\n\t<meta name=\"twitter:label2\" content=\"Dur\u00e9e de lecture estim\u00e9e\" \/>\n\t<meta name=\"twitter:data2\" content=\"1 minute\" \/>\n<script type=\"application\/ld+json\" class=\"yoast-schema-graph\">{\"@context\":\"https:\/\/schema.org\",\"@graph\":[{\"@type\":\"Article\",\"@id\":\"https:\/\/www.ifi-id.com\/fr\/ifcinema-a-la-carte-3\/#article\",\"isPartOf\":{\"@id\":\"https:\/\/www.ifi-id.com\/fr\/ifcinema-a-la-carte-3\/\"},\"author\":{\"name\":\"admin_ifi\",\"@id\":\"https:\/\/www.ifi-id.com\/#\/schema\/person\/f4d392c56a5385d0afa0e97971982f03\"},\"headline\":\"IFCIN\u00c9MA \u00c0 LA CARTE\",\"datePublished\":\"2020-06-13T00:45:21+00:00\",\"dateModified\":\"2020-12-04T09:19:02+00:00\",\"mainEntityOfPage\":{\"@id\":\"https:\/\/www.ifi-id.com\/fr\/ifcinema-a-la-carte-3\/\"},\"wordCount\":197,\"commentCount\":0,\"publisher\":{\"@id\":\"https:\/\/www.ifi-id.com\/#organization\"},\"articleSection\":[\"Uncategorized\"],\"inLanguage\":\"fr-FR\"},{\"@type\":\"WebPage\",\"@id\":\"https:\/\/www.ifi-id.com\/fr\/ifcinema-a-la-carte-3\/\",\"url\":\"https:\/\/www.ifi-id.com\/fr\/ifcinema-a-la-carte-3\/\",\"name\":\"IFCIN\u00c9MA \u00c0 LA CARTE - Institut fran\u00e7ais Indon\u00e9sie\",\"isPartOf\":{\"@id\":\"https:\/\/www.ifi-id.com\/#website\"},\"datePublished\":\"2020-06-13T00:45:21+00:00\",\"dateModified\":\"2020-12-04T09:19:02+00:00\",\"breadcrumb\":{\"@id\":\"https:\/\/www.ifi-id.com\/fr\/ifcinema-a-la-carte-3\/#breadcrumb\"},\"inLanguage\":\"fr-FR\",\"potentialAction\":[{\"@type\":\"ReadAction\",\"target\":[\"https:\/\/www.ifi-id.com\/fr\/ifcinema-a-la-carte-3\/\"]}]},{\"@type\":\"BreadcrumbList\",\"@id\":\"https:\/\/www.ifi-id.com\/fr\/ifcinema-a-la-carte-3\/#breadcrumb\",\"itemListElement\":[{\"@type\":\"ListItem\",\"position\":1,\"name\":\"Home\",\"item\":\"https:\/\/www.ifi-id.com\/\"},{\"@type\":\"ListItem\",\"position\":2,\"name\":\"Uncategorized\",\"item\":\"https:\/\/www.ifi-id.com\/fr\/category\/uncategorized\/\"},{\"@type\":\"ListItem\",\"position\":3,\"name\":\"IFCIN\u00c9MA \u00c0 LA CARTE\"}]},{\"@type\":\"WebSite\",\"@id\":\"https:\/\/www.ifi-id.com\/#website\",\"url\":\"https:\/\/www.ifi-id.com\/\",\"name\":\"Institut fran\u00e7ais Indon\u00e9sie\",\"description\":\"\",\"publisher\":{\"@id\":\"https:\/\/www.ifi-id.com\/#organization\"},\"potentialAction\":[{\"@type\":\"SearchAction\",\"target\":{\"@type\":\"EntryPoint\",\"urlTemplate\":\"https:\/\/www.ifi-id.com\/?s={search_term_string}\"},\"query-input\":{\"@type\":\"PropertyValueSpecification\",\"valueRequired\":true,\"valueName\":\"search_term_string\"}}],\"inLanguage\":\"fr-FR\"},{\"@type\":\"Organization\",\"@id\":\"https:\/\/www.ifi-id.com\/#organization\",\"name\":\"Institut fran\u00e7ais Indon\u00e9sie\",\"url\":\"https:\/\/www.ifi-id.com\/\",\"logo\":{\"@type\":\"ImageObject\",\"inLanguage\":\"fr-FR\",\"@id\":\"https:\/\/www.ifi-id.com\/#\/schema\/logo\/image\/\",\"url\":\"https:\/\/www.ifi-id.com\/wp-content\/uploads\/2022\/12\/IFI_New_Logo.jpg\",\"contentUrl\":\"https:\/\/www.ifi-id.com\/wp-content\/uploads\/2022\/12\/IFI_New_Logo.jpg\",\"width\":666,\"height\":444,\"caption\":\"Institut fran\u00e7ais Indon\u00e9sie\"},\"image\":{\"@id\":\"https:\/\/www.ifi-id.com\/#\/schema\/logo\/image\/\"}},{\"@type\":\"Person\",\"@id\":\"https:\/\/www.ifi-id.com\/#\/schema\/person\/f4d392c56a5385d0afa0e97971982f03\",\"name\":\"admin_ifi\",\"image\":{\"@type\":\"ImageObject\",\"inLanguage\":\"fr-FR\",\"@id\":\"https:\/\/www.ifi-id.com\/#\/schema\/person\/image\/\",\"url\":\"https:\/\/secure.gravatar.com\/avatar\/3314fb698a60e03f38dc901a002adba6?s=96&d=mm&r=g\",\"contentUrl\":\"https:\/\/secure.gravatar.com\/avatar\/3314fb698a60e03f38dc901a002adba6?s=96&d=mm&r=g\",\"caption\":\"admin_ifi\"},\"sameAs\":[\"http:\/\/localhost\/ifi-reboot\"],\"url\":\"https:\/\/www.ifi-id.com\/fr\/author\/admin_ifi\/\"}]}<\/script>\n<!-- \/ Yoast SEO plugin. -->","yoast_head_json":{"title":"IFCIN\u00c9MA \u00c0 LA CARTE - Institut fran\u00e7ais Indon\u00e9sie","robots":{"index":"index","follow":"follow","max-snippet":"max-snippet:-1","max-image-preview":"max-image-preview:large","max-video-preview":"max-video-preview:-1"},"canonical":"https:\/\/www.ifi-id.com\/fr\/ifcinema-a-la-carte-3\/","og_locale":"fr_FR","og_type":"article","og_title":"IFCIN\u00c9MA \u00c0 LA CARTE - Institut fran\u00e7ais Indon\u00e9sie","og_description":"Pour vous permettre de passer de bons moments en cette p\u00e9riode de confinement, l\u2019Institut Fran\u00e7ais de Paris et le r\u00e9seau dans le monde vous donne un rendez-vous unique chez vous! Gr\u00e2ce \u00e0 la technologie que nous poss\u00e9dons \u00e0 nos jours et nos quotidiens de vie, les films fran\u00e7ais ne sont pas du tout loin de &hellip; Continuer la lecture de &laquo;&nbsp;IFCIN\u00c9MA \u00c0 LA CARTE&nbsp;&raquo;","og_url":"https:\/\/www.ifi-id.com\/fr\/ifcinema-a-la-carte-3\/","og_site_name":"Institut fran\u00e7ais Indon\u00e9sie","article_published_time":"2020-06-13T00:45:21+00:00","article_modified_time":"2020-12-04T09:19:02+00:00","author":"admin_ifi","twitter_card":"summary_large_image","twitter_misc":{"\u00c9crit par":"admin_ifi","Dur\u00e9e de lecture estim\u00e9e":"1 minute"},"schema":{"@context":"https:\/\/schema.org","@graph":[{"@type":"Article","@id":"https:\/\/www.ifi-id.com\/fr\/ifcinema-a-la-carte-3\/#article","isPartOf":{"@id":"https:\/\/www.ifi-id.com\/fr\/ifcinema-a-la-carte-3\/"},"author":{"name":"admin_ifi","@id":"https:\/\/www.ifi-id.com\/#\/schema\/person\/f4d392c56a5385d0afa0e97971982f03"},"headline":"IFCIN\u00c9MA \u00c0 LA CARTE","datePublished":"2020-06-13T00:45:21+00:00","dateModified":"2020-12-04T09:19:02+00:00","mainEntityOfPage":{"@id":"https:\/\/www.ifi-id.com\/fr\/ifcinema-a-la-carte-3\/"},"wordCount":197,"commentCount":0,"publisher":{"@id":"https:\/\/www.ifi-id.com\/#organization"},"articleSection":["Uncategorized"],"inLanguage":"fr-FR"},{"@type":"WebPage","@id":"https:\/\/www.ifi-id.com\/fr\/ifcinema-a-la-carte-3\/","url":"https:\/\/www.ifi-id.com\/fr\/ifcinema-a-la-carte-3\/","name":"IFCIN\u00c9MA \u00c0 LA CARTE - Institut fran\u00e7ais Indon\u00e9sie","isPartOf":{"@id":"https:\/\/www.ifi-id.com\/#website"},"datePublished":"2020-06-13T00:45:21+00:00","dateModified":"2020-12-04T09:19:02+00:00","breadcrumb":{"@id":"https:\/\/www.ifi-id.com\/fr\/ifcinema-a-la-carte-3\/#breadcrumb"},"inLanguage":"fr-FR","potentialAction":[{"@type":"ReadAction","target":["https:\/\/www.ifi-id.com\/fr\/ifcinema-a-la-carte-3\/"]}]},{"@type":"BreadcrumbList","@id":"https:\/\/www.ifi-id.com\/fr\/ifcinema-a-la-carte-3\/#breadcrumb","itemListElement":[{"@type":"ListItem","position":1,"name":"Home","item":"https:\/\/www.ifi-id.com\/"},{"@type":"ListItem","position":2,"name":"Uncategorized","item":"https:\/\/www.ifi-id.com\/fr\/category\/uncategorized\/"},{"@type":"ListItem","position":3,"name":"IFCIN\u00c9MA \u00c0 LA CARTE"}]},{"@type":"WebSite","@id":"https:\/\/www.ifi-id.com\/#website","url":"https:\/\/www.ifi-id.com\/","name":"Institut fran\u00e7ais Indon\u00e9sie","description":"","publisher":{"@id":"https:\/\/www.ifi-id.com\/#organization"},"potentialAction":[{"@type":"SearchAction","target":{"@type":"EntryPoint","urlTemplate":"https:\/\/www.ifi-id.com\/?s={search_term_string}"},"query-input":{"@type":"PropertyValueSpecification","valueRequired":true,"valueName":"search_term_string"}}],"inLanguage":"fr-FR"},{"@type":"Organization","@id":"https:\/\/www.ifi-id.com\/#organization","name":"Institut fran\u00e7ais Indon\u00e9sie","url":"https:\/\/www.ifi-id.com\/","logo":{"@type":"ImageObject","inLanguage":"fr-FR","@id":"https:\/\/www.ifi-id.com\/#\/schema\/logo\/image\/","url":"https:\/\/www.ifi-id.com\/wp-content\/uploads\/2022\/12\/IFI_New_Logo.jpg","contentUrl":"https:\/\/www.ifi-id.com\/wp-content\/uploads\/2022\/12\/IFI_New_Logo.jpg","width":666,"height":444,"caption":"Institut fran\u00e7ais Indon\u00e9sie"},"image":{"@id":"https:\/\/www.ifi-id.com\/#\/schema\/logo\/image\/"}},{"@type":"Person","@id":"https:\/\/www.ifi-id.com\/#\/schema\/person\/f4d392c56a5385d0afa0e97971982f03","name":"admin_ifi","image":{"@type":"ImageObject","inLanguage":"fr-FR","@id":"https:\/\/www.ifi-id.com\/#\/schema\/person\/image\/","url":"https:\/\/secure.gravatar.com\/avatar\/3314fb698a60e03f38dc901a002adba6?s=96&d=mm&r=g","contentUrl":"https:\/\/secure.gravatar.com\/avatar\/3314fb698a60e03f38dc901a002adba6?s=96&d=mm&r=g","caption":"admin_ifi"},"sameAs":["http:\/\/localhost\/ifi-reboot"],"url":"https:\/\/www.ifi-id.com\/fr\/author\/admin_ifi\/"}]}},"post_mailing_queue_ids":[],"_links":{"self":[{"href":"https:\/\/www.ifi-id.com\/fr\/wp-json\/wp\/v2\/posts\/2306"}],"collection":[{"href":"https:\/\/www.ifi-id.com\/fr\/wp-json\/wp\/v2\/posts"}],"about":[{"href":"https:\/\/www.ifi-id.com\/fr\/wp-json\/wp\/v2\/types\/post"}],"author":[{"embeddable":true,"href":"https:\/\/www.ifi-id.com\/fr\/wp-json\/wp\/v2\/users\/1"}],"replies":[{"embeddable":true,"href":"https:\/\/www.ifi-id.com\/fr\/wp-json\/wp\/v2\/comments?post=2306"}],"version-history":[{"count":1,"href":"https:\/\/www.ifi-id.com\/fr\/wp-json\/wp\/v2\/posts\/2306\/revisions"}],"predecessor-version":[{"id":2803,"href":"https:\/\/www.ifi-id.com\/fr\/wp-json\/wp\/v2\/posts\/2306\/revisions\/2803"}],"wp:attachment":[{"href":"https:\/\/www.ifi-id.com\/fr\/wp-json\/wp\/v2\/media?parent=2306"}],"wp:term":[{"taxonomy":"category","embeddable":true,"href":"https:\/\/www.ifi-id.com\/fr\/wp-json\/wp\/v2\/categories?post=2306"},{"taxonomy":"post_tag","embeddable":true,"href":"https:\/\/www.ifi-id.com\/fr\/wp-json\/wp\/v2\/tags?post=2306"}],"curies":[{"name":"wp","href":"https:\/\/api.w.org\/{rel}","templated":true}]}}