{"id":2292,"date":"2020-06-07T01:43:40","date_gmt":"2020-06-07T01:43:40","guid":{"rendered":""},"modified":"2020-12-04T09:19:03","modified_gmt":"2020-12-04T09:19:03","slug":"remi-decoster-photographe-francais-raconte-son-experience-des-sejours-a-surabaya","status":"publish","type":"post","link":"https:\/\/www.ifi-id.com\/fr\/remi-decoster-photographe-francais-raconte-son-experience-des-sejours-a-surabaya\/","title":{"rendered":"R\u00e9mi Decoster, photographe fran\u00e7ais raconte son exp\u00e9rience des s\u00e9jours \u00e0 Surabaya"},"content":{"rendered":"<p>R\u00e9mi Decoster jeune artiste photographe a \u00e9t\u00e9 accueilli en r\u00e9sidence \u00e0 Surabaya en 2018. Il nous livre son sentiment sur cette p\u00e9riode qui a boulevers\u00e9 notre quotidien.<\/p>\n<p><iframe src=\"https:\/\/www.youtube.com\/embed\/mDi30MbPrEY\" allow=\"accelerometer; autoplay; encrypted-media; gyroscope; picture-in-picture\" allowfullscreen=\"\" width=\"560\" height=\"315\" frameborder=\"0\"><\/iframe><\/p>\n","protected":false},"excerpt":{"rendered":"<p>R\u00e9mi Decoster jeune artiste photographe a \u00e9t\u00e9 accueilli en r\u00e9sidence \u00e0 Surabaya en 2018. Il nous livre son sentiment sur cette p\u00e9riode qui a boulevers\u00e9 notre quotidien.<\/p>\n","protected":false},"author":1,"featured_media":0,"comment_status":"open","ping_status":"open","sticky":false,"template":"","format":"standard","meta":{"footnotes":""},"categories":[1],"tags":[],"class_list":["post-2292","post","type-post","status-publish","format-standard","hentry","category-uncategorized"],"yoast_head":"<!-- This site is optimized with the Yoast SEO plugin v23.5 - https:\/\/yoast.com\/wordpress\/plugins\/seo\/ -->\n<title>R\u00e9mi Decoster, photographe fran\u00e7ais raconte son exp\u00e9rience des s\u00e9jours \u00e0 Surabaya - Institut fran\u00e7ais Indon\u00e9sie<\/title>\n<meta name=\"robots\" content=\"index, follow, max-snippet:-1, max-image-preview:large, max-video-preview:-1\" \/>\n<link rel=\"canonical\" href=\"https:\/\/www.ifi-id.com\/fr\/remi-decoster-photographe-francais-raconte-son-experience-des-sejours-a-surabaya\/\" \/>\n<meta property=\"og:locale\" content=\"fr_FR\" \/>\n<meta property=\"og:type\" content=\"article\" \/>\n<meta property=\"og:title\" content=\"R\u00e9mi Decoster, photographe fran\u00e7ais raconte son exp\u00e9rience des s\u00e9jours \u00e0 Surabaya - Institut fran\u00e7ais Indon\u00e9sie\" \/>\n<meta property=\"og:description\" content=\"R\u00e9mi Decoster jeune artiste photographe a \u00e9t\u00e9 accueilli en r\u00e9sidence \u00e0 Surabaya en 2018. Il nous livre son sentiment sur cette p\u00e9riode qui a boulevers\u00e9 notre quotidien.\" \/>\n<meta property=\"og:url\" content=\"https:\/\/www.ifi-id.com\/fr\/remi-decoster-photographe-francais-raconte-son-experience-des-sejours-a-surabaya\/\" \/>\n<meta property=\"og:site_name\" content=\"Institut fran\u00e7ais Indon\u00e9sie\" \/>\n<meta property=\"article:published_time\" content=\"2020-06-07T01:43:40+00:00\" \/>\n<meta property=\"article:modified_time\" content=\"2020-12-04T09:19:03+00:00\" \/>\n<meta name=\"author\" content=\"admin_ifi\" \/>\n<meta name=\"twitter:card\" content=\"summary_large_image\" \/>\n<meta name=\"twitter:label1\" content=\"\u00c9crit par\" \/>\n\t<meta name=\"twitter:data1\" content=\"admin_ifi\" \/>\n<script type=\"application\/ld+json\" class=\"yoast-schema-graph\">{\"@context\":\"https:\/\/schema.org\",\"@graph\":[{\"@type\":\"Article\",\"@id\":\"https:\/\/www.ifi-id.com\/fr\/remi-decoster-photographe-francais-raconte-son-experience-des-sejours-a-surabaya\/#article\",\"isPartOf\":{\"@id\":\"https:\/\/www.ifi-id.com\/fr\/remi-decoster-photographe-francais-raconte-son-experience-des-sejours-a-surabaya\/\"},\"author\":{\"name\":\"admin_ifi\",\"@id\":\"https:\/\/www.ifi-id.com\/#\/schema\/person\/f4d392c56a5385d0afa0e97971982f03\"},\"headline\":\"R\u00e9mi Decoster, photographe fran\u00e7ais raconte son exp\u00e9rience des s\u00e9jours \u00e0 Surabaya\",\"datePublished\":\"2020-06-07T01:43:40+00:00\",\"dateModified\":\"2020-12-04T09:19:03+00:00\",\"mainEntityOfPage\":{\"@id\":\"https:\/\/www.ifi-id.com\/fr\/remi-decoster-photographe-francais-raconte-son-experience-des-sejours-a-surabaya\/\"},\"wordCount\":42,\"commentCount\":0,\"publisher\":{\"@id\":\"https:\/\/www.ifi-id.com\/#organization\"},\"articleSection\":[\"Uncategorized\"],\"inLanguage\":\"fr-FR\"},{\"@type\":\"WebPage\",\"@id\":\"https:\/\/www.ifi-id.com\/fr\/remi-decoster-photographe-francais-raconte-son-experience-des-sejours-a-surabaya\/\",\"url\":\"https:\/\/www.ifi-id.com\/fr\/remi-decoster-photographe-francais-raconte-son-experience-des-sejours-a-surabaya\/\",\"name\":\"R\u00e9mi Decoster, photographe fran\u00e7ais raconte son exp\u00e9rience des s\u00e9jours \u00e0 Surabaya - Institut fran\u00e7ais Indon\u00e9sie\",\"isPartOf\":{\"@id\":\"https:\/\/www.ifi-id.com\/#website\"},\"datePublished\":\"2020-06-07T01:43:40+00:00\",\"dateModified\":\"2020-12-04T09:19:03+00:00\",\"breadcrumb\":{\"@id\":\"https:\/\/www.ifi-id.com\/fr\/remi-decoster-photographe-francais-raconte-son-experience-des-sejours-a-surabaya\/#breadcrumb\"},\"inLanguage\":\"fr-FR\",\"potentialAction\":[{\"@type\":\"ReadAction\",\"target\":[\"https:\/\/www.ifi-id.com\/fr\/remi-decoster-photographe-francais-raconte-son-experience-des-sejours-a-surabaya\/\"]}]},{\"@type\":\"BreadcrumbList\",\"@id\":\"https:\/\/www.ifi-id.com\/fr\/remi-decoster-photographe-francais-raconte-son-experience-des-sejours-a-surabaya\/#breadcrumb\",\"itemListElement\":[{\"@type\":\"ListItem\",\"position\":1,\"name\":\"Home\",\"item\":\"https:\/\/www.ifi-id.com\/\"},{\"@type\":\"ListItem\",\"position\":2,\"name\":\"Uncategorized\",\"item\":\"https:\/\/www.ifi-id.com\/fr\/category\/uncategorized\/\"},{\"@type\":\"ListItem\",\"position\":3,\"name\":\"R\u00e9mi Decoster, photographe fran\u00e7ais raconte son exp\u00e9rience des s\u00e9jours \u00e0 Surabaya\"}]},{\"@type\":\"WebSite\",\"@id\":\"https:\/\/www.ifi-id.com\/#website\",\"url\":\"https:\/\/www.ifi-id.com\/\",\"name\":\"Institut fran\u00e7ais Indon\u00e9sie\",\"description\":\"\",\"publisher\":{\"@id\":\"https:\/\/www.ifi-id.com\/#organization\"},\"potentialAction\":[{\"@type\":\"SearchAction\",\"target\":{\"@type\":\"EntryPoint\",\"urlTemplate\":\"https:\/\/www.ifi-id.com\/?s={search_term_string}\"},\"query-input\":{\"@type\":\"PropertyValueSpecification\",\"valueRequired\":true,\"valueName\":\"search_term_string\"}}],\"inLanguage\":\"fr-FR\"},{\"@type\":\"Organization\",\"@id\":\"https:\/\/www.ifi-id.com\/#organization\",\"name\":\"Institut fran\u00e7ais Indon\u00e9sie\",\"url\":\"https:\/\/www.ifi-id.com\/\",\"logo\":{\"@type\":\"ImageObject\",\"inLanguage\":\"fr-FR\",\"@id\":\"https:\/\/www.ifi-id.com\/#\/schema\/logo\/image\/\",\"url\":\"https:\/\/www.ifi-id.com\/wp-content\/uploads\/2022\/12\/IFI_New_Logo.jpg\",\"contentUrl\":\"https:\/\/www.ifi-id.com\/wp-content\/uploads\/2022\/12\/IFI_New_Logo.jpg\",\"width\":666,\"height\":444,\"caption\":\"Institut fran\u00e7ais Indon\u00e9sie\"},\"image\":{\"@id\":\"https:\/\/www.ifi-id.com\/#\/schema\/logo\/image\/\"}},{\"@type\":\"Person\",\"@id\":\"https:\/\/www.ifi-id.com\/#\/schema\/person\/f4d392c56a5385d0afa0e97971982f03\",\"name\":\"admin_ifi\",\"image\":{\"@type\":\"ImageObject\",\"inLanguage\":\"fr-FR\",\"@id\":\"https:\/\/www.ifi-id.com\/#\/schema\/person\/image\/\",\"url\":\"https:\/\/secure.gravatar.com\/avatar\/3314fb698a60e03f38dc901a002adba6?s=96&d=mm&r=g\",\"contentUrl\":\"https:\/\/secure.gravatar.com\/avatar\/3314fb698a60e03f38dc901a002adba6?s=96&d=mm&r=g\",\"caption\":\"admin_ifi\"},\"sameAs\":[\"http:\/\/localhost\/ifi-reboot\"],\"url\":\"https:\/\/www.ifi-id.com\/fr\/author\/admin_ifi\/\"}]}<\/script>\n<!-- \/ Yoast SEO plugin. -->","yoast_head_json":{"title":"R\u00e9mi Decoster, photographe fran\u00e7ais raconte son exp\u00e9rience des s\u00e9jours \u00e0 Surabaya - Institut fran\u00e7ais Indon\u00e9sie","robots":{"index":"index","follow":"follow","max-snippet":"max-snippet:-1","max-image-preview":"max-image-preview:large","max-video-preview":"max-video-preview:-1"},"canonical":"https:\/\/www.ifi-id.com\/fr\/remi-decoster-photographe-francais-raconte-son-experience-des-sejours-a-surabaya\/","og_locale":"fr_FR","og_type":"article","og_title":"R\u00e9mi Decoster, photographe fran\u00e7ais raconte son exp\u00e9rience des s\u00e9jours \u00e0 Surabaya - Institut fran\u00e7ais Indon\u00e9sie","og_description":"R\u00e9mi Decoster jeune artiste photographe a \u00e9t\u00e9 accueilli en r\u00e9sidence \u00e0 Surabaya en 2018. Il nous livre son sentiment sur cette p\u00e9riode qui a boulevers\u00e9 notre quotidien.","og_url":"https:\/\/www.ifi-id.com\/fr\/remi-decoster-photographe-francais-raconte-son-experience-des-sejours-a-surabaya\/","og_site_name":"Institut fran\u00e7ais Indon\u00e9sie","article_published_time":"2020-06-07T01:43:40+00:00","article_modified_time":"2020-12-04T09:19:03+00:00","author":"admin_ifi","twitter_card":"summary_large_image","twitter_misc":{"\u00c9crit par":"admin_ifi"},"schema":{"@context":"https:\/\/schema.org","@graph":[{"@type":"Article","@id":"https:\/\/www.ifi-id.com\/fr\/remi-decoster-photographe-francais-raconte-son-experience-des-sejours-a-surabaya\/#article","isPartOf":{"@id":"https:\/\/www.ifi-id.com\/fr\/remi-decoster-photographe-francais-raconte-son-experience-des-sejours-a-surabaya\/"},"author":{"name":"admin_ifi","@id":"https:\/\/www.ifi-id.com\/#\/schema\/person\/f4d392c56a5385d0afa0e97971982f03"},"headline":"R\u00e9mi Decoster, photographe fran\u00e7ais raconte son exp\u00e9rience des s\u00e9jours \u00e0 Surabaya","datePublished":"2020-06-07T01:43:40+00:00","dateModified":"2020-12-04T09:19:03+00:00","mainEntityOfPage":{"@id":"https:\/\/www.ifi-id.com\/fr\/remi-decoster-photographe-francais-raconte-son-experience-des-sejours-a-surabaya\/"},"wordCount":42,"commentCount":0,"publisher":{"@id":"https:\/\/www.ifi-id.com\/#organization"},"articleSection":["Uncategorized"],"inLanguage":"fr-FR"},{"@type":"WebPage","@id":"https:\/\/www.ifi-id.com\/fr\/remi-decoster-photographe-francais-raconte-son-experience-des-sejours-a-surabaya\/","url":"https:\/\/www.ifi-id.com\/fr\/remi-decoster-photographe-francais-raconte-son-experience-des-sejours-a-surabaya\/","name":"R\u00e9mi Decoster, photographe fran\u00e7ais raconte son exp\u00e9rience des s\u00e9jours \u00e0 Surabaya - Institut fran\u00e7ais Indon\u00e9sie","isPartOf":{"@id":"https:\/\/www.ifi-id.com\/#website"},"datePublished":"2020-06-07T01:43:40+00:00","dateModified":"2020-12-04T09:19:03+00:00","breadcrumb":{"@id":"https:\/\/www.ifi-id.com\/fr\/remi-decoster-photographe-francais-raconte-son-experience-des-sejours-a-surabaya\/#breadcrumb"},"inLanguage":"fr-FR","potentialAction":[{"@type":"ReadAction","target":["https:\/\/www.ifi-id.com\/fr\/remi-decoster-photographe-francais-raconte-son-experience-des-sejours-a-surabaya\/"]}]},{"@type":"BreadcrumbList","@id":"https:\/\/www.ifi-id.com\/fr\/remi-decoster-photographe-francais-raconte-son-experience-des-sejours-a-surabaya\/#breadcrumb","itemListElement":[{"@type":"ListItem","position":1,"name":"Home","item":"https:\/\/www.ifi-id.com\/"},{"@type":"ListItem","position":2,"name":"Uncategorized","item":"https:\/\/www.ifi-id.com\/fr\/category\/uncategorized\/"},{"@type":"ListItem","position":3,"name":"R\u00e9mi Decoster, photographe fran\u00e7ais raconte son exp\u00e9rience des s\u00e9jours \u00e0 Surabaya"}]},{"@type":"WebSite","@id":"https:\/\/www.ifi-id.com\/#website","url":"https:\/\/www.ifi-id.com\/","name":"Institut fran\u00e7ais Indon\u00e9sie","description":"","publisher":{"@id":"https:\/\/www.ifi-id.com\/#organization"},"potentialAction":[{"@type":"SearchAction","target":{"@type":"EntryPoint","urlTemplate":"https:\/\/www.ifi-id.com\/?s={search_term_string}"},"query-input":{"@type":"PropertyValueSpecification","valueRequired":true,"valueName":"search_term_string"}}],"inLanguage":"fr-FR"},{"@type":"Organization","@id":"https:\/\/www.ifi-id.com\/#organization","name":"Institut fran\u00e7ais Indon\u00e9sie","url":"https:\/\/www.ifi-id.com\/","logo":{"@type":"ImageObject","inLanguage":"fr-FR","@id":"https:\/\/www.ifi-id.com\/#\/schema\/logo\/image\/","url":"https:\/\/www.ifi-id.com\/wp-content\/uploads\/2022\/12\/IFI_New_Logo.jpg","contentUrl":"https:\/\/www.ifi-id.com\/wp-content\/uploads\/2022\/12\/IFI_New_Logo.jpg","width":666,"height":444,"caption":"Institut fran\u00e7ais Indon\u00e9sie"},"image":{"@id":"https:\/\/www.ifi-id.com\/#\/schema\/logo\/image\/"}},{"@type":"Person","@id":"https:\/\/www.ifi-id.com\/#\/schema\/person\/f4d392c56a5385d0afa0e97971982f03","name":"admin_ifi","image":{"@type":"ImageObject","inLanguage":"fr-FR","@id":"https:\/\/www.ifi-id.com\/#\/schema\/person\/image\/","url":"https:\/\/secure.gravatar.com\/avatar\/3314fb698a60e03f38dc901a002adba6?s=96&d=mm&r=g","contentUrl":"https:\/\/secure.gravatar.com\/avatar\/3314fb698a60e03f38dc901a002adba6?s=96&d=mm&r=g","caption":"admin_ifi"},"sameAs":["http:\/\/localhost\/ifi-reboot"],"url":"https:\/\/www.ifi-id.com\/fr\/author\/admin_ifi\/"}]}},"post_mailing_queue_ids":[],"_links":{"self":[{"href":"https:\/\/www.ifi-id.com\/fr\/wp-json\/wp\/v2\/posts\/2292"}],"collection":[{"href":"https:\/\/www.ifi-id.com\/fr\/wp-json\/wp\/v2\/posts"}],"about":[{"href":"https:\/\/www.ifi-id.com\/fr\/wp-json\/wp\/v2\/types\/post"}],"author":[{"embeddable":true,"href":"https:\/\/www.ifi-id.com\/fr\/wp-json\/wp\/v2\/users\/1"}],"replies":[{"embeddable":true,"href":"https:\/\/www.ifi-id.com\/fr\/wp-json\/wp\/v2\/comments?post=2292"}],"version-history":[{"count":1,"href":"https:\/\/www.ifi-id.com\/fr\/wp-json\/wp\/v2\/posts\/2292\/revisions"}],"predecessor-version":[{"id":2810,"href":"https:\/\/www.ifi-id.com\/fr\/wp-json\/wp\/v2\/posts\/2292\/revisions\/2810"}],"wp:attachment":[{"href":"https:\/\/www.ifi-id.com\/fr\/wp-json\/wp\/v2\/media?parent=2292"}],"wp:term":[{"taxonomy":"category","embeddable":true,"href":"https:\/\/www.ifi-id.com\/fr\/wp-json\/wp\/v2\/categories?post=2292"},{"taxonomy":"post_tag","embeddable":true,"href":"https:\/\/www.ifi-id.com\/fr\/wp-json\/wp\/v2\/tags?post=2292"}],"curies":[{"name":"wp","href":"https:\/\/api.w.org\/{rel}","templated":true}]}}