{"id":2288,"date":"2020-06-07T01:23:06","date_gmt":"2020-06-07T01:23:06","guid":{"rendered":""},"modified":"2020-12-04T09:19:03","modified_gmt":"2020-12-04T09:19:03","slug":"une-video-de-trois-etudiants-indonesiens-a-loccasion-du-deconfinement","status":"publish","type":"post","link":"https:\/\/www.ifi-id.com\/fr\/une-video-de-trois-etudiants-indonesiens-a-loccasion-du-deconfinement\/","title":{"rendered":"Une video de trois \u00e9tudiants indon\u00e9siens \u00e0 l\u2019occasion du d\u00e9confinement."},"content":{"rendered":"<p style=\"text-align: justify;\">Astrini, Ima et Rungu ont \u00e9t\u00e9 nos collaborateurs \u00e0 l\u2019IFI Surabaya. Ils \u00e9tudient d\u00e9sormais en France respectivement \u00e0 Paris, Poitiers et La Rochelle. Ils nous envoient un petit message de leur pays d\u2019accueil \u00e0 l\u2019occasion du d\u00e9confinement.<\/p>\n<p><iframe src=\"https:\/\/www.youtube.com\/embed\/00jRgbxlTz4\" allow=\"accelerometer; autoplay; encrypted-media; gyroscope; picture-in-picture\" allowfullscreen=\"\" width=\"560\" height=\"315\" frameborder=\"0\"><\/iframe><\/p>\n","protected":false},"excerpt":{"rendered":"<p>Astrini, Ima et Rungu ont \u00e9t\u00e9 nos collaborateurs \u00e0 l\u2019IFI Surabaya. Ils \u00e9tudient d\u00e9sormais en France respectivement \u00e0 Paris, Poitiers et La Rochelle. Ils nous envoient un petit message de leur pays d\u2019accueil \u00e0 l\u2019occasion du d\u00e9confinement.<\/p>\n","protected":false},"author":1,"featured_media":0,"comment_status":"open","ping_status":"open","sticky":false,"template":"","format":"standard","meta":{"footnotes":""},"categories":[1],"tags":[],"class_list":["post-2288","post","type-post","status-publish","format-standard","hentry","category-uncategorized"],"yoast_head":"<!-- This site is optimized with the Yoast SEO plugin v23.5 - https:\/\/yoast.com\/wordpress\/plugins\/seo\/ -->\n<title>Une video de trois \u00e9tudiants indon\u00e9siens \u00e0 l\u2019occasion du d\u00e9confinement. - Institut fran\u00e7ais Indon\u00e9sie<\/title>\n<meta name=\"robots\" content=\"index, follow, max-snippet:-1, max-image-preview:large, max-video-preview:-1\" \/>\n<link rel=\"canonical\" href=\"https:\/\/www.ifi-id.com\/fr\/une-video-de-trois-etudiants-indonesiens-a-loccasion-du-deconfinement\/\" \/>\n<meta property=\"og:locale\" content=\"fr_FR\" \/>\n<meta property=\"og:type\" content=\"article\" \/>\n<meta property=\"og:title\" content=\"Une video de trois \u00e9tudiants indon\u00e9siens \u00e0 l\u2019occasion du d\u00e9confinement. - Institut fran\u00e7ais Indon\u00e9sie\" \/>\n<meta property=\"og:description\" content=\"Astrini, Ima et Rungu ont \u00e9t\u00e9 nos collaborateurs \u00e0 l\u2019IFI Surabaya. Ils \u00e9tudient d\u00e9sormais en France respectivement \u00e0 Paris, Poitiers et La Rochelle. Ils nous envoient un petit message de leur pays d\u2019accueil \u00e0 l\u2019occasion du d\u00e9confinement.\" \/>\n<meta property=\"og:url\" content=\"https:\/\/www.ifi-id.com\/fr\/une-video-de-trois-etudiants-indonesiens-a-loccasion-du-deconfinement\/\" \/>\n<meta property=\"og:site_name\" content=\"Institut fran\u00e7ais Indon\u00e9sie\" \/>\n<meta property=\"article:published_time\" content=\"2020-06-07T01:23:06+00:00\" \/>\n<meta property=\"article:modified_time\" content=\"2020-12-04T09:19:03+00:00\" \/>\n<meta name=\"author\" content=\"admin_ifi\" \/>\n<meta name=\"twitter:card\" content=\"summary_large_image\" \/>\n<meta name=\"twitter:label1\" content=\"\u00c9crit par\" \/>\n\t<meta name=\"twitter:data1\" content=\"admin_ifi\" \/>\n<script type=\"application\/ld+json\" class=\"yoast-schema-graph\">{\"@context\":\"https:\/\/schema.org\",\"@graph\":[{\"@type\":\"Article\",\"@id\":\"https:\/\/www.ifi-id.com\/fr\/une-video-de-trois-etudiants-indonesiens-a-loccasion-du-deconfinement\/#article\",\"isPartOf\":{\"@id\":\"https:\/\/www.ifi-id.com\/fr\/une-video-de-trois-etudiants-indonesiens-a-loccasion-du-deconfinement\/\"},\"author\":{\"name\":\"admin_ifi\",\"@id\":\"https:\/\/www.ifi-id.com\/#\/schema\/person\/f4d392c56a5385d0afa0e97971982f03\"},\"headline\":\"Une video de trois \u00e9tudiants indon\u00e9siens \u00e0 l\u2019occasion du d\u00e9confinement.\",\"datePublished\":\"2020-06-07T01:23:06+00:00\",\"dateModified\":\"2020-12-04T09:19:03+00:00\",\"mainEntityOfPage\":{\"@id\":\"https:\/\/www.ifi-id.com\/fr\/une-video-de-trois-etudiants-indonesiens-a-loccasion-du-deconfinement\/\"},\"wordCount\":51,\"commentCount\":0,\"publisher\":{\"@id\":\"https:\/\/www.ifi-id.com\/#organization\"},\"articleSection\":[\"Uncategorized\"],\"inLanguage\":\"fr-FR\"},{\"@type\":\"WebPage\",\"@id\":\"https:\/\/www.ifi-id.com\/fr\/une-video-de-trois-etudiants-indonesiens-a-loccasion-du-deconfinement\/\",\"url\":\"https:\/\/www.ifi-id.com\/fr\/une-video-de-trois-etudiants-indonesiens-a-loccasion-du-deconfinement\/\",\"name\":\"Une video de trois \u00e9tudiants indon\u00e9siens \u00e0 l\u2019occasion du d\u00e9confinement. - Institut fran\u00e7ais Indon\u00e9sie\",\"isPartOf\":{\"@id\":\"https:\/\/www.ifi-id.com\/#website\"},\"datePublished\":\"2020-06-07T01:23:06+00:00\",\"dateModified\":\"2020-12-04T09:19:03+00:00\",\"breadcrumb\":{\"@id\":\"https:\/\/www.ifi-id.com\/fr\/une-video-de-trois-etudiants-indonesiens-a-loccasion-du-deconfinement\/#breadcrumb\"},\"inLanguage\":\"fr-FR\",\"potentialAction\":[{\"@type\":\"ReadAction\",\"target\":[\"https:\/\/www.ifi-id.com\/fr\/une-video-de-trois-etudiants-indonesiens-a-loccasion-du-deconfinement\/\"]}]},{\"@type\":\"BreadcrumbList\",\"@id\":\"https:\/\/www.ifi-id.com\/fr\/une-video-de-trois-etudiants-indonesiens-a-loccasion-du-deconfinement\/#breadcrumb\",\"itemListElement\":[{\"@type\":\"ListItem\",\"position\":1,\"name\":\"Home\",\"item\":\"https:\/\/www.ifi-id.com\/\"},{\"@type\":\"ListItem\",\"position\":2,\"name\":\"Uncategorized\",\"item\":\"https:\/\/www.ifi-id.com\/fr\/category\/uncategorized\/\"},{\"@type\":\"ListItem\",\"position\":3,\"name\":\"Une video de trois \u00e9tudiants indon\u00e9siens \u00e0 l\u2019occasion du d\u00e9confinement.\"}]},{\"@type\":\"WebSite\",\"@id\":\"https:\/\/www.ifi-id.com\/#website\",\"url\":\"https:\/\/www.ifi-id.com\/\",\"name\":\"Institut fran\u00e7ais Indon\u00e9sie\",\"description\":\"\",\"publisher\":{\"@id\":\"https:\/\/www.ifi-id.com\/#organization\"},\"potentialAction\":[{\"@type\":\"SearchAction\",\"target\":{\"@type\":\"EntryPoint\",\"urlTemplate\":\"https:\/\/www.ifi-id.com\/?s={search_term_string}\"},\"query-input\":{\"@type\":\"PropertyValueSpecification\",\"valueRequired\":true,\"valueName\":\"search_term_string\"}}],\"inLanguage\":\"fr-FR\"},{\"@type\":\"Organization\",\"@id\":\"https:\/\/www.ifi-id.com\/#organization\",\"name\":\"Institut fran\u00e7ais Indon\u00e9sie\",\"url\":\"https:\/\/www.ifi-id.com\/\",\"logo\":{\"@type\":\"ImageObject\",\"inLanguage\":\"fr-FR\",\"@id\":\"https:\/\/www.ifi-id.com\/#\/schema\/logo\/image\/\",\"url\":\"https:\/\/www.ifi-id.com\/wp-content\/uploads\/2022\/12\/IFI_New_Logo.jpg\",\"contentUrl\":\"https:\/\/www.ifi-id.com\/wp-content\/uploads\/2022\/12\/IFI_New_Logo.jpg\",\"width\":666,\"height\":444,\"caption\":\"Institut fran\u00e7ais Indon\u00e9sie\"},\"image\":{\"@id\":\"https:\/\/www.ifi-id.com\/#\/schema\/logo\/image\/\"}},{\"@type\":\"Person\",\"@id\":\"https:\/\/www.ifi-id.com\/#\/schema\/person\/f4d392c56a5385d0afa0e97971982f03\",\"name\":\"admin_ifi\",\"image\":{\"@type\":\"ImageObject\",\"inLanguage\":\"fr-FR\",\"@id\":\"https:\/\/www.ifi-id.com\/#\/schema\/person\/image\/\",\"url\":\"https:\/\/secure.gravatar.com\/avatar\/3314fb698a60e03f38dc901a002adba6?s=96&d=mm&r=g\",\"contentUrl\":\"https:\/\/secure.gravatar.com\/avatar\/3314fb698a60e03f38dc901a002adba6?s=96&d=mm&r=g\",\"caption\":\"admin_ifi\"},\"sameAs\":[\"http:\/\/localhost\/ifi-reboot\"],\"url\":\"https:\/\/www.ifi-id.com\/fr\/author\/admin_ifi\/\"}]}<\/script>\n<!-- \/ Yoast SEO plugin. -->","yoast_head_json":{"title":"Une video de trois \u00e9tudiants indon\u00e9siens \u00e0 l\u2019occasion du d\u00e9confinement. - Institut fran\u00e7ais Indon\u00e9sie","robots":{"index":"index","follow":"follow","max-snippet":"max-snippet:-1","max-image-preview":"max-image-preview:large","max-video-preview":"max-video-preview:-1"},"canonical":"https:\/\/www.ifi-id.com\/fr\/une-video-de-trois-etudiants-indonesiens-a-loccasion-du-deconfinement\/","og_locale":"fr_FR","og_type":"article","og_title":"Une video de trois \u00e9tudiants indon\u00e9siens \u00e0 l\u2019occasion du d\u00e9confinement. - Institut fran\u00e7ais Indon\u00e9sie","og_description":"Astrini, Ima et Rungu ont \u00e9t\u00e9 nos collaborateurs \u00e0 l\u2019IFI Surabaya. Ils \u00e9tudient d\u00e9sormais en France respectivement \u00e0 Paris, Poitiers et La Rochelle. Ils nous envoient un petit message de leur pays d\u2019accueil \u00e0 l\u2019occasion du d\u00e9confinement.","og_url":"https:\/\/www.ifi-id.com\/fr\/une-video-de-trois-etudiants-indonesiens-a-loccasion-du-deconfinement\/","og_site_name":"Institut fran\u00e7ais Indon\u00e9sie","article_published_time":"2020-06-07T01:23:06+00:00","article_modified_time":"2020-12-04T09:19:03+00:00","author":"admin_ifi","twitter_card":"summary_large_image","twitter_misc":{"\u00c9crit par":"admin_ifi"},"schema":{"@context":"https:\/\/schema.org","@graph":[{"@type":"Article","@id":"https:\/\/www.ifi-id.com\/fr\/une-video-de-trois-etudiants-indonesiens-a-loccasion-du-deconfinement\/#article","isPartOf":{"@id":"https:\/\/www.ifi-id.com\/fr\/une-video-de-trois-etudiants-indonesiens-a-loccasion-du-deconfinement\/"},"author":{"name":"admin_ifi","@id":"https:\/\/www.ifi-id.com\/#\/schema\/person\/f4d392c56a5385d0afa0e97971982f03"},"headline":"Une video de trois \u00e9tudiants indon\u00e9siens \u00e0 l\u2019occasion du d\u00e9confinement.","datePublished":"2020-06-07T01:23:06+00:00","dateModified":"2020-12-04T09:19:03+00:00","mainEntityOfPage":{"@id":"https:\/\/www.ifi-id.com\/fr\/une-video-de-trois-etudiants-indonesiens-a-loccasion-du-deconfinement\/"},"wordCount":51,"commentCount":0,"publisher":{"@id":"https:\/\/www.ifi-id.com\/#organization"},"articleSection":["Uncategorized"],"inLanguage":"fr-FR"},{"@type":"WebPage","@id":"https:\/\/www.ifi-id.com\/fr\/une-video-de-trois-etudiants-indonesiens-a-loccasion-du-deconfinement\/","url":"https:\/\/www.ifi-id.com\/fr\/une-video-de-trois-etudiants-indonesiens-a-loccasion-du-deconfinement\/","name":"Une video de trois \u00e9tudiants indon\u00e9siens \u00e0 l\u2019occasion du d\u00e9confinement. - Institut fran\u00e7ais Indon\u00e9sie","isPartOf":{"@id":"https:\/\/www.ifi-id.com\/#website"},"datePublished":"2020-06-07T01:23:06+00:00","dateModified":"2020-12-04T09:19:03+00:00","breadcrumb":{"@id":"https:\/\/www.ifi-id.com\/fr\/une-video-de-trois-etudiants-indonesiens-a-loccasion-du-deconfinement\/#breadcrumb"},"inLanguage":"fr-FR","potentialAction":[{"@type":"ReadAction","target":["https:\/\/www.ifi-id.com\/fr\/une-video-de-trois-etudiants-indonesiens-a-loccasion-du-deconfinement\/"]}]},{"@type":"BreadcrumbList","@id":"https:\/\/www.ifi-id.com\/fr\/une-video-de-trois-etudiants-indonesiens-a-loccasion-du-deconfinement\/#breadcrumb","itemListElement":[{"@type":"ListItem","position":1,"name":"Home","item":"https:\/\/www.ifi-id.com\/"},{"@type":"ListItem","position":2,"name":"Uncategorized","item":"https:\/\/www.ifi-id.com\/fr\/category\/uncategorized\/"},{"@type":"ListItem","position":3,"name":"Une video de trois \u00e9tudiants indon\u00e9siens \u00e0 l\u2019occasion du d\u00e9confinement."}]},{"@type":"WebSite","@id":"https:\/\/www.ifi-id.com\/#website","url":"https:\/\/www.ifi-id.com\/","name":"Institut fran\u00e7ais Indon\u00e9sie","description":"","publisher":{"@id":"https:\/\/www.ifi-id.com\/#organization"},"potentialAction":[{"@type":"SearchAction","target":{"@type":"EntryPoint","urlTemplate":"https:\/\/www.ifi-id.com\/?s={search_term_string}"},"query-input":{"@type":"PropertyValueSpecification","valueRequired":true,"valueName":"search_term_string"}}],"inLanguage":"fr-FR"},{"@type":"Organization","@id":"https:\/\/www.ifi-id.com\/#organization","name":"Institut fran\u00e7ais Indon\u00e9sie","url":"https:\/\/www.ifi-id.com\/","logo":{"@type":"ImageObject","inLanguage":"fr-FR","@id":"https:\/\/www.ifi-id.com\/#\/schema\/logo\/image\/","url":"https:\/\/www.ifi-id.com\/wp-content\/uploads\/2022\/12\/IFI_New_Logo.jpg","contentUrl":"https:\/\/www.ifi-id.com\/wp-content\/uploads\/2022\/12\/IFI_New_Logo.jpg","width":666,"height":444,"caption":"Institut fran\u00e7ais Indon\u00e9sie"},"image":{"@id":"https:\/\/www.ifi-id.com\/#\/schema\/logo\/image\/"}},{"@type":"Person","@id":"https:\/\/www.ifi-id.com\/#\/schema\/person\/f4d392c56a5385d0afa0e97971982f03","name":"admin_ifi","image":{"@type":"ImageObject","inLanguage":"fr-FR","@id":"https:\/\/www.ifi-id.com\/#\/schema\/person\/image\/","url":"https:\/\/secure.gravatar.com\/avatar\/3314fb698a60e03f38dc901a002adba6?s=96&d=mm&r=g","contentUrl":"https:\/\/secure.gravatar.com\/avatar\/3314fb698a60e03f38dc901a002adba6?s=96&d=mm&r=g","caption":"admin_ifi"},"sameAs":["http:\/\/localhost\/ifi-reboot"],"url":"https:\/\/www.ifi-id.com\/fr\/author\/admin_ifi\/"}]}},"post_mailing_queue_ids":[],"_links":{"self":[{"href":"https:\/\/www.ifi-id.com\/fr\/wp-json\/wp\/v2\/posts\/2288"}],"collection":[{"href":"https:\/\/www.ifi-id.com\/fr\/wp-json\/wp\/v2\/posts"}],"about":[{"href":"https:\/\/www.ifi-id.com\/fr\/wp-json\/wp\/v2\/types\/post"}],"author":[{"embeddable":true,"href":"https:\/\/www.ifi-id.com\/fr\/wp-json\/wp\/v2\/users\/1"}],"replies":[{"embeddable":true,"href":"https:\/\/www.ifi-id.com\/fr\/wp-json\/wp\/v2\/comments?post=2288"}],"version-history":[{"count":1,"href":"https:\/\/www.ifi-id.com\/fr\/wp-json\/wp\/v2\/posts\/2288\/revisions"}],"predecessor-version":[{"id":2812,"href":"https:\/\/www.ifi-id.com\/fr\/wp-json\/wp\/v2\/posts\/2288\/revisions\/2812"}],"wp:attachment":[{"href":"https:\/\/www.ifi-id.com\/fr\/wp-json\/wp\/v2\/media?parent=2288"}],"wp:term":[{"taxonomy":"category","embeddable":true,"href":"https:\/\/www.ifi-id.com\/fr\/wp-json\/wp\/v2\/categories?post=2288"},{"taxonomy":"post_tag","embeddable":true,"href":"https:\/\/www.ifi-id.com\/fr\/wp-json\/wp\/v2\/tags?post=2288"}],"curies":[{"name":"wp","href":"https:\/\/api.w.org\/{rel}","templated":true}]}}