{"id":21874,"date":"2022-03-08T16:12:24","date_gmt":"2022-03-08T09:12:24","guid":{"rendered":"https:\/\/www.ifi-id.com\/?p=21874"},"modified":"2022-03-14T14:18:41","modified_gmt":"2022-03-14T07:18:41","slug":"semaine-de-la-francophonie-2022","status":"publish","type":"post","link":"https:\/\/www.ifi-id.com\/fr\/semaine-de-la-francophonie-2022\/","title":{"rendered":"Semaine de la Francophonie 2022"},"content":{"rendered":"\t\t<div data-elementor-type=\"wp-post\" data-elementor-id=\"21874\" class=\"elementor elementor-21874 elementor-21815\" data-elementor-post-type=\"post\">\n\t\t\t\t\t\t<section class=\"elementor-section elementor-top-section elementor-element elementor-element-89f3399 elementor-section-boxed elementor-section-height-default elementor-section-height-default\" data-id=\"89f3399\" data-element_type=\"section\">\n\t\t\t\t\t\t<div class=\"elementor-container elementor-column-gap-default\">\n\t\t\t\t\t<div class=\"elementor-column elementor-col-100 elementor-top-column elementor-element elementor-element-b06c5fb\" data-id=\"b06c5fb\" data-element_type=\"column\">\n\t\t\t<div class=\"elementor-widget-wrap elementor-element-populated\">\n\t\t\t\t\t\t<div class=\"elementor-element elementor-element-9edced8 elementor-widget elementor-widget-heading\" data-id=\"9edced8\" data-element_type=\"widget\" data-widget_type=\"heading.default\">\n\t\t\t\t<div class=\"elementor-widget-container\">\n\t\t\t<h2 class=\"elementor-heading-title elementor-size-default\">Semaine de la Francophonie 2022 (14 - 19 mars 2022)<\/h2>\t\t<\/div>\n\t\t\t\t<\/div>\n\t\t\t\t<div class=\"elementor-element elementor-element-3c5e382 elementor-widget elementor-widget-text-editor\" data-id=\"3c5e382\" data-element_type=\"widget\" data-widget_type=\"text-editor.default\">\n\t\t\t\t<div class=\"elementor-widget-container\">\n\t\t\t\t\t\t\t<p><span style=\"font-weight: 400;\">A l\u2019occasion de la Semaine de la Francophonie (du 14 au 19 mars 2022), l\u2019Institut Fran\u00e7ais d\u2019Indon\u00e9sie, en partenariat avec les Ambassades des pays francophones en Indon\u00e9sie, organise de nombreux concours et animations culturelles en ligne et en pr\u00e9sentiel.<\/span><\/p>\n<p><span style=\"font-weight: 400;\">Vous pouvez d\u00e8s maintenant participer \u00e0 l\u2019un des concours ouverts en ligne :<\/span><\/p>\n<ul>\n<li>Concours de chant<\/li>\n<li>Concours lecture po\u00e9tique<\/li>\n<li>Concours vid\u00e9o Le saviez-Vous ?<\/li>\n<li>Concours de cr\u00e9ation d&rsquo;affiche<\/li>\n<\/ul>\n<p>Rejoignez-nous aux diff\u00e9rents \u00e9v\u00e9nements organis\u00e9s tout au long de la semaine :<\/p>\n<ul>\n<li>Lundi 14 mars : C\u00e9r\u00e9monie d\u2019ouverture (en ligne)<\/li>\n<li>Mardi 15 mars : Cin\u00e9 LIP (IFI LIP)<\/li>\n<li>Mercredi 16 mars : Voyage virtuel (en ligne)<\/li>\n<li>Jeudi 17 mars : Voyage virtuel (en ligne)<\/li>\n<li>Vendredi 18 mars : \u00a0Chasse au tr\u00e9sor francophone (en ligne)<\/li>\n<li>Samedi 19 mars 2022\n<ul>\n<li>March\u00e9 fran\u00e7ais (IFI LIP)<\/li>\n<li>Quiz sur la France et le monde francophone (IFI LIP)<\/li>\n<li>Concours de costumes \/ \u00ab\u00a0Outfit of the day\u00a0\u00bb (IFI LIP)<\/li>\n<li>Animation Karaok\u00e9 (IFI LIP)<\/li>\n<\/ul>\n<\/li>\n<\/ul>\n\t\t\t\t\t\t<\/div>\n\t\t\t\t<\/div>\n\t\t\t\t<div class=\"elementor-element elementor-element-e6b18f4 elementor-widget-divider--view-line elementor-widget elementor-widget-divider\" data-id=\"e6b18f4\" data-element_type=\"widget\" data-widget_type=\"divider.default\">\n\t\t\t\t<div class=\"elementor-widget-container\">\n\t\t\t\t\t<div class=\"elementor-divider\">\n\t\t\t<span class=\"elementor-divider-separator\">\n\t\t\t\t\t\t<\/span>\n\t\t<\/div>\n\t\t\t\t<\/div>\n\t\t\t\t<\/div>\n\t\t\t\t\t<\/div>\n\t\t<\/div>\n\t\t\t\t\t<\/div>\n\t\t<\/section>\n\t\t\t\t<section class=\"elementor-section elementor-top-section elementor-element elementor-element-18e7607 elementor-section-boxed elementor-section-height-default elementor-section-height-default\" data-id=\"18e7607\" data-element_type=\"section\">\n\t\t\t\t\t\t<div class=\"elementor-container elementor-column-gap-default\">\n\t\t\t\t\t<div class=\"elementor-column elementor-col-100 elementor-top-column elementor-element elementor-element-122a9de\" data-id=\"122a9de\" data-element_type=\"column\">\n\t\t\t<div class=\"elementor-widget-wrap elementor-element-populated\">\n\t\t\t\t\t\t<div class=\"elementor-element elementor-element-0d36480 elementor-widget elementor-widget-text-editor\" data-id=\"0d36480\" data-element_type=\"widget\" data-widget_type=\"text-editor.default\">\n\t\t\t\t<div class=\"elementor-widget-container\">\n\t\t\t\t\t\t\t<h1><strong>Concours de chant<\/strong><\/h1>\n<h4>Jusqu\u2019au 11 mars 2022<\/h4>\n<p>Tu habites en Indon\u00e9sie, tu apprends le fran\u00e7ais ? Et tu aimes chanter ?<\/p>\n<p>Montre ton talent en participant au concours de chansons francophones propos\u00e9 par 5 pays de la Francophonie : le Canada, la Belgique, la Suisse, la Tunisie et la France !<\/p>\n<p>Enregistre ta vid\u00e9o et t\u00e9l\u00e9charge-la sur ton compte Instagram du 1er au 14 f\u00e9vrier 2022. N\u2019oublie pas de t\u2019inscrire pour choisir ta chanson d\u00e8s maintenant car le nombre d\u2019interpr\u00e8tes pour chaque chanson est limit\u00e9 ! (Clique sur le lien ci-dessous). Les Ambassades francophones choisiront les meilleures interpr\u00e9tations et offrirons des prix aux vainqueurs !<\/p>\n<p>Information et inscription : <a href=\"https:\/\/linktr.ee\/ChanterFrancophonie\" target=\"_blank\" rel=\"noopener\">https:\/\/linktr.ee\/ChanterFrancophonie<\/a><\/p>\n\t\t\t\t\t\t<\/div>\n\t\t\t\t<\/div>\n\t\t\t\t<div class=\"elementor-element elementor-element-8496755 elementor-widget-divider--view-line elementor-widget elementor-widget-divider\" data-id=\"8496755\" data-element_type=\"widget\" data-widget_type=\"divider.default\">\n\t\t\t\t<div class=\"elementor-widget-container\">\n\t\t\t\t\t<div class=\"elementor-divider\">\n\t\t\t<span class=\"elementor-divider-separator\">\n\t\t\t\t\t\t<\/span>\n\t\t<\/div>\n\t\t\t\t<\/div>\n\t\t\t\t<\/div>\n\t\t\t\t<div class=\"elementor-element elementor-element-d029ebd elementor-widget elementor-widget-text-editor\" data-id=\"d029ebd\" data-element_type=\"widget\" data-widget_type=\"text-editor.default\">\n\t\t\t\t<div class=\"elementor-widget-container\">\n\t\t\t\t\t\t\t<h1 style=\"padding-top: 1.5em;\" data-mce-style=\"padding-top: 1.5em;\"><strong>Concours de lecture po\u00e9tique<\/strong><\/h1>\n<h4 style=\"font-size: 18px;\" data-mce-style=\"font-size: 18px;\">Jusqu\u2019au 11 mars 2022<\/h4>\n<p>Tu es lyc\u00e9en en Indon\u00e9sie et tu aimes lire des po\u00e8mes ? Montre ton talent en participant au concours de lecture po\u00e9tique propos\u00e9 par 6 pays de la Francophonie : le Canada, la Belgique, la Suisse, la Tunisie, la Roumanie et la France !<\/p>\n<p>Enregistre ta vid\u00e9o et t\u00e9l\u00e9charge-la sur ton compte Instagram. N\u2019oublie pas de t\u2019inscrire pour choisir le po\u00e8me que tu veux lire, d\u00e8s maintenant car le nombre d\u2019interpr\u00e8tes pour chaque po\u00e8me est limit\u00e9 ! (clique sur le lien ci-dessous). Les Ambassades francophones choisiront les meilleures interpr\u00e9tations et offrirons des prix aux vainqueurs !<\/p>\n<p><span style=\"font-size: 1rem;\" data-mce-style=\"font-size: 1rem;\">Information et inscription : <\/span><a style=\"font-size: 1rem;\" href=\"https:\/\/linktr.ee\/PoesieFrancophonie\" target=\"_blank\" rel=\"noopener\" data-mce-href=\"https:\/\/linktr.ee\/PoesieFrancophonie\" data-mce-style=\"font-size: 1rem;\">https:\/\/linktr.ee\/PoesieFrancophonie<\/a><\/p>\n\t\t\t\t\t\t<\/div>\n\t\t\t\t<\/div>\n\t\t\t\t<div class=\"elementor-element elementor-element-55e2aa0 elementor-widget-divider--view-line elementor-widget elementor-widget-divider\" data-id=\"55e2aa0\" data-element_type=\"widget\" data-widget_type=\"divider.default\">\n\t\t\t\t<div class=\"elementor-widget-container\">\n\t\t\t\t\t<div class=\"elementor-divider\">\n\t\t\t<span class=\"elementor-divider-separator\">\n\t\t\t\t\t\t<\/span>\n\t\t<\/div>\n\t\t\t\t<\/div>\n\t\t\t\t<\/div>\n\t\t\t\t<div class=\"elementor-element elementor-element-24e1174 elementor-widget elementor-widget-text-editor\" data-id=\"24e1174\" data-element_type=\"widget\" data-widget_type=\"text-editor.default\">\n\t\t\t\t<div class=\"elementor-widget-container\">\n\t\t\t\t\t\t\t<h1><strong>Concours vid\u00e9o <em>Le saviez-vous ?<\/em><\/strong><\/h1>\n<h4>Jusqu\u2019au vendredi 11 mars 2022<\/h4>\n<p>Tu es \u00e9tudiant \u00e0 l\u2019universit\u00e9 en Indon\u00e9sie et tu aimes faire des vid\u00e9os ? Nous te proposons un d\u00e9fi qui te permettra d\u2019exprimer ta cr\u00e9ativit\u00e9 ! Montre ton talent en participant au concours de vid\u00e9o.<\/p>\n<p>Cette ann\u00e9e le th\u00e8me de la francophonie c\u2019est l\u2019\u00e9cologie et les \u00e9nergies vertes ! Fais des recherches sur un des pays francophones qui participent \u00e0 l\u2019\u00e9v\u00e9nement : le Canada, la Belgique, la Suisse, la Roumanie, l\u2019Egypte, la Tunisie, le Maroc, et la France. Cr\u00e9\u00e9 une courte vid\u00e9o pour pr\u00e9senter une d\u00e9marche \u00e9cologique \/ li\u00e9e aux \u00e9nergies vertes dans le pays de ton choix. Les vid\u00e9os les plus originales seront r\u00e9compens\u00e9es par des cadeaux g\u00e9niaux ! Amuse-toi !<\/p>\n<p>Information et inscription : <a href=\"https:\/\/bit.ly\/VideoLeSaviezVous\" target=\"_blank\" rel=\"noopener\">https:\/\/bit.ly\/VideoLeSaviezVous\u00a0<\/a><\/p>\n\t\t\t\t\t\t<\/div>\n\t\t\t\t<\/div>\n\t\t\t\t<div class=\"elementor-element elementor-element-a35f9fa elementor-widget-divider--view-line elementor-widget elementor-widget-divider\" data-id=\"a35f9fa\" data-element_type=\"widget\" data-widget_type=\"divider.default\">\n\t\t\t\t<div class=\"elementor-widget-container\">\n\t\t\t\t\t<div class=\"elementor-divider\">\n\t\t\t<span class=\"elementor-divider-separator\">\n\t\t\t\t\t\t<\/span>\n\t\t<\/div>\n\t\t\t\t<\/div>\n\t\t\t\t<\/div>\n\t\t\t\t<div class=\"elementor-element elementor-element-dc56f2b elementor-widget elementor-widget-text-editor\" data-id=\"dc56f2b\" data-element_type=\"widget\" data-widget_type=\"text-editor.default\">\n\t\t\t\t<div class=\"elementor-widget-container\">\n\t\t\t\t\t\t\t<h1><strong>Concours de cr\u00e9ation d&rsquo;affiche<\/strong><\/h1>\n<h4 style=\"font-size: 18px;\">Jusqu\u2019au vendredi 11 mars 2022<\/h4>\n<p>\u00cates-vous cr\u00e9atif et dou\u00e9 en dessin ? Dans le cadre de la Semaine de la francophonie, l\u2019IFI-LIP organise un concours de cr\u00e9ation d&rsquo;affiches (papier, num\u00e9rique) sur le th\u00e8me de l&rsquo;environnement. A vos crayons, feutres, souris !<\/p>\n<p>Pour plus d\u2019informations : <a href=\"https:\/\/bit.ly\/3MtwxLl\" target=\"_blank\" rel=\"noopener\">https:\/\/bit.ly\/3MtwxLl<\/a>\u00a0\/ 0818 0422 5573<\/p>\n\t\t\t\t\t\t<\/div>\n\t\t\t\t<\/div>\n\t\t\t\t<div class=\"elementor-element elementor-element-afbc531 elementor-widget-divider--view-line elementor-widget elementor-widget-divider\" data-id=\"afbc531\" data-element_type=\"widget\" data-widget_type=\"divider.default\">\n\t\t\t\t<div class=\"elementor-widget-container\">\n\t\t\t\t\t<div class=\"elementor-divider\">\n\t\t\t<span class=\"elementor-divider-separator\">\n\t\t\t\t\t\t<\/span>\n\t\t<\/div>\n\t\t\t\t<\/div>\n\t\t\t\t<\/div>\n\t\t\t\t<div class=\"elementor-element elementor-element-38e31cd elementor-widget elementor-widget-text-editor\" data-id=\"38e31cd\" data-element_type=\"widget\" data-widget_type=\"text-editor.default\">\n\t\t\t\t<div class=\"elementor-widget-container\">\n\t\t\t\t\t\t\t<h1 style=\"padding-top: 1.5em;\"><strong>C\u00e9r\u00e9monie d\u2019ouverture<\/strong><\/h1>\n<h4 style=\"font-size: 18px;\">Lundi 14 mars 2022<\/h4>\n<p>La c\u00e9r\u00e9monie d\u2019ouverture de la Semaine de la Francophonie 2021 aura lieu le lundi 14 mars 2022.<\/p>\n<p>Diffus\u00e9e en direct sur la <a href=\"https:\/\/www.youtube.com\/channel\/UCHj9K1eAvhXwXHpME6RmOpA\" target=\"_blank\" rel=\"noopener\">cha\u00eene YouTube de l&rsquo;Institut Fran\u00e7ais d\u2019Indon\u00e9sie<\/a>, nous vous invitons \u00e0 assister \u00e0 la c\u00e9r\u00e9monie d\u2019ouverture.<\/p>\n<p>Le lien Zoom pour assister \u00e0 cet \u00e9v\u00e9nement vous sera communiqu\u00e9 tr\u00e8s prochainement sur cette m\u00eame page !<\/p>\n\t\t\t\t\t\t<\/div>\n\t\t\t\t<\/div>\n\t\t\t\t<div class=\"elementor-element elementor-element-6e91c96 elementor-widget-divider--view-line elementor-widget elementor-widget-divider\" data-id=\"6e91c96\" data-element_type=\"widget\" data-widget_type=\"divider.default\">\n\t\t\t\t<div class=\"elementor-widget-container\">\n\t\t\t\t\t<div class=\"elementor-divider\">\n\t\t\t<span class=\"elementor-divider-separator\">\n\t\t\t\t\t\t<\/span>\n\t\t<\/div>\n\t\t\t\t<\/div>\n\t\t\t\t<\/div>\n\t\t\t\t<div class=\"elementor-element elementor-element-3c2c35b elementor-widget elementor-widget-text-editor\" data-id=\"3c2c35b\" data-element_type=\"widget\" data-widget_type=\"text-editor.default\">\n\t\t\t\t<div class=\"elementor-widget-container\">\n\t\t\t\t\t\t\t<h1 style=\"padding-top: 1.5em;\"><strong>Cin\u00e9 LIP<\/strong><\/h1>\n<h4 style=\"font-size: 18px;\">Mardi 15 mars 2022<\/h4>\n<p>A l\u2019occasion de la Semaine de la francophonie, venez d\u00e9couvrir la richesse du cin\u00e9ma francophone de diff\u00e9rents continents (Am\u00e9rique, Asie, Afrique) \u00e0 l\u2019IFI LIP. Cette soir\u00e9e cin\u00e9ma se d\u00e9compose en deux parties :<\/p>\n<ul>\n<li>19h &#8211; 20h15 : projection de 3 courts-m\u00e9trages :\n<ul>\n<li>\u201cVanille\u201d de Guillaume Lorin (Guadeloupe)<\/li>\n<li>\u201cLe chasseur et l&rsquo;antilope\u201d de Narcisse Youmbi (Cameroun)<\/li>\n<li>\u201cBach-H\u00f4ng\u201d d\u2019Elsa Duhamel (Vietnam)<\/li>\n<\/ul>\n<\/li>\n<li>20h30 &#8211; 22h : projection de \u201cNotre-Dame du Nil\u201d d\u2019Atiq Rahimi (Rwanda)<\/li>\n<\/ul>\n<p>Films en fran\u00e7ais, sous-titr\u00e9 en anglais<br \/>\nLieu : IFI LIP (Jl. Sagan No.3)<br \/>\nEntr\u00e9e gratuite sur r\u00e9servation<br \/>\nPour r\u00e9server, <a href=\"https:\/\/bit.ly\/3MJnQN4\" target=\"_blank\" rel=\"noopener\">cliquez ici<\/a><\/p>\n\t\t\t\t\t\t<\/div>\n\t\t\t\t<\/div>\n\t\t\t\t<div class=\"elementor-element elementor-element-cc160b3 elementor-widget-divider--view-line elementor-widget elementor-widget-divider\" data-id=\"cc160b3\" data-element_type=\"widget\" data-widget_type=\"divider.default\">\n\t\t\t\t<div class=\"elementor-widget-container\">\n\t\t\t\t\t<div class=\"elementor-divider\">\n\t\t\t<span class=\"elementor-divider-separator\">\n\t\t\t\t\t\t<\/span>\n\t\t<\/div>\n\t\t\t\t<\/div>\n\t\t\t\t<\/div>\n\t\t\t\t\t<\/div>\n\t\t<\/div>\n\t\t\t\t\t<\/div>\n\t\t<\/section>\n\t\t\t\t<section class=\"elementor-section elementor-top-section elementor-element elementor-element-b446de8 elementor-section-boxed elementor-section-height-default elementor-section-height-default\" data-id=\"b446de8\" data-element_type=\"section\">\n\t\t\t\t\t\t<div class=\"elementor-container elementor-column-gap-default\">\n\t\t\t\t\t<div class=\"elementor-column elementor-col-100 elementor-top-column elementor-element elementor-element-1f3518c\" data-id=\"1f3518c\" data-element_type=\"column\">\n\t\t\t<div class=\"elementor-widget-wrap elementor-element-populated\">\n\t\t\t\t\t\t<div class=\"elementor-element elementor-element-74a5a7b elementor-widget elementor-widget-text-editor\" data-id=\"74a5a7b\" data-element_type=\"widget\" data-widget_type=\"text-editor.default\">\n\t\t\t\t<div class=\"elementor-widget-container\">\n\t\t\t\t\t\t\t<h1><strong>Voyage virtuel<\/strong><\/h1>\n<h4>Mercredi 16 et jeudi 17 mars 2022<\/h4>\n<p>Envie d\u2019ailleurs ? Embarquez pour le grand voyage \u00e0 travers le monde francophone, partez \u00e0 la d\u00e9couverte des villes de 4 pays francophones : la Belgique, la Suisse, la Tunisie et la France ! Profitez d\u2019une visite guid\u00e9e virtuelle en direct et admirez les lieux les plus embl\u00e9matiques de chaque pays !<\/p>\n<p>La visite sera accessible au plus grand nombre d\u2019entre vous gr\u00e2ce \u00e0 une pr\u00e9sentation bilingue en fran\u00e7ais et en indon\u00e9sien, alors n\u2019h\u00e9sitez pas \u00e0 venir nombreux !<\/p>\n<p>Le lien Zoom pour assister \u00e0 ces visites vous sera communiqu\u00e9 tr\u00e8s prochainement sur cette m\u00eame page !<\/p>\n\t\t\t\t\t\t<\/div>\n\t\t\t\t<\/div>\n\t\t\t\t<div class=\"elementor-element elementor-element-5fd4926 elementor-widget-divider--view-line elementor-widget elementor-widget-divider\" data-id=\"5fd4926\" data-element_type=\"widget\" data-widget_type=\"divider.default\">\n\t\t\t\t<div class=\"elementor-widget-container\">\n\t\t\t\t\t<div class=\"elementor-divider\">\n\t\t\t<span class=\"elementor-divider-separator\">\n\t\t\t\t\t\t<\/span>\n\t\t<\/div>\n\t\t\t\t<\/div>\n\t\t\t\t<\/div>\n\t\t\t\t<div class=\"elementor-element elementor-element-7c7dc0a elementor-widget elementor-widget-text-editor\" data-id=\"7c7dc0a\" data-element_type=\"widget\" data-widget_type=\"text-editor.default\">\n\t\t\t\t<div class=\"elementor-widget-container\">\n\t\t\t\t\t\t\t<h1><strong>Chasse au tr\u00e9sor francophone<\/strong><\/h1>\n<h4>Vendredi 18 mars 2022<\/h4>\n<p>Quelle est votre connaissance de la Francophonie ? Mettez vos comp\u00e9tences \u00e0 l\u2019\u00e9preuve en r\u00e9solvant les \u00e9nigmes et les devinettes propos\u00e9es par 8 pays de la Francophonie : le Canada, la Belgique, la Suisse, la Roumanie, l\u2019Egypte, la Tunisie, le Maroc, la France !<\/p>\n<p>Partez \u00e0 l\u2019aventure et explorez les pays francophones tout en r\u00e9pondant aux questions \u00e0 l\u2019aide des indices qui vous seront fournis.<\/p>\n<p>Ouvert au public ayant au minimum un niveau A2 de comp\u00e9tence en fran\u00e7ais, car toutes les questions seront en fran\u00e7ais !<\/p>\n<p>Et pour les explorateurs qui pourront r\u00e9soudre un maximum d\u2019\u00e9nigmes en un temps de record, des cadeaux \u00e0 gagner !<\/p>\n<p>Cliquez sur le lien suivant pour vous inscrire et jouer !<\/p>\n<p>Inscription : <a style=\"font-size: 1rem;\" href=\"https:\/\/bit.ly\/TekatekiFrancophonie\" target=\"_blank\" rel=\"noopener\">https:\/\/bit.ly\/TekatekiFrancophonie<\/a><\/p>\n<p><em><strong>Note<\/strong>: pr\u00e9parez un scan\/une photo de votre carte d\u2019identit\u00e9 qui doit \u00eatre t\u00e9l\u00e9charg\u00e9\u00a0 lors de l\u2019enregistrement.<\/em><\/p>\n\t\t\t\t\t\t<\/div>\n\t\t\t\t<\/div>\n\t\t\t\t<div class=\"elementor-element elementor-element-0752004 elementor-widget-divider--view-line elementor-widget elementor-widget-divider\" data-id=\"0752004\" data-element_type=\"widget\" data-widget_type=\"divider.default\">\n\t\t\t\t<div class=\"elementor-widget-container\">\n\t\t\t\t\t<div class=\"elementor-divider\">\n\t\t\t<span class=\"elementor-divider-separator\">\n\t\t\t\t\t\t<\/span>\n\t\t<\/div>\n\t\t\t\t<\/div>\n\t\t\t\t<\/div>\n\t\t\t\t<div class=\"elementor-element elementor-element-36bd429 elementor-widget elementor-widget-text-editor\" data-id=\"36bd429\" data-element_type=\"widget\" data-widget_type=\"text-editor.default\">\n\t\t\t\t<div class=\"elementor-widget-container\">\n\t\t\t\t\t\t\t<h1><strong>March\u00e9 fran\u00e7ais<\/strong><\/h1>\n<h4>Samedi 19 mars 2022 (10h &#8211; 16h)<\/h4>\n<p>Venez d\u00e9couvrir les produits de nos exposants fran\u00e7ais, indon\u00e9siens, suisses ou belges \u00e0 l\u2019occasion du march\u00e9 fran\u00e7ais, le samedi 19 mars \u00e0 l&rsquo;IFI-LIP.<\/p>\n<p>Lieu : IFI LIP (Jl. Sagan No.3)<\/p>\n\t\t\t\t\t\t<\/div>\n\t\t\t\t<\/div>\n\t\t\t\t\t<\/div>\n\t\t<\/div>\n\t\t\t\t\t<\/div>\n\t\t<\/section>\n\t\t\t\t<section class=\"elementor-section elementor-top-section elementor-element elementor-element-411e84e elementor-section-boxed elementor-section-height-default elementor-section-height-default\" data-id=\"411e84e\" data-element_type=\"section\">\n\t\t\t\t\t\t<div class=\"elementor-container elementor-column-gap-default\">\n\t\t\t\t\t<div class=\"elementor-column elementor-col-100 elementor-top-column elementor-element elementor-element-1a1ce2d\" data-id=\"1a1ce2d\" data-element_type=\"column\">\n\t\t\t<div class=\"elementor-widget-wrap elementor-element-populated\">\n\t\t\t\t\t\t<div class=\"elementor-element elementor-element-db5f790 elementor-widget-divider--view-line elementor-widget elementor-widget-divider\" data-id=\"db5f790\" data-element_type=\"widget\" data-widget_type=\"divider.default\">\n\t\t\t\t<div class=\"elementor-widget-container\">\n\t\t\t\t\t<div class=\"elementor-divider\">\n\t\t\t<span class=\"elementor-divider-separator\">\n\t\t\t\t\t\t<\/span>\n\t\t<\/div>\n\t\t\t\t<\/div>\n\t\t\t\t<\/div>\n\t\t\t\t\t<\/div>\n\t\t<\/div>\n\t\t\t\t\t<\/div>\n\t\t<\/section>\n\t\t\t\t<section class=\"elementor-section elementor-top-section elementor-element elementor-element-84396a8 elementor-section-boxed elementor-section-height-default elementor-section-height-default\" data-id=\"84396a8\" data-element_type=\"section\">\n\t\t\t\t\t\t<div class=\"elementor-container elementor-column-gap-default\">\n\t\t\t\t\t<div class=\"elementor-column elementor-col-100 elementor-top-column elementor-element elementor-element-4dcbf42\" data-id=\"4dcbf42\" data-element_type=\"column\">\n\t\t\t<div class=\"elementor-widget-wrap elementor-element-populated\">\n\t\t\t\t\t\t<div class=\"elementor-element elementor-element-e0d58c5 elementor-widget elementor-widget-text-editor\" data-id=\"e0d58c5\" data-element_type=\"widget\" data-widget_type=\"text-editor.default\">\n\t\t\t\t<div class=\"elementor-widget-container\">\n\t\t\t\t\t\t\t<h1><strong>Quiz sur la France et le monde francophone<\/strong><\/h1>\n<h4>Samedi 19 mars 2022 (13h30 &#8211; 14h30)<\/h4>\n<p>Rejoignez-nous le samedi 19 mars \u00e0 13h30 \u00e0 l\u2019IFI LIP pour tester vos connaissances sur la culture fran\u00e7aise et francophone lors d\u2019un grand quiz gratuit. Ce concours est ouvert \u00e0 deux cat\u00e9gories de participants : scolaires \/ adultes (y compris \u00e9tudiants). De nombreux lots sont \u00e0 gagner !<\/p>\n<p>Pour participer, inscrivez-vous au pr\u00e9alable jusqu\u2019au 17\/03 en cliquant ci-apr\u00e8s : <a style=\"font-size: 1rem;\" href=\"https:\/\/bit.ly\/3hLJ7Hx\" target=\"_blank\" rel=\"noopener\">https:\/\/bit.ly\/3hLJ7Hx<\/a><\/p>\n<p>Lieu : IFI LIP (Jl. Sagan No.3)<\/p>\n\t\t\t\t\t\t<\/div>\n\t\t\t\t<\/div>\n\t\t\t\t<div class=\"elementor-element elementor-element-1bbb116 elementor-widget-divider--view-line elementor-widget elementor-widget-divider\" data-id=\"1bbb116\" data-element_type=\"widget\" data-widget_type=\"divider.default\">\n\t\t\t\t<div class=\"elementor-widget-container\">\n\t\t\t\t\t<div class=\"elementor-divider\">\n\t\t\t<span class=\"elementor-divider-separator\">\n\t\t\t\t\t\t<\/span>\n\t\t<\/div>\n\t\t\t\t<\/div>\n\t\t\t\t<\/div>\n\t\t\t\t<div class=\"elementor-element elementor-element-a4fc28b elementor-widget elementor-widget-text-editor\" data-id=\"a4fc28b\" data-element_type=\"widget\" data-widget_type=\"text-editor.default\">\n\t\t\t\t<div class=\"elementor-widget-container\">\n\t\t\t\t\t\t\t<h1><strong>Concours de costumes \u201c\u00c0 la mode\u201d<\/strong><\/h1>\n<h4>Samedi 19 mars 2022 (15h &#8211; 16h)<\/h4>\n<p>IFI LIP organise un concours de d\u00e9fil\u00e9 de mode \u201c\u00c0 la mode\u201d ! Si vous voulez montrer vos talents dans le monde du stylisme et du mannequinat, vous \u00eates les bienvenus ! De nombreux lots sont \u00e0 gagner.<\/p>\n<p>Pour tout renseignement et pour vous inscrire, contactez-nous au 0818 0422 5573 (Whatsapp) jusqu\u2019au 17 mars<\/p>\n<p>Lieu : IFI LIP (Jl. Sagan No.3)<\/p>\n\t\t\t\t\t\t<\/div>\n\t\t\t\t<\/div>\n\t\t\t\t\t<\/div>\n\t\t<\/div>\n\t\t\t\t\t<\/div>\n\t\t<\/section>\n\t\t\t\t<section class=\"elementor-section elementor-top-section elementor-element elementor-element-977dac9 elementor-section-boxed elementor-section-height-default elementor-section-height-default\" data-id=\"977dac9\" data-element_type=\"section\">\n\t\t\t\t\t\t<div class=\"elementor-container elementor-column-gap-default\">\n\t\t\t\t\t<div class=\"elementor-column elementor-col-100 elementor-top-column elementor-element elementor-element-d30028a\" data-id=\"d30028a\" data-element_type=\"column\">\n\t\t\t<div class=\"elementor-widget-wrap elementor-element-populated\">\n\t\t\t\t\t\t<div class=\"elementor-element elementor-element-fbf7b97 elementor-widget-divider--view-line elementor-widget elementor-widget-divider\" data-id=\"fbf7b97\" data-element_type=\"widget\" data-widget_type=\"divider.default\">\n\t\t\t\t<div class=\"elementor-widget-container\">\n\t\t\t\t\t<div class=\"elementor-divider\">\n\t\t\t<span class=\"elementor-divider-separator\">\n\t\t\t\t\t\t<\/span>\n\t\t<\/div>\n\t\t\t\t<\/div>\n\t\t\t\t<\/div>\n\t\t\t\t\t<\/div>\n\t\t<\/div>\n\t\t\t\t\t<\/div>\n\t\t<\/section>\n\t\t\t\t<section class=\"elementor-section elementor-top-section elementor-element elementor-element-757586b elementor-section-boxed elementor-section-height-default elementor-section-height-default\" data-id=\"757586b\" data-element_type=\"section\">\n\t\t\t\t\t\t<div class=\"elementor-container elementor-column-gap-default\">\n\t\t\t\t\t<div class=\"elementor-column elementor-col-100 elementor-top-column elementor-element elementor-element-94fdb23\" data-id=\"94fdb23\" data-element_type=\"column\">\n\t\t\t<div class=\"elementor-widget-wrap elementor-element-populated\">\n\t\t\t\t\t\t<div class=\"elementor-element elementor-element-ece5601 elementor-widget elementor-widget-text-editor\" data-id=\"ece5601\" data-element_type=\"widget\" data-widget_type=\"text-editor.default\">\n\t\t\t\t<div class=\"elementor-widget-container\">\n\t\t\t\t\t\t\t<h1><strong>Animation Karaok\u00e9<\/strong><\/h1>\n<h4>Samedi 19 mars 2022 (16h30 &#8211; 17h30)<\/h4>\n<p>En guise de cl\u00f4ture de cette semaine de la Francophonie, l\u2019IFI LIP vous invite \u00e0 participer \u00e0 une animation karaok\u00e9.<\/p>\n<p>Pour participer, inscrivez-vous au pr\u00e9alable jusqu\u2019au 17\/03 en cliquant ci-apr\u00e8s : <a style=\"font-size: 1rem;\" href=\"https:\/\/bit.ly\/35YH6Fg\" target=\"_blank\" rel=\"noopener\">https:\/\/bit.ly\/35YH6Fg<\/a><\/p>\n<p>Lieu : IFI LIP (Jl. Sagan No.3)<\/p>\n\t\t\t\t\t\t<\/div>\n\t\t\t\t<\/div>\n\t\t\t\t\t<\/div>\n\t\t<\/div>\n\t\t\t\t\t<\/div>\n\t\t<\/section>\n\t\t\t\t<\/div>\n\t\t","protected":false},"excerpt":{"rendered":"<p>Semaine de la Francophonie 2022 (14 &#8211; 19 mars 2022) A l\u2019occasion de la Semaine de la Francophonie (du 14 au 19 mars 2022), l\u2019Institut Fran\u00e7ais d\u2019Indon\u00e9sie, en partenariat avec les Ambassades des pays francophones en Indon\u00e9sie, organise de nombreux concours et animations culturelles en ligne et en pr\u00e9sentiel. Vous pouvez d\u00e8s maintenant participer \u00e0 &hellip; <\/p>\n<p class=\"link-more\"><a href=\"https:\/\/www.ifi-id.com\/fr\/semaine-de-la-francophonie-2022\/\" class=\"more-link\">Continuer la lecture<span class=\"screen-reader-text\"> de &laquo;&nbsp;Semaine de la Francophonie 2022&nbsp;&raquo;<\/span><\/a><\/p>\n","protected":false},"author":4,"featured_media":21827,"comment_status":"closed","ping_status":"closed","sticky":false,"template":"","format":"standard","meta":{"footnotes":""},"categories":[352,335,354,385,1],"tags":[145,141,78],"class_list":["post-21874","post","type-post","status-publish","format-standard","has-post-thumbnail","hentry","category-cinema","category-culture","category-jeux","category-linguistique","category-uncategorized","tag-culture","tag-linguistique","tag-yogyakarta-fr"],"yoast_head":"<!-- This site is optimized with the Yoast SEO plugin v23.5 - https:\/\/yoast.com\/wordpress\/plugins\/seo\/ -->\n<title>Semaine de la Francophonie 2022 - Institut fran\u00e7ais Indon\u00e9sie<\/title>\n<meta name=\"description\" content=\"Semaine de la Francophonie 2022\" \/>\n<meta name=\"robots\" content=\"index, follow, max-snippet:-1, max-image-preview:large, max-video-preview:-1\" \/>\n<link rel=\"canonical\" href=\"https:\/\/www.ifi-id.com\/fr\/semaine-de-la-francophonie-2022\/\" \/>\n<meta property=\"og:locale\" content=\"fr_FR\" \/>\n<meta property=\"og:type\" content=\"article\" \/>\n<meta property=\"og:title\" content=\"Semaine de la Francophonie 2022 - Institut fran\u00e7ais Indon\u00e9sie\" \/>\n<meta property=\"og:description\" content=\"Semaine de la Francophonie 2022\" \/>\n<meta property=\"og:url\" content=\"https:\/\/www.ifi-id.com\/fr\/semaine-de-la-francophonie-2022\/\" \/>\n<meta property=\"og:site_name\" content=\"Institut fran\u00e7ais Indon\u00e9sie\" \/>\n<meta property=\"article:published_time\" content=\"2022-03-08T09:12:24+00:00\" \/>\n<meta property=\"article:modified_time\" content=\"2022-03-14T07:18:41+00:00\" \/>\n<meta property=\"og:image\" content=\"https:\/\/www.ifi-id.com\/wp-content\/uploads\/2022\/03\/webbannercoming-soon.png\" \/>\n\t<meta property=\"og:image:width\" content=\"1280\" \/>\n\t<meta property=\"og:image:height\" content=\"720\" \/>\n\t<meta property=\"og:image:type\" content=\"image\/png\" \/>\n<meta name=\"author\" content=\"yogyakarta\" \/>\n<meta name=\"twitter:card\" content=\"summary_large_image\" \/>\n<meta name=\"twitter:label1\" content=\"\u00c9crit par\" \/>\n\t<meta name=\"twitter:data1\" content=\"yogyakarta\" \/>\n\t<meta name=\"twitter:label2\" content=\"Dur\u00e9e de lecture estim\u00e9e\" \/>\n\t<meta name=\"twitter:data2\" content=\"6 minutes\" \/>\n<script type=\"application\/ld+json\" class=\"yoast-schema-graph\">{\"@context\":\"https:\/\/schema.org\",\"@graph\":[{\"@type\":\"Article\",\"@id\":\"https:\/\/www.ifi-id.com\/fr\/semaine-de-la-francophonie-2022\/#article\",\"isPartOf\":{\"@id\":\"https:\/\/www.ifi-id.com\/fr\/semaine-de-la-francophonie-2022\/\"},\"author\":{\"name\":\"yogyakarta\",\"@id\":\"https:\/\/www.ifi-id.com\/#\/schema\/person\/3b321478664439d4b8639bfd6e6577b3\"},\"headline\":\"Semaine de la Francophonie 2022\",\"datePublished\":\"2022-03-08T09:12:24+00:00\",\"dateModified\":\"2022-03-14T07:18:41+00:00\",\"mainEntityOfPage\":{\"@id\":\"https:\/\/www.ifi-id.com\/fr\/semaine-de-la-francophonie-2022\/\"},\"wordCount\":1260,\"publisher\":{\"@id\":\"https:\/\/www.ifi-id.com\/#organization\"},\"image\":{\"@id\":\"https:\/\/www.ifi-id.com\/fr\/semaine-de-la-francophonie-2022\/#primaryimage\"},\"thumbnailUrl\":\"https:\/\/www.ifi-id.com\/wp-content\/uploads\/2022\/03\/webbannercoming-soon.png\",\"keywords\":[\"Culture\",\"Linguistique\",\"Yogyakarta\"],\"articleSection\":[\"Cin\u00e9ma\",\"Culture\",\"Jeux\",\"Linguistique\",\"Uncategorized\"],\"inLanguage\":\"fr-FR\"},{\"@type\":\"WebPage\",\"@id\":\"https:\/\/www.ifi-id.com\/fr\/semaine-de-la-francophonie-2022\/\",\"url\":\"https:\/\/www.ifi-id.com\/fr\/semaine-de-la-francophonie-2022\/\",\"name\":\"Semaine de la Francophonie 2022 - Institut fran\u00e7ais Indon\u00e9sie\",\"isPartOf\":{\"@id\":\"https:\/\/www.ifi-id.com\/#website\"},\"primaryImageOfPage\":{\"@id\":\"https:\/\/www.ifi-id.com\/fr\/semaine-de-la-francophonie-2022\/#primaryimage\"},\"image\":{\"@id\":\"https:\/\/www.ifi-id.com\/fr\/semaine-de-la-francophonie-2022\/#primaryimage\"},\"thumbnailUrl\":\"https:\/\/www.ifi-id.com\/wp-content\/uploads\/2022\/03\/webbannercoming-soon.png\",\"datePublished\":\"2022-03-08T09:12:24+00:00\",\"dateModified\":\"2022-03-14T07:18:41+00:00\",\"description\":\"Semaine de la Francophonie 2022\",\"breadcrumb\":{\"@id\":\"https:\/\/www.ifi-id.com\/fr\/semaine-de-la-francophonie-2022\/#breadcrumb\"},\"inLanguage\":\"fr-FR\",\"potentialAction\":[{\"@type\":\"ReadAction\",\"target\":[\"https:\/\/www.ifi-id.com\/fr\/semaine-de-la-francophonie-2022\/\"]}]},{\"@type\":\"ImageObject\",\"inLanguage\":\"fr-FR\",\"@id\":\"https:\/\/www.ifi-id.com\/fr\/semaine-de-la-francophonie-2022\/#primaryimage\",\"url\":\"https:\/\/www.ifi-id.com\/wp-content\/uploads\/2022\/03\/webbannercoming-soon.png\",\"contentUrl\":\"https:\/\/www.ifi-id.com\/wp-content\/uploads\/2022\/03\/webbannercoming-soon.png\",\"width\":1280,\"height\":720},{\"@type\":\"BreadcrumbList\",\"@id\":\"https:\/\/www.ifi-id.com\/fr\/semaine-de-la-francophonie-2022\/#breadcrumb\",\"itemListElement\":[{\"@type\":\"ListItem\",\"position\":1,\"name\":\"Home\",\"item\":\"https:\/\/www.ifi-id.com\/\"},{\"@type\":\"ListItem\",\"position\":2,\"name\":\"Bahasa\",\"item\":\"https:\/\/www.ifi-id.com\/category\/bahasa\/\"},{\"@type\":\"ListItem\",\"position\":3,\"name\":\"Semaine de la Francophonie 2022\"}]},{\"@type\":\"WebSite\",\"@id\":\"https:\/\/www.ifi-id.com\/#website\",\"url\":\"https:\/\/www.ifi-id.com\/\",\"name\":\"Institut fran\u00e7ais Indon\u00e9sie\",\"description\":\"\",\"publisher\":{\"@id\":\"https:\/\/www.ifi-id.com\/#organization\"},\"potentialAction\":[{\"@type\":\"SearchAction\",\"target\":{\"@type\":\"EntryPoint\",\"urlTemplate\":\"https:\/\/www.ifi-id.com\/?s={search_term_string}\"},\"query-input\":{\"@type\":\"PropertyValueSpecification\",\"valueRequired\":true,\"valueName\":\"search_term_string\"}}],\"inLanguage\":\"fr-FR\"},{\"@type\":\"Organization\",\"@id\":\"https:\/\/www.ifi-id.com\/#organization\",\"name\":\"Institut fran\u00e7ais Indon\u00e9sie\",\"url\":\"https:\/\/www.ifi-id.com\/\",\"logo\":{\"@type\":\"ImageObject\",\"inLanguage\":\"fr-FR\",\"@id\":\"https:\/\/www.ifi-id.com\/#\/schema\/logo\/image\/\",\"url\":\"https:\/\/www.ifi-id.com\/wp-content\/uploads\/2022\/12\/IFI_New_Logo.jpg\",\"contentUrl\":\"https:\/\/www.ifi-id.com\/wp-content\/uploads\/2022\/12\/IFI_New_Logo.jpg\",\"width\":666,\"height\":444,\"caption\":\"Institut fran\u00e7ais Indon\u00e9sie\"},\"image\":{\"@id\":\"https:\/\/www.ifi-id.com\/#\/schema\/logo\/image\/\"}},{\"@type\":\"Person\",\"@id\":\"https:\/\/www.ifi-id.com\/#\/schema\/person\/3b321478664439d4b8639bfd6e6577b3\",\"name\":\"yogyakarta\",\"image\":{\"@type\":\"ImageObject\",\"inLanguage\":\"fr-FR\",\"@id\":\"https:\/\/www.ifi-id.com\/#\/schema\/person\/image\/\",\"url\":\"https:\/\/secure.gravatar.com\/avatar\/5c7002233f1d8e3c292a47fb4ad5fe14?s=96&d=mm&r=g\",\"contentUrl\":\"https:\/\/secure.gravatar.com\/avatar\/5c7002233f1d8e3c292a47fb4ad5fe14?s=96&d=mm&r=g\",\"caption\":\"yogyakarta\"},\"url\":\"https:\/\/www.ifi-id.com\/fr\/author\/ifi_yogyakarta\/\"}]}<\/script>\n<!-- \/ Yoast SEO plugin. -->","yoast_head_json":{"title":"Semaine de la Francophonie 2022 - Institut fran\u00e7ais Indon\u00e9sie","description":"Semaine de la Francophonie 2022","robots":{"index":"index","follow":"follow","max-snippet":"max-snippet:-1","max-image-preview":"max-image-preview:large","max-video-preview":"max-video-preview:-1"},"canonical":"https:\/\/www.ifi-id.com\/fr\/semaine-de-la-francophonie-2022\/","og_locale":"fr_FR","og_type":"article","og_title":"Semaine de la Francophonie 2022 - Institut fran\u00e7ais Indon\u00e9sie","og_description":"Semaine de la Francophonie 2022","og_url":"https:\/\/www.ifi-id.com\/fr\/semaine-de-la-francophonie-2022\/","og_site_name":"Institut fran\u00e7ais Indon\u00e9sie","article_published_time":"2022-03-08T09:12:24+00:00","article_modified_time":"2022-03-14T07:18:41+00:00","og_image":[{"width":1280,"height":720,"url":"https:\/\/www.ifi-id.com\/wp-content\/uploads\/2022\/03\/webbannercoming-soon.png","type":"image\/png"}],"author":"yogyakarta","twitter_card":"summary_large_image","twitter_misc":{"\u00c9crit par":"yogyakarta","Dur\u00e9e de lecture estim\u00e9e":"6 minutes"},"schema":{"@context":"https:\/\/schema.org","@graph":[{"@type":"Article","@id":"https:\/\/www.ifi-id.com\/fr\/semaine-de-la-francophonie-2022\/#article","isPartOf":{"@id":"https:\/\/www.ifi-id.com\/fr\/semaine-de-la-francophonie-2022\/"},"author":{"name":"yogyakarta","@id":"https:\/\/www.ifi-id.com\/#\/schema\/person\/3b321478664439d4b8639bfd6e6577b3"},"headline":"Semaine de la Francophonie 2022","datePublished":"2022-03-08T09:12:24+00:00","dateModified":"2022-03-14T07:18:41+00:00","mainEntityOfPage":{"@id":"https:\/\/www.ifi-id.com\/fr\/semaine-de-la-francophonie-2022\/"},"wordCount":1260,"publisher":{"@id":"https:\/\/www.ifi-id.com\/#organization"},"image":{"@id":"https:\/\/www.ifi-id.com\/fr\/semaine-de-la-francophonie-2022\/#primaryimage"},"thumbnailUrl":"https:\/\/www.ifi-id.com\/wp-content\/uploads\/2022\/03\/webbannercoming-soon.png","keywords":["Culture","Linguistique","Yogyakarta"],"articleSection":["Cin\u00e9ma","Culture","Jeux","Linguistique","Uncategorized"],"inLanguage":"fr-FR"},{"@type":"WebPage","@id":"https:\/\/www.ifi-id.com\/fr\/semaine-de-la-francophonie-2022\/","url":"https:\/\/www.ifi-id.com\/fr\/semaine-de-la-francophonie-2022\/","name":"Semaine de la Francophonie 2022 - Institut fran\u00e7ais Indon\u00e9sie","isPartOf":{"@id":"https:\/\/www.ifi-id.com\/#website"},"primaryImageOfPage":{"@id":"https:\/\/www.ifi-id.com\/fr\/semaine-de-la-francophonie-2022\/#primaryimage"},"image":{"@id":"https:\/\/www.ifi-id.com\/fr\/semaine-de-la-francophonie-2022\/#primaryimage"},"thumbnailUrl":"https:\/\/www.ifi-id.com\/wp-content\/uploads\/2022\/03\/webbannercoming-soon.png","datePublished":"2022-03-08T09:12:24+00:00","dateModified":"2022-03-14T07:18:41+00:00","description":"Semaine de la Francophonie 2022","breadcrumb":{"@id":"https:\/\/www.ifi-id.com\/fr\/semaine-de-la-francophonie-2022\/#breadcrumb"},"inLanguage":"fr-FR","potentialAction":[{"@type":"ReadAction","target":["https:\/\/www.ifi-id.com\/fr\/semaine-de-la-francophonie-2022\/"]}]},{"@type":"ImageObject","inLanguage":"fr-FR","@id":"https:\/\/www.ifi-id.com\/fr\/semaine-de-la-francophonie-2022\/#primaryimage","url":"https:\/\/www.ifi-id.com\/wp-content\/uploads\/2022\/03\/webbannercoming-soon.png","contentUrl":"https:\/\/www.ifi-id.com\/wp-content\/uploads\/2022\/03\/webbannercoming-soon.png","width":1280,"height":720},{"@type":"BreadcrumbList","@id":"https:\/\/www.ifi-id.com\/fr\/semaine-de-la-francophonie-2022\/#breadcrumb","itemListElement":[{"@type":"ListItem","position":1,"name":"Home","item":"https:\/\/www.ifi-id.com\/"},{"@type":"ListItem","position":2,"name":"Bahasa","item":"https:\/\/www.ifi-id.com\/category\/bahasa\/"},{"@type":"ListItem","position":3,"name":"Semaine de la Francophonie 2022"}]},{"@type":"WebSite","@id":"https:\/\/www.ifi-id.com\/#website","url":"https:\/\/www.ifi-id.com\/","name":"Institut fran\u00e7ais Indon\u00e9sie","description":"","publisher":{"@id":"https:\/\/www.ifi-id.com\/#organization"},"potentialAction":[{"@type":"SearchAction","target":{"@type":"EntryPoint","urlTemplate":"https:\/\/www.ifi-id.com\/?s={search_term_string}"},"query-input":{"@type":"PropertyValueSpecification","valueRequired":true,"valueName":"search_term_string"}}],"inLanguage":"fr-FR"},{"@type":"Organization","@id":"https:\/\/www.ifi-id.com\/#organization","name":"Institut fran\u00e7ais Indon\u00e9sie","url":"https:\/\/www.ifi-id.com\/","logo":{"@type":"ImageObject","inLanguage":"fr-FR","@id":"https:\/\/www.ifi-id.com\/#\/schema\/logo\/image\/","url":"https:\/\/www.ifi-id.com\/wp-content\/uploads\/2022\/12\/IFI_New_Logo.jpg","contentUrl":"https:\/\/www.ifi-id.com\/wp-content\/uploads\/2022\/12\/IFI_New_Logo.jpg","width":666,"height":444,"caption":"Institut fran\u00e7ais Indon\u00e9sie"},"image":{"@id":"https:\/\/www.ifi-id.com\/#\/schema\/logo\/image\/"}},{"@type":"Person","@id":"https:\/\/www.ifi-id.com\/#\/schema\/person\/3b321478664439d4b8639bfd6e6577b3","name":"yogyakarta","image":{"@type":"ImageObject","inLanguage":"fr-FR","@id":"https:\/\/www.ifi-id.com\/#\/schema\/person\/image\/","url":"https:\/\/secure.gravatar.com\/avatar\/5c7002233f1d8e3c292a47fb4ad5fe14?s=96&d=mm&r=g","contentUrl":"https:\/\/secure.gravatar.com\/avatar\/5c7002233f1d8e3c292a47fb4ad5fe14?s=96&d=mm&r=g","caption":"yogyakarta"},"url":"https:\/\/www.ifi-id.com\/fr\/author\/ifi_yogyakarta\/"}]}},"post_mailing_queue_ids":[],"_links":{"self":[{"href":"https:\/\/www.ifi-id.com\/fr\/wp-json\/wp\/v2\/posts\/21874"}],"collection":[{"href":"https:\/\/www.ifi-id.com\/fr\/wp-json\/wp\/v2\/posts"}],"about":[{"href":"https:\/\/www.ifi-id.com\/fr\/wp-json\/wp\/v2\/types\/post"}],"author":[{"embeddable":true,"href":"https:\/\/www.ifi-id.com\/fr\/wp-json\/wp\/v2\/users\/4"}],"replies":[{"embeddable":true,"href":"https:\/\/www.ifi-id.com\/fr\/wp-json\/wp\/v2\/comments?post=21874"}],"version-history":[{"count":7,"href":"https:\/\/www.ifi-id.com\/fr\/wp-json\/wp\/v2\/posts\/21874\/revisions"}],"predecessor-version":[{"id":22068,"href":"https:\/\/www.ifi-id.com\/fr\/wp-json\/wp\/v2\/posts\/21874\/revisions\/22068"}],"wp:featuredmedia":[{"embeddable":true,"href":"https:\/\/www.ifi-id.com\/fr\/wp-json\/wp\/v2\/media\/21827"}],"wp:attachment":[{"href":"https:\/\/www.ifi-id.com\/fr\/wp-json\/wp\/v2\/media?parent=21874"}],"wp:term":[{"taxonomy":"category","embeddable":true,"href":"https:\/\/www.ifi-id.com\/fr\/wp-json\/wp\/v2\/categories?post=21874"},{"taxonomy":"post_tag","embeddable":true,"href":"https:\/\/www.ifi-id.com\/fr\/wp-json\/wp\/v2\/tags?post=21874"}],"curies":[{"name":"wp","href":"https:\/\/api.w.org\/{rel}","templated":true}]}}