{"id":21223,"date":"2022-02-09T12:04:22","date_gmt":"2022-02-09T05:04:22","guid":{"rendered":"https:\/\/www.ifi-id.com\/cours-thematiques-fevrier-2022"},"modified":"2022-02-09T12:04:22","modified_gmt":"2022-02-09T05:04:22","slug":"cours-thematiques-fevrier-2022","status":"publish","type":"post","link":"https:\/\/www.ifi-id.com\/fr\/cours-thematiques-fevrier-2022\/","title":{"rendered":"Cours Th\u00e9matiques &#8211; f\u00e9vrier 2022"},"content":{"rendered":"\t\t<div data-elementor-type=\"wp-post\" data-elementor-id=\"21223\" class=\"elementor elementor-21223 elementor-21095\" data-elementor-post-type=\"post\">\n\t\t\t\t\t\t<section class=\"elementor-section elementor-top-section elementor-element elementor-element-86dc7f3 elementor-section-boxed elementor-section-height-default elementor-section-height-default\" data-id=\"86dc7f3\" data-element_type=\"section\">\n\t\t\t\t\t\t<div class=\"elementor-container elementor-column-gap-default\">\n\t\t\t\t\t<div class=\"elementor-column elementor-col-100 elementor-top-column elementor-element elementor-element-2808f6c\" data-id=\"2808f6c\" data-element_type=\"column\">\n\t\t\t<div class=\"elementor-widget-wrap elementor-element-populated\">\n\t\t\t\t\t\t<div class=\"elementor-element elementor-element-e2ae1a9 elementor-widget elementor-widget-text-editor\" data-id=\"e2ae1a9\" data-element_type=\"widget\" data-widget_type=\"text-editor.default\">\n\t\t\t\t<div class=\"elementor-widget-container\">\n\t\t\t\t\t\t\t<p>Vous \u00eates confus car vous avez des besoins sp\u00e9cifiques pour votre apprentissage de la langue fran\u00e7aise\u00a0? Les cours de fran\u00e7ais th\u00e9matiques de l&rsquo;IFI sont la solution pour toutes celles et tous ceux qui souhaitent apprendre le fran\u00e7ais sur un th\u00e8me pr\u00e9cis. Allons voir quels sont les th\u00e8mes de cours propos\u00e9s ce mois-ci !<\/p>\n\t\t\t\t\t\t<\/div>\n\t\t\t\t<\/div>\n\t\t\t\t\t<\/div>\n\t\t<\/div>\n\t\t\t\t\t<\/div>\n\t\t<\/section>\n\t\t\t\t<section class=\"elementor-section elementor-top-section elementor-element elementor-element-cabe323 elementor-section-boxed elementor-section-height-default elementor-section-height-default\" data-id=\"cabe323\" data-element_type=\"section\">\n\t\t\t\t\t\t<div class=\"elementor-container elementor-column-gap-default\">\n\t\t\t\t\t<div class=\"elementor-column elementor-col-100 elementor-top-column elementor-element elementor-element-cf65f97\" data-id=\"cf65f97\" data-element_type=\"column\">\n\t\t\t<div class=\"elementor-widget-wrap elementor-element-populated\">\n\t\t\t\t\t\t<div class=\"elementor-element elementor-element-a212cd4 elementor-widget elementor-widget-heading\" data-id=\"a212cd4\" data-element_type=\"widget\" data-widget_type=\"heading.default\">\n\t\t\t\t<div class=\"elementor-widget-container\">\n\t\t\t<h2 class=\"elementor-heading-title elementor-size-default\">Fran\u00e7ais des affaires<\/h2>\t\t<\/div>\n\t\t\t\t<\/div>\n\t\t\t\t<div class=\"elementor-element elementor-element-baba945 elementor-widget elementor-widget-image\" data-id=\"baba945\" data-element_type=\"widget\" data-widget_type=\"image.default\">\n\t\t\t\t<div class=\"elementor-widget-container\">\n\t\t\t\t\t\t\t\t\t\t\t\t\t<img fetchpriority=\"high\" decoding=\"async\" width=\"1280\" height=\"720\" src=\"https:\/\/www.ifi-id.com\/wp-content\/uploads\/2022\/02\/wb-fos-Bahasa-Prancis-Profesional-copy.jpg\" class=\"attachment-full size-full wp-image-21113\" alt=\"\" srcset=\"https:\/\/www.ifi-id.com\/wp-content\/uploads\/2022\/02\/wb-fos-Bahasa-Prancis-Profesional-copy.jpg 1280w, https:\/\/www.ifi-id.com\/wp-content\/uploads\/2022\/02\/wb-fos-Bahasa-Prancis-Profesional-copy-300x169.jpg 300w, https:\/\/www.ifi-id.com\/wp-content\/uploads\/2022\/02\/wb-fos-Bahasa-Prancis-Profesional-copy-1024x576.jpg 1024w, https:\/\/www.ifi-id.com\/wp-content\/uploads\/2022\/02\/wb-fos-Bahasa-Prancis-Profesional-copy-768x432.jpg 768w\" sizes=\"100vw\" \/>\t\t\t\t\t\t\t\t\t\t\t\t\t<\/div>\n\t\t\t\t<\/div>\n\t\t\t\t<div class=\"elementor-element elementor-element-94bdfa5 elementor-widget elementor-widget-text-editor\" data-id=\"94bdfa5\" data-element_type=\"widget\" data-widget_type=\"text-editor.default\">\n\t\t\t\t<div class=\"elementor-widget-container\">\n\t\t\t\t\t\t\t<p>Vous r\u00eavez de faire carri\u00e8re dans une entreprise ou une organisation internationale ? La ma\u00eetrise de la langue fran\u00e7aise vous ouvrira non seulement de nouveaux horizons, mais \u00e9largira \u00e9galement vos opportunit\u00e9s de carri\u00e8re. En effet, le fran\u00e7ais est la langue officielle utilis\u00e9e dans de nombreuses organisations internationales telles que les Nations Unies, l&rsquo;Union Europ\u00e9enne, ou encore l&rsquo;OCDE.<\/p>\n<p>Inscrivez-vous d\u00e8s maintenant au cours de fran\u00e7ais professionnel et partez \u00e0 la conqu\u00eate de vos r\u00eaves avec l\u2019IFI !<\/p>\n\t\t\t\t\t\t<\/div>\n\t\t\t\t<\/div>\n\t\t\t\t\t<\/div>\n\t\t<\/div>\n\t\t\t\t\t<\/div>\n\t\t<\/section>\n\t\t\t\t<section class=\"elementor-section elementor-top-section elementor-element elementor-element-dfa9683 elementor-section-boxed elementor-section-height-default elementor-section-height-default\" data-id=\"dfa9683\" data-element_type=\"section\">\n\t\t\t\t\t\t<div class=\"elementor-container elementor-column-gap-default\">\n\t\t\t\t\t<div class=\"elementor-column elementor-col-100 elementor-top-column elementor-element elementor-element-29dd434\" data-id=\"29dd434\" data-element_type=\"column\">\n\t\t\t<div class=\"elementor-widget-wrap elementor-element-populated\">\n\t\t\t\t\t\t<div class=\"elementor-element elementor-element-3e02d06 elementor-widget elementor-widget-heading\" data-id=\"3e02d06\" data-element_type=\"widget\" data-widget_type=\"heading.default\">\n\t\t\t\t<div class=\"elementor-widget-container\">\n\t\t\t<h2 class=\"elementor-heading-title elementor-size-default\">Parler comme un francais !<\/h2>\t\t<\/div>\n\t\t\t\t<\/div>\n\t\t\t\t<div class=\"elementor-element elementor-element-cef33bc elementor-widget elementor-widget-image\" data-id=\"cef33bc\" data-element_type=\"widget\" data-widget_type=\"image.default\">\n\t\t\t\t<div class=\"elementor-widget-container\">\n\t\t\t\t\t\t\t\t\t\t\t\t\t<img decoding=\"async\" width=\"1280\" height=\"720\" src=\"https:\/\/www.ifi-id.com\/wp-content\/uploads\/2022\/02\/wb-fos-Parler-comme-un-Franc\u0327ais-copy.jpg\" class=\"attachment-full size-full wp-image-21115\" alt=\"\" srcset=\"https:\/\/www.ifi-id.com\/wp-content\/uploads\/2022\/02\/wb-fos-Parler-comme-un-Franc\u0327ais-copy.jpg 1280w, https:\/\/www.ifi-id.com\/wp-content\/uploads\/2022\/02\/wb-fos-Parler-comme-un-Franc\u0327ais-copy-300x169.jpg 300w, https:\/\/www.ifi-id.com\/wp-content\/uploads\/2022\/02\/wb-fos-Parler-comme-un-Franc\u0327ais-copy-1024x576.jpg 1024w, https:\/\/www.ifi-id.com\/wp-content\/uploads\/2022\/02\/wb-fos-Parler-comme-un-Franc\u0327ais-copy-768x432.jpg 768w\" sizes=\"100vw\" \/>\t\t\t\t\t\t\t\t\t\t\t\t\t<\/div>\n\t\t\t\t<\/div>\n\t\t\t\t<div class=\"elementor-element elementor-element-a604aca elementor-widget elementor-widget-text-editor\" data-id=\"a604aca\" data-element_type=\"widget\" data-widget_type=\"text-editor.default\">\n\t\t\t\t<div class=\"elementor-widget-container\">\n\t\t\t\t\t\t\t<p>Tous les jours\u2026 \u00ab\u00a0tos les jors ?\u00a0\u00bb, \u00ab\u00a0to les jur ??\u00a0\u00bb, comment \u00e7a se prononce ? Voici le cours r\u00eav\u00e9 pour toutes celles et tous ceux qui souhaitent perfectionner leur prononciation et leur intonation en langue fran\u00e7aise afin de pouvoir s\u2019exprimer tel un locuteur natif fran\u00e7ais. Inscrivez-vous d\u00e8s maintenant !<\/p>\n\t\t\t\t\t\t<\/div>\n\t\t\t\t<\/div>\n\t\t\t\t\t<\/div>\n\t\t<\/div>\n\t\t\t\t\t<\/div>\n\t\t<\/section>\n\t\t\t\t<section class=\"elementor-section elementor-top-section elementor-element elementor-element-7c02c7a elementor-section-boxed elementor-section-height-default elementor-section-height-default\" data-id=\"7c02c7a\" data-element_type=\"section\">\n\t\t\t\t\t\t<div class=\"elementor-container elementor-column-gap-default\">\n\t\t\t\t\t<div class=\"elementor-column elementor-col-100 elementor-top-column elementor-element elementor-element-e5dde71\" data-id=\"e5dde71\" data-element_type=\"column\">\n\t\t\t<div class=\"elementor-widget-wrap elementor-element-populated\">\n\t\t\t\t\t\t<div class=\"elementor-element elementor-element-7ec4f3c elementor-widget elementor-widget-heading\" data-id=\"7ec4f3c\" data-element_type=\"widget\" data-widget_type=\"heading.default\">\n\t\t\t\t<div class=\"elementor-widget-container\">\n\t\t\t<h2 class=\"elementor-heading-title elementor-size-default\">Atelier Grammaire<\/h2>\t\t<\/div>\n\t\t\t\t<\/div>\n\t\t\t\t<div class=\"elementor-element elementor-element-8e44e62 elementor-widget elementor-widget-image\" data-id=\"8e44e62\" data-element_type=\"widget\" data-widget_type=\"image.default\">\n\t\t\t\t<div class=\"elementor-widget-container\">\n\t\t\t\t\t\t\t\t\t\t\t\t\t<img decoding=\"async\" width=\"1280\" height=\"720\" src=\"https:\/\/www.ifi-id.com\/wp-content\/uploads\/2022\/02\/wb-Atelier-Grammaire-copy-2.jpg\" class=\"attachment-full size-full wp-image-21111\" alt=\"\" srcset=\"https:\/\/www.ifi-id.com\/wp-content\/uploads\/2022\/02\/wb-Atelier-Grammaire-copy-2.jpg 1280w, https:\/\/www.ifi-id.com\/wp-content\/uploads\/2022\/02\/wb-Atelier-Grammaire-copy-2-300x169.jpg 300w, https:\/\/www.ifi-id.com\/wp-content\/uploads\/2022\/02\/wb-Atelier-Grammaire-copy-2-1024x576.jpg 1024w, https:\/\/www.ifi-id.com\/wp-content\/uploads\/2022\/02\/wb-Atelier-Grammaire-copy-2-768x432.jpg 768w\" sizes=\"100vw\" \/>\t\t\t\t\t\t\t\t\t\t\t\t\t<\/div>\n\t\t\t\t<\/div>\n\t\t\t\t<div class=\"elementor-element elementor-element-d01df04 elementor-widget elementor-widget-text-editor\" data-id=\"d01df04\" data-element_type=\"widget\" data-widget_type=\"text-editor.default\">\n\t\t\t\t<div class=\"elementor-widget-container\">\n\t\t\t\t\t\t\t<p>Vous voulez vous exprimer en fran\u00e7ais mais vous avez des doutes sur la bonne grammaire \u00e0 employer ? Ne vous inqui\u00e9tez pas, gr\u00e2ce au cours \u00ab\u00a0Atelier Grammaire\u00a0\u00bb, vous n\u2019aurez plus aucun doute !<\/p>\n\t\t\t\t\t\t<\/div>\n\t\t\t\t<\/div>\n\t\t\t\t\t<\/div>\n\t\t<\/div>\n\t\t\t\t\t<\/div>\n\t\t<\/section>\n\t\t\t\t<section class=\"elementor-section elementor-top-section elementor-element elementor-element-2d86332 elementor-section-boxed elementor-section-height-default elementor-section-height-default\" data-id=\"2d86332\" data-element_type=\"section\">\n\t\t\t\t\t\t<div class=\"elementor-container elementor-column-gap-default\">\n\t\t\t\t\t<div class=\"elementor-column elementor-col-100 elementor-top-column elementor-element elementor-element-f974e0a\" data-id=\"f974e0a\" data-element_type=\"column\">\n\t\t\t<div class=\"elementor-widget-wrap elementor-element-populated\">\n\t\t\t\t\t\t<div class=\"elementor-element elementor-element-8ca7ccb elementor-widget elementor-widget-button\" data-id=\"8ca7ccb\" data-element_type=\"widget\" data-widget_type=\"button.default\">\n\t\t\t\t<div class=\"elementor-widget-container\">\n\t\t\t\t\t<div class=\"elementor-button-wrapper\">\n\t\t\t<a class=\"elementor-button elementor-button-link elementor-size-lg\" href=\"https:\/\/www.ifi-id.com\/fr\/apprendre-le-francais-en-ligne-avec-linstitut-francais-dindonesie\">\n\t\t\t\t\t\t<span class=\"elementor-button-content-wrapper\">\n\t\t\t\t\t\t\t\t\t<span class=\"elementor-button-text\">Cliquez ici pour s'inscrice<\/span>\n\t\t\t\t\t<\/span>\n\t\t\t\t\t<\/a>\n\t\t<\/div>\n\t\t\t\t<\/div>\n\t\t\t\t<\/div>\n\t\t\t\t\t<\/div>\n\t\t<\/div>\n\t\t\t\t\t<\/div>\n\t\t<\/section>\n\t\t\t\t<\/div>\n\t\t","protected":false},"excerpt":{"rendered":"<p>Vous \u00eates confus car vous avez des besoins sp\u00e9cifiques pour votre apprentissage de la langue fran\u00e7aise ? Les cours de fran\u00e7ais th\u00e9matiques de l&rsquo;IFI sont la solution pour toutes celles et tous ceux qui souhaitent apprendre le fran\u00e7ais sur un th\u00e8me pr\u00e9cis.<\/p>\n","protected":false},"author":8,"featured_media":21099,"comment_status":"closed","ping_status":"closed","sticky":false,"template":"","format":"standard","meta":{"footnotes":""},"categories":[1],"tags":[449,141],"class_list":["post-21223","post","type-post","status-publish","format-standard","has-post-thumbnail","hentry","category-uncategorized","tag-cours-a-distance","tag-linguistique"],"yoast_head":"<!-- This site is optimized with the Yoast SEO plugin v23.5 - https:\/\/yoast.com\/wordpress\/plugins\/seo\/ -->\n<title>Cours Th\u00e9matiques - f\u00e9vrier 2022 - Institut fran\u00e7ais Indon\u00e9sie<\/title>\n<meta name=\"description\" content=\"Vous \u00eates confus car vous avez des besoins sp\u00e9cifiques pour votre apprentissage de la langue fran\u00e7aise ? Les cours de fran\u00e7ais th\u00e9matiques de l&#039;IFI sont la solution pour toutes celles et tous ceux qui souhaitent apprendre le fran\u00e7ais sur un th\u00e8me pr\u00e9cis.\" \/>\n<meta name=\"robots\" content=\"index, follow, max-snippet:-1, max-image-preview:large, max-video-preview:-1\" \/>\n<link rel=\"canonical\" href=\"https:\/\/www.ifi-id.com\/fr\/cours-thematiques-fevrier-2022\/\" \/>\n<meta property=\"og:locale\" content=\"fr_FR\" \/>\n<meta property=\"og:type\" content=\"article\" \/>\n<meta property=\"og:title\" content=\"Cours Th\u00e9matiques - f\u00e9vrier 2022\" \/>\n<meta property=\"og:description\" content=\"Vous \u00eates confus car vous avez des besoins sp\u00e9cifiques pour votre apprentissage de la langue fran\u00e7aise ? Les cours de fran\u00e7ais th\u00e9matiques de l&#039;IFI sont la solution pour toutes celles et tous ceux qui souhaitent apprendre le fran\u00e7ais sur un th\u00e8me pr\u00e9cis.\" \/>\n<meta property=\"og:url\" content=\"https:\/\/www.ifi-id.com\/fr\/cours-thematiques-fevrier-2022\/\" \/>\n<meta property=\"og:site_name\" content=\"Institut fran\u00e7ais Indon\u00e9sie\" \/>\n<meta property=\"article:published_time\" content=\"2022-02-09T05:04:22+00:00\" \/>\n<meta property=\"og:image\" content=\"https:\/\/www.ifi-id.com\/wp-content\/uploads\/2022\/02\/WhatsApp-Image-2022-02-07-at-6.53.16-PM.jpeg\" \/>\n<meta name=\"author\" content=\"Ghaisani Azizi Nurul Rizki\" \/>\n<meta name=\"twitter:card\" content=\"summary_large_image\" \/>\n<meta name=\"twitter:title\" content=\"Cours Th\u00e9matiques - f\u00e9vrier 2022\" \/>\n<meta name=\"twitter:description\" content=\"Vous \u00eates confus car vous avez des besoins sp\u00e9cifiques pour votre apprentissage de la langue fran\u00e7aise ? Les cours de fran\u00e7ais th\u00e9matiques de l&#039;IFI sont la solution pour toutes celles et tous ceux qui souhaitent apprendre le fran\u00e7ais sur un th\u00e8me pr\u00e9cis.\" \/>\n<meta name=\"twitter:image\" content=\"https:\/\/www.ifi-id.com\/wp-content\/uploads\/2022\/02\/WhatsApp-Image-2022-02-07-at-6.53.16-PM.jpeg\" \/>\n<meta name=\"twitter:label1\" content=\"\u00c9crit par\" \/>\n\t<meta name=\"twitter:data1\" content=\"Ghaisani Azizi Nurul Rizki\" \/>\n\t<meta name=\"twitter:label2\" content=\"Dur\u00e9e de lecture estim\u00e9e\" \/>\n\t<meta name=\"twitter:data2\" content=\"1 minute\" \/>\n<script type=\"application\/ld+json\" class=\"yoast-schema-graph\">{\"@context\":\"https:\/\/schema.org\",\"@graph\":[{\"@type\":\"Article\",\"@id\":\"https:\/\/www.ifi-id.com\/fr\/cours-thematiques-fevrier-2022\/#article\",\"isPartOf\":{\"@id\":\"https:\/\/www.ifi-id.com\/fr\/cours-thematiques-fevrier-2022\/\"},\"author\":{\"name\":\"Ghaisani Azizi Nurul Rizki\",\"@id\":\"https:\/\/www.ifi-id.com\/#\/schema\/person\/a4eae510c216615f5c0f4e02f4edff1b\"},\"headline\":\"Cours Th\u00e9matiques &#8211; f\u00e9vrier 2022\",\"datePublished\":\"2022-02-09T05:04:22+00:00\",\"dateModified\":\"2022-02-09T05:04:22+00:00\",\"mainEntityOfPage\":{\"@id\":\"https:\/\/www.ifi-id.com\/fr\/cours-thematiques-fevrier-2022\/\"},\"wordCount\":253,\"publisher\":{\"@id\":\"https:\/\/www.ifi-id.com\/#organization\"},\"image\":{\"@id\":\"https:\/\/www.ifi-id.com\/fr\/cours-thematiques-fevrier-2022\/#primaryimage\"},\"thumbnailUrl\":\"https:\/\/www.ifi-id.com\/wp-content\/uploads\/2022\/02\/WhatsApp-Image-2022-02-07-at-6.53.16-PM.jpeg\",\"keywords\":[\"Cours \u00e0 distance\",\"Linguistique\"],\"articleSection\":[\"Uncategorized\"],\"inLanguage\":\"fr-FR\"},{\"@type\":\"WebPage\",\"@id\":\"https:\/\/www.ifi-id.com\/fr\/cours-thematiques-fevrier-2022\/\",\"url\":\"https:\/\/www.ifi-id.com\/fr\/cours-thematiques-fevrier-2022\/\",\"name\":\"Cours Th\u00e9matiques - f\u00e9vrier 2022 - Institut fran\u00e7ais Indon\u00e9sie\",\"isPartOf\":{\"@id\":\"https:\/\/www.ifi-id.com\/#website\"},\"primaryImageOfPage\":{\"@id\":\"https:\/\/www.ifi-id.com\/fr\/cours-thematiques-fevrier-2022\/#primaryimage\"},\"image\":{\"@id\":\"https:\/\/www.ifi-id.com\/fr\/cours-thematiques-fevrier-2022\/#primaryimage\"},\"thumbnailUrl\":\"https:\/\/www.ifi-id.com\/wp-content\/uploads\/2022\/02\/WhatsApp-Image-2022-02-07-at-6.53.16-PM.jpeg\",\"datePublished\":\"2022-02-09T05:04:22+00:00\",\"dateModified\":\"2022-02-09T05:04:22+00:00\",\"description\":\"Vous \u00eates confus car vous avez des besoins sp\u00e9cifiques pour votre apprentissage de la langue fran\u00e7aise ? Les cours de fran\u00e7ais th\u00e9matiques de l'IFI sont la solution pour toutes celles et tous ceux qui souhaitent apprendre le fran\u00e7ais sur un th\u00e8me pr\u00e9cis.\",\"breadcrumb\":{\"@id\":\"https:\/\/www.ifi-id.com\/fr\/cours-thematiques-fevrier-2022\/#breadcrumb\"},\"inLanguage\":\"fr-FR\",\"potentialAction\":[{\"@type\":\"ReadAction\",\"target\":[\"https:\/\/www.ifi-id.com\/fr\/cours-thematiques-fevrier-2022\/\"]}]},{\"@type\":\"ImageObject\",\"inLanguage\":\"fr-FR\",\"@id\":\"https:\/\/www.ifi-id.com\/fr\/cours-thematiques-fevrier-2022\/#primaryimage\",\"url\":\"https:\/\/www.ifi-id.com\/wp-content\/uploads\/2022\/02\/WhatsApp-Image-2022-02-07-at-6.53.16-PM.jpeg\",\"contentUrl\":\"https:\/\/www.ifi-id.com\/wp-content\/uploads\/2022\/02\/WhatsApp-Image-2022-02-07-at-6.53.16-PM.jpeg\",\"width\":1280,\"height\":720},{\"@type\":\"BreadcrumbList\",\"@id\":\"https:\/\/www.ifi-id.com\/fr\/cours-thematiques-fevrier-2022\/#breadcrumb\",\"itemListElement\":[{\"@type\":\"ListItem\",\"position\":1,\"name\":\"Home\",\"item\":\"https:\/\/www.ifi-id.com\/\"},{\"@type\":\"ListItem\",\"position\":2,\"name\":\"Uncategorized\",\"item\":\"https:\/\/www.ifi-id.com\/fr\/category\/uncategorized\/\"},{\"@type\":\"ListItem\",\"position\":3,\"name\":\"Cours Th\u00e9matiques &#8211; f\u00e9vrier 2022\"}]},{\"@type\":\"WebSite\",\"@id\":\"https:\/\/www.ifi-id.com\/#website\",\"url\":\"https:\/\/www.ifi-id.com\/\",\"name\":\"Institut fran\u00e7ais Indon\u00e9sie\",\"description\":\"\",\"publisher\":{\"@id\":\"https:\/\/www.ifi-id.com\/#organization\"},\"potentialAction\":[{\"@type\":\"SearchAction\",\"target\":{\"@type\":\"EntryPoint\",\"urlTemplate\":\"https:\/\/www.ifi-id.com\/?s={search_term_string}\"},\"query-input\":{\"@type\":\"PropertyValueSpecification\",\"valueRequired\":true,\"valueName\":\"search_term_string\"}}],\"inLanguage\":\"fr-FR\"},{\"@type\":\"Organization\",\"@id\":\"https:\/\/www.ifi-id.com\/#organization\",\"name\":\"Institut fran\u00e7ais Indon\u00e9sie\",\"url\":\"https:\/\/www.ifi-id.com\/\",\"logo\":{\"@type\":\"ImageObject\",\"inLanguage\":\"fr-FR\",\"@id\":\"https:\/\/www.ifi-id.com\/#\/schema\/logo\/image\/\",\"url\":\"https:\/\/www.ifi-id.com\/wp-content\/uploads\/2022\/12\/IFI_New_Logo.jpg\",\"contentUrl\":\"https:\/\/www.ifi-id.com\/wp-content\/uploads\/2022\/12\/IFI_New_Logo.jpg\",\"width\":666,\"height\":444,\"caption\":\"Institut fran\u00e7ais Indon\u00e9sie\"},\"image\":{\"@id\":\"https:\/\/www.ifi-id.com\/#\/schema\/logo\/image\/\"}},{\"@type\":\"Person\",\"@id\":\"https:\/\/www.ifi-id.com\/#\/schema\/person\/a4eae510c216615f5c0f4e02f4edff1b\",\"name\":\"Ghaisani Azizi Nurul Rizki\",\"image\":{\"@type\":\"ImageObject\",\"inLanguage\":\"fr-FR\",\"@id\":\"https:\/\/www.ifi-id.com\/#\/schema\/person\/image\/\",\"url\":\"https:\/\/secure.gravatar.com\/avatar\/8ce4836ecc2a94798a84b768a7f20853?s=96&d=mm&r=g\",\"contentUrl\":\"https:\/\/secure.gravatar.com\/avatar\/8ce4836ecc2a94798a84b768a7f20853?s=96&d=mm&r=g\",\"caption\":\"Ghaisani Azizi Nurul Rizki\"},\"url\":\"https:\/\/www.ifi-id.com\/fr\/author\/azizi\/\"}]}<\/script>\n<!-- \/ Yoast SEO plugin. -->","yoast_head_json":{"title":"Cours Th\u00e9matiques - f\u00e9vrier 2022 - Institut fran\u00e7ais Indon\u00e9sie","description":"Vous \u00eates confus car vous avez des besoins sp\u00e9cifiques pour votre apprentissage de la langue fran\u00e7aise ? Les cours de fran\u00e7ais th\u00e9matiques de l'IFI sont la solution pour toutes celles et tous ceux qui souhaitent apprendre le fran\u00e7ais sur un th\u00e8me pr\u00e9cis.","robots":{"index":"index","follow":"follow","max-snippet":"max-snippet:-1","max-image-preview":"max-image-preview:large","max-video-preview":"max-video-preview:-1"},"canonical":"https:\/\/www.ifi-id.com\/fr\/cours-thematiques-fevrier-2022\/","og_locale":"fr_FR","og_type":"article","og_title":"Cours Th\u00e9matiques - f\u00e9vrier 2022","og_description":"Vous \u00eates confus car vous avez des besoins sp\u00e9cifiques pour votre apprentissage de la langue fran\u00e7aise ? Les cours de fran\u00e7ais th\u00e9matiques de l'IFI sont la solution pour toutes celles et tous ceux qui souhaitent apprendre le fran\u00e7ais sur un th\u00e8me pr\u00e9cis.","og_url":"https:\/\/www.ifi-id.com\/fr\/cours-thematiques-fevrier-2022\/","og_site_name":"Institut fran\u00e7ais Indon\u00e9sie","article_published_time":"2022-02-09T05:04:22+00:00","og_image":[{"url":"https:\/\/www.ifi-id.com\/wp-content\/uploads\/2022\/02\/WhatsApp-Image-2022-02-07-at-6.53.16-PM.jpeg"}],"author":"Ghaisani Azizi Nurul Rizki","twitter_card":"summary_large_image","twitter_title":"Cours Th\u00e9matiques - f\u00e9vrier 2022","twitter_description":"Vous \u00eates confus car vous avez des besoins sp\u00e9cifiques pour votre apprentissage de la langue fran\u00e7aise ? Les cours de fran\u00e7ais th\u00e9matiques de l'IFI sont la solution pour toutes celles et tous ceux qui souhaitent apprendre le fran\u00e7ais sur un th\u00e8me pr\u00e9cis.","twitter_image":"https:\/\/www.ifi-id.com\/wp-content\/uploads\/2022\/02\/WhatsApp-Image-2022-02-07-at-6.53.16-PM.jpeg","twitter_misc":{"\u00c9crit par":"Ghaisani Azizi Nurul Rizki","Dur\u00e9e de lecture estim\u00e9e":"1 minute"},"schema":{"@context":"https:\/\/schema.org","@graph":[{"@type":"Article","@id":"https:\/\/www.ifi-id.com\/fr\/cours-thematiques-fevrier-2022\/#article","isPartOf":{"@id":"https:\/\/www.ifi-id.com\/fr\/cours-thematiques-fevrier-2022\/"},"author":{"name":"Ghaisani Azizi Nurul Rizki","@id":"https:\/\/www.ifi-id.com\/#\/schema\/person\/a4eae510c216615f5c0f4e02f4edff1b"},"headline":"Cours Th\u00e9matiques &#8211; f\u00e9vrier 2022","datePublished":"2022-02-09T05:04:22+00:00","dateModified":"2022-02-09T05:04:22+00:00","mainEntityOfPage":{"@id":"https:\/\/www.ifi-id.com\/fr\/cours-thematiques-fevrier-2022\/"},"wordCount":253,"publisher":{"@id":"https:\/\/www.ifi-id.com\/#organization"},"image":{"@id":"https:\/\/www.ifi-id.com\/fr\/cours-thematiques-fevrier-2022\/#primaryimage"},"thumbnailUrl":"https:\/\/www.ifi-id.com\/wp-content\/uploads\/2022\/02\/WhatsApp-Image-2022-02-07-at-6.53.16-PM.jpeg","keywords":["Cours \u00e0 distance","Linguistique"],"articleSection":["Uncategorized"],"inLanguage":"fr-FR"},{"@type":"WebPage","@id":"https:\/\/www.ifi-id.com\/fr\/cours-thematiques-fevrier-2022\/","url":"https:\/\/www.ifi-id.com\/fr\/cours-thematiques-fevrier-2022\/","name":"Cours Th\u00e9matiques - f\u00e9vrier 2022 - Institut fran\u00e7ais Indon\u00e9sie","isPartOf":{"@id":"https:\/\/www.ifi-id.com\/#website"},"primaryImageOfPage":{"@id":"https:\/\/www.ifi-id.com\/fr\/cours-thematiques-fevrier-2022\/#primaryimage"},"image":{"@id":"https:\/\/www.ifi-id.com\/fr\/cours-thematiques-fevrier-2022\/#primaryimage"},"thumbnailUrl":"https:\/\/www.ifi-id.com\/wp-content\/uploads\/2022\/02\/WhatsApp-Image-2022-02-07-at-6.53.16-PM.jpeg","datePublished":"2022-02-09T05:04:22+00:00","dateModified":"2022-02-09T05:04:22+00:00","description":"Vous \u00eates confus car vous avez des besoins sp\u00e9cifiques pour votre apprentissage de la langue fran\u00e7aise ? Les cours de fran\u00e7ais th\u00e9matiques de l'IFI sont la solution pour toutes celles et tous ceux qui souhaitent apprendre le fran\u00e7ais sur un th\u00e8me pr\u00e9cis.","breadcrumb":{"@id":"https:\/\/www.ifi-id.com\/fr\/cours-thematiques-fevrier-2022\/#breadcrumb"},"inLanguage":"fr-FR","potentialAction":[{"@type":"ReadAction","target":["https:\/\/www.ifi-id.com\/fr\/cours-thematiques-fevrier-2022\/"]}]},{"@type":"ImageObject","inLanguage":"fr-FR","@id":"https:\/\/www.ifi-id.com\/fr\/cours-thematiques-fevrier-2022\/#primaryimage","url":"https:\/\/www.ifi-id.com\/wp-content\/uploads\/2022\/02\/WhatsApp-Image-2022-02-07-at-6.53.16-PM.jpeg","contentUrl":"https:\/\/www.ifi-id.com\/wp-content\/uploads\/2022\/02\/WhatsApp-Image-2022-02-07-at-6.53.16-PM.jpeg","width":1280,"height":720},{"@type":"BreadcrumbList","@id":"https:\/\/www.ifi-id.com\/fr\/cours-thematiques-fevrier-2022\/#breadcrumb","itemListElement":[{"@type":"ListItem","position":1,"name":"Home","item":"https:\/\/www.ifi-id.com\/"},{"@type":"ListItem","position":2,"name":"Uncategorized","item":"https:\/\/www.ifi-id.com\/fr\/category\/uncategorized\/"},{"@type":"ListItem","position":3,"name":"Cours Th\u00e9matiques &#8211; f\u00e9vrier 2022"}]},{"@type":"WebSite","@id":"https:\/\/www.ifi-id.com\/#website","url":"https:\/\/www.ifi-id.com\/","name":"Institut fran\u00e7ais Indon\u00e9sie","description":"","publisher":{"@id":"https:\/\/www.ifi-id.com\/#organization"},"potentialAction":[{"@type":"SearchAction","target":{"@type":"EntryPoint","urlTemplate":"https:\/\/www.ifi-id.com\/?s={search_term_string}"},"query-input":{"@type":"PropertyValueSpecification","valueRequired":true,"valueName":"search_term_string"}}],"inLanguage":"fr-FR"},{"@type":"Organization","@id":"https:\/\/www.ifi-id.com\/#organization","name":"Institut fran\u00e7ais Indon\u00e9sie","url":"https:\/\/www.ifi-id.com\/","logo":{"@type":"ImageObject","inLanguage":"fr-FR","@id":"https:\/\/www.ifi-id.com\/#\/schema\/logo\/image\/","url":"https:\/\/www.ifi-id.com\/wp-content\/uploads\/2022\/12\/IFI_New_Logo.jpg","contentUrl":"https:\/\/www.ifi-id.com\/wp-content\/uploads\/2022\/12\/IFI_New_Logo.jpg","width":666,"height":444,"caption":"Institut fran\u00e7ais Indon\u00e9sie"},"image":{"@id":"https:\/\/www.ifi-id.com\/#\/schema\/logo\/image\/"}},{"@type":"Person","@id":"https:\/\/www.ifi-id.com\/#\/schema\/person\/a4eae510c216615f5c0f4e02f4edff1b","name":"Ghaisani Azizi Nurul Rizki","image":{"@type":"ImageObject","inLanguage":"fr-FR","@id":"https:\/\/www.ifi-id.com\/#\/schema\/person\/image\/","url":"https:\/\/secure.gravatar.com\/avatar\/8ce4836ecc2a94798a84b768a7f20853?s=96&d=mm&r=g","contentUrl":"https:\/\/secure.gravatar.com\/avatar\/8ce4836ecc2a94798a84b768a7f20853?s=96&d=mm&r=g","caption":"Ghaisani Azizi Nurul Rizki"},"url":"https:\/\/www.ifi-id.com\/fr\/author\/azizi\/"}]}},"post_mailing_queue_ids":[],"_links":{"self":[{"href":"https:\/\/www.ifi-id.com\/fr\/wp-json\/wp\/v2\/posts\/21223"}],"collection":[{"href":"https:\/\/www.ifi-id.com\/fr\/wp-json\/wp\/v2\/posts"}],"about":[{"href":"https:\/\/www.ifi-id.com\/fr\/wp-json\/wp\/v2\/types\/post"}],"author":[{"embeddable":true,"href":"https:\/\/www.ifi-id.com\/fr\/wp-json\/wp\/v2\/users\/8"}],"replies":[{"embeddable":true,"href":"https:\/\/www.ifi-id.com\/fr\/wp-json\/wp\/v2\/comments?post=21223"}],"version-history":[{"count":1,"href":"https:\/\/www.ifi-id.com\/fr\/wp-json\/wp\/v2\/posts\/21223\/revisions"}],"predecessor-version":[{"id":21224,"href":"https:\/\/www.ifi-id.com\/fr\/wp-json\/wp\/v2\/posts\/21223\/revisions\/21224"}],"wp:featuredmedia":[{"embeddable":true,"href":"https:\/\/www.ifi-id.com\/fr\/wp-json\/wp\/v2\/media\/21099"}],"wp:attachment":[{"href":"https:\/\/www.ifi-id.com\/fr\/wp-json\/wp\/v2\/media?parent=21223"}],"wp:term":[{"taxonomy":"category","embeddable":true,"href":"https:\/\/www.ifi-id.com\/fr\/wp-json\/wp\/v2\/categories?post=21223"},{"taxonomy":"post_tag","embeddable":true,"href":"https:\/\/www.ifi-id.com\/fr\/wp-json\/wp\/v2\/tags?post=21223"}],"curies":[{"name":"wp","href":"https:\/\/api.w.org\/{rel}","templated":true}]}}