{"id":18953,"date":"2021-12-07T16:34:57","date_gmt":"2021-12-07T09:34:57","guid":{"rendered":"https:\/\/www.ifi-id.com\/remise-de-la-medaille-de-chevalier-des-arts-et-des-lettres-a-mr-agus-soekamto"},"modified":"2021-12-09T16:41:08","modified_gmt":"2021-12-09T09:41:08","slug":"remise-de-la-medaille-de-chevalier-des-arts-et-des-lettres-a-mr-agus-soekamto","status":"publish","type":"post","link":"https:\/\/www.ifi-id.com\/fr\/remise-de-la-medaille-de-chevalier-des-arts-et-des-lettres-a-mr-agus-soekamto\/","title":{"rendered":"Remise de la m\u00e9daille de Chevalier des Arts et des Lettres A Mr Agus SOEKAMTO"},"content":{"rendered":"\t\t<div data-elementor-type=\"wp-post\" data-elementor-id=\"18953\" class=\"elementor elementor-18953 elementor-18945\" data-elementor-post-type=\"post\">\n\t\t\t\t\t\t<section class=\"elementor-section elementor-top-section elementor-element elementor-element-3c411bc elementor-section-boxed elementor-section-height-default elementor-section-height-default\" data-id=\"3c411bc\" data-element_type=\"section\">\n\t\t\t\t\t\t<div class=\"elementor-container elementor-column-gap-default\">\n\t\t\t\t\t<div class=\"elementor-column elementor-col-100 elementor-top-column elementor-element elementor-element-4623349\" data-id=\"4623349\" data-element_type=\"column\">\n\t\t\t<div class=\"elementor-widget-wrap elementor-element-populated\">\n\t\t\t\t\t\t<div class=\"elementor-element elementor-element-71468c1 elementor-widget elementor-widget-text-editor\" data-id=\"71468c1\" data-element_type=\"widget\" data-widget_type=\"text-editor.default\">\n\t\t\t\t<div class=\"elementor-widget-container\">\n\t\t\t\t\t\t\t<p><strong>Agus Koecink\u00a0: Son d\u00e9vouement \u00e0 l&rsquo;art lui a valu d\u2019\u00eatre distingu\u00e9 par le gouvernement fran\u00e7ais<\/strong><\/p>\n\t\t\t\t\t\t<\/div>\n\t\t\t\t<\/div>\n\t\t\t\t\t<\/div>\n\t\t<\/div>\n\t\t\t\t\t<\/div>\n\t\t<\/section>\n\t\t\t\t<section class=\"elementor-section elementor-top-section elementor-element elementor-element-be329b1 elementor-section-boxed elementor-section-height-default elementor-section-height-default\" data-id=\"be329b1\" data-element_type=\"section\">\n\t\t\t\t\t\t<div class=\"elementor-container elementor-column-gap-default\">\n\t\t\t\t\t<div class=\"elementor-column elementor-col-66 elementor-top-column elementor-element elementor-element-32e861f\" data-id=\"32e861f\" data-element_type=\"column\">\n\t\t\t<div class=\"elementor-widget-wrap elementor-element-populated\">\n\t\t\t\t\t\t<div class=\"elementor-element elementor-element-8da1b69 elementor-widget elementor-widget-text-editor\" data-id=\"8da1b69\" data-element_type=\"widget\" data-widget_type=\"text-editor.default\">\n\t\t\t\t<div class=\"elementor-widget-container\">\n\t\t\t\t\t\t\t<p>Agus \u00ab\u00a0Koecink\u00a0\u00bb Soekamto, vendredi 3 d\u00e9cembre 2021, a re\u00e7u la m\u00e9daille de \u00ab\u00a0Chevalier de l&rsquo;Ordre des Arts et des Lettres\u00a0\u00bb. Il s&rsquo;agit d&rsquo;un distinction honorifique du minist\u00e8re fran\u00e7ais de la Culture (actuellement dirig\u00e9 par la ministre Roselyne Bachelot-Narquin).La m\u00e9daille a \u00e9t\u00e9 remis directement \u00e0 Surabaya par le repr\u00e9sentant de l&rsquo;Ambassade de France en Indon\u00e9sie, \u00e0 savoir M. St\u00e9phane Dovert, conseiller pour la coop\u00e9ration et l\u2019action culturelle, et \u00e9galement directeur de l&rsquo;Institut fran\u00e7ais en Indon\u00e9sie.<\/p>\n<p>Cette distinction t\u00e9moigne de l&rsquo;engagement d&rsquo;Agus Koecink, artiste \u2013 enseignant \u2013 \u00e9crivain \u2013 commissaire d&rsquo;exposition, depuis plus de dix ans pour soutenir les \u00e9changes culturels et artistiques entre l&rsquo;Indon\u00e9sie et la France. En 2010, Agus Koecink, artiste n\u00e9 \u00e0 Tulunggagung (Java Est) en 1967 et r\u00e9sidant \u00e0 Surabaya, a \u00e9t\u00e9 s\u00e9lectionn\u00e9 pour participer au \u00ab programme de mobilit\u00e9 des acteurs\/acteurs culturels indon\u00e9siens \u00bb en France. Depuis lors, la collaboration avec la France perdure.<\/p>\n<p>Lors de sa r\u00e9sidence d&rsquo;un mois dans la ville de Rouen, au Mus\u00e9um d&rsquo;histoire naturelle de Rouen (Mus\u00e9um d&rsquo;histoire naturelle de Rouen) dirig\u00e9 par le directeur S\u00e9bastien\u00a0Minchin, les activit\u00e9s artistiques d&rsquo;Agus ont retenu l&rsquo;attention. Il s&rsquo;est vu confier la conception de l&rsquo;espace asiatique du mus\u00e9e, pour la collection ethnographique d&rsquo;Asie que le mus\u00e9e n&rsquo;avait jamais expos\u00e9e. L&rsquo;artiste contemporain indon\u00e9sien a con\u00e7u l\u2019exposition de la collection ethnographique, la combinant avec la conception artistique contemporaine de l&rsquo;artiste, et ce, avec le soutien de l&rsquo;artiste Jenny Lee, son \u00e9pouse.<\/p>\n\t\t\t\t\t\t<\/div>\n\t\t\t\t<\/div>\n\t\t\t\t\t<\/div>\n\t\t<\/div>\n\t\t\t\t<div class=\"elementor-column elementor-col-33 elementor-top-column elementor-element elementor-element-711cfbf\" data-id=\"711cfbf\" data-element_type=\"column\">\n\t\t\t<div class=\"elementor-widget-wrap elementor-element-populated\">\n\t\t\t\t\t\t<div class=\"elementor-element elementor-element-d61dcb2 elementor-widget elementor-widget-image\" data-id=\"d61dcb2\" data-element_type=\"widget\" data-widget_type=\"image.default\">\n\t\t\t\t<div class=\"elementor-widget-container\">\n\t\t\t\t\t\t\t\t\t\t<figure class=\"wp-caption\">\n\t\t\t\t\t\t\t\t\t\t<img fetchpriority=\"high\" decoding=\"async\" width=\"525\" height=\"698\" src=\"https:\/\/www.ifi-id.com\/wp-content\/uploads\/2021\/12\/Penyematan-Medali-Agus-Koecink-oleh-Perwakilan-Kedubes-Prancis.jpeg\" class=\"attachment-large size-large wp-image-18959\" alt=\"\" srcset=\"https:\/\/www.ifi-id.com\/wp-content\/uploads\/2021\/12\/Penyematan-Medali-Agus-Koecink-oleh-Perwakilan-Kedubes-Prancis.jpeg 672w, https:\/\/www.ifi-id.com\/wp-content\/uploads\/2021\/12\/Penyematan-Medali-Agus-Koecink-oleh-Perwakilan-Kedubes-Prancis-226x300.jpeg 226w\" sizes=\"100vw\" \/>\t\t\t\t\t\t\t\t\t\t\t<figcaption class=\"widget-image-caption wp-caption-text\">Remise de m\u00e9daille \u00e0 Agus Koecink par un repr\u00e9sentant de l'Ambassade de France<\/figcaption>\n\t\t\t\t\t\t\t\t\t\t<\/figure>\n\t\t\t\t\t\t\t<\/div>\n\t\t\t\t<\/div>\n\t\t\t\t\t<\/div>\n\t\t<\/div>\n\t\t\t\t\t<\/div>\n\t\t<\/section>\n\t\t\t\t<section class=\"elementor-section elementor-top-section elementor-element elementor-element-699d1ba elementor-section-boxed elementor-section-height-default elementor-section-height-default\" data-id=\"699d1ba\" data-element_type=\"section\">\n\t\t\t\t\t\t<div class=\"elementor-container elementor-column-gap-default\">\n\t\t\t\t\t<div class=\"elementor-column elementor-col-100 elementor-top-column elementor-element elementor-element-5daf3bc\" data-id=\"5daf3bc\" data-element_type=\"column\">\n\t\t\t<div class=\"elementor-widget-wrap elementor-element-populated\">\n\t\t\t\t\t\t<div class=\"elementor-element elementor-element-7869429 elementor-widget elementor-widget-text-editor\" data-id=\"7869429\" data-element_type=\"widget\" data-widget_type=\"text-editor.default\">\n\t\t\t\t<div class=\"elementor-widget-container\">\n\t\t\t\t\t\t\t<p>Le Mus\u00e9e de Rouen a cr\u00e9\u00e9 la galerie des continents, une salle des collections de chaque continent. Pr\u00e9senter une collection du continent asiatique, c&rsquo;est la t\u00e2che qu&rsquo;accomplissent Agus et Jenny. Ils sont tous deux libres de choisir, dans le riche fond ethnographique, les objets \u00e0 pr\u00e9senter. Ils ont travaill\u00e9 ensemble sur le texte de pr\u00e9sentation, con\u00e7u la sc\u00e9nographie.<\/p>\n<p>La \u00ab Salle d&rsquo;Asie \u00bb\/ \u00ab Ruang Asia \u00bb a \u00e9t\u00e9 inaugur\u00e9e en octobre 2014, en pr\u00e9sence de repr\u00e9sentants de l&rsquo;Ambassade d&rsquo;Indon\u00e9sie (KBRI) en France, ainsi qu\u2019Agus Koecink et Jenny Lee. Gr\u00e2ce au travail d&rsquo;Agus Koecink, les objets ethnographiques du continent asiatique retrouvent leur voix et dialoguent avec des collections d&rsquo;autres continents et rencontrent le public. A travers diff\u00e9rents ateliers durant sa r\u00e9sidence, Agus a fait d\u00e9couvrir l&rsquo;art indon\u00e9sien en France.<\/p>\n<p>Depuis son retour en France, Agus Koecink a r\u00e9alis\u00e9 plusieurs expositions d&rsquo;\u0153uvres sur le th\u00e8me de la France, dont : \u00ab Oleh-Oleh dari Prancis \u00bb \/ \u00ab Les souvenirs de France \u00bb (2010), \u00ab Paris et moi \u00bb (2012), \u00ab Rouen je t&rsquo;aime \u00bb (2014) avec Jenny Lee. Les expositions ont re\u00e7u le soutien du centre culturel fran\u00e7ais CCCL\/ IFI Surabaya.<\/p>\n<p>Selon St\u00e9phane Dovert, l&rsquo;implication active d&rsquo;Agus Koecink dans les arts a fait de lui un acteur essentiel du dialogue artistique entre l\u2019Indon\u00e9sie et la France.<\/p>\n\t\t\t\t\t\t<\/div>\n\t\t\t\t<\/div>\n\t\t\t\t\t<\/div>\n\t\t<\/div>\n\t\t\t\t\t<\/div>\n\t\t<\/section>\n\t\t\t\t<section class=\"elementor-section elementor-top-section elementor-element elementor-element-3e95f9e elementor-section-boxed elementor-section-height-default elementor-section-height-default\" data-id=\"3e95f9e\" data-element_type=\"section\">\n\t\t\t\t\t\t<div class=\"elementor-container elementor-column-gap-default\">\n\t\t\t\t\t<div class=\"elementor-column elementor-col-100 elementor-top-column elementor-element elementor-element-d30b356\" data-id=\"d30b356\" data-element_type=\"column\">\n\t\t\t<div class=\"elementor-widget-wrap elementor-element-populated\">\n\t\t\t\t\t\t<div class=\"elementor-element elementor-element-e2bc2e1 elementor-widget elementor-widget-image\" data-id=\"e2bc2e1\" data-element_type=\"widget\" data-widget_type=\"image.default\">\n\t\t\t\t<div class=\"elementor-widget-container\">\n\t\t\t\t\t\t\t\t\t\t<figure class=\"wp-caption\">\n\t\t\t\t\t\t\t\t\t\t<img decoding=\"async\" width=\"993\" height=\"671\" src=\"https:\/\/www.ifi-id.com\/wp-content\/uploads\/2021\/12\/foto-bersama-undangan.jpeg\" class=\"attachment-full size-full wp-image-18956\" alt=\"\" srcset=\"https:\/\/www.ifi-id.com\/wp-content\/uploads\/2021\/12\/foto-bersama-undangan.jpeg 993w, https:\/\/www.ifi-id.com\/wp-content\/uploads\/2021\/12\/foto-bersama-undangan-300x203.jpeg 300w, https:\/\/www.ifi-id.com\/wp-content\/uploads\/2021\/12\/foto-bersama-undangan-768x519.jpeg 768w\" sizes=\"100vw\" \/>\t\t\t\t\t\t\t\t\t\t\t<figcaption class=\"widget-image-caption wp-caption-text\">Photo : Madame Sandra VIVIER (Directrice de l'IFI Surabaya), Madame Jenny Lee (Epouse d'Agus Koecink et Artiste C\u00e9ramique), Madame Lilis Lestari, M. Pd (Repr\u00e9sentante de STKW Surabaya), Monsieur Han Jayanata (Consul honoraire de France \u00e0 Surabaya), Monsieur Agus Koecink, Monsieur St\u00e9phane DOVERT (Conseiller Coop\u00e9rations et d'action culturelle- Ambassade de France), et Monsieur Yohannes Somawiharja, M.Sc (Rekteur de l'Universit\u00e9 Ciputra)<\/figcaption>\n\t\t\t\t\t\t\t\t\t\t<\/figure>\n\t\t\t\t\t\t\t<\/div>\n\t\t\t\t<\/div>\n\t\t\t\t\t<\/div>\n\t\t<\/div>\n\t\t\t\t\t<\/div>\n\t\t<\/section>\n\t\t\t\t<\/div>\n\t\t","protected":false},"excerpt":{"rendered":"<p>Agus \u00ab\u00a0Koecink\u00a0\u00bb Soekamto, vendredi 3 d\u00e9cembre 2021, a re\u00e7u la m\u00e9daille de \u00ab\u00a0Chevalier de l&rsquo;Ordre des Arts et des Lettres\u00a0\u00bb. Il s&rsquo;agit d&rsquo;un distinction honorifique du minist\u00e8re fran\u00e7ais de la Culture (actuellement dirig\u00e9 par la ministre Roselyne Bachelot-Narquin).<br \/>\nLa m\u00e9daille a \u00e9t\u00e9 remis directement \u00e0 Surabaya par le repr\u00e9sentant de l&rsquo;Ambassade de France en Indon\u00e9sie, \u00e0 savoir M. St\u00e9phane Dovert, conseiller pour la coop\u00e9ration et l\u2019action culturelle, et \u00e9galement directeur de l&rsquo;Institut fran\u00e7ais en Indon\u00e9sie.<\/p>\n","protected":false},"author":5,"featured_media":0,"comment_status":"closed","ping_status":"closed","sticky":false,"template":"","format":"standard","meta":{"footnotes":""},"categories":[1],"tags":[145,72],"class_list":["post-18953","post","type-post","status-publish","format-standard","hentry","category-uncategorized","tag-culture","tag-surabaya-fr"],"yoast_head":"<!-- This site is optimized with the Yoast SEO plugin v23.5 - https:\/\/yoast.com\/wordpress\/plugins\/seo\/ -->\n<title>Remise de la m\u00e9daille de Chevalier des Arts et des Lettres A Mr Agus SOEKAMTO - Institut fran\u00e7ais Indon\u00e9sie<\/title>\n<meta name=\"description\" content=\"Agus &quot;Koecink&quot; Soekamto, vendredi 3 d\u00e9cembre 2021, a re\u00e7u la m\u00e9daille de &quot;Chevalier de l&#039;Ordre des Arts et des Lettres&quot;. Il s&#039;agit d&#039;un distinction honorifique du minist\u00e8re fran\u00e7ais de la Culture (actuellement dirig\u00e9 par la ministre Roselyne Bachelot-Narquin). La m\u00e9daille a \u00e9t\u00e9 remis directement \u00e0 Surabaya par le repr\u00e9sentant de l&#039;Ambassade de France en Indon\u00e9sie, \u00e0 savoir M. St\u00e9phane Dovert, conseiller pour la coop\u00e9ration et l\u2019action culturelle, et \u00e9galement directeur de l&#039;Institut fran\u00e7ais en Indon\u00e9sie.\" \/>\n<meta name=\"robots\" content=\"index, follow, max-snippet:-1, max-image-preview:large, max-video-preview:-1\" \/>\n<link rel=\"canonical\" href=\"https:\/\/www.ifi-id.com\/fr\/remise-de-la-medaille-de-chevalier-des-arts-et-des-lettres-a-mr-agus-soekamto\/\" \/>\n<meta property=\"og:locale\" content=\"fr_FR\" \/>\n<meta property=\"og:type\" content=\"article\" \/>\n<meta property=\"og:title\" content=\"Remise de la m\u00e9daille de Chevalier des Arts et des Lettres A Mr Agus SOEKAMTO - Institut fran\u00e7ais Indon\u00e9sie\" \/>\n<meta property=\"og:description\" content=\"Agus &quot;Koecink&quot; Soekamto, vendredi 3 d\u00e9cembre 2021, a re\u00e7u la m\u00e9daille de &quot;Chevalier de l&#039;Ordre des Arts et des Lettres&quot;. Il s&#039;agit d&#039;un distinction honorifique du minist\u00e8re fran\u00e7ais de la Culture (actuellement dirig\u00e9 par la ministre Roselyne Bachelot-Narquin). La m\u00e9daille a \u00e9t\u00e9 remis directement \u00e0 Surabaya par le repr\u00e9sentant de l&#039;Ambassade de France en Indon\u00e9sie, \u00e0 savoir M. St\u00e9phane Dovert, conseiller pour la coop\u00e9ration et l\u2019action culturelle, et \u00e9galement directeur de l&#039;Institut fran\u00e7ais en Indon\u00e9sie.\" \/>\n<meta property=\"og:url\" content=\"https:\/\/www.ifi-id.com\/fr\/remise-de-la-medaille-de-chevalier-des-arts-et-des-lettres-a-mr-agus-soekamto\/\" \/>\n<meta property=\"og:site_name\" content=\"Institut fran\u00e7ais Indon\u00e9sie\" \/>\n<meta property=\"article:published_time\" content=\"2021-12-07T09:34:57+00:00\" \/>\n<meta property=\"article:modified_time\" content=\"2021-12-09T09:41:08+00:00\" \/>\n<meta property=\"og:image\" content=\"https:\/\/www.ifi-id.com\/wp-content\/uploads\/2021\/12\/Penyematan-Medali-Agus-Koecink-oleh-Perwakilan-Kedubes-Prancis.jpeg\" \/>\n<meta name=\"author\" content=\"surabaya\" \/>\n<meta name=\"twitter:card\" content=\"summary_large_image\" \/>\n<meta name=\"twitter:label1\" content=\"\u00c9crit par\" \/>\n\t<meta name=\"twitter:data1\" content=\"surabaya\" \/>\n\t<meta name=\"twitter:label2\" content=\"Dur\u00e9e de lecture estim\u00e9e\" \/>\n\t<meta name=\"twitter:data2\" content=\"3 minutes\" \/>\n<script type=\"application\/ld+json\" class=\"yoast-schema-graph\">{\"@context\":\"https:\/\/schema.org\",\"@graph\":[{\"@type\":\"Article\",\"@id\":\"https:\/\/www.ifi-id.com\/fr\/remise-de-la-medaille-de-chevalier-des-arts-et-des-lettres-a-mr-agus-soekamto\/#article\",\"isPartOf\":{\"@id\":\"https:\/\/www.ifi-id.com\/fr\/remise-de-la-medaille-de-chevalier-des-arts-et-des-lettres-a-mr-agus-soekamto\/\"},\"author\":{\"name\":\"surabaya\",\"@id\":\"https:\/\/www.ifi-id.com\/#\/schema\/person\/750306b2d93fe8a7cbbbcfff8f5811a5\"},\"headline\":\"Remise de la m\u00e9daille de Chevalier des Arts et des Lettres A Mr Agus SOEKAMTO\",\"datePublished\":\"2021-12-07T09:34:57+00:00\",\"dateModified\":\"2021-12-09T09:41:08+00:00\",\"mainEntityOfPage\":{\"@id\":\"https:\/\/www.ifi-id.com\/fr\/remise-de-la-medaille-de-chevalier-des-arts-et-des-lettres-a-mr-agus-soekamto\/\"},\"wordCount\":582,\"publisher\":{\"@id\":\"https:\/\/www.ifi-id.com\/#organization\"},\"image\":{\"@id\":\"https:\/\/www.ifi-id.com\/fr\/remise-de-la-medaille-de-chevalier-des-arts-et-des-lettres-a-mr-agus-soekamto\/#primaryimage\"},\"thumbnailUrl\":\"https:\/\/www.ifi-id.com\/wp-content\/uploads\/2021\/12\/Penyematan-Medali-Agus-Koecink-oleh-Perwakilan-Kedubes-Prancis.jpeg\",\"keywords\":[\"Culture\",\"Surabaya\"],\"articleSection\":[\"Uncategorized\"],\"inLanguage\":\"fr-FR\"},{\"@type\":\"WebPage\",\"@id\":\"https:\/\/www.ifi-id.com\/fr\/remise-de-la-medaille-de-chevalier-des-arts-et-des-lettres-a-mr-agus-soekamto\/\",\"url\":\"https:\/\/www.ifi-id.com\/fr\/remise-de-la-medaille-de-chevalier-des-arts-et-des-lettres-a-mr-agus-soekamto\/\",\"name\":\"Remise de la m\u00e9daille de Chevalier des Arts et des Lettres A Mr Agus SOEKAMTO - Institut fran\u00e7ais Indon\u00e9sie\",\"isPartOf\":{\"@id\":\"https:\/\/www.ifi-id.com\/#website\"},\"primaryImageOfPage\":{\"@id\":\"https:\/\/www.ifi-id.com\/fr\/remise-de-la-medaille-de-chevalier-des-arts-et-des-lettres-a-mr-agus-soekamto\/#primaryimage\"},\"image\":{\"@id\":\"https:\/\/www.ifi-id.com\/fr\/remise-de-la-medaille-de-chevalier-des-arts-et-des-lettres-a-mr-agus-soekamto\/#primaryimage\"},\"thumbnailUrl\":\"https:\/\/www.ifi-id.com\/wp-content\/uploads\/2021\/12\/Penyematan-Medali-Agus-Koecink-oleh-Perwakilan-Kedubes-Prancis.jpeg\",\"datePublished\":\"2021-12-07T09:34:57+00:00\",\"dateModified\":\"2021-12-09T09:41:08+00:00\",\"description\":\"Agus \\\"Koecink\\\" Soekamto, vendredi 3 d\u00e9cembre 2021, a re\u00e7u la m\u00e9daille de \\\"Chevalier de l'Ordre des Arts et des Lettres\\\". Il s'agit d'un distinction honorifique du minist\u00e8re fran\u00e7ais de la Culture (actuellement dirig\u00e9 par la ministre Roselyne Bachelot-Narquin). La m\u00e9daille a \u00e9t\u00e9 remis directement \u00e0 Surabaya par le repr\u00e9sentant de l'Ambassade de France en Indon\u00e9sie, \u00e0 savoir M. St\u00e9phane Dovert, conseiller pour la coop\u00e9ration et l\u2019action culturelle, et \u00e9galement directeur de l'Institut fran\u00e7ais en Indon\u00e9sie.\",\"breadcrumb\":{\"@id\":\"https:\/\/www.ifi-id.com\/fr\/remise-de-la-medaille-de-chevalier-des-arts-et-des-lettres-a-mr-agus-soekamto\/#breadcrumb\"},\"inLanguage\":\"fr-FR\",\"potentialAction\":[{\"@type\":\"ReadAction\",\"target\":[\"https:\/\/www.ifi-id.com\/fr\/remise-de-la-medaille-de-chevalier-des-arts-et-des-lettres-a-mr-agus-soekamto\/\"]}]},{\"@type\":\"ImageObject\",\"inLanguage\":\"fr-FR\",\"@id\":\"https:\/\/www.ifi-id.com\/fr\/remise-de-la-medaille-de-chevalier-des-arts-et-des-lettres-a-mr-agus-soekamto\/#primaryimage\",\"url\":\"https:\/\/www.ifi-id.com\/wp-content\/uploads\/2021\/12\/Penyematan-Medali-Agus-Koecink-oleh-Perwakilan-Kedubes-Prancis.jpeg\",\"contentUrl\":\"https:\/\/www.ifi-id.com\/wp-content\/uploads\/2021\/12\/Penyematan-Medali-Agus-Koecink-oleh-Perwakilan-Kedubes-Prancis.jpeg\"},{\"@type\":\"BreadcrumbList\",\"@id\":\"https:\/\/www.ifi-id.com\/fr\/remise-de-la-medaille-de-chevalier-des-arts-et-des-lettres-a-mr-agus-soekamto\/#breadcrumb\",\"itemListElement\":[{\"@type\":\"ListItem\",\"position\":1,\"name\":\"Home\",\"item\":\"https:\/\/www.ifi-id.com\/\"},{\"@type\":\"ListItem\",\"position\":2,\"name\":\"Uncategorized @id\",\"item\":\"https:\/\/www.ifi-id.com\/category\/uncategorized-id\/\"},{\"@type\":\"ListItem\",\"position\":3,\"name\":\"Remise de la m\u00e9daille de Chevalier des Arts et des Lettres A Mr Agus SOEKAMTO\"}]},{\"@type\":\"WebSite\",\"@id\":\"https:\/\/www.ifi-id.com\/#website\",\"url\":\"https:\/\/www.ifi-id.com\/\",\"name\":\"Institut fran\u00e7ais Indon\u00e9sie\",\"description\":\"\",\"publisher\":{\"@id\":\"https:\/\/www.ifi-id.com\/#organization\"},\"potentialAction\":[{\"@type\":\"SearchAction\",\"target\":{\"@type\":\"EntryPoint\",\"urlTemplate\":\"https:\/\/www.ifi-id.com\/?s={search_term_string}\"},\"query-input\":{\"@type\":\"PropertyValueSpecification\",\"valueRequired\":true,\"valueName\":\"search_term_string\"}}],\"inLanguage\":\"fr-FR\"},{\"@type\":\"Organization\",\"@id\":\"https:\/\/www.ifi-id.com\/#organization\",\"name\":\"Institut fran\u00e7ais Indon\u00e9sie\",\"url\":\"https:\/\/www.ifi-id.com\/\",\"logo\":{\"@type\":\"ImageObject\",\"inLanguage\":\"fr-FR\",\"@id\":\"https:\/\/www.ifi-id.com\/#\/schema\/logo\/image\/\",\"url\":\"https:\/\/www.ifi-id.com\/wp-content\/uploads\/2022\/12\/IFI_New_Logo.jpg\",\"contentUrl\":\"https:\/\/www.ifi-id.com\/wp-content\/uploads\/2022\/12\/IFI_New_Logo.jpg\",\"width\":666,\"height\":444,\"caption\":\"Institut fran\u00e7ais Indon\u00e9sie\"},\"image\":{\"@id\":\"https:\/\/www.ifi-id.com\/#\/schema\/logo\/image\/\"}},{\"@type\":\"Person\",\"@id\":\"https:\/\/www.ifi-id.com\/#\/schema\/person\/750306b2d93fe8a7cbbbcfff8f5811a5\",\"name\":\"surabaya\",\"image\":{\"@type\":\"ImageObject\",\"inLanguage\":\"fr-FR\",\"@id\":\"https:\/\/www.ifi-id.com\/#\/schema\/person\/image\/\",\"url\":\"https:\/\/secure.gravatar.com\/avatar\/a71adb113a3cf295c91c7a3ed9d5eca4?s=96&d=mm&r=g\",\"contentUrl\":\"https:\/\/secure.gravatar.com\/avatar\/a71adb113a3cf295c91c7a3ed9d5eca4?s=96&d=mm&r=g\",\"caption\":\"surabaya\"},\"url\":\"https:\/\/www.ifi-id.com\/fr\/author\/ifi_surabaya\/\"}]}<\/script>\n<!-- \/ Yoast SEO plugin. -->","yoast_head_json":{"title":"Remise de la m\u00e9daille de Chevalier des Arts et des Lettres A Mr Agus SOEKAMTO - Institut fran\u00e7ais Indon\u00e9sie","description":"Agus \"Koecink\" Soekamto, vendredi 3 d\u00e9cembre 2021, a re\u00e7u la m\u00e9daille de \"Chevalier de l'Ordre des Arts et des Lettres\". Il s'agit d'un distinction honorifique du minist\u00e8re fran\u00e7ais de la Culture (actuellement dirig\u00e9 par la ministre Roselyne Bachelot-Narquin). La m\u00e9daille a \u00e9t\u00e9 remis directement \u00e0 Surabaya par le repr\u00e9sentant de l'Ambassade de France en Indon\u00e9sie, \u00e0 savoir M. St\u00e9phane Dovert, conseiller pour la coop\u00e9ration et l\u2019action culturelle, et \u00e9galement directeur de l'Institut fran\u00e7ais en Indon\u00e9sie.","robots":{"index":"index","follow":"follow","max-snippet":"max-snippet:-1","max-image-preview":"max-image-preview:large","max-video-preview":"max-video-preview:-1"},"canonical":"https:\/\/www.ifi-id.com\/fr\/remise-de-la-medaille-de-chevalier-des-arts-et-des-lettres-a-mr-agus-soekamto\/","og_locale":"fr_FR","og_type":"article","og_title":"Remise de la m\u00e9daille de Chevalier des Arts et des Lettres A Mr Agus SOEKAMTO - Institut fran\u00e7ais Indon\u00e9sie","og_description":"Agus \"Koecink\" Soekamto, vendredi 3 d\u00e9cembre 2021, a re\u00e7u la m\u00e9daille de \"Chevalier de l'Ordre des Arts et des Lettres\". Il s'agit d'un distinction honorifique du minist\u00e8re fran\u00e7ais de la Culture (actuellement dirig\u00e9 par la ministre Roselyne Bachelot-Narquin). La m\u00e9daille a \u00e9t\u00e9 remis directement \u00e0 Surabaya par le repr\u00e9sentant de l'Ambassade de France en Indon\u00e9sie, \u00e0 savoir M. St\u00e9phane Dovert, conseiller pour la coop\u00e9ration et l\u2019action culturelle, et \u00e9galement directeur de l'Institut fran\u00e7ais en Indon\u00e9sie.","og_url":"https:\/\/www.ifi-id.com\/fr\/remise-de-la-medaille-de-chevalier-des-arts-et-des-lettres-a-mr-agus-soekamto\/","og_site_name":"Institut fran\u00e7ais Indon\u00e9sie","article_published_time":"2021-12-07T09:34:57+00:00","article_modified_time":"2021-12-09T09:41:08+00:00","og_image":[{"url":"https:\/\/www.ifi-id.com\/wp-content\/uploads\/2021\/12\/Penyematan-Medali-Agus-Koecink-oleh-Perwakilan-Kedubes-Prancis.jpeg"}],"author":"surabaya","twitter_card":"summary_large_image","twitter_misc":{"\u00c9crit par":"surabaya","Dur\u00e9e de lecture estim\u00e9e":"3 minutes"},"schema":{"@context":"https:\/\/schema.org","@graph":[{"@type":"Article","@id":"https:\/\/www.ifi-id.com\/fr\/remise-de-la-medaille-de-chevalier-des-arts-et-des-lettres-a-mr-agus-soekamto\/#article","isPartOf":{"@id":"https:\/\/www.ifi-id.com\/fr\/remise-de-la-medaille-de-chevalier-des-arts-et-des-lettres-a-mr-agus-soekamto\/"},"author":{"name":"surabaya","@id":"https:\/\/www.ifi-id.com\/#\/schema\/person\/750306b2d93fe8a7cbbbcfff8f5811a5"},"headline":"Remise de la m\u00e9daille de Chevalier des Arts et des Lettres A Mr Agus SOEKAMTO","datePublished":"2021-12-07T09:34:57+00:00","dateModified":"2021-12-09T09:41:08+00:00","mainEntityOfPage":{"@id":"https:\/\/www.ifi-id.com\/fr\/remise-de-la-medaille-de-chevalier-des-arts-et-des-lettres-a-mr-agus-soekamto\/"},"wordCount":582,"publisher":{"@id":"https:\/\/www.ifi-id.com\/#organization"},"image":{"@id":"https:\/\/www.ifi-id.com\/fr\/remise-de-la-medaille-de-chevalier-des-arts-et-des-lettres-a-mr-agus-soekamto\/#primaryimage"},"thumbnailUrl":"https:\/\/www.ifi-id.com\/wp-content\/uploads\/2021\/12\/Penyematan-Medali-Agus-Koecink-oleh-Perwakilan-Kedubes-Prancis.jpeg","keywords":["Culture","Surabaya"],"articleSection":["Uncategorized"],"inLanguage":"fr-FR"},{"@type":"WebPage","@id":"https:\/\/www.ifi-id.com\/fr\/remise-de-la-medaille-de-chevalier-des-arts-et-des-lettres-a-mr-agus-soekamto\/","url":"https:\/\/www.ifi-id.com\/fr\/remise-de-la-medaille-de-chevalier-des-arts-et-des-lettres-a-mr-agus-soekamto\/","name":"Remise de la m\u00e9daille de Chevalier des Arts et des Lettres A Mr Agus SOEKAMTO - Institut fran\u00e7ais Indon\u00e9sie","isPartOf":{"@id":"https:\/\/www.ifi-id.com\/#website"},"primaryImageOfPage":{"@id":"https:\/\/www.ifi-id.com\/fr\/remise-de-la-medaille-de-chevalier-des-arts-et-des-lettres-a-mr-agus-soekamto\/#primaryimage"},"image":{"@id":"https:\/\/www.ifi-id.com\/fr\/remise-de-la-medaille-de-chevalier-des-arts-et-des-lettres-a-mr-agus-soekamto\/#primaryimage"},"thumbnailUrl":"https:\/\/www.ifi-id.com\/wp-content\/uploads\/2021\/12\/Penyematan-Medali-Agus-Koecink-oleh-Perwakilan-Kedubes-Prancis.jpeg","datePublished":"2021-12-07T09:34:57+00:00","dateModified":"2021-12-09T09:41:08+00:00","description":"Agus \"Koecink\" Soekamto, vendredi 3 d\u00e9cembre 2021, a re\u00e7u la m\u00e9daille de \"Chevalier de l'Ordre des Arts et des Lettres\". Il s'agit d'un distinction honorifique du minist\u00e8re fran\u00e7ais de la Culture (actuellement dirig\u00e9 par la ministre Roselyne Bachelot-Narquin). La m\u00e9daille a \u00e9t\u00e9 remis directement \u00e0 Surabaya par le repr\u00e9sentant de l'Ambassade de France en Indon\u00e9sie, \u00e0 savoir M. St\u00e9phane Dovert, conseiller pour la coop\u00e9ration et l\u2019action culturelle, et \u00e9galement directeur de l'Institut fran\u00e7ais en Indon\u00e9sie.","breadcrumb":{"@id":"https:\/\/www.ifi-id.com\/fr\/remise-de-la-medaille-de-chevalier-des-arts-et-des-lettres-a-mr-agus-soekamto\/#breadcrumb"},"inLanguage":"fr-FR","potentialAction":[{"@type":"ReadAction","target":["https:\/\/www.ifi-id.com\/fr\/remise-de-la-medaille-de-chevalier-des-arts-et-des-lettres-a-mr-agus-soekamto\/"]}]},{"@type":"ImageObject","inLanguage":"fr-FR","@id":"https:\/\/www.ifi-id.com\/fr\/remise-de-la-medaille-de-chevalier-des-arts-et-des-lettres-a-mr-agus-soekamto\/#primaryimage","url":"https:\/\/www.ifi-id.com\/wp-content\/uploads\/2021\/12\/Penyematan-Medali-Agus-Koecink-oleh-Perwakilan-Kedubes-Prancis.jpeg","contentUrl":"https:\/\/www.ifi-id.com\/wp-content\/uploads\/2021\/12\/Penyematan-Medali-Agus-Koecink-oleh-Perwakilan-Kedubes-Prancis.jpeg"},{"@type":"BreadcrumbList","@id":"https:\/\/www.ifi-id.com\/fr\/remise-de-la-medaille-de-chevalier-des-arts-et-des-lettres-a-mr-agus-soekamto\/#breadcrumb","itemListElement":[{"@type":"ListItem","position":1,"name":"Home","item":"https:\/\/www.ifi-id.com\/"},{"@type":"ListItem","position":2,"name":"Uncategorized @id","item":"https:\/\/www.ifi-id.com\/category\/uncategorized-id\/"},{"@type":"ListItem","position":3,"name":"Remise de la m\u00e9daille de Chevalier des Arts et des Lettres A Mr Agus SOEKAMTO"}]},{"@type":"WebSite","@id":"https:\/\/www.ifi-id.com\/#website","url":"https:\/\/www.ifi-id.com\/","name":"Institut fran\u00e7ais Indon\u00e9sie","description":"","publisher":{"@id":"https:\/\/www.ifi-id.com\/#organization"},"potentialAction":[{"@type":"SearchAction","target":{"@type":"EntryPoint","urlTemplate":"https:\/\/www.ifi-id.com\/?s={search_term_string}"},"query-input":{"@type":"PropertyValueSpecification","valueRequired":true,"valueName":"search_term_string"}}],"inLanguage":"fr-FR"},{"@type":"Organization","@id":"https:\/\/www.ifi-id.com\/#organization","name":"Institut fran\u00e7ais Indon\u00e9sie","url":"https:\/\/www.ifi-id.com\/","logo":{"@type":"ImageObject","inLanguage":"fr-FR","@id":"https:\/\/www.ifi-id.com\/#\/schema\/logo\/image\/","url":"https:\/\/www.ifi-id.com\/wp-content\/uploads\/2022\/12\/IFI_New_Logo.jpg","contentUrl":"https:\/\/www.ifi-id.com\/wp-content\/uploads\/2022\/12\/IFI_New_Logo.jpg","width":666,"height":444,"caption":"Institut fran\u00e7ais Indon\u00e9sie"},"image":{"@id":"https:\/\/www.ifi-id.com\/#\/schema\/logo\/image\/"}},{"@type":"Person","@id":"https:\/\/www.ifi-id.com\/#\/schema\/person\/750306b2d93fe8a7cbbbcfff8f5811a5","name":"surabaya","image":{"@type":"ImageObject","inLanguage":"fr-FR","@id":"https:\/\/www.ifi-id.com\/#\/schema\/person\/image\/","url":"https:\/\/secure.gravatar.com\/avatar\/a71adb113a3cf295c91c7a3ed9d5eca4?s=96&d=mm&r=g","contentUrl":"https:\/\/secure.gravatar.com\/avatar\/a71adb113a3cf295c91c7a3ed9d5eca4?s=96&d=mm&r=g","caption":"surabaya"},"url":"https:\/\/www.ifi-id.com\/fr\/author\/ifi_surabaya\/"}]}},"post_mailing_queue_ids":[],"_links":{"self":[{"href":"https:\/\/www.ifi-id.com\/fr\/wp-json\/wp\/v2\/posts\/18953"}],"collection":[{"href":"https:\/\/www.ifi-id.com\/fr\/wp-json\/wp\/v2\/posts"}],"about":[{"href":"https:\/\/www.ifi-id.com\/fr\/wp-json\/wp\/v2\/types\/post"}],"author":[{"embeddable":true,"href":"https:\/\/www.ifi-id.com\/fr\/wp-json\/wp\/v2\/users\/5"}],"replies":[{"embeddable":true,"href":"https:\/\/www.ifi-id.com\/fr\/wp-json\/wp\/v2\/comments?post=18953"}],"version-history":[{"count":6,"href":"https:\/\/www.ifi-id.com\/fr\/wp-json\/wp\/v2\/posts\/18953\/revisions"}],"predecessor-version":[{"id":19143,"href":"https:\/\/www.ifi-id.com\/fr\/wp-json\/wp\/v2\/posts\/18953\/revisions\/19143"}],"wp:attachment":[{"href":"https:\/\/www.ifi-id.com\/fr\/wp-json\/wp\/v2\/media?parent=18953"}],"wp:term":[{"taxonomy":"category","embeddable":true,"href":"https:\/\/www.ifi-id.com\/fr\/wp-json\/wp\/v2\/categories?post=18953"},{"taxonomy":"post_tag","embeddable":true,"href":"https:\/\/www.ifi-id.com\/fr\/wp-json\/wp\/v2\/tags?post=18953"}],"curies":[{"name":"wp","href":"https:\/\/api.w.org\/{rel}","templated":true}]}}