{"id":15827,"date":"2021-09-27T14:44:13","date_gmt":"2021-09-27T07:44:13","guid":{"rendered":"https:\/\/www.ifi-id.com\/atelier-grammaire-session-octobre-2021"},"modified":"2021-09-27T14:44:14","modified_gmt":"2021-09-27T07:44:14","slug":"atelier-grammaire-session-octobre-2021","status":"publish","type":"post","link":"https:\/\/www.ifi-id.com\/fr\/atelier-grammaire-session-octobre-2021\/","title":{"rendered":"Atelier Grammaire session octobre &#8211; 2021"},"content":{"rendered":"\t\t<div data-elementor-type=\"wp-post\" data-elementor-id=\"15827\" class=\"elementor elementor-15827 elementor-15811\" data-elementor-post-type=\"post\">\n\t\t\t\t\t\t<section class=\"elementor-section elementor-top-section elementor-element elementor-element-00d191c elementor-section-boxed elementor-section-height-default elementor-section-height-default\" data-id=\"00d191c\" data-element_type=\"section\">\n\t\t\t\t\t\t<div class=\"elementor-container elementor-column-gap-default\">\n\t\t\t\t\t<div class=\"elementor-column elementor-col-100 elementor-top-column elementor-element elementor-element-fa99b6f\" data-id=\"fa99b6f\" data-element_type=\"column\">\n\t\t\t<div class=\"elementor-widget-wrap elementor-element-populated\">\n\t\t\t\t\t\t<div class=\"elementor-element elementor-element-98d14ac elementor-widget elementor-widget-text-editor\" data-id=\"98d14ac\" data-element_type=\"widget\" data-widget_type=\"text-editor.default\">\n\t\t\t\t<div class=\"elementor-widget-container\">\n\t\t\t\t\t\t\t<p>Vous souhaitez r\u00e9viser ou approfondir votre comp\u00e9tence grammaticale en fran\u00e7ais ? Vous avez un niveau A1 ? Ce cours a \u00e9t\u00e9 \u00e9labor\u00e9 \u00e0 partir des difficult\u00e9s rencontr\u00e9es par la grande majorit\u00e9 des publics indon\u00e9siens. Selon votre niveau, vous travaillerez chaque semaine sur des th\u00e9matiques diff\u00e9rents qui permettront de perfectionner vos connaissances en conjugaison, en structure et en orthographe.<\/p>\n<p>Les cours sont disponibles pour les niveaux A2, B1 et B2. C\u2019est un compl\u00e9ment parfait \u00e0 un cours de fran\u00e7ais g\u00e9n\u00e9ral\u00a0!<\/p>\n<p><strong>Information &amp; Inscription<br \/>\n<\/strong>WhatsApp : <span lang=\"FR\"><a href=\"http:\/\/wa.me\/622123557952\" target=\"_blank\" rel=\"noopener\">+622123557952<\/a>\u00a0(Chat)<br \/>\n<\/span>Date limite d&rsquo;inscription : 27 septembre \u2013 8 octobre 2021<\/p>\n\t\t\t\t\t\t<\/div>\n\t\t\t\t<\/div>\n\t\t\t\t\t<\/div>\n\t\t<\/div>\n\t\t\t\t\t<\/div>\n\t\t<\/section>\n\t\t\t\t<section class=\"elementor-section elementor-top-section elementor-element elementor-element-651ab60 elementor-section-boxed elementor-section-height-default elementor-section-height-default\" data-id=\"651ab60\" data-element_type=\"section\">\n\t\t\t\t\t\t<div class=\"elementor-container elementor-column-gap-default\">\n\t\t\t\t\t<div class=\"elementor-column elementor-col-100 elementor-top-column elementor-element elementor-element-8cd572e\" data-id=\"8cd572e\" data-element_type=\"column\">\n\t\t\t<div class=\"elementor-widget-wrap elementor-element-populated\">\n\t\t\t\t\t\t<div class=\"elementor-element elementor-element-77b335a elementor-widget elementor-widget-button\" data-id=\"77b335a\" data-element_type=\"widget\" data-widget_type=\"button.default\">\n\t\t\t\t<div class=\"elementor-widget-container\">\n\t\t\t\t\t<div class=\"elementor-button-wrapper\">\n\t\t\t<a class=\"elementor-button elementor-button-link elementor-size-lg\" href=\"https:\/\/linktr.ee\/CoursDistanceIFIAF\">\n\t\t\t\t\t\t<span class=\"elementor-button-content-wrapper\">\n\t\t\t\t\t\t\t\t\t<span class=\"elementor-button-text\">Cliquez ici pour s'inscrice<\/span>\n\t\t\t\t\t<\/span>\n\t\t\t\t\t<\/a>\n\t\t<\/div>\n\t\t\t\t<\/div>\n\t\t\t\t<\/div>\n\t\t\t\t\t<\/div>\n\t\t<\/div>\n\t\t\t\t\t<\/div>\n\t\t<\/section>\n\t\t\t\t<\/div>\n\t\t","protected":false},"excerpt":{"rendered":"<p>Vous souhaitez r\u00e9viser ou approfondir votre comp\u00e9tence grammaticale en fran\u00e7ais ? Selon votre niveau, vous travaillerez chaque semaine sur des th\u00e9matiques diff\u00e9rents qui permettront de perfectionner vos connaissances en conjugaison, en structure et en orthographe.<\/p>\n","protected":false},"author":8,"featured_media":15813,"comment_status":"closed","ping_status":"closed","sticky":false,"template":"","format":"standard","meta":{"footnotes":""},"categories":[1],"tags":[449,141],"class_list":["post-15827","post","type-post","status-publish","format-standard","has-post-thumbnail","hentry","category-uncategorized","tag-cours-a-distance","tag-linguistique"],"yoast_head":"<!-- This site is optimized with the Yoast SEO plugin v23.5 - https:\/\/yoast.com\/wordpress\/plugins\/seo\/ -->\n<title>Atelier Grammaire session octobre - 2021 - Institut fran\u00e7ais Indon\u00e9sie<\/title>\n<meta name=\"description\" content=\"Vous souhaitez r\u00e9viser ou approfondir votre comp\u00e9tence grammaticale en fran\u00e7ais ? Selon votre niveau, vous travaillerez chaque semaine sur des th\u00e9matiques diff\u00e9rents qui permettront de perfectionner vos connaissances en conjugaison, en structure et en orthographe.\" \/>\n<meta name=\"robots\" content=\"index, follow, max-snippet:-1, max-image-preview:large, max-video-preview:-1\" \/>\n<link rel=\"canonical\" href=\"https:\/\/www.ifi-id.com\/fr\/atelier-grammaire-session-octobre-2021\/\" \/>\n<meta property=\"og:locale\" content=\"fr_FR\" \/>\n<meta property=\"og:type\" content=\"article\" \/>\n<meta property=\"og:title\" content=\"Atelier Grammaire session octobre - 2021\" \/>\n<meta property=\"og:description\" content=\"Vous souhaitez r\u00e9viser ou approfondir votre comp\u00e9tence grammaticale en fran\u00e7ais ? Selon votre niveau, vous travaillerez chaque semaine sur des th\u00e9matiques diff\u00e9rents qui permettront de perfectionner vos connaissances en conjugaison, en structure et en orthographe.\" \/>\n<meta property=\"og:url\" content=\"https:\/\/www.ifi-id.com\/fr\/atelier-grammaire-session-octobre-2021\/\" \/>\n<meta property=\"og:site_name\" content=\"Institut fran\u00e7ais Indon\u00e9sie\" \/>\n<meta property=\"article:published_time\" content=\"2021-09-27T07:44:13+00:00\" \/>\n<meta property=\"article:modified_time\" content=\"2021-09-27T07:44:14+00:00\" \/>\n<meta property=\"og:image\" content=\"https:\/\/www.ifi-id.com\/wp-content\/uploads\/2021\/09\/wb-atelier-copy.jpg\" \/>\n<meta name=\"author\" content=\"Ghaisani Azizi Nurul Rizki\" \/>\n<meta name=\"twitter:card\" content=\"summary_large_image\" \/>\n<meta name=\"twitter:title\" content=\"Atelier Grammaire session octobre - 2021\" \/>\n<meta name=\"twitter:description\" content=\"Vous souhaitez r\u00e9viser ou approfondir votre comp\u00e9tence grammaticale en fran\u00e7ais ? Selon votre niveau, vous travaillerez chaque semaine sur des th\u00e9matiques diff\u00e9rents qui permettront de perfectionner vos connaissances en conjugaison, en structure et en orthographe.\" \/>\n<meta name=\"twitter:image\" content=\"https:\/\/www.ifi-id.com\/wp-content\/uploads\/2021\/09\/wb-atelier-copy.jpg\" \/>\n<meta name=\"twitter:label1\" content=\"\u00c9crit par\" \/>\n\t<meta name=\"twitter:data1\" content=\"Ghaisani Azizi Nurul Rizki\" \/>\n\t<meta name=\"twitter:label2\" content=\"Dur\u00e9e de lecture estim\u00e9e\" \/>\n\t<meta name=\"twitter:data2\" content=\"1 minute\" \/>\n<script type=\"application\/ld+json\" class=\"yoast-schema-graph\">{\"@context\":\"https:\/\/schema.org\",\"@graph\":[{\"@type\":\"Article\",\"@id\":\"https:\/\/www.ifi-id.com\/fr\/atelier-grammaire-session-octobre-2021\/#article\",\"isPartOf\":{\"@id\":\"https:\/\/www.ifi-id.com\/fr\/atelier-grammaire-session-octobre-2021\/\"},\"author\":{\"name\":\"Ghaisani Azizi Nurul Rizki\",\"@id\":\"https:\/\/www.ifi-id.com\/#\/schema\/person\/a4eae510c216615f5c0f4e02f4edff1b\"},\"headline\":\"Atelier Grammaire session octobre &#8211; 2021\",\"datePublished\":\"2021-09-27T07:44:13+00:00\",\"dateModified\":\"2021-09-27T07:44:14+00:00\",\"mainEntityOfPage\":{\"@id\":\"https:\/\/www.ifi-id.com\/fr\/atelier-grammaire-session-octobre-2021\/\"},\"wordCount\":107,\"publisher\":{\"@id\":\"https:\/\/www.ifi-id.com\/#organization\"},\"image\":{\"@id\":\"https:\/\/www.ifi-id.com\/fr\/atelier-grammaire-session-octobre-2021\/#primaryimage\"},\"thumbnailUrl\":\"https:\/\/www.ifi-id.com\/wp-content\/uploads\/2021\/09\/wb-atelier-copy.jpg\",\"keywords\":[\"Cours \u00e0 distance\",\"Linguistique\"],\"articleSection\":[\"Uncategorized\"],\"inLanguage\":\"fr-FR\"},{\"@type\":\"WebPage\",\"@id\":\"https:\/\/www.ifi-id.com\/fr\/atelier-grammaire-session-octobre-2021\/\",\"url\":\"https:\/\/www.ifi-id.com\/fr\/atelier-grammaire-session-octobre-2021\/\",\"name\":\"Atelier Grammaire session octobre - 2021 - Institut fran\u00e7ais Indon\u00e9sie\",\"isPartOf\":{\"@id\":\"https:\/\/www.ifi-id.com\/#website\"},\"primaryImageOfPage\":{\"@id\":\"https:\/\/www.ifi-id.com\/fr\/atelier-grammaire-session-octobre-2021\/#primaryimage\"},\"image\":{\"@id\":\"https:\/\/www.ifi-id.com\/fr\/atelier-grammaire-session-octobre-2021\/#primaryimage\"},\"thumbnailUrl\":\"https:\/\/www.ifi-id.com\/wp-content\/uploads\/2021\/09\/wb-atelier-copy.jpg\",\"datePublished\":\"2021-09-27T07:44:13+00:00\",\"dateModified\":\"2021-09-27T07:44:14+00:00\",\"description\":\"Vous souhaitez r\u00e9viser ou approfondir votre comp\u00e9tence grammaticale en fran\u00e7ais ? Selon votre niveau, vous travaillerez chaque semaine sur des th\u00e9matiques diff\u00e9rents qui permettront de perfectionner vos connaissances en conjugaison, en structure et en orthographe.\",\"breadcrumb\":{\"@id\":\"https:\/\/www.ifi-id.com\/fr\/atelier-grammaire-session-octobre-2021\/#breadcrumb\"},\"inLanguage\":\"fr-FR\",\"potentialAction\":[{\"@type\":\"ReadAction\",\"target\":[\"https:\/\/www.ifi-id.com\/fr\/atelier-grammaire-session-octobre-2021\/\"]}]},{\"@type\":\"ImageObject\",\"inLanguage\":\"fr-FR\",\"@id\":\"https:\/\/www.ifi-id.com\/fr\/atelier-grammaire-session-octobre-2021\/#primaryimage\",\"url\":\"https:\/\/www.ifi-id.com\/wp-content\/uploads\/2021\/09\/wb-atelier-copy.jpg\",\"contentUrl\":\"https:\/\/www.ifi-id.com\/wp-content\/uploads\/2021\/09\/wb-atelier-copy.jpg\",\"width\":1280,\"height\":720},{\"@type\":\"BreadcrumbList\",\"@id\":\"https:\/\/www.ifi-id.com\/fr\/atelier-grammaire-session-octobre-2021\/#breadcrumb\",\"itemListElement\":[{\"@type\":\"ListItem\",\"position\":1,\"name\":\"Home\",\"item\":\"https:\/\/www.ifi-id.com\/\"},{\"@type\":\"ListItem\",\"position\":2,\"name\":\"Uncategorized @id\",\"item\":\"https:\/\/www.ifi-id.com\/category\/uncategorized-id\/\"},{\"@type\":\"ListItem\",\"position\":3,\"name\":\"Atelier Grammaire session octobre &#8211; 2021\"}]},{\"@type\":\"WebSite\",\"@id\":\"https:\/\/www.ifi-id.com\/#website\",\"url\":\"https:\/\/www.ifi-id.com\/\",\"name\":\"Institut fran\u00e7ais Indon\u00e9sie\",\"description\":\"\",\"publisher\":{\"@id\":\"https:\/\/www.ifi-id.com\/#organization\"},\"potentialAction\":[{\"@type\":\"SearchAction\",\"target\":{\"@type\":\"EntryPoint\",\"urlTemplate\":\"https:\/\/www.ifi-id.com\/?s={search_term_string}\"},\"query-input\":{\"@type\":\"PropertyValueSpecification\",\"valueRequired\":true,\"valueName\":\"search_term_string\"}}],\"inLanguage\":\"fr-FR\"},{\"@type\":\"Organization\",\"@id\":\"https:\/\/www.ifi-id.com\/#organization\",\"name\":\"Institut fran\u00e7ais Indon\u00e9sie\",\"url\":\"https:\/\/www.ifi-id.com\/\",\"logo\":{\"@type\":\"ImageObject\",\"inLanguage\":\"fr-FR\",\"@id\":\"https:\/\/www.ifi-id.com\/#\/schema\/logo\/image\/\",\"url\":\"https:\/\/www.ifi-id.com\/wp-content\/uploads\/2022\/12\/IFI_New_Logo.jpg\",\"contentUrl\":\"https:\/\/www.ifi-id.com\/wp-content\/uploads\/2022\/12\/IFI_New_Logo.jpg\",\"width\":666,\"height\":444,\"caption\":\"Institut fran\u00e7ais Indon\u00e9sie\"},\"image\":{\"@id\":\"https:\/\/www.ifi-id.com\/#\/schema\/logo\/image\/\"}},{\"@type\":\"Person\",\"@id\":\"https:\/\/www.ifi-id.com\/#\/schema\/person\/a4eae510c216615f5c0f4e02f4edff1b\",\"name\":\"Ghaisani Azizi Nurul Rizki\",\"image\":{\"@type\":\"ImageObject\",\"inLanguage\":\"fr-FR\",\"@id\":\"https:\/\/www.ifi-id.com\/#\/schema\/person\/image\/\",\"url\":\"https:\/\/secure.gravatar.com\/avatar\/8ce4836ecc2a94798a84b768a7f20853?s=96&d=mm&r=g\",\"contentUrl\":\"https:\/\/secure.gravatar.com\/avatar\/8ce4836ecc2a94798a84b768a7f20853?s=96&d=mm&r=g\",\"caption\":\"Ghaisani Azizi Nurul Rizki\"},\"url\":\"https:\/\/www.ifi-id.com\/fr\/author\/azizi\/\"}]}<\/script>\n<!-- \/ Yoast SEO plugin. -->","yoast_head_json":{"title":"Atelier Grammaire session octobre - 2021 - Institut fran\u00e7ais Indon\u00e9sie","description":"Vous souhaitez r\u00e9viser ou approfondir votre comp\u00e9tence grammaticale en fran\u00e7ais ? Selon votre niveau, vous travaillerez chaque semaine sur des th\u00e9matiques diff\u00e9rents qui permettront de perfectionner vos connaissances en conjugaison, en structure et en orthographe.","robots":{"index":"index","follow":"follow","max-snippet":"max-snippet:-1","max-image-preview":"max-image-preview:large","max-video-preview":"max-video-preview:-1"},"canonical":"https:\/\/www.ifi-id.com\/fr\/atelier-grammaire-session-octobre-2021\/","og_locale":"fr_FR","og_type":"article","og_title":"Atelier Grammaire session octobre - 2021","og_description":"Vous souhaitez r\u00e9viser ou approfondir votre comp\u00e9tence grammaticale en fran\u00e7ais ? Selon votre niveau, vous travaillerez chaque semaine sur des th\u00e9matiques diff\u00e9rents qui permettront de perfectionner vos connaissances en conjugaison, en structure et en orthographe.","og_url":"https:\/\/www.ifi-id.com\/fr\/atelier-grammaire-session-octobre-2021\/","og_site_name":"Institut fran\u00e7ais Indon\u00e9sie","article_published_time":"2021-09-27T07:44:13+00:00","article_modified_time":"2021-09-27T07:44:14+00:00","og_image":[{"url":"https:\/\/www.ifi-id.com\/wp-content\/uploads\/2021\/09\/wb-atelier-copy.jpg"}],"author":"Ghaisani Azizi Nurul Rizki","twitter_card":"summary_large_image","twitter_title":"Atelier Grammaire session octobre - 2021","twitter_description":"Vous souhaitez r\u00e9viser ou approfondir votre comp\u00e9tence grammaticale en fran\u00e7ais ? Selon votre niveau, vous travaillerez chaque semaine sur des th\u00e9matiques diff\u00e9rents qui permettront de perfectionner vos connaissances en conjugaison, en structure et en orthographe.","twitter_image":"https:\/\/www.ifi-id.com\/wp-content\/uploads\/2021\/09\/wb-atelier-copy.jpg","twitter_misc":{"\u00c9crit par":"Ghaisani Azizi Nurul Rizki","Dur\u00e9e de lecture estim\u00e9e":"1 minute"},"schema":{"@context":"https:\/\/schema.org","@graph":[{"@type":"Article","@id":"https:\/\/www.ifi-id.com\/fr\/atelier-grammaire-session-octobre-2021\/#article","isPartOf":{"@id":"https:\/\/www.ifi-id.com\/fr\/atelier-grammaire-session-octobre-2021\/"},"author":{"name":"Ghaisani Azizi Nurul Rizki","@id":"https:\/\/www.ifi-id.com\/#\/schema\/person\/a4eae510c216615f5c0f4e02f4edff1b"},"headline":"Atelier Grammaire session octobre &#8211; 2021","datePublished":"2021-09-27T07:44:13+00:00","dateModified":"2021-09-27T07:44:14+00:00","mainEntityOfPage":{"@id":"https:\/\/www.ifi-id.com\/fr\/atelier-grammaire-session-octobre-2021\/"},"wordCount":107,"publisher":{"@id":"https:\/\/www.ifi-id.com\/#organization"},"image":{"@id":"https:\/\/www.ifi-id.com\/fr\/atelier-grammaire-session-octobre-2021\/#primaryimage"},"thumbnailUrl":"https:\/\/www.ifi-id.com\/wp-content\/uploads\/2021\/09\/wb-atelier-copy.jpg","keywords":["Cours \u00e0 distance","Linguistique"],"articleSection":["Uncategorized"],"inLanguage":"fr-FR"},{"@type":"WebPage","@id":"https:\/\/www.ifi-id.com\/fr\/atelier-grammaire-session-octobre-2021\/","url":"https:\/\/www.ifi-id.com\/fr\/atelier-grammaire-session-octobre-2021\/","name":"Atelier Grammaire session octobre - 2021 - Institut fran\u00e7ais Indon\u00e9sie","isPartOf":{"@id":"https:\/\/www.ifi-id.com\/#website"},"primaryImageOfPage":{"@id":"https:\/\/www.ifi-id.com\/fr\/atelier-grammaire-session-octobre-2021\/#primaryimage"},"image":{"@id":"https:\/\/www.ifi-id.com\/fr\/atelier-grammaire-session-octobre-2021\/#primaryimage"},"thumbnailUrl":"https:\/\/www.ifi-id.com\/wp-content\/uploads\/2021\/09\/wb-atelier-copy.jpg","datePublished":"2021-09-27T07:44:13+00:00","dateModified":"2021-09-27T07:44:14+00:00","description":"Vous souhaitez r\u00e9viser ou approfondir votre comp\u00e9tence grammaticale en fran\u00e7ais ? Selon votre niveau, vous travaillerez chaque semaine sur des th\u00e9matiques diff\u00e9rents qui permettront de perfectionner vos connaissances en conjugaison, en structure et en orthographe.","breadcrumb":{"@id":"https:\/\/www.ifi-id.com\/fr\/atelier-grammaire-session-octobre-2021\/#breadcrumb"},"inLanguage":"fr-FR","potentialAction":[{"@type":"ReadAction","target":["https:\/\/www.ifi-id.com\/fr\/atelier-grammaire-session-octobre-2021\/"]}]},{"@type":"ImageObject","inLanguage":"fr-FR","@id":"https:\/\/www.ifi-id.com\/fr\/atelier-grammaire-session-octobre-2021\/#primaryimage","url":"https:\/\/www.ifi-id.com\/wp-content\/uploads\/2021\/09\/wb-atelier-copy.jpg","contentUrl":"https:\/\/www.ifi-id.com\/wp-content\/uploads\/2021\/09\/wb-atelier-copy.jpg","width":1280,"height":720},{"@type":"BreadcrumbList","@id":"https:\/\/www.ifi-id.com\/fr\/atelier-grammaire-session-octobre-2021\/#breadcrumb","itemListElement":[{"@type":"ListItem","position":1,"name":"Home","item":"https:\/\/www.ifi-id.com\/"},{"@type":"ListItem","position":2,"name":"Uncategorized @id","item":"https:\/\/www.ifi-id.com\/category\/uncategorized-id\/"},{"@type":"ListItem","position":3,"name":"Atelier Grammaire session octobre &#8211; 2021"}]},{"@type":"WebSite","@id":"https:\/\/www.ifi-id.com\/#website","url":"https:\/\/www.ifi-id.com\/","name":"Institut fran\u00e7ais Indon\u00e9sie","description":"","publisher":{"@id":"https:\/\/www.ifi-id.com\/#organization"},"potentialAction":[{"@type":"SearchAction","target":{"@type":"EntryPoint","urlTemplate":"https:\/\/www.ifi-id.com\/?s={search_term_string}"},"query-input":{"@type":"PropertyValueSpecification","valueRequired":true,"valueName":"search_term_string"}}],"inLanguage":"fr-FR"},{"@type":"Organization","@id":"https:\/\/www.ifi-id.com\/#organization","name":"Institut fran\u00e7ais Indon\u00e9sie","url":"https:\/\/www.ifi-id.com\/","logo":{"@type":"ImageObject","inLanguage":"fr-FR","@id":"https:\/\/www.ifi-id.com\/#\/schema\/logo\/image\/","url":"https:\/\/www.ifi-id.com\/wp-content\/uploads\/2022\/12\/IFI_New_Logo.jpg","contentUrl":"https:\/\/www.ifi-id.com\/wp-content\/uploads\/2022\/12\/IFI_New_Logo.jpg","width":666,"height":444,"caption":"Institut fran\u00e7ais Indon\u00e9sie"},"image":{"@id":"https:\/\/www.ifi-id.com\/#\/schema\/logo\/image\/"}},{"@type":"Person","@id":"https:\/\/www.ifi-id.com\/#\/schema\/person\/a4eae510c216615f5c0f4e02f4edff1b","name":"Ghaisani Azizi Nurul Rizki","image":{"@type":"ImageObject","inLanguage":"fr-FR","@id":"https:\/\/www.ifi-id.com\/#\/schema\/person\/image\/","url":"https:\/\/secure.gravatar.com\/avatar\/8ce4836ecc2a94798a84b768a7f20853?s=96&d=mm&r=g","contentUrl":"https:\/\/secure.gravatar.com\/avatar\/8ce4836ecc2a94798a84b768a7f20853?s=96&d=mm&r=g","caption":"Ghaisani Azizi Nurul Rizki"},"url":"https:\/\/www.ifi-id.com\/fr\/author\/azizi\/"}]}},"post_mailing_queue_ids":[],"_links":{"self":[{"href":"https:\/\/www.ifi-id.com\/fr\/wp-json\/wp\/v2\/posts\/15827"}],"collection":[{"href":"https:\/\/www.ifi-id.com\/fr\/wp-json\/wp\/v2\/posts"}],"about":[{"href":"https:\/\/www.ifi-id.com\/fr\/wp-json\/wp\/v2\/types\/post"}],"author":[{"embeddable":true,"href":"https:\/\/www.ifi-id.com\/fr\/wp-json\/wp\/v2\/users\/8"}],"replies":[{"embeddable":true,"href":"https:\/\/www.ifi-id.com\/fr\/wp-json\/wp\/v2\/comments?post=15827"}],"version-history":[{"count":1,"href":"https:\/\/www.ifi-id.com\/fr\/wp-json\/wp\/v2\/posts\/15827\/revisions"}],"predecessor-version":[{"id":15828,"href":"https:\/\/www.ifi-id.com\/fr\/wp-json\/wp\/v2\/posts\/15827\/revisions\/15828"}],"wp:featuredmedia":[{"embeddable":true,"href":"https:\/\/www.ifi-id.com\/fr\/wp-json\/wp\/v2\/media\/15813"}],"wp:attachment":[{"href":"https:\/\/www.ifi-id.com\/fr\/wp-json\/wp\/v2\/media?parent=15827"}],"wp:term":[{"taxonomy":"category","embeddable":true,"href":"https:\/\/www.ifi-id.com\/fr\/wp-json\/wp\/v2\/categories?post=15827"},{"taxonomy":"post_tag","embeddable":true,"href":"https:\/\/www.ifi-id.com\/fr\/wp-json\/wp\/v2\/tags?post=15827"}],"curies":[{"name":"wp","href":"https:\/\/api.w.org\/{rel}","templated":true}]}}