{"id":14648,"date":"2021-08-12T17:55:07","date_gmt":"2021-08-12T10:55:07","guid":{"rendered":"https:\/\/www.ifi-id.com\/un-mois-une-saveur-de-france-tarte"},"modified":"2021-08-12T17:55:07","modified_gmt":"2021-08-12T10:55:07","slug":"un-mois-une-saveur-de-france-tarte","status":"publish","type":"post","link":"https:\/\/www.ifi-id.com\/fr\/un-mois-une-saveur-de-france-tarte\/","title":{"rendered":"Un Mois, Une Saveur de France &#8211; Tarte"},"content":{"rendered":"\t\t<div data-elementor-type=\"wp-post\" data-elementor-id=\"14648\" class=\"elementor elementor-14648 elementor-14640\" data-elementor-post-type=\"post\">\n\t\t\t\t\t\t<section class=\"elementor-section elementor-top-section elementor-element elementor-element-65c6ef4 elementor-section-boxed elementor-section-height-default elementor-section-height-default\" data-id=\"65c6ef4\" data-element_type=\"section\">\n\t\t\t\t\t\t<div class=\"elementor-container elementor-column-gap-default\">\n\t\t\t\t\t<div class=\"elementor-column elementor-col-100 elementor-top-column elementor-element elementor-element-da199b3\" data-id=\"da199b3\" data-element_type=\"column\">\n\t\t\t<div class=\"elementor-widget-wrap elementor-element-populated\">\n\t\t\t\t\t\t<div class=\"elementor-element elementor-element-8a44d9e elementor-widget elementor-widget-text-editor\" data-id=\"8a44d9e\" data-element_type=\"widget\" data-widget_type=\"text-editor.default\">\n\t\t\t\t<div class=\"elementor-widget-container\">\n\t\t\t\t\t\t\t<p>L&rsquo;\u00e9t\u00e9 en France est une saison particuli\u00e8rement agr\u00e9able et pleine de couleurs. La saison id\u00e9ale pour les touristes qui souhaitent y voyager pour profiter des festivit\u00e9s ainsi que des nombreux choix culinaires rafraichissants propos\u00e9s. C&rsquo;est une p\u00e9riode o\u00f9 les fruits et l\u00e9gumes sont abondants et bon march\u00e9. Il n\u2019est donc pas \u00e9tonnant de retrouver la Tarte Tatin parmi les plats fr\u00e9quement d\u00e9gust\u00e9s durant l&rsquo;\u00e9t\u00e9.<\/p>\n<p>Cette d\u00e9licieuse tarte aux pommes est c\u00e9l\u00e8bre en France. Mais saviez-vous que la cr\u00e9ation du succulent dessert Tarte Tatin est le fruit du hasard ?<\/p>\n<p>La l\u00e9gende raconte qu&rsquo;un jour St\u00e9phanie Tatin avait cuit pendant trop longtemps des pommes avec du sucre et du beurre. Elle a alors tent\u00e9 de sauver la traditionnelle tarte aux pommes en la recouvrant de p\u00e2te et en mettant sa po\u00eale \u00e0 cuire directement au four. C\u2019est ainsi que cette recette serait entr\u00e9e dans l\u2019histoire.<\/p>\n<p>Comment r\u00e9aliser cette Tarte Tatin et quels sont les ingr\u00e9dients n\u00e9cessaires ?<\/p>\n<p>Pour la p\u00e2te :<\/p>\n<ul>\n<li>du beurre coup\u00e9 en petits morceaux<\/li>\n<li>1 tasse de farine tout usage et un peu de farine pour le plan de travail<\/li>\n<li>\u00bc tasse de sucre<\/li>\n<li>une pinc\u00e9e de sel<\/li>\n<li>le zeste d\u2019un citron r\u00e2p\u00e9<\/li>\n<li>1 jaune d\u2019\u0153uf<\/li>\n<li>2 \u00e0 3 cuill\u00e8res \u00e0 soupe d&rsquo;eau tr\u00e8s froide<\/li>\n<\/ul>\n<p>Pour la garniture\u00a0:<\/p>\n<ul>\n<li>1 tasse de sucre<\/li>\n<li>\u00bc tasse de cidre<\/li>\n<li>le jus d\u2019un \u00bd citron press\u00e9<\/li>\n<li>1 gousse de vanille<\/li>\n<li>du beurre coup\u00e9 en petits morceaux<\/li>\n<li>6 pommes de votre choix, pel\u00e9es, \u00e9p\u00e9pin\u00e9es et coup\u00e9es en quatre<\/li>\n<\/ul>\n<p>&nbsp;<\/p>\n<p>Instructions\u00a0:<\/p>\n<ol>\n<li>R\u00e9alisation de la p\u00e2te:\u00a0Dans le bol du robot, versez le beurre, la farine, le sucre, le sel et le zeste de citron r\u00e2p\u00e9. M\u00e9langez jusqu&rsquo;\u00e0 obtenir une texture sableuse semblable \u00e0 du Parmesan. Ajoutez le jaune d&rsquo;\u0153uf et l&rsquo;eau froide. M\u00e9langez jusqu&rsquo;\u00e0 ce que la p\u00e2te soit homog\u00e8ne. Si le m\u00e9lange vous semble un peu sec, ajoutez un peu d&rsquo;eau et continuez \u00e0 m\u00e9langer jusqu\u2019\u00e0 ce que la p\u00e2te forme une boule. Placez alors la p\u00e2te sur un support pr\u00e9alablement farin\u00e9 et p\u00e9trissez 1 \u00e0 2 fois pour rendre la p\u00e2te plus lisse. Abaissez la p\u00e2te pour obtenir un cercle d\u2019environ 30 centim\u00e8tres de diam\u00e8tre. Couvrir la p\u00e2te d\u2019un film alimentaire et r\u00e9servez au r\u00e9frig\u00e9rateur pendant au moins 1 heure, ou, au mieux, \u00a0pendant toute la nuit.<\/li>\n<li>Pr\u00e9chauffez votre four \u00e0 220\u00baC.<\/li>\n<li>R\u00e9alisation de la garniture :\u00a0Versez le sucre, le cidre de pomme, le jus de citron et les graines de la gousse de vanille dans une po\u00eale antiadh\u00e9sive et m\u00e9langez bien. Portez le m\u00e9lange \u00e0 \u00e9bullition \u00e0 feu vif en remuant r\u00e9guli\u00e8rement pendant environ 6-7 minutes jusqu\u2019\u00e0 ce que le m\u00e9lange commence \u00e0 colorer. Bien r\u00e9partir le m\u00e9lange sur toute la surface de la po\u00eale et prolongez la cuisson jusqu&rsquo;\u00e0 ce que le m\u00e9lange brunisse. Retirez du feu et ajoutez le beurre en m\u00e9langeant. Lorsque tout le beurre a \u00e9t\u00e9 incorpor\u00e9, r\u00e9partissez les quartiers de pomme dans la po\u00eale. N&rsquo;oubliez pas que le fond deviendra ensuite le dessus de la tarte !<\/li>\n<li>Remettez la po\u00eale sur le feu et faites cuire \u00e0 feu moyen pendant 20 minutes. Retirez du feu.<\/li>\n<li>Sortez le disque de p\u00e2te du r\u00e9frig\u00e9rateur et posez-le sur les pommes. R\u00e9partissez la p\u00e2te sur toute la surface en la repliant sur tout le tour de la po\u00eale. Cuire environ 20 \u00e0 25 minutes dans le four pr\u00e9chauff\u00e9 jusqu&rsquo;\u00e0 ce que la p\u00e2te soit dor\u00e9e et croustillante. Laissez refroidir la tarte environ 10-15 minutes. Posez le plat de service \u00e0 l&rsquo;envers sur le dessus de la po\u00eale et retournez le g\u00e2teau avec le plat. Laissez la tarte se d\u00e9mouler doucement de la po\u00eale.<\/li>\n<li>D\u00e9coupez la tarte et servez.<\/li>\n<\/ol>\n<p><strong>Anecdotes sur la Tarte Tatin<\/strong><\/p>\n<ul>\n<li>La Tarte Tatin est souvent appel\u00e9e le g\u00e2teau caram\u00e9lis\u00e9 cuit \u00e0 l\u2019envers.<\/li>\n<li>La Tarte Tatin a \u00e9t\u00e9 invent\u00e9e par inadvertance dans les ann\u00e9es 1880 \u00e0 l\u2019H\u00f4tel Tatin de Lamotte-Beuvron, dans le Loir-Et-Cher, \u00e0 169 km au sud de Paris.<\/li>\n<li>Le nom Tatin vient du nom des s\u0153urs Tatin qui sont \u00e0 l\u2019origine de cette tarte, St\u00e9phanie et Caroline Tatin.<\/li>\n<li>La Tarte Tatin est devenue la sp\u00e9cialit\u00e9 de l\u2019H\u00f4tel Tatin.<\/li>\n<li>La Tarte Tatin peut \u00eatre consomm\u00e9e ti\u00e8de ou froide.<\/li>\n<li>\u00c0 l\u2019origine, la Tarte Tatin \u00e9tait r\u00e9alis\u00e9e en utilisant 2 vari\u00e9t\u00e9s de pommes, \u00e0 savoir la pomme Reine des Reinettes (Pippin) et la pomme Calville. Mais au fur et \u00e0 mesure du temps, ces deux vari\u00e9t\u00e9s de pommes ont \u00e9t\u00e9 remplac\u00e9es par d\u2019autres vari\u00e9t\u00e9s de pommes, ou m\u00eame par d\u2019autres fruits.<\/li>\n<li>De nos jours, la Tarte Tatin est \u00e9galement r\u00e9alis\u00e9e en version sal\u00e9e.<\/li>\n<\/ul>\n\t\t\t\t\t\t<\/div>\n\t\t\t\t<\/div>\n\t\t\t\t\t<\/div>\n\t\t<\/div>\n\t\t\t\t\t<\/div>\n\t\t<\/section>\n\t\t\t\t<\/div>\n\t\t","protected":false},"excerpt":{"rendered":"<p>Cette d\u00e9licieuse tarte aux pommes est c\u00e9l\u00e8bre en France. Mais saviez-vous que la cr\u00e9ation du succulent dessert Tarte Tatin est le fruit du hasard ?<\/p>\n","protected":false},"author":8,"featured_media":14642,"comment_status":"closed","ping_status":"closed","sticky":false,"template":"","format":"standard","meta":{"footnotes":""},"categories":[335,345],"tags":[439],"class_list":["post-14648","post","type-post","status-publish","format-standard","has-post-thumbnail","hentry","category-culture","category-gastronomie","tag-gastronomie"],"yoast_head":"<!-- This site is optimized with the Yoast SEO plugin v23.5 - https:\/\/yoast.com\/wordpress\/plugins\/seo\/ -->\n<title>Un Mois, Une Saveur de France - Tarte - Institut fran\u00e7ais Indon\u00e9sie<\/title>\n<meta name=\"description\" content=\"Cette d\u00e9licieuse tarte aux pommes est c\u00e9l\u00e8bre en France. Mais saviez-vous que la cr\u00e9ation du succulent dessert Tarte Tatin est le fruit du hasard ?\" \/>\n<meta name=\"robots\" content=\"index, follow, max-snippet:-1, max-image-preview:large, max-video-preview:-1\" \/>\n<link rel=\"canonical\" href=\"https:\/\/www.ifi-id.com\/fr\/un-mois-une-saveur-de-france-tarte\/\" \/>\n<meta property=\"og:locale\" content=\"fr_FR\" \/>\n<meta property=\"og:type\" content=\"article\" \/>\n<meta property=\"og:title\" content=\"Un Mois, Une Saveur de France - Tarte - Institut fran\u00e7ais Indon\u00e9sie\" \/>\n<meta property=\"og:description\" content=\"Cette d\u00e9licieuse tarte aux pommes est c\u00e9l\u00e8bre en France. Mais saviez-vous que la cr\u00e9ation du succulent dessert Tarte Tatin est le fruit du hasard ?\" \/>\n<meta property=\"og:url\" content=\"https:\/\/www.ifi-id.com\/fr\/un-mois-une-saveur-de-france-tarte\/\" \/>\n<meta property=\"og:site_name\" content=\"Institut fran\u00e7ais Indon\u00e9sie\" \/>\n<meta property=\"article:published_time\" content=\"2021-08-12T10:55:07+00:00\" \/>\n<meta property=\"og:image\" content=\"https:\/\/www.ifi-id.com\/wp-content\/uploads\/2021\/08\/WB-Resep-Tarte-Tartin.jpeg\" \/>\n\t<meta property=\"og:image:width\" content=\"1280\" \/>\n\t<meta property=\"og:image:height\" content=\"720\" \/>\n\t<meta property=\"og:image:type\" content=\"image\/jpeg\" \/>\n<meta name=\"author\" content=\"Ghaisani Azizi Nurul Rizki\" \/>\n<meta name=\"twitter:card\" content=\"summary_large_image\" \/>\n<meta name=\"twitter:label1\" content=\"\u00c9crit par\" \/>\n\t<meta name=\"twitter:data1\" content=\"Ghaisani Azizi Nurul Rizki\" \/>\n\t<meta name=\"twitter:label2\" content=\"Dur\u00e9e de lecture estim\u00e9e\" \/>\n\t<meta name=\"twitter:data2\" content=\"4 minutes\" \/>\n<script type=\"application\/ld+json\" class=\"yoast-schema-graph\">{\"@context\":\"https:\/\/schema.org\",\"@graph\":[{\"@type\":\"Article\",\"@id\":\"https:\/\/www.ifi-id.com\/fr\/un-mois-une-saveur-de-france-tarte\/#article\",\"isPartOf\":{\"@id\":\"https:\/\/www.ifi-id.com\/fr\/un-mois-une-saveur-de-france-tarte\/\"},\"author\":{\"name\":\"Ghaisani Azizi Nurul Rizki\",\"@id\":\"https:\/\/www.ifi-id.com\/#\/schema\/person\/a4eae510c216615f5c0f4e02f4edff1b\"},\"headline\":\"Un Mois, Une Saveur de France &#8211; Tarte\",\"datePublished\":\"2021-08-12T10:55:07+00:00\",\"dateModified\":\"2021-08-12T10:55:07+00:00\",\"mainEntityOfPage\":{\"@id\":\"https:\/\/www.ifi-id.com\/fr\/un-mois-une-saveur-de-france-tarte\/\"},\"wordCount\":834,\"publisher\":{\"@id\":\"https:\/\/www.ifi-id.com\/#organization\"},\"image\":{\"@id\":\"https:\/\/www.ifi-id.com\/fr\/un-mois-une-saveur-de-france-tarte\/#primaryimage\"},\"thumbnailUrl\":\"https:\/\/www.ifi-id.com\/wp-content\/uploads\/2021\/08\/WB-Resep-Tarte-Tartin.jpeg\",\"keywords\":[\"Gastronomie\"],\"articleSection\":[\"Culture\",\"Gastronomie\"],\"inLanguage\":\"fr-FR\"},{\"@type\":\"WebPage\",\"@id\":\"https:\/\/www.ifi-id.com\/fr\/un-mois-une-saveur-de-france-tarte\/\",\"url\":\"https:\/\/www.ifi-id.com\/fr\/un-mois-une-saveur-de-france-tarte\/\",\"name\":\"Un Mois, Une Saveur de France - Tarte - Institut fran\u00e7ais Indon\u00e9sie\",\"isPartOf\":{\"@id\":\"https:\/\/www.ifi-id.com\/#website\"},\"primaryImageOfPage\":{\"@id\":\"https:\/\/www.ifi-id.com\/fr\/un-mois-une-saveur-de-france-tarte\/#primaryimage\"},\"image\":{\"@id\":\"https:\/\/www.ifi-id.com\/fr\/un-mois-une-saveur-de-france-tarte\/#primaryimage\"},\"thumbnailUrl\":\"https:\/\/www.ifi-id.com\/wp-content\/uploads\/2021\/08\/WB-Resep-Tarte-Tartin.jpeg\",\"datePublished\":\"2021-08-12T10:55:07+00:00\",\"dateModified\":\"2021-08-12T10:55:07+00:00\",\"description\":\"Cette d\u00e9licieuse tarte aux pommes est c\u00e9l\u00e8bre en France. Mais saviez-vous que la cr\u00e9ation du succulent dessert Tarte Tatin est le fruit du hasard ?\",\"breadcrumb\":{\"@id\":\"https:\/\/www.ifi-id.com\/fr\/un-mois-une-saveur-de-france-tarte\/#breadcrumb\"},\"inLanguage\":\"fr-FR\",\"potentialAction\":[{\"@type\":\"ReadAction\",\"target\":[\"https:\/\/www.ifi-id.com\/fr\/un-mois-une-saveur-de-france-tarte\/\"]}]},{\"@type\":\"ImageObject\",\"inLanguage\":\"fr-FR\",\"@id\":\"https:\/\/www.ifi-id.com\/fr\/un-mois-une-saveur-de-france-tarte\/#primaryimage\",\"url\":\"https:\/\/www.ifi-id.com\/wp-content\/uploads\/2021\/08\/WB-Resep-Tarte-Tartin.jpeg\",\"contentUrl\":\"https:\/\/www.ifi-id.com\/wp-content\/uploads\/2021\/08\/WB-Resep-Tarte-Tartin.jpeg\",\"width\":1280,\"height\":720},{\"@type\":\"BreadcrumbList\",\"@id\":\"https:\/\/www.ifi-id.com\/fr\/un-mois-une-saveur-de-france-tarte\/#breadcrumb\",\"itemListElement\":[{\"@type\":\"ListItem\",\"position\":1,\"name\":\"Home\",\"item\":\"https:\/\/www.ifi-id.com\/\"},{\"@type\":\"ListItem\",\"position\":2,\"name\":\"Culture\",\"item\":\"https:\/\/www.ifi-id.com\/fr\/category\/culture\/\"},{\"@type\":\"ListItem\",\"position\":3,\"name\":\"Gastronomi\",\"item\":\"https:\/\/www.ifi-id.com\/category\/budaya\/gastronomi\/\"},{\"@type\":\"ListItem\",\"position\":4,\"name\":\"Un Mois, Une Saveur de France &#8211; Tarte\"}]},{\"@type\":\"WebSite\",\"@id\":\"https:\/\/www.ifi-id.com\/#website\",\"url\":\"https:\/\/www.ifi-id.com\/\",\"name\":\"Institut fran\u00e7ais Indon\u00e9sie\",\"description\":\"\",\"publisher\":{\"@id\":\"https:\/\/www.ifi-id.com\/#organization\"},\"potentialAction\":[{\"@type\":\"SearchAction\",\"target\":{\"@type\":\"EntryPoint\",\"urlTemplate\":\"https:\/\/www.ifi-id.com\/?s={search_term_string}\"},\"query-input\":{\"@type\":\"PropertyValueSpecification\",\"valueRequired\":true,\"valueName\":\"search_term_string\"}}],\"inLanguage\":\"fr-FR\"},{\"@type\":\"Organization\",\"@id\":\"https:\/\/www.ifi-id.com\/#organization\",\"name\":\"Institut fran\u00e7ais Indon\u00e9sie\",\"url\":\"https:\/\/www.ifi-id.com\/\",\"logo\":{\"@type\":\"ImageObject\",\"inLanguage\":\"fr-FR\",\"@id\":\"https:\/\/www.ifi-id.com\/#\/schema\/logo\/image\/\",\"url\":\"https:\/\/www.ifi-id.com\/wp-content\/uploads\/2022\/12\/IFI_New_Logo.jpg\",\"contentUrl\":\"https:\/\/www.ifi-id.com\/wp-content\/uploads\/2022\/12\/IFI_New_Logo.jpg\",\"width\":666,\"height\":444,\"caption\":\"Institut fran\u00e7ais Indon\u00e9sie\"},\"image\":{\"@id\":\"https:\/\/www.ifi-id.com\/#\/schema\/logo\/image\/\"}},{\"@type\":\"Person\",\"@id\":\"https:\/\/www.ifi-id.com\/#\/schema\/person\/a4eae510c216615f5c0f4e02f4edff1b\",\"name\":\"Ghaisani Azizi Nurul Rizki\",\"image\":{\"@type\":\"ImageObject\",\"inLanguage\":\"fr-FR\",\"@id\":\"https:\/\/www.ifi-id.com\/#\/schema\/person\/image\/\",\"url\":\"https:\/\/secure.gravatar.com\/avatar\/8ce4836ecc2a94798a84b768a7f20853?s=96&d=mm&r=g\",\"contentUrl\":\"https:\/\/secure.gravatar.com\/avatar\/8ce4836ecc2a94798a84b768a7f20853?s=96&d=mm&r=g\",\"caption\":\"Ghaisani Azizi Nurul Rizki\"},\"url\":\"https:\/\/www.ifi-id.com\/fr\/author\/azizi\/\"}]}<\/script>\n<!-- \/ Yoast SEO plugin. -->","yoast_head_json":{"title":"Un Mois, Une Saveur de France - Tarte - Institut fran\u00e7ais Indon\u00e9sie","description":"Cette d\u00e9licieuse tarte aux pommes est c\u00e9l\u00e8bre en France. Mais saviez-vous que la cr\u00e9ation du succulent dessert Tarte Tatin est le fruit du hasard ?","robots":{"index":"index","follow":"follow","max-snippet":"max-snippet:-1","max-image-preview":"max-image-preview:large","max-video-preview":"max-video-preview:-1"},"canonical":"https:\/\/www.ifi-id.com\/fr\/un-mois-une-saveur-de-france-tarte\/","og_locale":"fr_FR","og_type":"article","og_title":"Un Mois, Une Saveur de France - Tarte - Institut fran\u00e7ais Indon\u00e9sie","og_description":"Cette d\u00e9licieuse tarte aux pommes est c\u00e9l\u00e8bre en France. Mais saviez-vous que la cr\u00e9ation du succulent dessert Tarte Tatin est le fruit du hasard ?","og_url":"https:\/\/www.ifi-id.com\/fr\/un-mois-une-saveur-de-france-tarte\/","og_site_name":"Institut fran\u00e7ais Indon\u00e9sie","article_published_time":"2021-08-12T10:55:07+00:00","og_image":[{"width":1280,"height":720,"url":"https:\/\/www.ifi-id.com\/wp-content\/uploads\/2021\/08\/WB-Resep-Tarte-Tartin.jpeg","type":"image\/jpeg"}],"author":"Ghaisani Azizi Nurul Rizki","twitter_card":"summary_large_image","twitter_misc":{"\u00c9crit par":"Ghaisani Azizi Nurul Rizki","Dur\u00e9e de lecture estim\u00e9e":"4 minutes"},"schema":{"@context":"https:\/\/schema.org","@graph":[{"@type":"Article","@id":"https:\/\/www.ifi-id.com\/fr\/un-mois-une-saveur-de-france-tarte\/#article","isPartOf":{"@id":"https:\/\/www.ifi-id.com\/fr\/un-mois-une-saveur-de-france-tarte\/"},"author":{"name":"Ghaisani Azizi Nurul Rizki","@id":"https:\/\/www.ifi-id.com\/#\/schema\/person\/a4eae510c216615f5c0f4e02f4edff1b"},"headline":"Un Mois, Une Saveur de France &#8211; Tarte","datePublished":"2021-08-12T10:55:07+00:00","dateModified":"2021-08-12T10:55:07+00:00","mainEntityOfPage":{"@id":"https:\/\/www.ifi-id.com\/fr\/un-mois-une-saveur-de-france-tarte\/"},"wordCount":834,"publisher":{"@id":"https:\/\/www.ifi-id.com\/#organization"},"image":{"@id":"https:\/\/www.ifi-id.com\/fr\/un-mois-une-saveur-de-france-tarte\/#primaryimage"},"thumbnailUrl":"https:\/\/www.ifi-id.com\/wp-content\/uploads\/2021\/08\/WB-Resep-Tarte-Tartin.jpeg","keywords":["Gastronomie"],"articleSection":["Culture","Gastronomie"],"inLanguage":"fr-FR"},{"@type":"WebPage","@id":"https:\/\/www.ifi-id.com\/fr\/un-mois-une-saveur-de-france-tarte\/","url":"https:\/\/www.ifi-id.com\/fr\/un-mois-une-saveur-de-france-tarte\/","name":"Un Mois, Une Saveur de France - Tarte - Institut fran\u00e7ais Indon\u00e9sie","isPartOf":{"@id":"https:\/\/www.ifi-id.com\/#website"},"primaryImageOfPage":{"@id":"https:\/\/www.ifi-id.com\/fr\/un-mois-une-saveur-de-france-tarte\/#primaryimage"},"image":{"@id":"https:\/\/www.ifi-id.com\/fr\/un-mois-une-saveur-de-france-tarte\/#primaryimage"},"thumbnailUrl":"https:\/\/www.ifi-id.com\/wp-content\/uploads\/2021\/08\/WB-Resep-Tarte-Tartin.jpeg","datePublished":"2021-08-12T10:55:07+00:00","dateModified":"2021-08-12T10:55:07+00:00","description":"Cette d\u00e9licieuse tarte aux pommes est c\u00e9l\u00e8bre en France. Mais saviez-vous que la cr\u00e9ation du succulent dessert Tarte Tatin est le fruit du hasard ?","breadcrumb":{"@id":"https:\/\/www.ifi-id.com\/fr\/un-mois-une-saveur-de-france-tarte\/#breadcrumb"},"inLanguage":"fr-FR","potentialAction":[{"@type":"ReadAction","target":["https:\/\/www.ifi-id.com\/fr\/un-mois-une-saveur-de-france-tarte\/"]}]},{"@type":"ImageObject","inLanguage":"fr-FR","@id":"https:\/\/www.ifi-id.com\/fr\/un-mois-une-saveur-de-france-tarte\/#primaryimage","url":"https:\/\/www.ifi-id.com\/wp-content\/uploads\/2021\/08\/WB-Resep-Tarte-Tartin.jpeg","contentUrl":"https:\/\/www.ifi-id.com\/wp-content\/uploads\/2021\/08\/WB-Resep-Tarte-Tartin.jpeg","width":1280,"height":720},{"@type":"BreadcrumbList","@id":"https:\/\/www.ifi-id.com\/fr\/un-mois-une-saveur-de-france-tarte\/#breadcrumb","itemListElement":[{"@type":"ListItem","position":1,"name":"Home","item":"https:\/\/www.ifi-id.com\/"},{"@type":"ListItem","position":2,"name":"Culture","item":"https:\/\/www.ifi-id.com\/fr\/category\/culture\/"},{"@type":"ListItem","position":3,"name":"Gastronomi","item":"https:\/\/www.ifi-id.com\/category\/budaya\/gastronomi\/"},{"@type":"ListItem","position":4,"name":"Un Mois, Une Saveur de France &#8211; Tarte"}]},{"@type":"WebSite","@id":"https:\/\/www.ifi-id.com\/#website","url":"https:\/\/www.ifi-id.com\/","name":"Institut fran\u00e7ais Indon\u00e9sie","description":"","publisher":{"@id":"https:\/\/www.ifi-id.com\/#organization"},"potentialAction":[{"@type":"SearchAction","target":{"@type":"EntryPoint","urlTemplate":"https:\/\/www.ifi-id.com\/?s={search_term_string}"},"query-input":{"@type":"PropertyValueSpecification","valueRequired":true,"valueName":"search_term_string"}}],"inLanguage":"fr-FR"},{"@type":"Organization","@id":"https:\/\/www.ifi-id.com\/#organization","name":"Institut fran\u00e7ais Indon\u00e9sie","url":"https:\/\/www.ifi-id.com\/","logo":{"@type":"ImageObject","inLanguage":"fr-FR","@id":"https:\/\/www.ifi-id.com\/#\/schema\/logo\/image\/","url":"https:\/\/www.ifi-id.com\/wp-content\/uploads\/2022\/12\/IFI_New_Logo.jpg","contentUrl":"https:\/\/www.ifi-id.com\/wp-content\/uploads\/2022\/12\/IFI_New_Logo.jpg","width":666,"height":444,"caption":"Institut fran\u00e7ais Indon\u00e9sie"},"image":{"@id":"https:\/\/www.ifi-id.com\/#\/schema\/logo\/image\/"}},{"@type":"Person","@id":"https:\/\/www.ifi-id.com\/#\/schema\/person\/a4eae510c216615f5c0f4e02f4edff1b","name":"Ghaisani Azizi Nurul Rizki","image":{"@type":"ImageObject","inLanguage":"fr-FR","@id":"https:\/\/www.ifi-id.com\/#\/schema\/person\/image\/","url":"https:\/\/secure.gravatar.com\/avatar\/8ce4836ecc2a94798a84b768a7f20853?s=96&d=mm&r=g","contentUrl":"https:\/\/secure.gravatar.com\/avatar\/8ce4836ecc2a94798a84b768a7f20853?s=96&d=mm&r=g","caption":"Ghaisani Azizi Nurul Rizki"},"url":"https:\/\/www.ifi-id.com\/fr\/author\/azizi\/"}]}},"post_mailing_queue_ids":[],"_links":{"self":[{"href":"https:\/\/www.ifi-id.com\/fr\/wp-json\/wp\/v2\/posts\/14648"}],"collection":[{"href":"https:\/\/www.ifi-id.com\/fr\/wp-json\/wp\/v2\/posts"}],"about":[{"href":"https:\/\/www.ifi-id.com\/fr\/wp-json\/wp\/v2\/types\/post"}],"author":[{"embeddable":true,"href":"https:\/\/www.ifi-id.com\/fr\/wp-json\/wp\/v2\/users\/8"}],"replies":[{"embeddable":true,"href":"https:\/\/www.ifi-id.com\/fr\/wp-json\/wp\/v2\/comments?post=14648"}],"version-history":[{"count":1,"href":"https:\/\/www.ifi-id.com\/fr\/wp-json\/wp\/v2\/posts\/14648\/revisions"}],"predecessor-version":[{"id":14649,"href":"https:\/\/www.ifi-id.com\/fr\/wp-json\/wp\/v2\/posts\/14648\/revisions\/14649"}],"wp:featuredmedia":[{"embeddable":true,"href":"https:\/\/www.ifi-id.com\/fr\/wp-json\/wp\/v2\/media\/14642"}],"wp:attachment":[{"href":"https:\/\/www.ifi-id.com\/fr\/wp-json\/wp\/v2\/media?parent=14648"}],"wp:term":[{"taxonomy":"category","embeddable":true,"href":"https:\/\/www.ifi-id.com\/fr\/wp-json\/wp\/v2\/categories?post=14648"},{"taxonomy":"post_tag","embeddable":true,"href":"https:\/\/www.ifi-id.com\/fr\/wp-json\/wp\/v2\/tags?post=14648"}],"curies":[{"name":"wp","href":"https:\/\/api.w.org\/{rel}","templated":true}]}}